
{"id":2064,"date":"2009-02-26T09:00:51","date_gmt":"2009-02-26T12:00:51","guid":{"rendered":"http:\/\/www.oarcanjo.net\/site\/?p=2064"},"modified":"2009-02-26T23:59:13","modified_gmt":"2009-02-27T02:59:13","slug":"para-folha-de-s-paulo-regime-militar-no-brasil-foi-ditabranda","status":"publish","type":"post","link":"https:\/\/www.oarcanjo.net\/site\/para-folha-de-s-paulo-regime-militar-no-brasil-foi-ditabranda\/","title":{"rendered":"Para Folha de S. Paulo, regime militar no Brasil foi &#8220;ditabranda&#8221;"},"content":{"rendered":"<p>Renato Godoy de Toledo<\/p>\n<p><em>Jornal considerou a indigna\u00e7\u00e3o de intelectuais como \u201cmentirosa e c\u00ednica\u201d; o jurista F\u00e1bio Konder Comparato e a cientista pol\u00edtica Maria Victoria Benevides foram ofendidos por uma nota da reda\u00e7\u00e3o<\/em><\/p>\n<p>Em editorial no dia 17 de fevereiro, o jornal paulista Folha de S.Paulo criticou a vit\u00f3ria do \u201cSim\u201d no referendo na Venezuela, que permite a reelei\u00e7\u00e3o ilimitada de pol\u00edticos em cargos eletivos naquele pa\u00eds. <\/p>\n<p>A oposi\u00e7\u00e3o do jornal ao mandat\u00e1rio venezuelano n\u00e3o foi surpresa, j\u00e1 que todos os meios da chamada grande imprensa seguem essa postura. <\/p>\n<p>No entanto, ao comparar o processo venezuelano com as ditaduras militares latino-americanas, a Folha criou um neologismo que causou indigna\u00e7\u00e3o entre representantes da sociedade civil. <\/p>\n<p>Para o jornal controlado pela fam\u00edlia Frias, o regime militar brasileiro foi uma \u201cditabranda\u201d. O editorial afirma que as ditaduras brasileiras percorreram o caminho inverso dos atuais presidentes de esquerda da Am\u00e9rica Latina. <\/p>\n<p>Enquanto os militares romperam com a institucionalidade democr\u00e1tica e \u201cimplantavam formas controladas de disputa pol\u00edtica\u201d, os novos \u201cautorit\u00e1rios\u201d \u201cminam os controles democr\u00e1ticos por dentro\u201d. <\/p>\n<p>Vale lembrar que Ch\u00e1vez, em 10 anos de poder, disputou 15 elei\u00e7\u00f5es, venceu 14, sendo uma delas proposta por ele mesmo para que o eleitorado decidisse sobre sua continuidade, em 2004. <\/p>\n<p>Todos os processos foram acompanhados por observadores internacionais. <\/p>\n<p><strong>Indigna\u00e7\u00e3o<\/strong><\/p>\n<p>A opini\u00e3o do di\u00e1rio causou indigna\u00e7\u00e3o entre alguns leitores. No dia 19 de fevereiro, o leitor S\u00e9rgio Pinheiro Lopes teve sua carta publicada na Folha. Para ele, a atitude da publica\u00e7\u00e3o \u00e9 \u201cum tapa na cara da hist\u00f3ria da na\u00e7\u00e3o e uma vergonha para este di\u00e1rio\u201d. <\/p>\n<p>A reda\u00e7\u00e3o respondeu: \u201cNa compara\u00e7\u00e3o com outros regimes instalados na regi\u00e3o no per\u00edodo, a ditadura brasileira apresentou n\u00edveis baixos de viol\u00eancia pol\u00edtica e institucional\u201d. <\/p>\n<p>No dia seguinte, mais cinco cartas foram publicadas sobre o tema. Apenas um militar reformado defendeu o jornal. Entre os cr\u00edticos do editorial, estavam o jurista F\u00e1bio Konder Comparato e a cientista pol\u00edtica Maria Victoria Benevides, que foram ofendidos pela nota da reda\u00e7\u00e3o: \u201cA Folha respeita a opini\u00e3o de leitores que discordam da qualifica\u00e7\u00e3o aplicada em editorial ao regime militar brasileiro e publica algumas dessas manifesta\u00e7\u00f5es acima. <\/p>\n<p>Quanto aos professores Comparato e Benevides, figuras p\u00fablicas que at\u00e9 hoje n\u00e3o expressaram rep\u00fadio a ditaduras de esquerda, como aquela ainda vigente em Cuba, sua \u2018indigna\u00e7\u00e3o\u2019 \u00e9 obviamente c\u00ednica e mentirosa\u201d. <\/p>\n<p><strong>Rea\u00e7\u00e3o<\/strong> <\/p>\n<p>O professor de direito da Universidade de S\u00e3o Paulo, F\u00e1bio Konder Comparato, analisa o caso para saber qual a provid\u00eancia deve tomar.<\/p>\n<p>&#8220;A primeira medida que eu tomei foi cancelar a assinatura do jornal, porque um jornal que se preza n\u00e3o pode ter como assinante um c\u00ednico e mentiroso. De resto, estou analisando o caso para ver se cabe uma a\u00e7\u00e3o judicial [contra o di\u00e1rio]&#8221;, afirmou. <\/p>\n<p>Para o jurista, o caso \u00e9 sintom\u00e1tico. &#8220;Acho que \u00e9 a primeira vez que um jornal usa essa express\u00e3o de muito mal gosto [\u2018ditabranda\u2019]. Em um momento em que se discute a anistia aos assassinos, estupradores e torturadores, a postura do jornal vai ser avaliada&#8221;, acredita. <\/p>\n<p>Maria Victoria Benevides tamb\u00e9m considera que a rea\u00e7\u00e3o do jornal \u00e9 uma contra-ofensiva ao movimento que debate a anistia a torturadores da ditadura. <\/p>\n<p>&#8220;Todo esse descontrole da Folha de S. Paulo, que passa do n\u00edvel do irracionalismo e da indec\u00eancia, se deve a uma rea\u00e7\u00e3o contra uma campanha, na qual o professor F\u00e1bio e eu estamos envolvidos, de discutir a anistia aos torturadores, que visa questionar v\u00e1rios pontos do regime militar que tem sido tratado no velho estilo da concilia\u00e7\u00e3o brasileira&#8221;, analisa. <\/p>\n<p>Tal como Comparato, Benevides cancelou a assinatura do jornal e afirma que n\u00e3o ir\u00e1 mais escrever artigos ou conceder entrevistas ao peri\u00f3dico. <\/p>\n<p>Ela diz ter recebido dezenas de mensagens de solidariedade de ex-alunos e intelectuais, muitos dos quais afirmam ter cancelado a assinatura do jornal. <\/p>\n<p>Benevides afirma que ir\u00e1 acompanhar o desdobramento judicial do caso ao lado de Comparato. &#8220;Eu tenho total confian\u00e7a no professor Comparato e no seu saber jur\u00eddico. Vou acompanhar a decis\u00e3o dele.<br \/>\nNo momento, temos que esperar um pouco, porque \u00e9 uma \u00e9poca muito dif\u00edcil de mobilizar as pessoas, por ser carnaval&#8221;, afirma.<\/p>\n<p>O fato de a publica\u00e7\u00e3o ter aceitado a cr\u00edtica de outros leitores, mas recha\u00e7ado a de Comparato e Benevides, \u00e9 motivado por quest\u00f5es estritamente pol\u00edticas, segundo ela. &#8220;O jornal est\u00e1 comprometido com outra proposta eleitoral, outro tipo de governo. Eles querem uma alian\u00e7a com a pol\u00edtica mais tradicional, olig\u00e1rquica, ligado ao neoliberalismo e est\u00e1 se sentido a amea\u00e7a que pode ser a candidatura da Dilma Rousseff&#8221;, avalia. <\/p>\n<p>A professora tamb\u00e9m critica a forma como a empresa identificou o autor das respostas. &#8220;Normalmente, a Folha publica no painel do leitor a resposta do autor da mat\u00e9ria. Mas dessa vez assinava como \u2018da Reda\u00e7\u00e3o\u2019. Quem \u00e9 a reda\u00e7\u00e3o? O dono do jornal? O conselho editorial? Tenho certeza que no conselho editorial, o J\u00e2nio de Freitas e o Marcelo Coelho [integrantes do conselho], n\u00e3o escreveriam esses insultos&#8221;, pontua.<\/p>\n<p><strong>Colabora\u00e7\u00e3o na ditadura<\/strong> <\/p>\n<p>De acordo com a cientista pol\u00edtica, o editorial da Folha e a sua rea\u00e7\u00e3o frente \u00e0s cr\u00edticas, fizeram com que muitos lembrassem do papel da empresa durante o regime militar. <\/p>\n<p>&#8220;Entre as mensagens que tenho recebido, muitos est\u00e3o ressaltando o fato de que a Folha da Manh\u00e3 emprestava seus furg\u00f5es \u00e0 repress\u00e3o para transportar presos e torturados&#8221;, revela.<\/p>\n<div id=\"themify_builder_content-2064\" data-postid=\"2064\" class=\"themify_builder_content themify_builder_content-2064 themify_builder themify_builder_front\">\n\t<\/div>\n<!-- \/themify_builder_content -->","protected":false},"excerpt":{"rendered":"<p>Renato Godoy de Toledo Jornal considerou a indigna\u00e7\u00e3o de intelectuais como \u201cmentirosa e c\u00ednica\u201d; o jurista F\u00e1bio Konder Comparato e a cientista pol\u00edtica Maria Victoria Benevides foram ofendidos por uma nota da reda\u00e7\u00e3o Em editorial no dia 17 de fevereiro, o jornal paulista Folha de S.Paulo criticou a vit\u00f3ria do \u201cSim\u201d no referendo na Venezuela, [&hellip;]<\/p>\n","protected":false},"author":5,"featured_media":0,"comment_status":"open","ping_status":"open","sticky":false,"template":"","format":"standard","meta":{"ngg_post_thumbnail":0,"footnotes":""},"categories":[8],"tags":[288,182,196],"yoast_head":"<!-- This site is optimized with the Yoast SEO plugin v23.5 - https:\/\/yoast.com\/wordpress\/plugins\/seo\/ -->\n<title>Para Folha de S. Paulo, regime militar no Brasil foi &quot;ditabranda&quot; - O Arcanjo no ar<\/title>\n<meta name=\"robots\" content=\"index, follow, max-snippet:-1, max-image-preview:large, max-video-preview:-1\" \/>\n<link rel=\"canonical\" href=\"https:\/\/www.oarcanjo.net\/site\/para-folha-de-s-paulo-regime-militar-no-brasil-foi-ditabranda\/\" \/>\n<meta property=\"og:locale\" content=\"pt_BR\" \/>\n<meta property=\"og:type\" content=\"article\" \/>\n<meta property=\"og:title\" content=\"Para Folha de S. Paulo, regime militar no Brasil foi &quot;ditabranda&quot; - O Arcanjo no ar\" \/>\n<meta property=\"og:description\" content=\"Renato Godoy de Toledo Jornal considerou a indigna\u00e7\u00e3o de intelectuais como \u201cmentirosa e c\u00ednica\u201d; o jurista F\u00e1bio Konder Comparato e a cientista pol\u00edtica Maria Victoria Benevides foram ofendidos por uma nota da reda\u00e7\u00e3o Em editorial no dia 17 de fevereiro, o jornal paulista Folha de S.Paulo criticou a vit\u00f3ria do \u201cSim\u201d no referendo na Venezuela, [&hellip;]\" \/>\n<meta property=\"og:url\" content=\"https:\/\/www.oarcanjo.net\/site\/para-folha-de-s-paulo-regime-militar-no-brasil-foi-ditabranda\/\" \/>\n<meta property=\"og:site_name\" content=\"O Arcanjo no ar\" \/>\n<meta property=\"article:publisher\" content=\"https:\/\/www.facebook.com\/OArcanjoNoAr\/\" \/>\n<meta property=\"article:published_time\" content=\"2009-02-26T12:00:51+00:00\" \/>\n<meta property=\"article:modified_time\" content=\"2009-02-27T02:59:13+00:00\" \/>\n<meta property=\"og:image\" content=\"https:\/\/www.oarcanjo.net\/site\/wp-content\/uploads\/logo-o-arcanjo-no-ar-facebook.png\" \/>\n\t<meta property=\"og:image:width\" content=\"300\" \/>\n\t<meta property=\"og:image:height\" content=\"300\" \/>\n\t<meta property=\"og:image:type\" content=\"image\/png\" \/>\n<meta name=\"author\" content=\"editor\" \/>\n<meta name=\"twitter:card\" content=\"summary_large_image\" \/>\n<meta name=\"twitter:label1\" content=\"Escrito por\" \/>\n\t<meta name=\"twitter:data1\" content=\"editor\" \/>\n\t<meta name=\"twitter:label2\" content=\"Est. tempo de leitura\" \/>\n\t<meta name=\"twitter:data2\" content=\"5 minutos\" \/>\n<script type=\"application\/ld+json\" class=\"yoast-schema-graph\">{\"@context\":\"https:\/\/schema.org\",\"@graph\":[{\"@type\":\"Article\",\"@id\":\"https:\/\/www.oarcanjo.net\/site\/para-folha-de-s-paulo-regime-militar-no-brasil-foi-ditabranda\/#article\",\"isPartOf\":{\"@id\":\"https:\/\/www.oarcanjo.net\/site\/para-folha-de-s-paulo-regime-militar-no-brasil-foi-ditabranda\/\"},\"author\":{\"name\":\"editor\",\"@id\":\"https:\/\/www.oarcanjo.net\/site\/#\/schema\/person\/f7024d007863202483a31326673a0838\"},\"headline\":\"Para Folha de S. Paulo, regime militar no Brasil foi &#8220;ditabranda&#8221;\",\"datePublished\":\"2009-02-26T12:00:51+00:00\",\"dateModified\":\"2009-02-27T02:59:13+00:00\",\"mainEntityOfPage\":{\"@id\":\"https:\/\/www.oarcanjo.net\/site\/para-folha-de-s-paulo-regime-militar-no-brasil-foi-ditabranda\/\"},\"wordCount\":959,\"commentCount\":6,\"publisher\":{\"@id\":\"https:\/\/www.oarcanjo.net\/site\/#organization\"},\"keywords\":[\"Imprensa\",\"meios de comunica\u00e7\u00e3o\",\"m\u00eddia\"],\"articleSection\":[\"Not\u00edcias\"],\"inLanguage\":\"pt-BR\",\"potentialAction\":[{\"@type\":\"CommentAction\",\"name\":\"Comment\",\"target\":[\"https:\/\/www.oarcanjo.net\/site\/para-folha-de-s-paulo-regime-militar-no-brasil-foi-ditabranda\/#respond\"]}]},{\"@type\":\"WebPage\",\"@id\":\"https:\/\/www.oarcanjo.net\/site\/para-folha-de-s-paulo-regime-militar-no-brasil-foi-ditabranda\/\",\"url\":\"https:\/\/www.oarcanjo.net\/site\/para-folha-de-s-paulo-regime-militar-no-brasil-foi-ditabranda\/\",\"name\":\"Para Folha de S. Paulo, regime militar no Brasil foi \\\"ditabranda\\\" - O Arcanjo no ar\",\"isPartOf\":{\"@id\":\"https:\/\/www.oarcanjo.net\/site\/#website\"},\"datePublished\":\"2009-02-26T12:00:51+00:00\",\"dateModified\":\"2009-02-27T02:59:13+00:00\",\"breadcrumb\":{\"@id\":\"https:\/\/www.oarcanjo.net\/site\/para-folha-de-s-paulo-regime-militar-no-brasil-foi-ditabranda\/#breadcrumb\"},\"inLanguage\":\"pt-BR\",\"potentialAction\":[{\"@type\":\"ReadAction\",\"target\":[\"https:\/\/www.oarcanjo.net\/site\/para-folha-de-s-paulo-regime-militar-no-brasil-foi-ditabranda\/\"]}]},{\"@type\":\"BreadcrumbList\",\"@id\":\"https:\/\/www.oarcanjo.net\/site\/para-folha-de-s-paulo-regime-militar-no-brasil-foi-ditabranda\/#breadcrumb\",\"itemListElement\":[{\"@type\":\"ListItem\",\"position\":1,\"name\":\"In\u00edcio\",\"item\":\"https:\/\/www.oarcanjo.net\/site\/\"},{\"@type\":\"ListItem\",\"position\":2,\"name\":\"Para Folha de S. Paulo, regime militar no Brasil foi &#8220;ditabranda&#8221;\"}]},{\"@type\":\"WebSite\",\"@id\":\"https:\/\/www.oarcanjo.net\/site\/#website\",\"url\":\"https:\/\/www.oarcanjo.net\/site\/\",\"name\":\"O Arcanjo no ar\",\"description\":\"Site da Par\u00f3quia S\u00e3o Miguel Arcanjo (Arquidiocese de SP)\",\"publisher\":{\"@id\":\"https:\/\/www.oarcanjo.net\/site\/#organization\"},\"potentialAction\":[{\"@type\":\"SearchAction\",\"target\":{\"@type\":\"EntryPoint\",\"urlTemplate\":\"https:\/\/www.oarcanjo.net\/site\/?s={search_term_string}\"},\"query-input\":{\"@type\":\"PropertyValueSpecification\",\"valueRequired\":true,\"valueName\":\"search_term_string\"}}],\"inLanguage\":\"pt-BR\"},{\"@type\":\"Organization\",\"@id\":\"https:\/\/www.oarcanjo.net\/site\/#organization\",\"name\":\"Par\u00f3quia S\u00e3o Miguel Arcanjo\",\"url\":\"https:\/\/www.oarcanjo.net\/site\/\",\"logo\":{\"@type\":\"ImageObject\",\"inLanguage\":\"pt-BR\",\"@id\":\"https:\/\/www.oarcanjo.net\/site\/#\/schema\/logo\/image\/\",\"url\":\"https:\/\/www.oarcanjo.net\/site\/wp-content\/uploads\/LogoOArcanjo.png\",\"contentUrl\":\"https:\/\/www.oarcanjo.net\/site\/wp-content\/uploads\/LogoOArcanjo.png\",\"width\":319,\"height\":99,\"caption\":\"Par\u00f3quia S\u00e3o Miguel Arcanjo\"},\"image\":{\"@id\":\"https:\/\/www.oarcanjo.net\/site\/#\/schema\/logo\/image\/\"},\"sameAs\":[\"https:\/\/www.facebook.com\/OArcanjoNoAr\/\"]},{\"@type\":\"Person\",\"@id\":\"https:\/\/www.oarcanjo.net\/site\/#\/schema\/person\/f7024d007863202483a31326673a0838\",\"name\":\"editor\",\"sameAs\":[\"http:\/\/www.oarcanjo.net\"]}]}<\/script>\n<!-- \/ Yoast SEO plugin. -->","yoast_head_json":{"title":"Para Folha de S. Paulo, regime militar no Brasil foi \"ditabranda\" - O Arcanjo no ar","robots":{"index":"index","follow":"follow","max-snippet":"max-snippet:-1","max-image-preview":"max-image-preview:large","max-video-preview":"max-video-preview:-1"},"canonical":"https:\/\/www.oarcanjo.net\/site\/para-folha-de-s-paulo-regime-militar-no-brasil-foi-ditabranda\/","og_locale":"pt_BR","og_type":"article","og_title":"Para Folha de S. Paulo, regime militar no Brasil foi \"ditabranda\" - O Arcanjo no ar","og_description":"Renato Godoy de Toledo Jornal considerou a indigna\u00e7\u00e3o de intelectuais como \u201cmentirosa e c\u00ednica\u201d; o jurista F\u00e1bio Konder Comparato e a cientista pol\u00edtica Maria Victoria Benevides foram ofendidos por uma nota da reda\u00e7\u00e3o Em editorial no dia 17 de fevereiro, o jornal paulista Folha de S.Paulo criticou a vit\u00f3ria do \u201cSim\u201d no referendo na Venezuela, [&hellip;]","og_url":"https:\/\/www.oarcanjo.net\/site\/para-folha-de-s-paulo-regime-militar-no-brasil-foi-ditabranda\/","og_site_name":"O Arcanjo no ar","article_publisher":"https:\/\/www.facebook.com\/OArcanjoNoAr\/","article_published_time":"2009-02-26T12:00:51+00:00","article_modified_time":"2009-02-27T02:59:13+00:00","og_image":[{"width":300,"height":300,"url":"https:\/\/www.oarcanjo.net\/site\/wp-content\/uploads\/logo-o-arcanjo-no-ar-facebook.png","type":"image\/png"}],"author":"editor","twitter_card":"summary_large_image","twitter_misc":{"Escrito por":"editor","Est. tempo de leitura":"5 minutos"},"schema":{"@context":"https:\/\/schema.org","@graph":[{"@type":"Article","@id":"https:\/\/www.oarcanjo.net\/site\/para-folha-de-s-paulo-regime-militar-no-brasil-foi-ditabranda\/#article","isPartOf":{"@id":"https:\/\/www.oarcanjo.net\/site\/para-folha-de-s-paulo-regime-militar-no-brasil-foi-ditabranda\/"},"author":{"name":"editor","@id":"https:\/\/www.oarcanjo.net\/site\/#\/schema\/person\/f7024d007863202483a31326673a0838"},"headline":"Para Folha de S. Paulo, regime militar no Brasil foi &#8220;ditabranda&#8221;","datePublished":"2009-02-26T12:00:51+00:00","dateModified":"2009-02-27T02:59:13+00:00","mainEntityOfPage":{"@id":"https:\/\/www.oarcanjo.net\/site\/para-folha-de-s-paulo-regime-militar-no-brasil-foi-ditabranda\/"},"wordCount":959,"commentCount":6,"publisher":{"@id":"https:\/\/www.oarcanjo.net\/site\/#organization"},"keywords":["Imprensa","meios de comunica\u00e7\u00e3o","m\u00eddia"],"articleSection":["Not\u00edcias"],"inLanguage":"pt-BR","potentialAction":[{"@type":"CommentAction","name":"Comment","target":["https:\/\/www.oarcanjo.net\/site\/para-folha-de-s-paulo-regime-militar-no-brasil-foi-ditabranda\/#respond"]}]},{"@type":"WebPage","@id":"https:\/\/www.oarcanjo.net\/site\/para-folha-de-s-paulo-regime-militar-no-brasil-foi-ditabranda\/","url":"https:\/\/www.oarcanjo.net\/site\/para-folha-de-s-paulo-regime-militar-no-brasil-foi-ditabranda\/","name":"Para Folha de S. Paulo, regime militar no Brasil foi \"ditabranda\" - O Arcanjo no ar","isPartOf":{"@id":"https:\/\/www.oarcanjo.net\/site\/#website"},"datePublished":"2009-02-26T12:00:51+00:00","dateModified":"2009-02-27T02:59:13+00:00","breadcrumb":{"@id":"https:\/\/www.oarcanjo.net\/site\/para-folha-de-s-paulo-regime-militar-no-brasil-foi-ditabranda\/#breadcrumb"},"inLanguage":"pt-BR","potentialAction":[{"@type":"ReadAction","target":["https:\/\/www.oarcanjo.net\/site\/para-folha-de-s-paulo-regime-militar-no-brasil-foi-ditabranda\/"]}]},{"@type":"BreadcrumbList","@id":"https:\/\/www.oarcanjo.net\/site\/para-folha-de-s-paulo-regime-militar-no-brasil-foi-ditabranda\/#breadcrumb","itemListElement":[{"@type":"ListItem","position":1,"name":"In\u00edcio","item":"https:\/\/www.oarcanjo.net\/site\/"},{"@type":"ListItem","position":2,"name":"Para Folha de S. Paulo, regime militar no Brasil foi &#8220;ditabranda&#8221;"}]},{"@type":"WebSite","@id":"https:\/\/www.oarcanjo.net\/site\/#website","url":"https:\/\/www.oarcanjo.net\/site\/","name":"O Arcanjo no ar","description":"Site da Par\u00f3quia S\u00e3o Miguel Arcanjo (Arquidiocese de SP)","publisher":{"@id":"https:\/\/www.oarcanjo.net\/site\/#organization"},"potentialAction":[{"@type":"SearchAction","target":{"@type":"EntryPoint","urlTemplate":"https:\/\/www.oarcanjo.net\/site\/?s={search_term_string}"},"query-input":{"@type":"PropertyValueSpecification","valueRequired":true,"valueName":"search_term_string"}}],"inLanguage":"pt-BR"},{"@type":"Organization","@id":"https:\/\/www.oarcanjo.net\/site\/#organization","name":"Par\u00f3quia S\u00e3o Miguel Arcanjo","url":"https:\/\/www.oarcanjo.net\/site\/","logo":{"@type":"ImageObject","inLanguage":"pt-BR","@id":"https:\/\/www.oarcanjo.net\/site\/#\/schema\/logo\/image\/","url":"https:\/\/www.oarcanjo.net\/site\/wp-content\/uploads\/LogoOArcanjo.png","contentUrl":"https:\/\/www.oarcanjo.net\/site\/wp-content\/uploads\/LogoOArcanjo.png","width":319,"height":99,"caption":"Par\u00f3quia S\u00e3o Miguel Arcanjo"},"image":{"@id":"https:\/\/www.oarcanjo.net\/site\/#\/schema\/logo\/image\/"},"sameAs":["https:\/\/www.facebook.com\/OArcanjoNoAr\/"]},{"@type":"Person","@id":"https:\/\/www.oarcanjo.net\/site\/#\/schema\/person\/f7024d007863202483a31326673a0838","name":"editor","sameAs":["http:\/\/www.oarcanjo.net"]}]}},"publishpress_future_action":{"enabled":false,"date":"2026-05-08 19:33:36","action":"category","newStatus":"draft","terms":[],"taxonomy":"category"},"publishpress_future_workflow_manual_trigger":{"enabledWorkflows":[]},"_links":{"self":[{"href":"https:\/\/www.oarcanjo.net\/site\/wp-json\/wp\/v2\/posts\/2064"}],"collection":[{"href":"https:\/\/www.oarcanjo.net\/site\/wp-json\/wp\/v2\/posts"}],"about":[{"href":"https:\/\/www.oarcanjo.net\/site\/wp-json\/wp\/v2\/types\/post"}],"author":[{"embeddable":true,"href":"https:\/\/www.oarcanjo.net\/site\/wp-json\/wp\/v2\/users\/5"}],"replies":[{"embeddable":true,"href":"https:\/\/www.oarcanjo.net\/site\/wp-json\/wp\/v2\/comments?post=2064"}],"version-history":[{"count":0,"href":"https:\/\/www.oarcanjo.net\/site\/wp-json\/wp\/v2\/posts\/2064\/revisions"}],"wp:attachment":[{"href":"https:\/\/www.oarcanjo.net\/site\/wp-json\/wp\/v2\/media?parent=2064"}],"wp:term":[{"taxonomy":"category","embeddable":true,"href":"https:\/\/www.oarcanjo.net\/site\/wp-json\/wp\/v2\/categories?post=2064"},{"taxonomy":"post_tag","embeddable":true,"href":"https:\/\/www.oarcanjo.net\/site\/wp-json\/wp\/v2\/tags?post=2064"}],"curies":[{"name":"wp","href":"https:\/\/api.w.org\/{rel}","templated":true}]}}