
{"id":20643,"date":"2013-01-14T16:39:12","date_gmt":"2013-01-14T18:39:12","guid":{"rendered":"http:\/\/www.oarcanjo.net\/site\/?p=20643"},"modified":"2013-01-14T16:39:13","modified_gmt":"2013-01-14T18:39:13","slug":"pe-haroldo-luto-e-honra-ao-bravo-lutador-de-nosso-povo","status":"publish","type":"post","link":"https:\/\/www.oarcanjo.net\/site\/pe-haroldo-luto-e-honra-ao-bravo-lutador-de-nosso-povo\/","title":{"rendered":"[Pe. Haroldo] Luto e honra ao bravo lutador de nosso povo"},"content":{"rendered":"<h3><\/h3>\n<div>\n<div>Jo\u00e3o Alfredo Telles Melo*<\/div>\n<div>\n<div><a href=\"http:\/\/www.adital.com.br\/arquivos\/20130114_pe_haroldo.jpg\"><img decoding=\"async\" src=\"http:\/\/www.adital.com.br\/arquivos\/20130114_pe_haroldo.jpg\" border=\"0\" alt=\"\" \/><\/a><\/div>\n<div style=\"text-align: justify\">Para toda uma gera\u00e7\u00e3o que come\u00e7ou sua milit\u00e2ncia nas pastorais sociais (pastoral de juventude, pastoral oper\u00e1ria, pastoral da terra), Padre Haroldo sempre foi uma refer\u00eancia da teologia da liberta\u00e7\u00e3o, do compromisso radical com os mais pobres e oprimidos de nossa sociedade, de coer\u00eancia e de luta.<\/div>\n<div style=\"text-align: justify\">Foi nosso candidato a governador, \u00e0 \u00e9poca pelo PT, em 1986, com o slogan &#8220;O Governador do Povo&#8221;, quando enfrentou Adauto Bezerra e Tasso Jereissati. Ali,o PT elegeu seus dois primeiros deputados, Il\u00e1rio Marques e eu, combatendo os coron\u00e9is do campo e do asfalto.<\/div>\n<div style=\"text-align: justify\">Lembro que, em 1987, foi na Igreja de S. Judas Tadeu, onde Padre Haroldo era p\u00e1roco, no Olavo Bilac, que se reunia o comit\u00ea de greve dos oper\u00e1rios t\u00eaxteis na heroica greve da Finobrasa, que teve todo o seu apoio.<\/div>\n<div style=\"text-align: justify\">Com a derrocada ideol\u00f3gica do PT, depois de passar por outras experi\u00eancias partid\u00e1rias, veio ajudar a fundar o nosso pequeno, mas, aguerrido e necess\u00e1rio Partido Socialismo e Liberdade, se transformando em uma esp\u00e9cie de decano (ao lado de Gilvan) de uma agremia\u00e7\u00e3o formado majoritariamente por jovens.<\/div>\n<div style=\"text-align: justify\">Ali\u00e1s, juventude de esp\u00edrito era o que n\u00e3o lhe faltava: sempre entusiasmado e nos animando com sua postura anticapitalista e anti-imperialista. O seu amor \u00e0s comunidades (em especial, o Pirambu) e \u00e0 causa socialista s\u00f3 n\u00e3o era maior do que o que devotava ao seu Ferrovi\u00e1rio Atl\u00e9tico Clube, de quem era fan\u00e1tico torcedor.<\/div>\n<div style=\"text-align: justify\">Alegria, radicalismo, combatividade, coer\u00eancia eram atributos que o faziam querido e admirado por todos n\u00f3s. Na C\u00e2mara, como vereador do Psol, tive a honra de homenage\u00e1-lo com a medalha Botic\u00e1rio Ferreira, a mais alta honraria de nossa cidade.<\/div>\n<div style=\"text-align: justify\">Sempre procurando destacar algo em nossa milit\u00e2ncia, foi o primeiro a, nos jornais, defender a candidatura de Renato Roseno \u00e0 Prefeitura de Fortaleza. Nas festas e eventos do partido, quando se dirigia \u00e0 minha m\u00e3e, Thereza (que assistia sempre suas missas na Igreja do Carmo), dizia, \u00e0 sua moda solene e alegre: &#8220;santa revolucion\u00e1ria!&#8221;, o que arrancava risos de tod@s n\u00f3s (e protestos dela).<\/div>\n<div style=\"text-align: justify\">Com o Padre Haroldo se vai muito de nossa alegria militante, mas, por ele, continuaremos sua luta, que \u00e9 nossa, por uma sociedade justa e igualit\u00e1ria; n\u00e3o h\u00e1 melhor forma de homenage\u00e1-lo e de honrar sua mem\u00f3ria.<\/div>\n<div style=\"text-align: justify\">PADRE HAROLDO: PRESENTE!<\/div>\n<div style=\"text-align: justify\">AT\u00c9 QUANDO: SEMPRE!<\/div>\n<div style=\"text-align: justify\">Com tristeza e saudade, mas, com orgulho de ter sido, ao lado de tantos, seu companheiro de luta por quase tr\u00eas d\u00e9cadas,<\/div>\n<div style=\"text-align: justify\">*Advogado, professor de Direito, ex-Dep. Estadual e Federal, Vereador do PSOL<\/div>\n<div style=\"text-align: justify\">Adital<\/div>\n<\/div>\n<\/div>\n<div style=\"text-align: justify\">\n<div>Postado por\u00a0<a title=\"author profile\" rel=\"author\" href=\"http:\/\/www.blogger.com\/profile\/12037961757835243213\">Par\u00f3quia de Santo Afonso <\/a><\/div>\n<\/div>\n<p style=\"text-align: justify\">&nbsp;<\/p>\n<div id=\"themify_builder_content-20643\" data-postid=\"20643\" class=\"themify_builder_content themify_builder_content-20643 themify_builder themify_builder_front\">\n\t<\/div>\n<!-- \/themify_builder_content -->","protected":false},"excerpt":{"rendered":"<p>Jo\u00e3o Alfredo Telles Melo* Para toda uma gera\u00e7\u00e3o que come\u00e7ou sua milit\u00e2ncia nas pastorais sociais (pastoral de juventude, pastoral oper\u00e1ria, pastoral da terra), Padre Haroldo sempre foi uma refer\u00eancia da teologia da liberta\u00e7\u00e3o, do compromisso radical com os mais pobres e oprimidos de nossa sociedade, de coer\u00eancia e de luta. Foi nosso candidato a governador, [&hellip;]<\/p>\n","protected":false},"author":17,"featured_media":0,"comment_status":"open","ping_status":"open","sticky":false,"template":"","format":"standard","meta":{"ngg_post_thumbnail":0,"footnotes":""},"categories":[9],"tags":[],"yoast_head":"<!-- This site is optimized with the Yoast SEO plugin v23.5 - https:\/\/yoast.com\/wordpress\/plugins\/seo\/ -->\n<title>[Pe. Haroldo] Luto e honra ao bravo lutador de nosso povo - O Arcanjo no ar<\/title>\n<meta name=\"robots\" content=\"index, follow, max-snippet:-1, max-image-preview:large, max-video-preview:-1\" \/>\n<link rel=\"canonical\" href=\"https:\/\/www.oarcanjo.net\/site\/pe-haroldo-luto-e-honra-ao-bravo-lutador-de-nosso-povo\/\" \/>\n<meta property=\"og:locale\" content=\"pt_BR\" \/>\n<meta property=\"og:type\" content=\"article\" \/>\n<meta property=\"og:title\" content=\"[Pe. Haroldo] Luto e honra ao bravo lutador de nosso povo - O Arcanjo no ar\" \/>\n<meta property=\"og:description\" content=\"Jo\u00e3o Alfredo Telles Melo* Para toda uma gera\u00e7\u00e3o que come\u00e7ou sua milit\u00e2ncia nas pastorais sociais (pastoral de juventude, pastoral oper\u00e1ria, pastoral da terra), Padre Haroldo sempre foi uma refer\u00eancia da teologia da liberta\u00e7\u00e3o, do compromisso radical com os mais pobres e oprimidos de nossa sociedade, de coer\u00eancia e de luta. Foi nosso candidato a governador, [&hellip;]\" \/>\n<meta property=\"og:url\" content=\"https:\/\/www.oarcanjo.net\/site\/pe-haroldo-luto-e-honra-ao-bravo-lutador-de-nosso-povo\/\" \/>\n<meta property=\"og:site_name\" content=\"O Arcanjo no ar\" \/>\n<meta property=\"article:publisher\" content=\"https:\/\/www.facebook.com\/OArcanjoNoAr\/\" \/>\n<meta property=\"article:published_time\" content=\"2013-01-14T18:39:12+00:00\" \/>\n<meta property=\"article:modified_time\" content=\"2013-01-14T18:39:13+00:00\" \/>\n<meta property=\"og:image\" content=\"http:\/\/www.adital.com.br\/arquivos\/20130114_pe_haroldo.jpg\" \/>\n<meta name=\"author\" content=\"pe.geovane\" \/>\n<meta name=\"twitter:card\" content=\"summary_large_image\" \/>\n<meta name=\"twitter:label1\" content=\"Escrito por\" \/>\n\t<meta name=\"twitter:data1\" content=\"pe.geovane\" \/>\n\t<meta name=\"twitter:label2\" content=\"Est. tempo de leitura\" \/>\n\t<meta name=\"twitter:data2\" content=\"2 minutos\" \/>\n<script type=\"application\/ld+json\" class=\"yoast-schema-graph\">{\"@context\":\"https:\/\/schema.org\",\"@graph\":[{\"@type\":\"Article\",\"@id\":\"https:\/\/www.oarcanjo.net\/site\/pe-haroldo-luto-e-honra-ao-bravo-lutador-de-nosso-povo\/#article\",\"isPartOf\":{\"@id\":\"https:\/\/www.oarcanjo.net\/site\/pe-haroldo-luto-e-honra-ao-bravo-lutador-de-nosso-povo\/\"},\"author\":{\"name\":\"pe.geovane\",\"@id\":\"https:\/\/www.oarcanjo.net\/site\/#\/schema\/person\/58d7f78850a973b8e467c7ae4a7eb4ad\"},\"headline\":\"[Pe. Haroldo] Luto e honra ao bravo lutador de nosso povo\",\"datePublished\":\"2013-01-14T18:39:12+00:00\",\"dateModified\":\"2013-01-14T18:39:13+00:00\",\"mainEntityOfPage\":{\"@id\":\"https:\/\/www.oarcanjo.net\/site\/pe-haroldo-luto-e-honra-ao-bravo-lutador-de-nosso-povo\/\"},\"wordCount\":466,\"commentCount\":0,\"publisher\":{\"@id\":\"https:\/\/www.oarcanjo.net\/site\/#organization\"},\"image\":{\"@id\":\"https:\/\/www.oarcanjo.net\/site\/pe-haroldo-luto-e-honra-ao-bravo-lutador-de-nosso-povo\/#primaryimage\"},\"thumbnailUrl\":\"http:\/\/www.adital.com.br\/arquivos\/20130114_pe_haroldo.jpg\",\"articleSection\":[\"Reflex\u00f5es\"],\"inLanguage\":\"pt-BR\",\"potentialAction\":[{\"@type\":\"CommentAction\",\"name\":\"Comment\",\"target\":[\"https:\/\/www.oarcanjo.net\/site\/pe-haroldo-luto-e-honra-ao-bravo-lutador-de-nosso-povo\/#respond\"]}]},{\"@type\":\"WebPage\",\"@id\":\"https:\/\/www.oarcanjo.net\/site\/pe-haroldo-luto-e-honra-ao-bravo-lutador-de-nosso-povo\/\",\"url\":\"https:\/\/www.oarcanjo.net\/site\/pe-haroldo-luto-e-honra-ao-bravo-lutador-de-nosso-povo\/\",\"name\":\"[Pe. Haroldo] Luto e honra ao bravo lutador de nosso povo - O Arcanjo no ar\",\"isPartOf\":{\"@id\":\"https:\/\/www.oarcanjo.net\/site\/#website\"},\"primaryImageOfPage\":{\"@id\":\"https:\/\/www.oarcanjo.net\/site\/pe-haroldo-luto-e-honra-ao-bravo-lutador-de-nosso-povo\/#primaryimage\"},\"image\":{\"@id\":\"https:\/\/www.oarcanjo.net\/site\/pe-haroldo-luto-e-honra-ao-bravo-lutador-de-nosso-povo\/#primaryimage\"},\"thumbnailUrl\":\"http:\/\/www.adital.com.br\/arquivos\/20130114_pe_haroldo.jpg\",\"datePublished\":\"2013-01-14T18:39:12+00:00\",\"dateModified\":\"2013-01-14T18:39:13+00:00\",\"breadcrumb\":{\"@id\":\"https:\/\/www.oarcanjo.net\/site\/pe-haroldo-luto-e-honra-ao-bravo-lutador-de-nosso-povo\/#breadcrumb\"},\"inLanguage\":\"pt-BR\",\"potentialAction\":[{\"@type\":\"ReadAction\",\"target\":[\"https:\/\/www.oarcanjo.net\/site\/pe-haroldo-luto-e-honra-ao-bravo-lutador-de-nosso-povo\/\"]}]},{\"@type\":\"ImageObject\",\"inLanguage\":\"pt-BR\",\"@id\":\"https:\/\/www.oarcanjo.net\/site\/pe-haroldo-luto-e-honra-ao-bravo-lutador-de-nosso-povo\/#primaryimage\",\"url\":\"http:\/\/www.adital.com.br\/arquivos\/20130114_pe_haroldo.jpg\",\"contentUrl\":\"http:\/\/www.adital.com.br\/arquivos\/20130114_pe_haroldo.jpg\"},{\"@type\":\"BreadcrumbList\",\"@id\":\"https:\/\/www.oarcanjo.net\/site\/pe-haroldo-luto-e-honra-ao-bravo-lutador-de-nosso-povo\/#breadcrumb\",\"itemListElement\":[{\"@type\":\"ListItem\",\"position\":1,\"name\":\"In\u00edcio\",\"item\":\"https:\/\/www.oarcanjo.net\/site\/\"},{\"@type\":\"ListItem\",\"position\":2,\"name\":\"[Pe. Haroldo] Luto e honra ao bravo lutador de nosso povo\"}]},{\"@type\":\"WebSite\",\"@id\":\"https:\/\/www.oarcanjo.net\/site\/#website\",\"url\":\"https:\/\/www.oarcanjo.net\/site\/\",\"name\":\"O Arcanjo no ar\",\"description\":\"Site da Par\u00f3quia S\u00e3o Miguel Arcanjo (Arquidiocese de SP)\",\"publisher\":{\"@id\":\"https:\/\/www.oarcanjo.net\/site\/#organization\"},\"potentialAction\":[{\"@type\":\"SearchAction\",\"target\":{\"@type\":\"EntryPoint\",\"urlTemplate\":\"https:\/\/www.oarcanjo.net\/site\/?s={search_term_string}\"},\"query-input\":{\"@type\":\"PropertyValueSpecification\",\"valueRequired\":true,\"valueName\":\"search_term_string\"}}],\"inLanguage\":\"pt-BR\"},{\"@type\":\"Organization\",\"@id\":\"https:\/\/www.oarcanjo.net\/site\/#organization\",\"name\":\"Par\u00f3quia S\u00e3o Miguel Arcanjo\",\"url\":\"https:\/\/www.oarcanjo.net\/site\/\",\"logo\":{\"@type\":\"ImageObject\",\"inLanguage\":\"pt-BR\",\"@id\":\"https:\/\/www.oarcanjo.net\/site\/#\/schema\/logo\/image\/\",\"url\":\"https:\/\/www.oarcanjo.net\/site\/wp-content\/uploads\/LogoOArcanjo.png\",\"contentUrl\":\"https:\/\/www.oarcanjo.net\/site\/wp-content\/uploads\/LogoOArcanjo.png\",\"width\":319,\"height\":99,\"caption\":\"Par\u00f3quia S\u00e3o Miguel Arcanjo\"},\"image\":{\"@id\":\"https:\/\/www.oarcanjo.net\/site\/#\/schema\/logo\/image\/\"},\"sameAs\":[\"https:\/\/www.facebook.com\/OArcanjoNoAr\/\"]},{\"@type\":\"Person\",\"@id\":\"https:\/\/www.oarcanjo.net\/site\/#\/schema\/person\/58d7f78850a973b8e467c7ae4a7eb4ad\",\"name\":\"pe.geovane\"}]}<\/script>\n<!-- \/ Yoast SEO plugin. -->","yoast_head_json":{"title":"[Pe. Haroldo] Luto e honra ao bravo lutador de nosso povo - O Arcanjo no ar","robots":{"index":"index","follow":"follow","max-snippet":"max-snippet:-1","max-image-preview":"max-image-preview:large","max-video-preview":"max-video-preview:-1"},"canonical":"https:\/\/www.oarcanjo.net\/site\/pe-haroldo-luto-e-honra-ao-bravo-lutador-de-nosso-povo\/","og_locale":"pt_BR","og_type":"article","og_title":"[Pe. Haroldo] Luto e honra ao bravo lutador de nosso povo - O Arcanjo no ar","og_description":"Jo\u00e3o Alfredo Telles Melo* Para toda uma gera\u00e7\u00e3o que come\u00e7ou sua milit\u00e2ncia nas pastorais sociais (pastoral de juventude, pastoral oper\u00e1ria, pastoral da terra), Padre Haroldo sempre foi uma refer\u00eancia da teologia da liberta\u00e7\u00e3o, do compromisso radical com os mais pobres e oprimidos de nossa sociedade, de coer\u00eancia e de luta. Foi nosso candidato a governador, [&hellip;]","og_url":"https:\/\/www.oarcanjo.net\/site\/pe-haroldo-luto-e-honra-ao-bravo-lutador-de-nosso-povo\/","og_site_name":"O Arcanjo no ar","article_publisher":"https:\/\/www.facebook.com\/OArcanjoNoAr\/","article_published_time":"2013-01-14T18:39:12+00:00","article_modified_time":"2013-01-14T18:39:13+00:00","og_image":[{"url":"http:\/\/www.adital.com.br\/arquivos\/20130114_pe_haroldo.jpg"}],"author":"pe.geovane","twitter_card":"summary_large_image","twitter_misc":{"Escrito por":"pe.geovane","Est. tempo de leitura":"2 minutos"},"schema":{"@context":"https:\/\/schema.org","@graph":[{"@type":"Article","@id":"https:\/\/www.oarcanjo.net\/site\/pe-haroldo-luto-e-honra-ao-bravo-lutador-de-nosso-povo\/#article","isPartOf":{"@id":"https:\/\/www.oarcanjo.net\/site\/pe-haroldo-luto-e-honra-ao-bravo-lutador-de-nosso-povo\/"},"author":{"name":"pe.geovane","@id":"https:\/\/www.oarcanjo.net\/site\/#\/schema\/person\/58d7f78850a973b8e467c7ae4a7eb4ad"},"headline":"[Pe. Haroldo] Luto e honra ao bravo lutador de nosso povo","datePublished":"2013-01-14T18:39:12+00:00","dateModified":"2013-01-14T18:39:13+00:00","mainEntityOfPage":{"@id":"https:\/\/www.oarcanjo.net\/site\/pe-haroldo-luto-e-honra-ao-bravo-lutador-de-nosso-povo\/"},"wordCount":466,"commentCount":0,"publisher":{"@id":"https:\/\/www.oarcanjo.net\/site\/#organization"},"image":{"@id":"https:\/\/www.oarcanjo.net\/site\/pe-haroldo-luto-e-honra-ao-bravo-lutador-de-nosso-povo\/#primaryimage"},"thumbnailUrl":"http:\/\/www.adital.com.br\/arquivos\/20130114_pe_haroldo.jpg","articleSection":["Reflex\u00f5es"],"inLanguage":"pt-BR","potentialAction":[{"@type":"CommentAction","name":"Comment","target":["https:\/\/www.oarcanjo.net\/site\/pe-haroldo-luto-e-honra-ao-bravo-lutador-de-nosso-povo\/#respond"]}]},{"@type":"WebPage","@id":"https:\/\/www.oarcanjo.net\/site\/pe-haroldo-luto-e-honra-ao-bravo-lutador-de-nosso-povo\/","url":"https:\/\/www.oarcanjo.net\/site\/pe-haroldo-luto-e-honra-ao-bravo-lutador-de-nosso-povo\/","name":"[Pe. Haroldo] Luto e honra ao bravo lutador de nosso povo - O Arcanjo no ar","isPartOf":{"@id":"https:\/\/www.oarcanjo.net\/site\/#website"},"primaryImageOfPage":{"@id":"https:\/\/www.oarcanjo.net\/site\/pe-haroldo-luto-e-honra-ao-bravo-lutador-de-nosso-povo\/#primaryimage"},"image":{"@id":"https:\/\/www.oarcanjo.net\/site\/pe-haroldo-luto-e-honra-ao-bravo-lutador-de-nosso-povo\/#primaryimage"},"thumbnailUrl":"http:\/\/www.adital.com.br\/arquivos\/20130114_pe_haroldo.jpg","datePublished":"2013-01-14T18:39:12+00:00","dateModified":"2013-01-14T18:39:13+00:00","breadcrumb":{"@id":"https:\/\/www.oarcanjo.net\/site\/pe-haroldo-luto-e-honra-ao-bravo-lutador-de-nosso-povo\/#breadcrumb"},"inLanguage":"pt-BR","potentialAction":[{"@type":"ReadAction","target":["https:\/\/www.oarcanjo.net\/site\/pe-haroldo-luto-e-honra-ao-bravo-lutador-de-nosso-povo\/"]}]},{"@type":"ImageObject","inLanguage":"pt-BR","@id":"https:\/\/www.oarcanjo.net\/site\/pe-haroldo-luto-e-honra-ao-bravo-lutador-de-nosso-povo\/#primaryimage","url":"http:\/\/www.adital.com.br\/arquivos\/20130114_pe_haroldo.jpg","contentUrl":"http:\/\/www.adital.com.br\/arquivos\/20130114_pe_haroldo.jpg"},{"@type":"BreadcrumbList","@id":"https:\/\/www.oarcanjo.net\/site\/pe-haroldo-luto-e-honra-ao-bravo-lutador-de-nosso-povo\/#breadcrumb","itemListElement":[{"@type":"ListItem","position":1,"name":"In\u00edcio","item":"https:\/\/www.oarcanjo.net\/site\/"},{"@type":"ListItem","position":2,"name":"[Pe. Haroldo] Luto e honra ao bravo lutador de nosso povo"}]},{"@type":"WebSite","@id":"https:\/\/www.oarcanjo.net\/site\/#website","url":"https:\/\/www.oarcanjo.net\/site\/","name":"O Arcanjo no ar","description":"Site da Par\u00f3quia S\u00e3o Miguel Arcanjo (Arquidiocese de SP)","publisher":{"@id":"https:\/\/www.oarcanjo.net\/site\/#organization"},"potentialAction":[{"@type":"SearchAction","target":{"@type":"EntryPoint","urlTemplate":"https:\/\/www.oarcanjo.net\/site\/?s={search_term_string}"},"query-input":{"@type":"PropertyValueSpecification","valueRequired":true,"valueName":"search_term_string"}}],"inLanguage":"pt-BR"},{"@type":"Organization","@id":"https:\/\/www.oarcanjo.net\/site\/#organization","name":"Par\u00f3quia S\u00e3o Miguel Arcanjo","url":"https:\/\/www.oarcanjo.net\/site\/","logo":{"@type":"ImageObject","inLanguage":"pt-BR","@id":"https:\/\/www.oarcanjo.net\/site\/#\/schema\/logo\/image\/","url":"https:\/\/www.oarcanjo.net\/site\/wp-content\/uploads\/LogoOArcanjo.png","contentUrl":"https:\/\/www.oarcanjo.net\/site\/wp-content\/uploads\/LogoOArcanjo.png","width":319,"height":99,"caption":"Par\u00f3quia S\u00e3o Miguel Arcanjo"},"image":{"@id":"https:\/\/www.oarcanjo.net\/site\/#\/schema\/logo\/image\/"},"sameAs":["https:\/\/www.facebook.com\/OArcanjoNoAr\/"]},{"@type":"Person","@id":"https:\/\/www.oarcanjo.net\/site\/#\/schema\/person\/58d7f78850a973b8e467c7ae4a7eb4ad","name":"pe.geovane"}]}},"publishpress_future_action":{"enabled":false,"date":"2026-05-09 08:42:48","action":"category","newStatus":"draft","terms":[],"taxonomy":"category"},"publishpress_future_workflow_manual_trigger":{"enabledWorkflows":[]},"_links":{"self":[{"href":"https:\/\/www.oarcanjo.net\/site\/wp-json\/wp\/v2\/posts\/20643"}],"collection":[{"href":"https:\/\/www.oarcanjo.net\/site\/wp-json\/wp\/v2\/posts"}],"about":[{"href":"https:\/\/www.oarcanjo.net\/site\/wp-json\/wp\/v2\/types\/post"}],"author":[{"embeddable":true,"href":"https:\/\/www.oarcanjo.net\/site\/wp-json\/wp\/v2\/users\/17"}],"replies":[{"embeddable":true,"href":"https:\/\/www.oarcanjo.net\/site\/wp-json\/wp\/v2\/comments?post=20643"}],"version-history":[{"count":0,"href":"https:\/\/www.oarcanjo.net\/site\/wp-json\/wp\/v2\/posts\/20643\/revisions"}],"wp:attachment":[{"href":"https:\/\/www.oarcanjo.net\/site\/wp-json\/wp\/v2\/media?parent=20643"}],"wp:term":[{"taxonomy":"category","embeddable":true,"href":"https:\/\/www.oarcanjo.net\/site\/wp-json\/wp\/v2\/categories?post=20643"},{"taxonomy":"post_tag","embeddable":true,"href":"https:\/\/www.oarcanjo.net\/site\/wp-json\/wp\/v2\/tags?post=20643"}],"curies":[{"name":"wp","href":"https:\/\/api.w.org\/{rel}","templated":true}]}}