
{"id":20650,"date":"2013-01-16T09:42:41","date_gmt":"2013-01-16T11:42:41","guid":{"rendered":"http:\/\/www.oarcanjo.net\/site\/?p=20650"},"modified":"2013-01-16T09:42:41","modified_gmt":"2013-01-16T11:42:41","slug":"sao-paulo-homem-de-fe","status":"publish","type":"post","link":"https:\/\/www.oarcanjo.net\/site\/sao-paulo-homem-de-fe\/","title":{"rendered":"S\u00e3o Paulo, homem de f\u00e9"},"content":{"rendered":"<p>No dia 25 de janeiro, a Arquidiocese de S\u00e3o Paulo comemora a festa de seu Patrono, o Ap\u00f3stolo S\u00e3o Paulo. No Ano da F\u00e9, conv\u00e9m voltar para S\u00e3o Paulo um olhar especial, para perceber nele o homem de f\u00e9 e a testemunha firme e qualificada de Cristo.<\/p>\n<p>A sua f\u00e9, enquanto fariseu zeloso, talvez era a do estudioso das Escrituras, do intelectual, que procurava entender a letra dos testemunhos dos antepassados; era um encarregado intransigente de zelar pela pr\u00e1tica intransigente e sem desvios de tudo o que se prescrevia na religi\u00e3o. Ele mesmo escreve que era zeloso mais que ningu\u00e9m (cf Fl 3,6). Mas com o zelo dessa religiosidade formal, ele perseguiu os crist\u00e3os, que considerava desviados da f\u00e9 (cf At 9,1-2). Mas, qual f\u00e9?!<\/p>\n<p>\u00c0s portas de Damasco, ele teve o encontro inesperado com Cristo, em pessoa, que lhe fala: \u201cSaulo, Saulo, por que me persegues?\u201d. Suas convic\u00e7\u00f5es s\u00e3o sacudidas por aquela voz. Sua f\u00e9 estava baseada na letra; agora, a letra tem voz e se revela como pessoa! \u201cQuem \u00e9s tu, Senhor?\u201d (At 9,5). A f\u00e9 muda de base: das doutrinas e preceitos, passa a se confrontar com aquele que lhe fala e sobre quem versam doutrinas e letras.<\/p>\n<p>Saulo tem a experi\u00eancia marcante de sua f\u00e9 crist\u00e3: o encontro pessoal com aquele mesmo que estava perseguindo e queria combater. Compreende e se entrega: \u201cque devo fazer, Senhor?\u201d (cf At 22,10). Est\u00e1 disposto a aprender tudo de novo; e ser\u00e1 o que vai fazer, na escola de Gamaliel e no seu retiro de tr\u00eas anos \u201cna Ar\u00e1bia\u201d, como ele mesmo informa (cf Gl 1,17). Saulo j\u00e1 \u00e9 \u201cPaulo\u201d, que significa \u201cpequeno\u201d, humilde.<\/p>\n<p>E a imensa energia de seu car\u00e1ter ser\u00e1 posta, agora, inteiramente a servi\u00e7o de Cristo, que teve miseric\u00f3rdia dele e o alcan\u00e7ou&#8230; A experi\u00eancia do perd\u00e3o, da miseric\u00f3rdia alcan\u00e7ada e da escolha que Cristo fez dele para ser ap\u00f3stolo e mission\u00e1rio do Evangelho entre os povos n\u00e3o saem mais de sua cabe\u00e7a e fazem seu cora\u00e7\u00e3o transbordar: \u201cEle me amou e por mim se entregou!\u201d (cf Cl 2,20).<\/p>\n<p>Uma vez encontrado e reconhecido Jesus Cristo, Paulo aposta sua vida inteiramente nele: \u201cpara mim, o viver \u00e9 Cristo\u201d. N\u00e3o lhe interessam mais as gl\u00f3rias deste mundo, nem mede esfor\u00e7os e fadigas para anunciar o nome de Cristo entre os povos, tentando atra\u00ed-los para Cristo, para terem, como ele teve, a experi\u00eancia do encontro e do perd\u00e3o. A f\u00e9, para ele, n\u00e3o ser\u00e1 mais algo abstrato, mas referida \u00e0 pessoa de Jesus Cristo, que lhe abriu todos os tesouros da compreens\u00e3o e da gra\u00e7a.<\/p>\n<p>A f\u00e9, para Paulo, \u00e9 ades\u00e3o viva e firme \u00e0 pessoa de Jesus e, por meio dele, \u00e0 pessoa de Deus. Essa ades\u00e3o \u00e9 perseverante, mesmo no meio das maiores dificuldades e prova\u00e7\u00f5es, que deve enfrentar por causa de Cristo. Finalmente, essa f\u00e9 mant\u00e9m-se firme tamb\u00e9m nas pris\u00f5es, torturas e no mart\u00edrio.<\/p>\n<p>Para Paulo, a f\u00e9 \u00e9 um novo modo de compreender o mundo, a vida, a conduta humana. A f\u00e9 torna s\u00e1bio \u201cem Cristo\u201d, leva a um \u201cestar com Cristo\u201d, a \u201cviver de Cristo\u201d, a esperar com firme confian\u00e7a e a obedecer a Deus, por meio de Cristo. A f\u00e9 significa, para Paulo, uma participa\u00e7\u00e3o na vida, na morte e na ressurrei\u00e7\u00e3o com Cristo. A f\u00e9 \u00e9 dom recebido e acolhido com gratid\u00e3o e correspondido com coer\u00eancia e convers\u00e3o constante.<\/p>\n<p>Como ap\u00f3stolo e mission\u00e1rio, ele \u201cgera filhos na f\u00e9\u201d e os educa no Evangelho; suas cartas testemunham de maneira abundante esse zelo paternal em rela\u00e7\u00e3o \u00e0s diversas comunidades que tiveram origem com sua prega\u00e7\u00e3o e a\u00e7\u00e3o mission\u00e1ria. As recomenda\u00e7\u00f5es a Tim\u00f3teo e a Fil\u00e9mon mostram as qualidades de seu cora\u00e7\u00e3o de pai e educador na f\u00e9. Aproximando-se do mart\u00edrio, ele pode dizer com serenidade: \u201ccompletei a minha corrida, guardei a f\u00e9!\u201d (2Tm 4,7).<\/p>\n<p>Olhando para esse Ap\u00f3stolo, sentimo-nos encorajados a imitar seu exemplo de homem de f\u00e9, de testemunha de Cristo. Muitos outros, em tempos dif\u00edceis ao longo da hist\u00f3ria do Cristianismo, inspiraram-se nele e ajudaram a Igreja a recobrar \u00e2nimo e nova vitalidade mission\u00e1ria. Tempos de \u201cnova evangeliza\u00e7\u00e3o\u201d, como os que vivemos, requerem a mesma atitude&#8230; Olhemos para o exemplo de S\u00e3o Paulo e pe\u00e7amos sua intercess\u00e3o.<br \/>\n<em><br \/>\nPublicado em O S\u00c3O PAULO, ed. de 15\/01\/2013<br \/>\nCardeal Odilo Pedro Scherer<br \/>\nArcebispo de S\u00e3o Paulo<br \/>\n<a title=\"@DomOdiloScherer\" href=\"http:\/\/twitter.com\/DomOdiloScherer\" target=\"_blank\"> @DomOdiloScherer<\/a><\/em><\/p>\n<div id=\"themify_builder_content-20650\" data-postid=\"20650\" class=\"themify_builder_content themify_builder_content-20650 themify_builder themify_builder_front\">\n\t<\/div>\n<!-- \/themify_builder_content -->","protected":false},"excerpt":{"rendered":"<p>No dia 25 de janeiro, a Arquidiocese de S\u00e3o Paulo comemora a festa de seu Patrono, o Ap\u00f3stolo S\u00e3o Paulo. No Ano da F\u00e9, conv\u00e9m voltar para S\u00e3o Paulo um olhar especial, para perceber nele o homem de f\u00e9 e a testemunha firme e qualificada de Cristo. A sua f\u00e9, enquanto fariseu zeloso, talvez era [&hellip;]<\/p>\n","protected":false},"author":5,"featured_media":0,"comment_status":"open","ping_status":"open","sticky":false,"template":"","format":"standard","meta":{"ngg_post_thumbnail":0,"footnotes":""},"categories":[9],"tags":[2370,3213,2353,1424,441,1426],"yoast_head":"<!-- This site is optimized with the Yoast SEO plugin v23.5 - https:\/\/yoast.com\/wordpress\/plugins\/seo\/ -->\n<title>S\u00e3o Paulo, homem de f\u00e9 - O Arcanjo no ar<\/title>\n<meta name=\"robots\" content=\"index, follow, max-snippet:-1, max-image-preview:large, max-video-preview:-1\" \/>\n<link rel=\"canonical\" href=\"https:\/\/www.oarcanjo.net\/site\/sao-paulo-homem-de-fe\/\" \/>\n<meta property=\"og:locale\" content=\"pt_BR\" \/>\n<meta property=\"og:type\" content=\"article\" \/>\n<meta property=\"og:title\" content=\"S\u00e3o Paulo, homem de f\u00e9 - O Arcanjo no ar\" \/>\n<meta property=\"og:description\" content=\"No dia 25 de janeiro, a Arquidiocese de S\u00e3o Paulo comemora a festa de seu Patrono, o Ap\u00f3stolo S\u00e3o Paulo. No Ano da F\u00e9, conv\u00e9m voltar para S\u00e3o Paulo um olhar especial, para perceber nele o homem de f\u00e9 e a testemunha firme e qualificada de Cristo. A sua f\u00e9, enquanto fariseu zeloso, talvez era [&hellip;]\" \/>\n<meta property=\"og:url\" content=\"https:\/\/www.oarcanjo.net\/site\/sao-paulo-homem-de-fe\/\" \/>\n<meta property=\"og:site_name\" content=\"O Arcanjo no ar\" \/>\n<meta property=\"article:publisher\" content=\"https:\/\/www.facebook.com\/OArcanjoNoAr\/\" \/>\n<meta property=\"article:published_time\" content=\"2013-01-16T11:42:41+00:00\" \/>\n<meta property=\"og:image\" content=\"https:\/\/www.oarcanjo.net\/site\/wp-content\/uploads\/logo-o-arcanjo-no-ar-facebook.png\" \/>\n\t<meta property=\"og:image:width\" content=\"300\" \/>\n\t<meta property=\"og:image:height\" content=\"300\" \/>\n\t<meta property=\"og:image:type\" content=\"image\/png\" \/>\n<meta name=\"author\" content=\"editor\" \/>\n<meta name=\"twitter:card\" content=\"summary_large_image\" \/>\n<meta name=\"twitter:label1\" content=\"Escrito por\" \/>\n\t<meta name=\"twitter:data1\" content=\"editor\" \/>\n\t<meta name=\"twitter:label2\" content=\"Est. tempo de leitura\" \/>\n\t<meta name=\"twitter:data2\" content=\"4 minutos\" \/>\n<script type=\"application\/ld+json\" class=\"yoast-schema-graph\">{\"@context\":\"https:\/\/schema.org\",\"@graph\":[{\"@type\":\"Article\",\"@id\":\"https:\/\/www.oarcanjo.net\/site\/sao-paulo-homem-de-fe\/#article\",\"isPartOf\":{\"@id\":\"https:\/\/www.oarcanjo.net\/site\/sao-paulo-homem-de-fe\/\"},\"author\":{\"name\":\"editor\",\"@id\":\"https:\/\/www.oarcanjo.net\/site\/#\/schema\/person\/f7024d007863202483a31326673a0838\"},\"headline\":\"S\u00e3o Paulo, homem de f\u00e9\",\"datePublished\":\"2013-01-16T11:42:41+00:00\",\"dateModified\":\"2013-01-16T11:42:41+00:00\",\"mainEntityOfPage\":{\"@id\":\"https:\/\/www.oarcanjo.net\/site\/sao-paulo-homem-de-fe\/\"},\"wordCount\":772,\"commentCount\":1,\"publisher\":{\"@id\":\"https:\/\/www.oarcanjo.net\/site\/#organization\"},\"keywords\":[\"Ades\u00e3o\",\"Ano da F\u00e9\",\"Ap\u00f3stolo S\u00e3o Paulo\",\"Convers\u00e3o de S\u00e3o Paulo\",\"f\u00e9\",\"Patrono\"],\"articleSection\":[\"Reflex\u00f5es\"],\"inLanguage\":\"pt-BR\",\"potentialAction\":[{\"@type\":\"CommentAction\",\"name\":\"Comment\",\"target\":[\"https:\/\/www.oarcanjo.net\/site\/sao-paulo-homem-de-fe\/#respond\"]}]},{\"@type\":\"WebPage\",\"@id\":\"https:\/\/www.oarcanjo.net\/site\/sao-paulo-homem-de-fe\/\",\"url\":\"https:\/\/www.oarcanjo.net\/site\/sao-paulo-homem-de-fe\/\",\"name\":\"S\u00e3o Paulo, homem de f\u00e9 - O Arcanjo no ar\",\"isPartOf\":{\"@id\":\"https:\/\/www.oarcanjo.net\/site\/#website\"},\"datePublished\":\"2013-01-16T11:42:41+00:00\",\"dateModified\":\"2013-01-16T11:42:41+00:00\",\"breadcrumb\":{\"@id\":\"https:\/\/www.oarcanjo.net\/site\/sao-paulo-homem-de-fe\/#breadcrumb\"},\"inLanguage\":\"pt-BR\",\"potentialAction\":[{\"@type\":\"ReadAction\",\"target\":[\"https:\/\/www.oarcanjo.net\/site\/sao-paulo-homem-de-fe\/\"]}]},{\"@type\":\"BreadcrumbList\",\"@id\":\"https:\/\/www.oarcanjo.net\/site\/sao-paulo-homem-de-fe\/#breadcrumb\",\"itemListElement\":[{\"@type\":\"ListItem\",\"position\":1,\"name\":\"In\u00edcio\",\"item\":\"https:\/\/www.oarcanjo.net\/site\/\"},{\"@type\":\"ListItem\",\"position\":2,\"name\":\"S\u00e3o Paulo, homem de f\u00e9\"}]},{\"@type\":\"WebSite\",\"@id\":\"https:\/\/www.oarcanjo.net\/site\/#website\",\"url\":\"https:\/\/www.oarcanjo.net\/site\/\",\"name\":\"O Arcanjo no ar\",\"description\":\"Site da Par\u00f3quia S\u00e3o Miguel Arcanjo (Arquidiocese de SP)\",\"publisher\":{\"@id\":\"https:\/\/www.oarcanjo.net\/site\/#organization\"},\"potentialAction\":[{\"@type\":\"SearchAction\",\"target\":{\"@type\":\"EntryPoint\",\"urlTemplate\":\"https:\/\/www.oarcanjo.net\/site\/?s={search_term_string}\"},\"query-input\":{\"@type\":\"PropertyValueSpecification\",\"valueRequired\":true,\"valueName\":\"search_term_string\"}}],\"inLanguage\":\"pt-BR\"},{\"@type\":\"Organization\",\"@id\":\"https:\/\/www.oarcanjo.net\/site\/#organization\",\"name\":\"Par\u00f3quia S\u00e3o Miguel Arcanjo\",\"url\":\"https:\/\/www.oarcanjo.net\/site\/\",\"logo\":{\"@type\":\"ImageObject\",\"inLanguage\":\"pt-BR\",\"@id\":\"https:\/\/www.oarcanjo.net\/site\/#\/schema\/logo\/image\/\",\"url\":\"https:\/\/www.oarcanjo.net\/site\/wp-content\/uploads\/LogoOArcanjo.png\",\"contentUrl\":\"https:\/\/www.oarcanjo.net\/site\/wp-content\/uploads\/LogoOArcanjo.png\",\"width\":319,\"height\":99,\"caption\":\"Par\u00f3quia S\u00e3o Miguel Arcanjo\"},\"image\":{\"@id\":\"https:\/\/www.oarcanjo.net\/site\/#\/schema\/logo\/image\/\"},\"sameAs\":[\"https:\/\/www.facebook.com\/OArcanjoNoAr\/\"]},{\"@type\":\"Person\",\"@id\":\"https:\/\/www.oarcanjo.net\/site\/#\/schema\/person\/f7024d007863202483a31326673a0838\",\"name\":\"editor\",\"sameAs\":[\"http:\/\/www.oarcanjo.net\"]}]}<\/script>\n<!-- \/ Yoast SEO plugin. -->","yoast_head_json":{"title":"S\u00e3o Paulo, homem de f\u00e9 - O Arcanjo no ar","robots":{"index":"index","follow":"follow","max-snippet":"max-snippet:-1","max-image-preview":"max-image-preview:large","max-video-preview":"max-video-preview:-1"},"canonical":"https:\/\/www.oarcanjo.net\/site\/sao-paulo-homem-de-fe\/","og_locale":"pt_BR","og_type":"article","og_title":"S\u00e3o Paulo, homem de f\u00e9 - O Arcanjo no ar","og_description":"No dia 25 de janeiro, a Arquidiocese de S\u00e3o Paulo comemora a festa de seu Patrono, o Ap\u00f3stolo S\u00e3o Paulo. No Ano da F\u00e9, conv\u00e9m voltar para S\u00e3o Paulo um olhar especial, para perceber nele o homem de f\u00e9 e a testemunha firme e qualificada de Cristo. A sua f\u00e9, enquanto fariseu zeloso, talvez era [&hellip;]","og_url":"https:\/\/www.oarcanjo.net\/site\/sao-paulo-homem-de-fe\/","og_site_name":"O Arcanjo no ar","article_publisher":"https:\/\/www.facebook.com\/OArcanjoNoAr\/","article_published_time":"2013-01-16T11:42:41+00:00","og_image":[{"width":300,"height":300,"url":"https:\/\/www.oarcanjo.net\/site\/wp-content\/uploads\/logo-o-arcanjo-no-ar-facebook.png","type":"image\/png"}],"author":"editor","twitter_card":"summary_large_image","twitter_misc":{"Escrito por":"editor","Est. tempo de leitura":"4 minutos"},"schema":{"@context":"https:\/\/schema.org","@graph":[{"@type":"Article","@id":"https:\/\/www.oarcanjo.net\/site\/sao-paulo-homem-de-fe\/#article","isPartOf":{"@id":"https:\/\/www.oarcanjo.net\/site\/sao-paulo-homem-de-fe\/"},"author":{"name":"editor","@id":"https:\/\/www.oarcanjo.net\/site\/#\/schema\/person\/f7024d007863202483a31326673a0838"},"headline":"S\u00e3o Paulo, homem de f\u00e9","datePublished":"2013-01-16T11:42:41+00:00","dateModified":"2013-01-16T11:42:41+00:00","mainEntityOfPage":{"@id":"https:\/\/www.oarcanjo.net\/site\/sao-paulo-homem-de-fe\/"},"wordCount":772,"commentCount":1,"publisher":{"@id":"https:\/\/www.oarcanjo.net\/site\/#organization"},"keywords":["Ades\u00e3o","Ano da F\u00e9","Ap\u00f3stolo S\u00e3o Paulo","Convers\u00e3o de S\u00e3o Paulo","f\u00e9","Patrono"],"articleSection":["Reflex\u00f5es"],"inLanguage":"pt-BR","potentialAction":[{"@type":"CommentAction","name":"Comment","target":["https:\/\/www.oarcanjo.net\/site\/sao-paulo-homem-de-fe\/#respond"]}]},{"@type":"WebPage","@id":"https:\/\/www.oarcanjo.net\/site\/sao-paulo-homem-de-fe\/","url":"https:\/\/www.oarcanjo.net\/site\/sao-paulo-homem-de-fe\/","name":"S\u00e3o Paulo, homem de f\u00e9 - O Arcanjo no ar","isPartOf":{"@id":"https:\/\/www.oarcanjo.net\/site\/#website"},"datePublished":"2013-01-16T11:42:41+00:00","dateModified":"2013-01-16T11:42:41+00:00","breadcrumb":{"@id":"https:\/\/www.oarcanjo.net\/site\/sao-paulo-homem-de-fe\/#breadcrumb"},"inLanguage":"pt-BR","potentialAction":[{"@type":"ReadAction","target":["https:\/\/www.oarcanjo.net\/site\/sao-paulo-homem-de-fe\/"]}]},{"@type":"BreadcrumbList","@id":"https:\/\/www.oarcanjo.net\/site\/sao-paulo-homem-de-fe\/#breadcrumb","itemListElement":[{"@type":"ListItem","position":1,"name":"In\u00edcio","item":"https:\/\/www.oarcanjo.net\/site\/"},{"@type":"ListItem","position":2,"name":"S\u00e3o Paulo, homem de f\u00e9"}]},{"@type":"WebSite","@id":"https:\/\/www.oarcanjo.net\/site\/#website","url":"https:\/\/www.oarcanjo.net\/site\/","name":"O Arcanjo no ar","description":"Site da Par\u00f3quia S\u00e3o Miguel Arcanjo (Arquidiocese de SP)","publisher":{"@id":"https:\/\/www.oarcanjo.net\/site\/#organization"},"potentialAction":[{"@type":"SearchAction","target":{"@type":"EntryPoint","urlTemplate":"https:\/\/www.oarcanjo.net\/site\/?s={search_term_string}"},"query-input":{"@type":"PropertyValueSpecification","valueRequired":true,"valueName":"search_term_string"}}],"inLanguage":"pt-BR"},{"@type":"Organization","@id":"https:\/\/www.oarcanjo.net\/site\/#organization","name":"Par\u00f3quia S\u00e3o Miguel Arcanjo","url":"https:\/\/www.oarcanjo.net\/site\/","logo":{"@type":"ImageObject","inLanguage":"pt-BR","@id":"https:\/\/www.oarcanjo.net\/site\/#\/schema\/logo\/image\/","url":"https:\/\/www.oarcanjo.net\/site\/wp-content\/uploads\/LogoOArcanjo.png","contentUrl":"https:\/\/www.oarcanjo.net\/site\/wp-content\/uploads\/LogoOArcanjo.png","width":319,"height":99,"caption":"Par\u00f3quia S\u00e3o Miguel Arcanjo"},"image":{"@id":"https:\/\/www.oarcanjo.net\/site\/#\/schema\/logo\/image\/"},"sameAs":["https:\/\/www.facebook.com\/OArcanjoNoAr\/"]},{"@type":"Person","@id":"https:\/\/www.oarcanjo.net\/site\/#\/schema\/person\/f7024d007863202483a31326673a0838","name":"editor","sameAs":["http:\/\/www.oarcanjo.net"]}]}},"publishpress_future_action":{"enabled":false,"date":"2026-05-09 07:24:57","action":"category","newStatus":"draft","terms":[],"taxonomy":"category"},"publishpress_future_workflow_manual_trigger":{"enabledWorkflows":[]},"_links":{"self":[{"href":"https:\/\/www.oarcanjo.net\/site\/wp-json\/wp\/v2\/posts\/20650"}],"collection":[{"href":"https:\/\/www.oarcanjo.net\/site\/wp-json\/wp\/v2\/posts"}],"about":[{"href":"https:\/\/www.oarcanjo.net\/site\/wp-json\/wp\/v2\/types\/post"}],"author":[{"embeddable":true,"href":"https:\/\/www.oarcanjo.net\/site\/wp-json\/wp\/v2\/users\/5"}],"replies":[{"embeddable":true,"href":"https:\/\/www.oarcanjo.net\/site\/wp-json\/wp\/v2\/comments?post=20650"}],"version-history":[{"count":0,"href":"https:\/\/www.oarcanjo.net\/site\/wp-json\/wp\/v2\/posts\/20650\/revisions"}],"wp:attachment":[{"href":"https:\/\/www.oarcanjo.net\/site\/wp-json\/wp\/v2\/media?parent=20650"}],"wp:term":[{"taxonomy":"category","embeddable":true,"href":"https:\/\/www.oarcanjo.net\/site\/wp-json\/wp\/v2\/categories?post=20650"},{"taxonomy":"post_tag","embeddable":true,"href":"https:\/\/www.oarcanjo.net\/site\/wp-json\/wp\/v2\/tags?post=20650"}],"curies":[{"name":"wp","href":"https:\/\/api.w.org\/{rel}","templated":true}]}}