
{"id":20657,"date":"2013-01-12T20:20:09","date_gmt":"2013-01-12T22:20:09","guid":{"rendered":"http:\/\/www.oarcanjo.net\/site\/?p=20657"},"modified":"2013-01-16T10:24:42","modified_gmt":"2013-01-16T12:24:42","slug":"haiti-ainda-exige-atencao-especial","status":"publish","type":"post","link":"https:\/\/www.oarcanjo.net\/site\/haiti-ainda-exige-atencao-especial\/","title":{"rendered":"Haiti ainda exige aten\u00e7\u00e3o especial"},"content":{"rendered":"<p>Encontro-me no Haiti desde o dia 8 de janeiro. Vim para c\u00e1 com o padre Gianpietro Carraro e alguns outros mission\u00e1rios e volunt\u00e1rios da Miss\u00e3o Bel\u00e9m. Fomos acolhidos e hospedados num centro mission\u00e1rio dos padres carlistas, que ficou em p\u00e9 depois do terremoto; ali tamb\u00e9m est\u00e3o abrigadas as religiosas da Confer\u00eancia dos Religiosos do Brasil (CRB), que vieram para trabalhar no Haiti, al\u00e9m da comunidade do Semin\u00e1rio Maior Diocesano do Haiti, com mais de 200 seminaristas.<\/p>\n<p>Fizemos visita ao arcebispo de Porto Pr\u00edncipe, que estava reunido com v\u00e1rios sacerdotes, em retiro. Contou-nos um pouco sobre a situa\u00e7\u00e3o da Igreja neste tempo posterior ao terremoto. Ainda falta reconstruir muitas igrejas, as missas continuam a ser celebradas debaixo de tendas, a constru\u00e7\u00e3o do semin\u00e1rio ainda n\u00e3o come\u00e7ou. A visita \u00e0 catedral, em ru\u00ednas, \u00e9 desoladora. No entanto, andando pelas ruas, j\u00e1 n\u00e3o se veem mais tantos sinais do terremoto; os materiais foram removidos e a maioria das casas recuper\u00e1veis parece ter sido reparada. Contudo, edif\u00edcios p\u00fablicos, de governo, continuam em ru\u00ednas.<\/p>\n<p>Ainda se observam grandes campos de tendas, onde as pessoas continuam a viver e a esperar uma casa para morar; muita gente tamb\u00e9m foi para as periferias da cidade e constituiu novas favelas, ocupando \u00e1reas dispon\u00edveis; outros foram para as montanhas, perto de Porto Pr\u00edncipe, onde o ar \u00e9 melhor; tamb\u00e9m essas est\u00e3o \u00e0 espera de receber uma casinha. De fato, a polui\u00e7\u00e3o do ar \u00e9 grande, al\u00e9m da poeira, pois \u00e9 seco neste per\u00edodo.<\/p>\n<p>Na visita ao n\u00fancio apost\u00f3lico, pudemos ouvir uma nova explica\u00e7\u00e3o sobre a situa\u00e7\u00e3o do pa\u00eds e sobre o fluxo das ajudas internacionais para a reconstru\u00e7\u00e3o do pa\u00eds. Uma breve visita aos capel\u00e3es do Brasil e do Paraguai, das For\u00e7as de Paz da ONU, tamb\u00e9m foi proveitosa para compreender o papel dessas for\u00e7as internacionais, que continuam no Haiti, cuidando da seguran\u00e7a, mas em grau j\u00e1 diverso do in\u00edcio de sua presen\u00e7a; hoje j\u00e1 existe uma pol\u00edcia haitiana, que come\u00e7a a ter significado sempre maior para cuidar da ordem.<\/p>\n<p>Passei a maior parte do tempo com os sete mission\u00e1rios da Miss\u00e3o Bel\u00e9m, que est\u00e3o estavelmente no Haiti. Eles vieram para c\u00e1 h\u00e1 cerca de dois anos e j\u00e1 est\u00e3o fazendo um trabalho de grande significado e valor em Warf Jeremie, um bairro distante do centro de Porto Pr\u00edncipe; trata-se de uma favela formada sobre um lix\u00e3o imenso, onde as pessoas vivem em barracos paup\u00e9rrimos, em condi\u00e7\u00f5es degradantes para a dignidade humana, sobre o lixo, junto com um canal de esgoto a c\u00e9u aberto, com porcos por todo lado e um mau cheiro insuport\u00e1vel. Dizem que seriam mais de 200 mil pessoas! Por toda parte, muitas crian\u00e7as! N\u00e3o h\u00e1 ruas, nem luz, nem \u00e1gua encanada. N\u00e3o h\u00e1 trabalho e as pessoas procuram \u201cfazer bicos\u201d para sobreviver.<\/p>\n<p>Nesse bairro, j\u00e1 existem v\u00e1rios trabalhos sociais, de diversas organiza\u00e7\u00f5es. Foi ali tamb\u00e9m que a Miss\u00e3o Bel\u00e9m iniciou, com o apoio de benfeitores de S\u00e3o Paulo e da It\u00e1lia, um centro de acolhida para crian\u00e7as; foram constru\u00eddas v\u00e1rias casinhas simples, mas decentes, com salas para acolher crian\u00e7as; funciona como uma escolinha, que j\u00e1 acolhe cerca de 450 crian\u00e7as, desde seis meses at\u00e9 oito anos; a maioria delas s\u00e3o bem pequenas e isso requer a ajuda de volunt\u00e1rios e assalariados. A manuten\u00e7\u00e3o \u00e9 assegurada por apadrinhamentos \u00e0 dist\u00e2ncia e pela Provid\u00eancia de Deus&#8230;<\/p>\n<p>A visita \u00e0s salas foi comovente; as crian\u00e7as est\u00e3o limpinhas, bem nutridas, os olhinhos brilhando&#8230; Passam o dia inteiro ali e recebem alimenta\u00e7\u00e3o tr\u00eas vezes ao dia. \u00c0 tarde, voltam para suas m\u00e3es. Se n\u00e3o estivessem ali, provavelmente estariam brincando sobre o lixo, em meio ao esgoto, passando fome&#8230; Com as crian\u00e7as, os pais, sobretudo as m\u00e3es, tamb\u00e9m s\u00e3o envolvidas na escolinha e aprendem a fazer muitas coisas \u00fateis. Uma vez por semana, uma das religiosas da CRB, que \u00e9 enfermeira, vai l\u00e1 e d\u00e1 alguma assist\u00eancia \u00e0 sa\u00fade.<\/p>\n<p>Os mission\u00e1rios visitam as casas, promovem v\u00e1rias a\u00e7\u00f5es de evangeliza\u00e7\u00e3o com o povo e j\u00e1 falam o creolo fluentemente&#8230; Vi que s\u00e3o bem aceitos e bem quistos pelo povo. Eles mesmos tamb\u00e9m vivem numa choupana prec\u00e1ria e muito pobre, como s\u00e3o as do povo, para compartilhar concretamente a vida daquela popula\u00e7\u00e3o.<\/p>\n<p>Fizemos uma via sacra no meio da favela, esgueirando-nos entre os barracos, onde n\u00e3o existem ruas&#8230; Foi uma experi\u00eancia chocante ver de perto onde e como vivem aquelas pessoas. A ideia de Jesus, que continua a carregar a cruz nas dores e sofrimentos da humanidade, foi muito forte.<\/p>\n<p>Hoje, 12 de janeiro, transcorre o terceiro anivers\u00e1rio do terr\u00edvel terremoto, no qual perderam a vida mais de 300 mil pessoas; entre elas, tamb\u00e9m doutora Zilda Arns, que tinha vindo para c\u00e1 fundar a Pastoral da Crian\u00e7a. Rezarei uma missa num santu\u00e1rio, lembrando de todas as v\u00edtimas. J\u00e1 tive contatos com as religiosas da CRB, que est\u00e3o empenhadas em v\u00e1rias frentes de trabalho para ajudar a popula\u00e7\u00e3o a retomar a vida; h\u00e1 v\u00e1rias congrega\u00e7\u00f5es, de diversos pa\u00edses, bem como grupos de volunt\u00e1rios, fazendo o mesmo.<\/p>\n<p>O Haiti continua sendo um pa\u00eds muito pobre e devastado; mas tem muitas possibilidades e, com muitos pequenos \u201cmilagres\u201d, motivados pela solidariedade e a caridade fraterna, certamente conseguir\u00e1 superar a situa\u00e7\u00e3o atual.<\/p>\n<p><em>Cardeal Odilo Pedro Scherer<br \/>\nArcebispo de S\u00e3o Paulo<br \/>\n<a title=\"@DomOdiloScherer\" href=\"http:\/\/twitter.com\/DomOdiloScherer\" target=\"_blank\"> @DomOdiloScherer<\/a><\/em><\/p>\n<div id=\"themify_builder_content-20657\" data-postid=\"20657\" class=\"themify_builder_content themify_builder_content-20657 themify_builder themify_builder_front\">\n\t<\/div>\n<!-- \/themify_builder_content -->","protected":false},"excerpt":{"rendered":"<p>Encontro-me no Haiti desde o dia 8 de janeiro. Vim para c\u00e1 com o padre Gianpietro Carraro e alguns outros mission\u00e1rios e volunt\u00e1rios da Miss\u00e3o Bel\u00e9m. Fomos acolhidos e hospedados num centro mission\u00e1rio dos padres carlistas, que ficou em p\u00e9 depois do terremoto; ali tamb\u00e9m est\u00e3o abrigadas as religiosas da Confer\u00eancia dos Religiosos do Brasil [&hellip;]<\/p>\n","protected":false},"author":5,"featured_media":0,"comment_status":"open","ping_status":"open","sticky":false,"template":"","format":"standard","meta":{"ngg_post_thumbnail":0,"footnotes":""},"categories":[8],"tags":[2283,1404,2167],"yoast_head":"<!-- This site is optimized with the Yoast SEO plugin v23.5 - https:\/\/yoast.com\/wordpress\/plugins\/seo\/ -->\n<title>Haiti ainda exige aten\u00e7\u00e3o especial - O Arcanjo no ar<\/title>\n<meta name=\"robots\" content=\"index, follow, max-snippet:-1, max-image-preview:large, max-video-preview:-1\" \/>\n<link rel=\"canonical\" href=\"https:\/\/www.oarcanjo.net\/site\/haiti-ainda-exige-atencao-especial\/\" \/>\n<meta property=\"og:locale\" content=\"pt_BR\" \/>\n<meta property=\"og:type\" content=\"article\" \/>\n<meta property=\"og:title\" content=\"Haiti ainda exige aten\u00e7\u00e3o especial - O Arcanjo no ar\" \/>\n<meta property=\"og:description\" content=\"Encontro-me no Haiti desde o dia 8 de janeiro. Vim para c\u00e1 com o padre Gianpietro Carraro e alguns outros mission\u00e1rios e volunt\u00e1rios da Miss\u00e3o Bel\u00e9m. Fomos acolhidos e hospedados num centro mission\u00e1rio dos padres carlistas, que ficou em p\u00e9 depois do terremoto; ali tamb\u00e9m est\u00e3o abrigadas as religiosas da Confer\u00eancia dos Religiosos do Brasil [&hellip;]\" \/>\n<meta property=\"og:url\" content=\"https:\/\/www.oarcanjo.net\/site\/haiti-ainda-exige-atencao-especial\/\" \/>\n<meta property=\"og:site_name\" content=\"O Arcanjo no ar\" \/>\n<meta property=\"article:publisher\" content=\"https:\/\/www.facebook.com\/OArcanjoNoAr\/\" \/>\n<meta property=\"article:published_time\" content=\"2013-01-12T22:20:09+00:00\" \/>\n<meta property=\"article:modified_time\" content=\"2013-01-16T12:24:42+00:00\" \/>\n<meta property=\"og:image\" content=\"https:\/\/www.oarcanjo.net\/site\/wp-content\/uploads\/logo-o-arcanjo-no-ar-facebook.png\" \/>\n\t<meta property=\"og:image:width\" content=\"300\" \/>\n\t<meta property=\"og:image:height\" content=\"300\" \/>\n\t<meta property=\"og:image:type\" content=\"image\/png\" \/>\n<meta name=\"author\" content=\"editor\" \/>\n<meta name=\"twitter:card\" content=\"summary_large_image\" \/>\n<meta name=\"twitter:label1\" content=\"Escrito por\" \/>\n\t<meta name=\"twitter:data1\" content=\"editor\" \/>\n\t<meta name=\"twitter:label2\" content=\"Est. tempo de leitura\" \/>\n\t<meta name=\"twitter:data2\" content=\"5 minutos\" \/>\n<script type=\"application\/ld+json\" class=\"yoast-schema-graph\">{\"@context\":\"https:\/\/schema.org\",\"@graph\":[{\"@type\":\"Article\",\"@id\":\"https:\/\/www.oarcanjo.net\/site\/haiti-ainda-exige-atencao-especial\/#article\",\"isPartOf\":{\"@id\":\"https:\/\/www.oarcanjo.net\/site\/haiti-ainda-exige-atencao-especial\/\"},\"author\":{\"name\":\"editor\",\"@id\":\"https:\/\/www.oarcanjo.net\/site\/#\/schema\/person\/f7024d007863202483a31326673a0838\"},\"headline\":\"Haiti ainda exige aten\u00e7\u00e3o especial\",\"datePublished\":\"2013-01-12T22:20:09+00:00\",\"dateModified\":\"2013-01-16T12:24:42+00:00\",\"mainEntityOfPage\":{\"@id\":\"https:\/\/www.oarcanjo.net\/site\/haiti-ainda-exige-atencao-especial\/\"},\"wordCount\":969,\"commentCount\":0,\"publisher\":{\"@id\":\"https:\/\/www.oarcanjo.net\/site\/#organization\"},\"keywords\":[\"Cardeal Odilo Pedro Scherer\",\"Haiti\",\"Miss\u00e3o Bel\u00e9m\"],\"articleSection\":[\"Not\u00edcias\"],\"inLanguage\":\"pt-BR\",\"potentialAction\":[{\"@type\":\"CommentAction\",\"name\":\"Comment\",\"target\":[\"https:\/\/www.oarcanjo.net\/site\/haiti-ainda-exige-atencao-especial\/#respond\"]}]},{\"@type\":\"WebPage\",\"@id\":\"https:\/\/www.oarcanjo.net\/site\/haiti-ainda-exige-atencao-especial\/\",\"url\":\"https:\/\/www.oarcanjo.net\/site\/haiti-ainda-exige-atencao-especial\/\",\"name\":\"Haiti ainda exige aten\u00e7\u00e3o especial - O Arcanjo no ar\",\"isPartOf\":{\"@id\":\"https:\/\/www.oarcanjo.net\/site\/#website\"},\"datePublished\":\"2013-01-12T22:20:09+00:00\",\"dateModified\":\"2013-01-16T12:24:42+00:00\",\"breadcrumb\":{\"@id\":\"https:\/\/www.oarcanjo.net\/site\/haiti-ainda-exige-atencao-especial\/#breadcrumb\"},\"inLanguage\":\"pt-BR\",\"potentialAction\":[{\"@type\":\"ReadAction\",\"target\":[\"https:\/\/www.oarcanjo.net\/site\/haiti-ainda-exige-atencao-especial\/\"]}]},{\"@type\":\"BreadcrumbList\",\"@id\":\"https:\/\/www.oarcanjo.net\/site\/haiti-ainda-exige-atencao-especial\/#breadcrumb\",\"itemListElement\":[{\"@type\":\"ListItem\",\"position\":1,\"name\":\"In\u00edcio\",\"item\":\"https:\/\/www.oarcanjo.net\/site\/\"},{\"@type\":\"ListItem\",\"position\":2,\"name\":\"Haiti ainda exige aten\u00e7\u00e3o especial\"}]},{\"@type\":\"WebSite\",\"@id\":\"https:\/\/www.oarcanjo.net\/site\/#website\",\"url\":\"https:\/\/www.oarcanjo.net\/site\/\",\"name\":\"O Arcanjo no ar\",\"description\":\"Site da Par\u00f3quia S\u00e3o Miguel Arcanjo (Arquidiocese de SP)\",\"publisher\":{\"@id\":\"https:\/\/www.oarcanjo.net\/site\/#organization\"},\"potentialAction\":[{\"@type\":\"SearchAction\",\"target\":{\"@type\":\"EntryPoint\",\"urlTemplate\":\"https:\/\/www.oarcanjo.net\/site\/?s={search_term_string}\"},\"query-input\":{\"@type\":\"PropertyValueSpecification\",\"valueRequired\":true,\"valueName\":\"search_term_string\"}}],\"inLanguage\":\"pt-BR\"},{\"@type\":\"Organization\",\"@id\":\"https:\/\/www.oarcanjo.net\/site\/#organization\",\"name\":\"Par\u00f3quia S\u00e3o Miguel Arcanjo\",\"url\":\"https:\/\/www.oarcanjo.net\/site\/\",\"logo\":{\"@type\":\"ImageObject\",\"inLanguage\":\"pt-BR\",\"@id\":\"https:\/\/www.oarcanjo.net\/site\/#\/schema\/logo\/image\/\",\"url\":\"https:\/\/www.oarcanjo.net\/site\/wp-content\/uploads\/LogoOArcanjo.png\",\"contentUrl\":\"https:\/\/www.oarcanjo.net\/site\/wp-content\/uploads\/LogoOArcanjo.png\",\"width\":319,\"height\":99,\"caption\":\"Par\u00f3quia S\u00e3o Miguel Arcanjo\"},\"image\":{\"@id\":\"https:\/\/www.oarcanjo.net\/site\/#\/schema\/logo\/image\/\"},\"sameAs\":[\"https:\/\/www.facebook.com\/OArcanjoNoAr\/\"]},{\"@type\":\"Person\",\"@id\":\"https:\/\/www.oarcanjo.net\/site\/#\/schema\/person\/f7024d007863202483a31326673a0838\",\"name\":\"editor\",\"sameAs\":[\"http:\/\/www.oarcanjo.net\"]}]}<\/script>\n<!-- \/ Yoast SEO plugin. -->","yoast_head_json":{"title":"Haiti ainda exige aten\u00e7\u00e3o especial - O Arcanjo no ar","robots":{"index":"index","follow":"follow","max-snippet":"max-snippet:-1","max-image-preview":"max-image-preview:large","max-video-preview":"max-video-preview:-1"},"canonical":"https:\/\/www.oarcanjo.net\/site\/haiti-ainda-exige-atencao-especial\/","og_locale":"pt_BR","og_type":"article","og_title":"Haiti ainda exige aten\u00e7\u00e3o especial - O Arcanjo no ar","og_description":"Encontro-me no Haiti desde o dia 8 de janeiro. Vim para c\u00e1 com o padre Gianpietro Carraro e alguns outros mission\u00e1rios e volunt\u00e1rios da Miss\u00e3o Bel\u00e9m. Fomos acolhidos e hospedados num centro mission\u00e1rio dos padres carlistas, que ficou em p\u00e9 depois do terremoto; ali tamb\u00e9m est\u00e3o abrigadas as religiosas da Confer\u00eancia dos Religiosos do Brasil [&hellip;]","og_url":"https:\/\/www.oarcanjo.net\/site\/haiti-ainda-exige-atencao-especial\/","og_site_name":"O Arcanjo no ar","article_publisher":"https:\/\/www.facebook.com\/OArcanjoNoAr\/","article_published_time":"2013-01-12T22:20:09+00:00","article_modified_time":"2013-01-16T12:24:42+00:00","og_image":[{"width":300,"height":300,"url":"https:\/\/www.oarcanjo.net\/site\/wp-content\/uploads\/logo-o-arcanjo-no-ar-facebook.png","type":"image\/png"}],"author":"editor","twitter_card":"summary_large_image","twitter_misc":{"Escrito por":"editor","Est. tempo de leitura":"5 minutos"},"schema":{"@context":"https:\/\/schema.org","@graph":[{"@type":"Article","@id":"https:\/\/www.oarcanjo.net\/site\/haiti-ainda-exige-atencao-especial\/#article","isPartOf":{"@id":"https:\/\/www.oarcanjo.net\/site\/haiti-ainda-exige-atencao-especial\/"},"author":{"name":"editor","@id":"https:\/\/www.oarcanjo.net\/site\/#\/schema\/person\/f7024d007863202483a31326673a0838"},"headline":"Haiti ainda exige aten\u00e7\u00e3o especial","datePublished":"2013-01-12T22:20:09+00:00","dateModified":"2013-01-16T12:24:42+00:00","mainEntityOfPage":{"@id":"https:\/\/www.oarcanjo.net\/site\/haiti-ainda-exige-atencao-especial\/"},"wordCount":969,"commentCount":0,"publisher":{"@id":"https:\/\/www.oarcanjo.net\/site\/#organization"},"keywords":["Cardeal Odilo Pedro Scherer","Haiti","Miss\u00e3o Bel\u00e9m"],"articleSection":["Not\u00edcias"],"inLanguage":"pt-BR","potentialAction":[{"@type":"CommentAction","name":"Comment","target":["https:\/\/www.oarcanjo.net\/site\/haiti-ainda-exige-atencao-especial\/#respond"]}]},{"@type":"WebPage","@id":"https:\/\/www.oarcanjo.net\/site\/haiti-ainda-exige-atencao-especial\/","url":"https:\/\/www.oarcanjo.net\/site\/haiti-ainda-exige-atencao-especial\/","name":"Haiti ainda exige aten\u00e7\u00e3o especial - O Arcanjo no ar","isPartOf":{"@id":"https:\/\/www.oarcanjo.net\/site\/#website"},"datePublished":"2013-01-12T22:20:09+00:00","dateModified":"2013-01-16T12:24:42+00:00","breadcrumb":{"@id":"https:\/\/www.oarcanjo.net\/site\/haiti-ainda-exige-atencao-especial\/#breadcrumb"},"inLanguage":"pt-BR","potentialAction":[{"@type":"ReadAction","target":["https:\/\/www.oarcanjo.net\/site\/haiti-ainda-exige-atencao-especial\/"]}]},{"@type":"BreadcrumbList","@id":"https:\/\/www.oarcanjo.net\/site\/haiti-ainda-exige-atencao-especial\/#breadcrumb","itemListElement":[{"@type":"ListItem","position":1,"name":"In\u00edcio","item":"https:\/\/www.oarcanjo.net\/site\/"},{"@type":"ListItem","position":2,"name":"Haiti ainda exige aten\u00e7\u00e3o especial"}]},{"@type":"WebSite","@id":"https:\/\/www.oarcanjo.net\/site\/#website","url":"https:\/\/www.oarcanjo.net\/site\/","name":"O Arcanjo no ar","description":"Site da Par\u00f3quia S\u00e3o Miguel Arcanjo (Arquidiocese de SP)","publisher":{"@id":"https:\/\/www.oarcanjo.net\/site\/#organization"},"potentialAction":[{"@type":"SearchAction","target":{"@type":"EntryPoint","urlTemplate":"https:\/\/www.oarcanjo.net\/site\/?s={search_term_string}"},"query-input":{"@type":"PropertyValueSpecification","valueRequired":true,"valueName":"search_term_string"}}],"inLanguage":"pt-BR"},{"@type":"Organization","@id":"https:\/\/www.oarcanjo.net\/site\/#organization","name":"Par\u00f3quia S\u00e3o Miguel Arcanjo","url":"https:\/\/www.oarcanjo.net\/site\/","logo":{"@type":"ImageObject","inLanguage":"pt-BR","@id":"https:\/\/www.oarcanjo.net\/site\/#\/schema\/logo\/image\/","url":"https:\/\/www.oarcanjo.net\/site\/wp-content\/uploads\/LogoOArcanjo.png","contentUrl":"https:\/\/www.oarcanjo.net\/site\/wp-content\/uploads\/LogoOArcanjo.png","width":319,"height":99,"caption":"Par\u00f3quia S\u00e3o Miguel Arcanjo"},"image":{"@id":"https:\/\/www.oarcanjo.net\/site\/#\/schema\/logo\/image\/"},"sameAs":["https:\/\/www.facebook.com\/OArcanjoNoAr\/"]},{"@type":"Person","@id":"https:\/\/www.oarcanjo.net\/site\/#\/schema\/person\/f7024d007863202483a31326673a0838","name":"editor","sameAs":["http:\/\/www.oarcanjo.net"]}]}},"publishpress_future_action":{"enabled":false,"date":"2026-05-09 07:54:50","action":"category","newStatus":"draft","terms":[],"taxonomy":"category"},"publishpress_future_workflow_manual_trigger":{"enabledWorkflows":[]},"_links":{"self":[{"href":"https:\/\/www.oarcanjo.net\/site\/wp-json\/wp\/v2\/posts\/20657"}],"collection":[{"href":"https:\/\/www.oarcanjo.net\/site\/wp-json\/wp\/v2\/posts"}],"about":[{"href":"https:\/\/www.oarcanjo.net\/site\/wp-json\/wp\/v2\/types\/post"}],"author":[{"embeddable":true,"href":"https:\/\/www.oarcanjo.net\/site\/wp-json\/wp\/v2\/users\/5"}],"replies":[{"embeddable":true,"href":"https:\/\/www.oarcanjo.net\/site\/wp-json\/wp\/v2\/comments?post=20657"}],"version-history":[{"count":0,"href":"https:\/\/www.oarcanjo.net\/site\/wp-json\/wp\/v2\/posts\/20657\/revisions"}],"wp:attachment":[{"href":"https:\/\/www.oarcanjo.net\/site\/wp-json\/wp\/v2\/media?parent=20657"}],"wp:term":[{"taxonomy":"category","embeddable":true,"href":"https:\/\/www.oarcanjo.net\/site\/wp-json\/wp\/v2\/categories?post=20657"},{"taxonomy":"post_tag","embeddable":true,"href":"https:\/\/www.oarcanjo.net\/site\/wp-json\/wp\/v2\/tags?post=20657"}],"curies":[{"name":"wp","href":"https:\/\/api.w.org\/{rel}","templated":true}]}}