
{"id":2066,"date":"2009-02-28T08:02:58","date_gmt":"2009-02-28T11:02:58","guid":{"rendered":"http:\/\/www.oarcanjo.net\/site\/?p=2066"},"modified":"2009-02-27T00:03:52","modified_gmt":"2009-02-27T03:03:52","slug":"paulo-apostolo-dos-gentios-inspiracao-para-hoje","status":"publish","type":"post","link":"https:\/\/www.oarcanjo.net\/site\/paulo-apostolo-dos-gentios-inspiracao-para-hoje\/","title":{"rendered":"Paulo, Ap\u00f3stolo dos Gentios: Inspira\u00e7\u00e3o para hoje"},"content":{"rendered":"<p>Maria Clara Lucchetti Bingemer *<\/p>\n<p>As comemora\u00e7\u00f5es do ano paulino, que se estendem at\u00e9 a metade de 2009, nos trazem de novo \u00e0 tona esta grande figura do ap\u00f3stolo que foi o artes\u00e3o do cristianismo primitivo. Paulo, conhecido como ap\u00f3stolo dos gentios, foi quem teve a grande intui\u00e7\u00e3o que o cristianismo necessitava: independizar-se da sinagoga, a fim de ganhar mundo e chegar aos gentios e incorporar todos que estavam distantes.<\/p>\n<p>A Carta aos Romanos demonstra bem isso. Nela, Paulo parte da contraposi\u00e7\u00e3o entre Cristo, justi\u00e7a de Deus, e a justi\u00e7a que os homens pretendem alcan\u00e7ar por seu pr\u00f3prio esfor\u00e7o. N\u00e3o nega o valor da antiga economia da salva\u00e7\u00e3o, mas lhe marca limites precisos.<\/p>\n<p>Poderia parecer que Paulo assim exclui os judeus da salva\u00e7\u00e3o. Mas n\u00e3o \u00e9 assim, pois tamb\u00e9m critica os crist\u00e3os provenientes da gentilidade, que numa soberba mal dissimulada desprezavam os judeus.<\/p>\n<p>Contra as conota\u00e7\u00f5es racistas que pareciam insinuar-se, ele deixa muito claro que, diante de Deus, n\u00e3o h\u00e1 acep\u00e7\u00e3o de pessoas. Todos os fi\u00e9is, seja qual for a sua origem, devem formar um s\u00f3 corpo (Romanos 12, 1-15). Al\u00e9m disso &#8211; e este \u00e9 o ponto mais importante -, Paulo est\u00e1 convicto de que aos israelitas, textualmente, pertencem a ado\u00e7\u00e3o filial, a gl\u00f3ria, as alian\u00e7as, a legisla\u00e7\u00e3o, o culto, as promessas, os patriarcas. Deles \u00e9, conforme Romanos 9, 4-5, o Cristo, segundo a carne.<\/p>\n<p>Paulo termina sua carta entoando hino ao mist\u00e9rio de Deus, insond\u00e1vel muitas vezes para n\u00f3s. Encerra o cap\u00edtulo 11: &#8220;\u00d3 abismo da riqueza, da sabedoria e da ci\u00eancia de Deus! Como s\u00e3o insond\u00e1veis seus ju\u00edzos e impenetr\u00e1veis seus caminhos. Quem com efeito conheceu o pensamento do Senhor? Ou quem se tornou seu conselheiro? Ou quem primeiro lhe fez o dom para receb\u00ea-lo em troca? Porque tudo \u00e9 d&#8217;Ele, por Ele e para Ele. A Ele a gl\u00f3ria, pelos s\u00e9culos! Am\u00e9m&#8221;.<\/p>\n<p>Diante da complexidade da pessoa de Paulo, radicalmente apaixonado por Cristo e ao mesmo tempo aberto \u00e0 pluralidade de seu tempo, somos interpelados a ser cada vez mais conscientes e prontos a testemunhar nossa identidade crist\u00e3, ao mesmo tempo em que nos abrimos com respeito e aten\u00e7\u00e3o ao que a diferen\u00e7a do outro tem a revelar-nos quanto ao mist\u00e9rio de Deus. Em Paulo, o problema parece ser mais complexo. O zelo pelo juda\u00edsmo que o impulsionou a tomar parte na repress\u00e3o inicial contra o cristianismo nascente acabou se transformando em ardor proselitista pela nova religi\u00e3o, ao mesmo tempo em que sentia dentro de si o desgarramento interior por causa de sua perten\u00e7a ao povo de Israel.<\/p>\n<p>Nenhum outro escrito exprime isso melhor do que a Carta aos Romanos inquestionavelmente paulina. Junto com a Carta aos G\u00e1latas, focaliza o problema principal da teologia paulina: a justifica\u00e7\u00e3o pela f\u00e9. Mas enquanto a Carta aos G\u00e1latas foi escrita no ardor da pol\u00eamica intra-crist\u00e3, entre os que no cristianismo queriam conservar as observ\u00e2ncias mosaicas e os que diziam que n\u00e3o era necess\u00e1rio, a Ep\u00edstola aos Romanos \u00e9 fruto de uma reflex\u00e3o amadurecida posterior.<\/p>\n<p>Eis um breve resumo dela. O contexto \u00e9 o de uma comunidade, a de Roma, onde &#8211; de acordo com as not\u00edcias recebidas por Paulo que ainda n\u00e3o tinha ido \u00e0quela cidade &#8211; s\u00f3 chegam informa\u00e7\u00f5es por cartas ou por mensageiros. Segundo essas informa\u00e7\u00f5es, as diverg\u00eancias naquela comunidade parecem conduzir a s\u00e9rios desentendimentos entre os convertidos do juda\u00edsmo e do paganismo. O escrito prepara uma visita do ap\u00f3stolo a essa comunidade, propondo uma solu\u00e7\u00e3o para os problemas l\u00e1 existentes, especialmente o da rela\u00e7\u00e3o juda\u00edsmo-cristianismo.<\/p>\n<p>Na Ep\u00edstola, Paulo parte da contraposi\u00e7\u00e3o entre Cristo, justi\u00e7a de Deus, e a justi\u00e7a que os homens pretendem alcan\u00e7ar por seu pr\u00f3prio esfor\u00e7o. N\u00e3o nega o valor da antiga economia da salva\u00e7\u00e3o, mas lhe marca limites precisos. Em Romanos 7,12, ele escreve: &#8220;A Lei \u00e9 santa. Justo e bom \u00e9 o preceito&#8221;. Assim enuncia, claramente, Paulo de Tarso. A Lei fez o homem conhecer a vontade divina. Ao mesmo tempo, Paulo enfrenta o problema da pr\u00f3pria debilidade e a consci\u00eancia da pr\u00f3pria culpa e n\u00e3o consegue ver na Lei a ajuda necess\u00e1ria para super\u00e1-las. Da\u00ed, a sua solu\u00e7\u00e3o: &#8220;Somente em Cristo encontra-se essa ajuda e ela se obt\u00e9m atrav\u00e9s da f\u00e9&#8221;.<\/p>\n<p>A conseq\u00fc\u00eancia l\u00f3gica seria a exclus\u00e3o da salva\u00e7\u00e3o dos judeus que permanecessem no juda\u00edsmo. Por\u00e9m, n\u00e3o \u00e9 exatamente a solu\u00e7\u00e3o que vai dar. Mas eu digo: \u00e9 claro, se f\u00f4ssemos l\u00f3gicos, tirar\u00edamos essa conclus\u00e3o. E, por isso, n\u00e3o \u00e9 estranho que os escritos paulinos tenham sido considerados fonte da pol\u00eamica judeu-crist\u00e3 e at\u00e9 acusados de serem anti-semitas.<\/p>\n<p>Contudo, Paulo, na mesma Carta aos Romanos, n\u00e3o parece satisfeito com aquela dedu\u00e7\u00e3o e passa a polemizar com os crist\u00e3os provenientes da gentilidade que numa soberba mal dissimulada desprezavam os judeus. Contra as conota\u00e7\u00f5es racistas que pareciam insinuar-se, ele deixa muito claro que, diante de Deus, n\u00e3o h\u00e1 acep\u00e7\u00e3o de pessoas.<\/p>\n<p>Nos cap\u00edtulos 10 e 11, a argumenta\u00e7\u00e3o torna-se um tanto confusa, pois confusa parece estar a mente de Paulo perante o mist\u00e9rio da salva\u00e7\u00e3o e os insond\u00e1veis des\u00edgnios de Deus. Por um lado, ele v\u00ea o que acredita ser a incredulidade de Israel e parece que, desse modo, fica fechada para esse povo a porta da salva\u00e7\u00e3o. Por outro lado, por\u00e9m, tem que reconhecer que os dons e a voca\u00e7\u00e3o, no sentido de elei\u00e7\u00e3o de Deus, s\u00e3o sem arrependimento, irrevog\u00e1veis.<\/p>\n<p>Como solucionar essa contradi\u00e7\u00e3o? Ele conclui afirmando que Deus encerrou todos na desobedi\u00eancia para a todos fazer miseric\u00f3rdia (Romanos 11,32). Acaba entoando um hino \u00e0 miseric\u00f3rdia do Senhor. A solu\u00e7\u00e3o final cogitada por Paulo apela para o mist\u00e9rio e, ao mesmo tempo, apresenta uma certeza: &#8220;N\u00e3o quero que ignoreis, irm\u00e3os, este mist\u00e9rio, para que n\u00e3o vos tenhais na conta de s\u00e1bios. O endurecimento atingiu uma parte de Israel, at\u00e9 que chegue a plenitude dos gentios. E assim, todo Israel ser\u00e1 salvo, conforme est\u00e1 escrito: &#8220;De Si\u00e3o vir\u00e1 o libertador e afastar\u00e1 as impiedades de Jac\u00f3, e esta ser\u00e1 minha alian\u00e7a com eles, quando eu tirar seus pecados&#8221;.<\/p>\n<p>Paulo anuncia uma miseric\u00f3rdia para todo Israel e n\u00e3o apenas para aqueles que tinham aderido ao cristianismo. Paulo se encontra desgarrado, entre a sua f\u00e9 crist\u00e3 e a sua perten\u00e7a ao povo de Israel. E, por isso, tamb\u00e9m, fala contra os crist\u00e3os da gentilidade dizendo: &#8220;Do que voc\u00eas se vangloriam? Voc\u00eas s\u00e3o apenas ramos de oliveira silvestre enxertados no tronco da videira aut\u00eantica capaz de dar frutos e esse tronco \u00e9 Israel. E o tronco n\u00e3o foi arrancado&#8221;.<\/p>\n<p>E, por isso, Paulo acaba, na realidade, entoando esse hino ao mist\u00e9rio de Deus: &#8220;N\u00e3o quero que ignoreis este mist\u00e9rio&#8221;.<\/p>\n<p>Para Paulo, mist\u00e9rio, fundamentalmente, \u00e9 o pensamento de Deus que ele diz: &#8220;\u00c9 insond\u00e1vel&#8221;. E, portanto, deixa em aberto. Eu creio que n\u00f3s, crist\u00e3os, nem sempre temos lido com suficiente isen\u00e7\u00e3o esta grande Carta aos Romanos em que acaba, aqui, depois daquela cita\u00e7\u00e3o de Isa\u00edas, dizendo: &#8220;Quanto ao Evangelho, eles s\u00e3o inimigos por vossa causa&#8221;. E fica, mais uma vez, quase que uma contradi\u00e7\u00e3o. Por vossa causa, ou seja, por causa dos gentios. &#8220;Mas, quanto \u00e0 elei\u00e7\u00e3o, eles s\u00e3o amados, por causa de seus pais. Porque os dons e a voca\u00e7\u00e3o de Deus s\u00e3o sem arrependimento&#8221;.<\/p>\n<p>Diante disso, eu creio que n\u00f3s, crist\u00e3os, temos tamb\u00e9m que reconhecer, em Israel, um mist\u00e9rio hist\u00f3rico. \u00c0 dist\u00e2ncia de 20 s\u00e9culos, esse mist\u00e9rio continua para n\u00f3s. \u00c9 o mist\u00e9rio de uma voca\u00e7\u00e3o que \u00e9 irrevog\u00e1vel, que continua a ser v\u00e1lida. \u00c9 o mist\u00e9rio de um Deus de miseric\u00f3rdia que nos chama a todos \u00e0 salva\u00e7\u00e3o e, do qual esperamos a presen\u00e7a salvadora. Olhando Paulo e olhando essas contradi\u00e7\u00f5es que est\u00e3o nos seus escritos e que ele n\u00e3o consegue resolver e, por isso, apela ao mist\u00e9rio de Deus, tenho a impress\u00e3o de que ele tinha em mente dois caminhos: o da Igreja, que ele escolheu com a f\u00e9 no Cristo, uma f\u00e9 a ser proclamada \u00e0s na\u00e7\u00f5es; e o da Sinagoga, que mesmo que ele n\u00e3o quisesse mais seguir e que sentisse como um desgarramento dentro de sua pr\u00f3pria carne, acaba tendo que reconhecer que continua a ser um caminho de voca\u00e7\u00e3o do Deus \u00fanico.<\/p>\n<div id=\"themify_builder_content-2066\" data-postid=\"2066\" class=\"themify_builder_content themify_builder_content-2066 themify_builder themify_builder_front\">\n\t<\/div>\n<!-- \/themify_builder_content -->","protected":false},"excerpt":{"rendered":"<p>Maria Clara Lucchetti Bingemer * As comemora\u00e7\u00f5es do ano paulino, que se estendem at\u00e9 a metade de 2009, nos trazem de novo \u00e0 tona esta grande figura do ap\u00f3stolo que foi o artes\u00e3o do cristianismo primitivo. Paulo, conhecido como ap\u00f3stolo dos gentios, foi quem teve a grande intui\u00e7\u00e3o que o cristianismo necessitava: independizar-se da sinagoga, [&hellip;]<\/p>\n","protected":false},"author":5,"featured_media":0,"comment_status":"open","ping_status":"open","sticky":false,"template":"","format":"standard","meta":{"ngg_post_thumbnail":0,"footnotes":""},"categories":[9],"tags":[265,198,197],"yoast_head":"<!-- This site is optimized with the Yoast SEO plugin v23.5 - https:\/\/yoast.com\/wordpress\/plugins\/seo\/ -->\n<title>Paulo, Ap\u00f3stolo dos Gentios: Inspira\u00e7\u00e3o para hoje - O Arcanjo no ar<\/title>\n<meta name=\"robots\" content=\"index, follow, max-snippet:-1, max-image-preview:large, max-video-preview:-1\" \/>\n<link rel=\"canonical\" href=\"https:\/\/www.oarcanjo.net\/site\/paulo-apostolo-dos-gentios-inspiracao-para-hoje\/\" \/>\n<meta property=\"og:locale\" content=\"pt_BR\" \/>\n<meta property=\"og:type\" content=\"article\" \/>\n<meta property=\"og:title\" content=\"Paulo, Ap\u00f3stolo dos Gentios: Inspira\u00e7\u00e3o para hoje - O Arcanjo no ar\" \/>\n<meta property=\"og:description\" content=\"Maria Clara Lucchetti Bingemer * As comemora\u00e7\u00f5es do ano paulino, que se estendem at\u00e9 a metade de 2009, nos trazem de novo \u00e0 tona esta grande figura do ap\u00f3stolo que foi o artes\u00e3o do cristianismo primitivo. Paulo, conhecido como ap\u00f3stolo dos gentios, foi quem teve a grande intui\u00e7\u00e3o que o cristianismo necessitava: independizar-se da sinagoga, [&hellip;]\" \/>\n<meta property=\"og:url\" content=\"https:\/\/www.oarcanjo.net\/site\/paulo-apostolo-dos-gentios-inspiracao-para-hoje\/\" \/>\n<meta property=\"og:site_name\" content=\"O Arcanjo no ar\" \/>\n<meta property=\"article:publisher\" content=\"https:\/\/www.facebook.com\/OArcanjoNoAr\/\" \/>\n<meta property=\"article:published_time\" content=\"2009-02-28T11:02:58+00:00\" \/>\n<meta property=\"article:modified_time\" content=\"2009-02-27T03:03:52+00:00\" \/>\n<meta property=\"og:image\" content=\"https:\/\/www.oarcanjo.net\/site\/wp-content\/uploads\/logo-o-arcanjo-no-ar-facebook.png\" \/>\n\t<meta property=\"og:image:width\" content=\"300\" \/>\n\t<meta property=\"og:image:height\" content=\"300\" \/>\n\t<meta property=\"og:image:type\" content=\"image\/png\" \/>\n<meta name=\"author\" content=\"editor\" \/>\n<meta name=\"twitter:card\" content=\"summary_large_image\" \/>\n<meta name=\"twitter:label1\" content=\"Escrito por\" \/>\n\t<meta name=\"twitter:data1\" content=\"editor\" \/>\n\t<meta name=\"twitter:label2\" content=\"Est. tempo de leitura\" \/>\n\t<meta name=\"twitter:data2\" content=\"7 minutos\" \/>\n<script type=\"application\/ld+json\" class=\"yoast-schema-graph\">{\"@context\":\"https:\/\/schema.org\",\"@graph\":[{\"@type\":\"Article\",\"@id\":\"https:\/\/www.oarcanjo.net\/site\/paulo-apostolo-dos-gentios-inspiracao-para-hoje\/#article\",\"isPartOf\":{\"@id\":\"https:\/\/www.oarcanjo.net\/site\/paulo-apostolo-dos-gentios-inspiracao-para-hoje\/\"},\"author\":{\"name\":\"editor\",\"@id\":\"https:\/\/www.oarcanjo.net\/site\/#\/schema\/person\/f7024d007863202483a31326673a0838\"},\"headline\":\"Paulo, Ap\u00f3stolo dos Gentios: Inspira\u00e7\u00e3o para hoje\",\"datePublished\":\"2009-02-28T11:02:58+00:00\",\"dateModified\":\"2009-02-27T03:03:52+00:00\",\"mainEntityOfPage\":{\"@id\":\"https:\/\/www.oarcanjo.net\/site\/paulo-apostolo-dos-gentios-inspiracao-para-hoje\/\"},\"wordCount\":1489,\"commentCount\":0,\"publisher\":{\"@id\":\"https:\/\/www.oarcanjo.net\/site\/#organization\"},\"keywords\":[\"ano paulino\",\"ap\u00f3stolo\",\"Paulo\"],\"articleSection\":[\"Reflex\u00f5es\"],\"inLanguage\":\"pt-BR\",\"potentialAction\":[{\"@type\":\"CommentAction\",\"name\":\"Comment\",\"target\":[\"https:\/\/www.oarcanjo.net\/site\/paulo-apostolo-dos-gentios-inspiracao-para-hoje\/#respond\"]}]},{\"@type\":\"WebPage\",\"@id\":\"https:\/\/www.oarcanjo.net\/site\/paulo-apostolo-dos-gentios-inspiracao-para-hoje\/\",\"url\":\"https:\/\/www.oarcanjo.net\/site\/paulo-apostolo-dos-gentios-inspiracao-para-hoje\/\",\"name\":\"Paulo, Ap\u00f3stolo dos Gentios: Inspira\u00e7\u00e3o para hoje - O Arcanjo no ar\",\"isPartOf\":{\"@id\":\"https:\/\/www.oarcanjo.net\/site\/#website\"},\"datePublished\":\"2009-02-28T11:02:58+00:00\",\"dateModified\":\"2009-02-27T03:03:52+00:00\",\"breadcrumb\":{\"@id\":\"https:\/\/www.oarcanjo.net\/site\/paulo-apostolo-dos-gentios-inspiracao-para-hoje\/#breadcrumb\"},\"inLanguage\":\"pt-BR\",\"potentialAction\":[{\"@type\":\"ReadAction\",\"target\":[\"https:\/\/www.oarcanjo.net\/site\/paulo-apostolo-dos-gentios-inspiracao-para-hoje\/\"]}]},{\"@type\":\"BreadcrumbList\",\"@id\":\"https:\/\/www.oarcanjo.net\/site\/paulo-apostolo-dos-gentios-inspiracao-para-hoje\/#breadcrumb\",\"itemListElement\":[{\"@type\":\"ListItem\",\"position\":1,\"name\":\"In\u00edcio\",\"item\":\"https:\/\/www.oarcanjo.net\/site\/\"},{\"@type\":\"ListItem\",\"position\":2,\"name\":\"Paulo, Ap\u00f3stolo dos Gentios: Inspira\u00e7\u00e3o para hoje\"}]},{\"@type\":\"WebSite\",\"@id\":\"https:\/\/www.oarcanjo.net\/site\/#website\",\"url\":\"https:\/\/www.oarcanjo.net\/site\/\",\"name\":\"O Arcanjo no ar\",\"description\":\"Site da Par\u00f3quia S\u00e3o Miguel Arcanjo (Arquidiocese de SP)\",\"publisher\":{\"@id\":\"https:\/\/www.oarcanjo.net\/site\/#organization\"},\"potentialAction\":[{\"@type\":\"SearchAction\",\"target\":{\"@type\":\"EntryPoint\",\"urlTemplate\":\"https:\/\/www.oarcanjo.net\/site\/?s={search_term_string}\"},\"query-input\":{\"@type\":\"PropertyValueSpecification\",\"valueRequired\":true,\"valueName\":\"search_term_string\"}}],\"inLanguage\":\"pt-BR\"},{\"@type\":\"Organization\",\"@id\":\"https:\/\/www.oarcanjo.net\/site\/#organization\",\"name\":\"Par\u00f3quia S\u00e3o Miguel Arcanjo\",\"url\":\"https:\/\/www.oarcanjo.net\/site\/\",\"logo\":{\"@type\":\"ImageObject\",\"inLanguage\":\"pt-BR\",\"@id\":\"https:\/\/www.oarcanjo.net\/site\/#\/schema\/logo\/image\/\",\"url\":\"https:\/\/www.oarcanjo.net\/site\/wp-content\/uploads\/LogoOArcanjo.png\",\"contentUrl\":\"https:\/\/www.oarcanjo.net\/site\/wp-content\/uploads\/LogoOArcanjo.png\",\"width\":319,\"height\":99,\"caption\":\"Par\u00f3quia S\u00e3o Miguel Arcanjo\"},\"image\":{\"@id\":\"https:\/\/www.oarcanjo.net\/site\/#\/schema\/logo\/image\/\"},\"sameAs\":[\"https:\/\/www.facebook.com\/OArcanjoNoAr\/\"]},{\"@type\":\"Person\",\"@id\":\"https:\/\/www.oarcanjo.net\/site\/#\/schema\/person\/f7024d007863202483a31326673a0838\",\"name\":\"editor\",\"sameAs\":[\"http:\/\/www.oarcanjo.net\"]}]}<\/script>\n<!-- \/ Yoast SEO plugin. -->","yoast_head_json":{"title":"Paulo, Ap\u00f3stolo dos Gentios: Inspira\u00e7\u00e3o para hoje - O Arcanjo no ar","robots":{"index":"index","follow":"follow","max-snippet":"max-snippet:-1","max-image-preview":"max-image-preview:large","max-video-preview":"max-video-preview:-1"},"canonical":"https:\/\/www.oarcanjo.net\/site\/paulo-apostolo-dos-gentios-inspiracao-para-hoje\/","og_locale":"pt_BR","og_type":"article","og_title":"Paulo, Ap\u00f3stolo dos Gentios: Inspira\u00e7\u00e3o para hoje - O Arcanjo no ar","og_description":"Maria Clara Lucchetti Bingemer * As comemora\u00e7\u00f5es do ano paulino, que se estendem at\u00e9 a metade de 2009, nos trazem de novo \u00e0 tona esta grande figura do ap\u00f3stolo que foi o artes\u00e3o do cristianismo primitivo. Paulo, conhecido como ap\u00f3stolo dos gentios, foi quem teve a grande intui\u00e7\u00e3o que o cristianismo necessitava: independizar-se da sinagoga, [&hellip;]","og_url":"https:\/\/www.oarcanjo.net\/site\/paulo-apostolo-dos-gentios-inspiracao-para-hoje\/","og_site_name":"O Arcanjo no ar","article_publisher":"https:\/\/www.facebook.com\/OArcanjoNoAr\/","article_published_time":"2009-02-28T11:02:58+00:00","article_modified_time":"2009-02-27T03:03:52+00:00","og_image":[{"width":300,"height":300,"url":"https:\/\/www.oarcanjo.net\/site\/wp-content\/uploads\/logo-o-arcanjo-no-ar-facebook.png","type":"image\/png"}],"author":"editor","twitter_card":"summary_large_image","twitter_misc":{"Escrito por":"editor","Est. tempo de leitura":"7 minutos"},"schema":{"@context":"https:\/\/schema.org","@graph":[{"@type":"Article","@id":"https:\/\/www.oarcanjo.net\/site\/paulo-apostolo-dos-gentios-inspiracao-para-hoje\/#article","isPartOf":{"@id":"https:\/\/www.oarcanjo.net\/site\/paulo-apostolo-dos-gentios-inspiracao-para-hoje\/"},"author":{"name":"editor","@id":"https:\/\/www.oarcanjo.net\/site\/#\/schema\/person\/f7024d007863202483a31326673a0838"},"headline":"Paulo, Ap\u00f3stolo dos Gentios: Inspira\u00e7\u00e3o para hoje","datePublished":"2009-02-28T11:02:58+00:00","dateModified":"2009-02-27T03:03:52+00:00","mainEntityOfPage":{"@id":"https:\/\/www.oarcanjo.net\/site\/paulo-apostolo-dos-gentios-inspiracao-para-hoje\/"},"wordCount":1489,"commentCount":0,"publisher":{"@id":"https:\/\/www.oarcanjo.net\/site\/#organization"},"keywords":["ano paulino","ap\u00f3stolo","Paulo"],"articleSection":["Reflex\u00f5es"],"inLanguage":"pt-BR","potentialAction":[{"@type":"CommentAction","name":"Comment","target":["https:\/\/www.oarcanjo.net\/site\/paulo-apostolo-dos-gentios-inspiracao-para-hoje\/#respond"]}]},{"@type":"WebPage","@id":"https:\/\/www.oarcanjo.net\/site\/paulo-apostolo-dos-gentios-inspiracao-para-hoje\/","url":"https:\/\/www.oarcanjo.net\/site\/paulo-apostolo-dos-gentios-inspiracao-para-hoje\/","name":"Paulo, Ap\u00f3stolo dos Gentios: Inspira\u00e7\u00e3o para hoje - O Arcanjo no ar","isPartOf":{"@id":"https:\/\/www.oarcanjo.net\/site\/#website"},"datePublished":"2009-02-28T11:02:58+00:00","dateModified":"2009-02-27T03:03:52+00:00","breadcrumb":{"@id":"https:\/\/www.oarcanjo.net\/site\/paulo-apostolo-dos-gentios-inspiracao-para-hoje\/#breadcrumb"},"inLanguage":"pt-BR","potentialAction":[{"@type":"ReadAction","target":["https:\/\/www.oarcanjo.net\/site\/paulo-apostolo-dos-gentios-inspiracao-para-hoje\/"]}]},{"@type":"BreadcrumbList","@id":"https:\/\/www.oarcanjo.net\/site\/paulo-apostolo-dos-gentios-inspiracao-para-hoje\/#breadcrumb","itemListElement":[{"@type":"ListItem","position":1,"name":"In\u00edcio","item":"https:\/\/www.oarcanjo.net\/site\/"},{"@type":"ListItem","position":2,"name":"Paulo, Ap\u00f3stolo dos Gentios: Inspira\u00e7\u00e3o para hoje"}]},{"@type":"WebSite","@id":"https:\/\/www.oarcanjo.net\/site\/#website","url":"https:\/\/www.oarcanjo.net\/site\/","name":"O Arcanjo no ar","description":"Site da Par\u00f3quia S\u00e3o Miguel Arcanjo (Arquidiocese de SP)","publisher":{"@id":"https:\/\/www.oarcanjo.net\/site\/#organization"},"potentialAction":[{"@type":"SearchAction","target":{"@type":"EntryPoint","urlTemplate":"https:\/\/www.oarcanjo.net\/site\/?s={search_term_string}"},"query-input":{"@type":"PropertyValueSpecification","valueRequired":true,"valueName":"search_term_string"}}],"inLanguage":"pt-BR"},{"@type":"Organization","@id":"https:\/\/www.oarcanjo.net\/site\/#organization","name":"Par\u00f3quia S\u00e3o Miguel Arcanjo","url":"https:\/\/www.oarcanjo.net\/site\/","logo":{"@type":"ImageObject","inLanguage":"pt-BR","@id":"https:\/\/www.oarcanjo.net\/site\/#\/schema\/logo\/image\/","url":"https:\/\/www.oarcanjo.net\/site\/wp-content\/uploads\/LogoOArcanjo.png","contentUrl":"https:\/\/www.oarcanjo.net\/site\/wp-content\/uploads\/LogoOArcanjo.png","width":319,"height":99,"caption":"Par\u00f3quia S\u00e3o Miguel Arcanjo"},"image":{"@id":"https:\/\/www.oarcanjo.net\/site\/#\/schema\/logo\/image\/"},"sameAs":["https:\/\/www.facebook.com\/OArcanjoNoAr\/"]},{"@type":"Person","@id":"https:\/\/www.oarcanjo.net\/site\/#\/schema\/person\/f7024d007863202483a31326673a0838","name":"editor","sameAs":["http:\/\/www.oarcanjo.net"]}]}},"publishpress_future_action":{"enabled":false,"date":"2026-05-08 22:38:23","action":"category","newStatus":"draft","terms":[],"taxonomy":"category"},"publishpress_future_workflow_manual_trigger":{"enabledWorkflows":[]},"_links":{"self":[{"href":"https:\/\/www.oarcanjo.net\/site\/wp-json\/wp\/v2\/posts\/2066"}],"collection":[{"href":"https:\/\/www.oarcanjo.net\/site\/wp-json\/wp\/v2\/posts"}],"about":[{"href":"https:\/\/www.oarcanjo.net\/site\/wp-json\/wp\/v2\/types\/post"}],"author":[{"embeddable":true,"href":"https:\/\/www.oarcanjo.net\/site\/wp-json\/wp\/v2\/users\/5"}],"replies":[{"embeddable":true,"href":"https:\/\/www.oarcanjo.net\/site\/wp-json\/wp\/v2\/comments?post=2066"}],"version-history":[{"count":0,"href":"https:\/\/www.oarcanjo.net\/site\/wp-json\/wp\/v2\/posts\/2066\/revisions"}],"wp:attachment":[{"href":"https:\/\/www.oarcanjo.net\/site\/wp-json\/wp\/v2\/media?parent=2066"}],"wp:term":[{"taxonomy":"category","embeddable":true,"href":"https:\/\/www.oarcanjo.net\/site\/wp-json\/wp\/v2\/categories?post=2066"},{"taxonomy":"post_tag","embeddable":true,"href":"https:\/\/www.oarcanjo.net\/site\/wp-json\/wp\/v2\/tags?post=2066"}],"curies":[{"name":"wp","href":"https:\/\/api.w.org\/{rel}","templated":true}]}}