
{"id":20662,"date":"2013-01-16T10:46:53","date_gmt":"2013-01-16T12:46:53","guid":{"rendered":"http:\/\/www.oarcanjo.net\/site\/?p=20662"},"modified":"2013-01-16T10:46:53","modified_gmt":"2013-01-16T12:46:53","slug":"internacao-compulsoria-tratamento-ou-isolamento-social","status":"publish","type":"post","link":"https:\/\/www.oarcanjo.net\/site\/internacao-compulsoria-tratamento-ou-isolamento-social\/","title":{"rendered":"Interna\u00e7\u00e3o compuls\u00f3ria: tratamento ou isolamento social?"},"content":{"rendered":"<p><em>Fonte: Adital<br \/>\nCaros Amigos<br \/>\nRevista Caros Amigos. A primeira \u00e0 esquerda<br \/>\n<\/em><\/p>\n<p>A interven\u00e7\u00e3o da PM paulista na &#8216;cracol\u00e2ndia&#8217; (SP), em 2012, foi amplamente documentada e, al\u00e9m de muito criticada por seus abusos, se mostrou altamente ineficiente. Ap\u00f3s um ano, o governador Geraldo Alckmin sugere uma nova a\u00e7\u00e3o.Confira uma s\u00e9rie de entrevistas e reportagens para saber as consequ\u00eancias da \u00faltima a\u00e7\u00e3o e o que a pr\u00f3xima pode acarretar.<\/p>\n<p>O governador do Estado de S\u00e3o Paulo, Geraldo Alckmin, acaba de oficializar projeto que visa acelerar o processo de interna\u00e7\u00e3o compuls\u00f3ria de usu\u00e1rios de crack na regi\u00e3o da Luz, na chamada &#8220;cracol\u00e2ndia\u201d, localizada no centro da capital paulista. H\u00e1 exatamente um ano, a mesma regi\u00e3o foi palco da desastrada opera\u00e7\u00e3o militar que visou a remo\u00e7\u00e3o dos moradores de rua e usu\u00e1rios de drogas do local.<\/p>\n<p>A interven\u00e7\u00e3o na capital paulista em 2012 foi amplamente documentada e, al\u00e9m de ser muito criticada por seus abusos, se mostrou altamente ineficiente. Apesar de n\u00e3o ser a droga mais consumida, nem a que causa maior n\u00famero de mortes, o crack dominou o debate acerca de consumo de psicoativos e uma suposta epidemia que estaria se espalhando pelo Brasil \u2013 mesmo sem que a comprovem \u2013 vem embasando uma s\u00e9rie de pol\u00edticas governamentais, como a question\u00e1vel onda de interna\u00e7\u00e3o compuls\u00f3ria promovida em cidades brasileiras como o Rio de Janeiro e prestes a ser implementada oficialmente em S\u00e3o Paulo.<\/p>\n<p>Para contribuir com este debate, a Caros Amigos conversou com Daniela Skromov de Albuquerque (Coordenadora Auxiliar do N\u00facleo Especializado de Cidadania e Direitos Humanos da Defensoria P\u00fablica do Estado de S\u00e3o Paulo) para saber as consequ\u00eancias da \u00faltima a\u00e7\u00e3o e o que essa nova interven\u00e7\u00e3o pode trazer. Para ela, a nova a\u00e7\u00e3o, antes de mais nada, \u00e9 o reconhecimento do fracasso da anterior.<\/p>\n<p>&gt;&gt; <a title=\"Entrevista com Daniela Skromov de Albuquerque\" href=\"http:\/\/www.carosamigos.com.br\/index\/index.php\/politica\/2903-entrevista-daniela-skromov-de-albuquerque-questao-de-saude-nao-e-questao-de-policia\" target=\"_blank\">Clique para ler a entrevista com Daniela Skromov de Albuquerque<\/a><\/p>\n<div id=\"themify_builder_content-20662\" data-postid=\"20662\" class=\"themify_builder_content themify_builder_content-20662 themify_builder themify_builder_front\">\n\t<\/div>\n<!-- \/themify_builder_content -->","protected":false},"excerpt":{"rendered":"<p>Fonte: Adital Caros Amigos Revista Caros Amigos. A primeira \u00e0 esquerda A interven\u00e7\u00e3o da PM paulista na &#8216;cracol\u00e2ndia&#8217; (SP), em 2012, foi amplamente documentada e, al\u00e9m de muito criticada por seus abusos, se mostrou altamente ineficiente. Ap\u00f3s um ano, o governador Geraldo Alckmin sugere uma nova a\u00e7\u00e3o.Confira uma s\u00e9rie de entrevistas e reportagens para saber [&hellip;]<\/p>\n","protected":false},"author":5,"featured_media":0,"comment_status":"open","ping_status":"open","sticky":false,"template":"","format":"standard","meta":{"ngg_post_thumbnail":0,"footnotes":""},"categories":[9],"tags":[2158,2373,364,2354],"yoast_head":"<!-- This site is optimized with the Yoast SEO plugin v23.5 - https:\/\/yoast.com\/wordpress\/plugins\/seo\/ -->\n<title>Interna\u00e7\u00e3o compuls\u00f3ria: tratamento ou isolamento social? - O Arcanjo no ar<\/title>\n<meta name=\"robots\" content=\"index, follow, max-snippet:-1, max-image-preview:large, max-video-preview:-1\" \/>\n<link rel=\"canonical\" href=\"https:\/\/www.oarcanjo.net\/site\/internacao-compulsoria-tratamento-ou-isolamento-social\/\" \/>\n<meta property=\"og:locale\" content=\"pt_BR\" \/>\n<meta property=\"og:type\" content=\"article\" \/>\n<meta property=\"og:title\" content=\"Interna\u00e7\u00e3o compuls\u00f3ria: tratamento ou isolamento social? - O Arcanjo no ar\" \/>\n<meta property=\"og:description\" content=\"Fonte: Adital Caros Amigos Revista Caros Amigos. A primeira \u00e0 esquerda A interven\u00e7\u00e3o da PM paulista na &#8216;cracol\u00e2ndia&#8217; (SP), em 2012, foi amplamente documentada e, al\u00e9m de muito criticada por seus abusos, se mostrou altamente ineficiente. Ap\u00f3s um ano, o governador Geraldo Alckmin sugere uma nova a\u00e7\u00e3o.Confira uma s\u00e9rie de entrevistas e reportagens para saber [&hellip;]\" \/>\n<meta property=\"og:url\" content=\"https:\/\/www.oarcanjo.net\/site\/internacao-compulsoria-tratamento-ou-isolamento-social\/\" \/>\n<meta property=\"og:site_name\" content=\"O Arcanjo no ar\" \/>\n<meta property=\"article:publisher\" content=\"https:\/\/www.facebook.com\/OArcanjoNoAr\/\" \/>\n<meta property=\"article:published_time\" content=\"2013-01-16T12:46:53+00:00\" \/>\n<meta property=\"og:image\" content=\"https:\/\/www.oarcanjo.net\/site\/wp-content\/uploads\/logo-o-arcanjo-no-ar-facebook.png\" \/>\n\t<meta property=\"og:image:width\" content=\"300\" \/>\n\t<meta property=\"og:image:height\" content=\"300\" \/>\n\t<meta property=\"og:image:type\" content=\"image\/png\" \/>\n<meta name=\"author\" content=\"editor\" \/>\n<meta name=\"twitter:card\" content=\"summary_large_image\" \/>\n<meta name=\"twitter:label1\" content=\"Escrito por\" \/>\n\t<meta name=\"twitter:data1\" content=\"editor\" \/>\n\t<meta name=\"twitter:label2\" content=\"Est. tempo de leitura\" \/>\n\t<meta name=\"twitter:data2\" content=\"2 minutos\" \/>\n<script type=\"application\/ld+json\" class=\"yoast-schema-graph\">{\"@context\":\"https:\/\/schema.org\",\"@graph\":[{\"@type\":\"Article\",\"@id\":\"https:\/\/www.oarcanjo.net\/site\/internacao-compulsoria-tratamento-ou-isolamento-social\/#article\",\"isPartOf\":{\"@id\":\"https:\/\/www.oarcanjo.net\/site\/internacao-compulsoria-tratamento-ou-isolamento-social\/\"},\"author\":{\"name\":\"editor\",\"@id\":\"https:\/\/www.oarcanjo.net\/site\/#\/schema\/person\/f7024d007863202483a31326673a0838\"},\"headline\":\"Interna\u00e7\u00e3o compuls\u00f3ria: tratamento ou isolamento social?\",\"datePublished\":\"2013-01-16T12:46:53+00:00\",\"dateModified\":\"2013-01-16T12:46:53+00:00\",\"mainEntityOfPage\":{\"@id\":\"https:\/\/www.oarcanjo.net\/site\/internacao-compulsoria-tratamento-ou-isolamento-social\/\"},\"wordCount\":344,\"commentCount\":1,\"publisher\":{\"@id\":\"https:\/\/www.oarcanjo.net\/site\/#organization\"},\"keywords\":[\"crack\",\"Daniela Skromov de Albuquerque\",\"Drogas\",\"Interna\u00e7\u00e3o Compuls\u00f3ria\"],\"articleSection\":[\"Reflex\u00f5es\"],\"inLanguage\":\"pt-BR\",\"potentialAction\":[{\"@type\":\"CommentAction\",\"name\":\"Comment\",\"target\":[\"https:\/\/www.oarcanjo.net\/site\/internacao-compulsoria-tratamento-ou-isolamento-social\/#respond\"]}]},{\"@type\":\"WebPage\",\"@id\":\"https:\/\/www.oarcanjo.net\/site\/internacao-compulsoria-tratamento-ou-isolamento-social\/\",\"url\":\"https:\/\/www.oarcanjo.net\/site\/internacao-compulsoria-tratamento-ou-isolamento-social\/\",\"name\":\"Interna\u00e7\u00e3o compuls\u00f3ria: tratamento ou isolamento social? - O Arcanjo no ar\",\"isPartOf\":{\"@id\":\"https:\/\/www.oarcanjo.net\/site\/#website\"},\"datePublished\":\"2013-01-16T12:46:53+00:00\",\"dateModified\":\"2013-01-16T12:46:53+00:00\",\"breadcrumb\":{\"@id\":\"https:\/\/www.oarcanjo.net\/site\/internacao-compulsoria-tratamento-ou-isolamento-social\/#breadcrumb\"},\"inLanguage\":\"pt-BR\",\"potentialAction\":[{\"@type\":\"ReadAction\",\"target\":[\"https:\/\/www.oarcanjo.net\/site\/internacao-compulsoria-tratamento-ou-isolamento-social\/\"]}]},{\"@type\":\"BreadcrumbList\",\"@id\":\"https:\/\/www.oarcanjo.net\/site\/internacao-compulsoria-tratamento-ou-isolamento-social\/#breadcrumb\",\"itemListElement\":[{\"@type\":\"ListItem\",\"position\":1,\"name\":\"In\u00edcio\",\"item\":\"https:\/\/www.oarcanjo.net\/site\/\"},{\"@type\":\"ListItem\",\"position\":2,\"name\":\"Interna\u00e7\u00e3o compuls\u00f3ria: tratamento ou isolamento social?\"}]},{\"@type\":\"WebSite\",\"@id\":\"https:\/\/www.oarcanjo.net\/site\/#website\",\"url\":\"https:\/\/www.oarcanjo.net\/site\/\",\"name\":\"O Arcanjo no ar\",\"description\":\"Site da Par\u00f3quia S\u00e3o Miguel Arcanjo (Arquidiocese de SP)\",\"publisher\":{\"@id\":\"https:\/\/www.oarcanjo.net\/site\/#organization\"},\"potentialAction\":[{\"@type\":\"SearchAction\",\"target\":{\"@type\":\"EntryPoint\",\"urlTemplate\":\"https:\/\/www.oarcanjo.net\/site\/?s={search_term_string}\"},\"query-input\":{\"@type\":\"PropertyValueSpecification\",\"valueRequired\":true,\"valueName\":\"search_term_string\"}}],\"inLanguage\":\"pt-BR\"},{\"@type\":\"Organization\",\"@id\":\"https:\/\/www.oarcanjo.net\/site\/#organization\",\"name\":\"Par\u00f3quia S\u00e3o Miguel Arcanjo\",\"url\":\"https:\/\/www.oarcanjo.net\/site\/\",\"logo\":{\"@type\":\"ImageObject\",\"inLanguage\":\"pt-BR\",\"@id\":\"https:\/\/www.oarcanjo.net\/site\/#\/schema\/logo\/image\/\",\"url\":\"https:\/\/www.oarcanjo.net\/site\/wp-content\/uploads\/LogoOArcanjo.png\",\"contentUrl\":\"https:\/\/www.oarcanjo.net\/site\/wp-content\/uploads\/LogoOArcanjo.png\",\"width\":319,\"height\":99,\"caption\":\"Par\u00f3quia S\u00e3o Miguel Arcanjo\"},\"image\":{\"@id\":\"https:\/\/www.oarcanjo.net\/site\/#\/schema\/logo\/image\/\"},\"sameAs\":[\"https:\/\/www.facebook.com\/OArcanjoNoAr\/\"]},{\"@type\":\"Person\",\"@id\":\"https:\/\/www.oarcanjo.net\/site\/#\/schema\/person\/f7024d007863202483a31326673a0838\",\"name\":\"editor\",\"sameAs\":[\"http:\/\/www.oarcanjo.net\"]}]}<\/script>\n<!-- \/ Yoast SEO plugin. -->","yoast_head_json":{"title":"Interna\u00e7\u00e3o compuls\u00f3ria: tratamento ou isolamento social? - O Arcanjo no ar","robots":{"index":"index","follow":"follow","max-snippet":"max-snippet:-1","max-image-preview":"max-image-preview:large","max-video-preview":"max-video-preview:-1"},"canonical":"https:\/\/www.oarcanjo.net\/site\/internacao-compulsoria-tratamento-ou-isolamento-social\/","og_locale":"pt_BR","og_type":"article","og_title":"Interna\u00e7\u00e3o compuls\u00f3ria: tratamento ou isolamento social? - O Arcanjo no ar","og_description":"Fonte: Adital Caros Amigos Revista Caros Amigos. A primeira \u00e0 esquerda A interven\u00e7\u00e3o da PM paulista na &#8216;cracol\u00e2ndia&#8217; (SP), em 2012, foi amplamente documentada e, al\u00e9m de muito criticada por seus abusos, se mostrou altamente ineficiente. Ap\u00f3s um ano, o governador Geraldo Alckmin sugere uma nova a\u00e7\u00e3o.Confira uma s\u00e9rie de entrevistas e reportagens para saber [&hellip;]","og_url":"https:\/\/www.oarcanjo.net\/site\/internacao-compulsoria-tratamento-ou-isolamento-social\/","og_site_name":"O Arcanjo no ar","article_publisher":"https:\/\/www.facebook.com\/OArcanjoNoAr\/","article_published_time":"2013-01-16T12:46:53+00:00","og_image":[{"width":300,"height":300,"url":"https:\/\/www.oarcanjo.net\/site\/wp-content\/uploads\/logo-o-arcanjo-no-ar-facebook.png","type":"image\/png"}],"author":"editor","twitter_card":"summary_large_image","twitter_misc":{"Escrito por":"editor","Est. tempo de leitura":"2 minutos"},"schema":{"@context":"https:\/\/schema.org","@graph":[{"@type":"Article","@id":"https:\/\/www.oarcanjo.net\/site\/internacao-compulsoria-tratamento-ou-isolamento-social\/#article","isPartOf":{"@id":"https:\/\/www.oarcanjo.net\/site\/internacao-compulsoria-tratamento-ou-isolamento-social\/"},"author":{"name":"editor","@id":"https:\/\/www.oarcanjo.net\/site\/#\/schema\/person\/f7024d007863202483a31326673a0838"},"headline":"Interna\u00e7\u00e3o compuls\u00f3ria: tratamento ou isolamento social?","datePublished":"2013-01-16T12:46:53+00:00","dateModified":"2013-01-16T12:46:53+00:00","mainEntityOfPage":{"@id":"https:\/\/www.oarcanjo.net\/site\/internacao-compulsoria-tratamento-ou-isolamento-social\/"},"wordCount":344,"commentCount":1,"publisher":{"@id":"https:\/\/www.oarcanjo.net\/site\/#organization"},"keywords":["crack","Daniela Skromov de Albuquerque","Drogas","Interna\u00e7\u00e3o Compuls\u00f3ria"],"articleSection":["Reflex\u00f5es"],"inLanguage":"pt-BR","potentialAction":[{"@type":"CommentAction","name":"Comment","target":["https:\/\/www.oarcanjo.net\/site\/internacao-compulsoria-tratamento-ou-isolamento-social\/#respond"]}]},{"@type":"WebPage","@id":"https:\/\/www.oarcanjo.net\/site\/internacao-compulsoria-tratamento-ou-isolamento-social\/","url":"https:\/\/www.oarcanjo.net\/site\/internacao-compulsoria-tratamento-ou-isolamento-social\/","name":"Interna\u00e7\u00e3o compuls\u00f3ria: tratamento ou isolamento social? - O Arcanjo no ar","isPartOf":{"@id":"https:\/\/www.oarcanjo.net\/site\/#website"},"datePublished":"2013-01-16T12:46:53+00:00","dateModified":"2013-01-16T12:46:53+00:00","breadcrumb":{"@id":"https:\/\/www.oarcanjo.net\/site\/internacao-compulsoria-tratamento-ou-isolamento-social\/#breadcrumb"},"inLanguage":"pt-BR","potentialAction":[{"@type":"ReadAction","target":["https:\/\/www.oarcanjo.net\/site\/internacao-compulsoria-tratamento-ou-isolamento-social\/"]}]},{"@type":"BreadcrumbList","@id":"https:\/\/www.oarcanjo.net\/site\/internacao-compulsoria-tratamento-ou-isolamento-social\/#breadcrumb","itemListElement":[{"@type":"ListItem","position":1,"name":"In\u00edcio","item":"https:\/\/www.oarcanjo.net\/site\/"},{"@type":"ListItem","position":2,"name":"Interna\u00e7\u00e3o compuls\u00f3ria: tratamento ou isolamento social?"}]},{"@type":"WebSite","@id":"https:\/\/www.oarcanjo.net\/site\/#website","url":"https:\/\/www.oarcanjo.net\/site\/","name":"O Arcanjo no ar","description":"Site da Par\u00f3quia S\u00e3o Miguel Arcanjo (Arquidiocese de SP)","publisher":{"@id":"https:\/\/www.oarcanjo.net\/site\/#organization"},"potentialAction":[{"@type":"SearchAction","target":{"@type":"EntryPoint","urlTemplate":"https:\/\/www.oarcanjo.net\/site\/?s={search_term_string}"},"query-input":{"@type":"PropertyValueSpecification","valueRequired":true,"valueName":"search_term_string"}}],"inLanguage":"pt-BR"},{"@type":"Organization","@id":"https:\/\/www.oarcanjo.net\/site\/#organization","name":"Par\u00f3quia S\u00e3o Miguel Arcanjo","url":"https:\/\/www.oarcanjo.net\/site\/","logo":{"@type":"ImageObject","inLanguage":"pt-BR","@id":"https:\/\/www.oarcanjo.net\/site\/#\/schema\/logo\/image\/","url":"https:\/\/www.oarcanjo.net\/site\/wp-content\/uploads\/LogoOArcanjo.png","contentUrl":"https:\/\/www.oarcanjo.net\/site\/wp-content\/uploads\/LogoOArcanjo.png","width":319,"height":99,"caption":"Par\u00f3quia S\u00e3o Miguel Arcanjo"},"image":{"@id":"https:\/\/www.oarcanjo.net\/site\/#\/schema\/logo\/image\/"},"sameAs":["https:\/\/www.facebook.com\/OArcanjoNoAr\/"]},{"@type":"Person","@id":"https:\/\/www.oarcanjo.net\/site\/#\/schema\/person\/f7024d007863202483a31326673a0838","name":"editor","sameAs":["http:\/\/www.oarcanjo.net"]}]}},"publishpress_future_action":{"enabled":false,"date":"2026-05-09 08:42:00","action":"category","newStatus":"draft","terms":[],"taxonomy":"category"},"publishpress_future_workflow_manual_trigger":{"enabledWorkflows":[]},"_links":{"self":[{"href":"https:\/\/www.oarcanjo.net\/site\/wp-json\/wp\/v2\/posts\/20662"}],"collection":[{"href":"https:\/\/www.oarcanjo.net\/site\/wp-json\/wp\/v2\/posts"}],"about":[{"href":"https:\/\/www.oarcanjo.net\/site\/wp-json\/wp\/v2\/types\/post"}],"author":[{"embeddable":true,"href":"https:\/\/www.oarcanjo.net\/site\/wp-json\/wp\/v2\/users\/5"}],"replies":[{"embeddable":true,"href":"https:\/\/www.oarcanjo.net\/site\/wp-json\/wp\/v2\/comments?post=20662"}],"version-history":[{"count":0,"href":"https:\/\/www.oarcanjo.net\/site\/wp-json\/wp\/v2\/posts\/20662\/revisions"}],"wp:attachment":[{"href":"https:\/\/www.oarcanjo.net\/site\/wp-json\/wp\/v2\/media?parent=20662"}],"wp:term":[{"taxonomy":"category","embeddable":true,"href":"https:\/\/www.oarcanjo.net\/site\/wp-json\/wp\/v2\/categories?post=20662"},{"taxonomy":"post_tag","embeddable":true,"href":"https:\/\/www.oarcanjo.net\/site\/wp-json\/wp\/v2\/tags?post=20662"}],"curies":[{"name":"wp","href":"https:\/\/api.w.org\/{rel}","templated":true}]}}