
{"id":20666,"date":"2013-01-16T10:56:50","date_gmt":"2013-01-16T12:56:50","guid":{"rendered":"http:\/\/www.oarcanjo.net\/site\/?p=20666"},"modified":"2013-01-16T10:56:50","modified_gmt":"2013-01-16T12:56:50","slug":"pastoral-da-juventude-promove-debate-sobre-exterminio-de-jovens","status":"publish","type":"post","link":"https:\/\/www.oarcanjo.net\/site\/pastoral-da-juventude-promove-debate-sobre-exterminio-de-jovens\/","title":{"rendered":"Pastoral da Juventude promove debate sobre exterm\u00ednio de jovens"},"content":{"rendered":"<p><em>Fonte: Site CNBB<\/em><\/p>\n<p>\u201cVamos juntos gritar, girar o mundo. Chega de viol\u00eancia e exterm\u00ednio de jovens!\u201d \u00e9 o tema da Campanha Nacional contra a viol\u00eancia e o exterm\u00ednio de jovens, que vem sendo realizada desde 2009 pelas Pastorais da Juventude.<\/p>\n<p>A Campanha levou \u00e0 sociedade o debate sobre as diversas formas de viol\u00eancia contra a juventude, especialmente o exterm\u00ednio, bem como ao longo dos anos, pressionou o poder p\u00fablico para o enfrentamento da mortalidade juvenil por meio da garantia dos direitos da juventude.<\/p>\n<p>Importante tamb\u00e9m ressaltar o engajamento de diversas organiza\u00e7\u00f5es (eclesiais e da sociedade civil), assim como de um grande n\u00famero de grupos juvenis na constru\u00e7\u00e3o da Campanha at\u00e9 agora. Nessa articula\u00e7\u00e3o uma grande parceria sempre foi a Confer\u00eancia dos\/as Religiosos\/as do Brasil (CRB Nacional), envolvendo a vida religiosa na pauta sobre a vida da juventude.<\/p>\n<p>Entretanto, a situa\u00e7\u00e3o de extrema vulnerabilidade e viol\u00eancia ainda est\u00e1 presente na imensa maioria dos jovens brasileiros\/as, com \u00eanfase entre a juventude empobrecida. A firme atua\u00e7\u00e3o de todos os segmentos da sociedade civil e do poder p\u00fablico para garantir o direito dos jovens \u00e0 vida digna e ao seu pleno desenvolvimento deve ser cada vez mais fortalecida.<\/p>\n<p>Deste modo, a a\u00e7\u00e3o de conscientiza\u00e7\u00e3o e mobiliza\u00e7\u00e3o da Campanha Nacional contra a viol\u00eancia o exterm\u00ednio de jovens d\u00e1 um novo passo:<\/p>\n<p>Para darmos in\u00edcio a esta nova etapa da Campanha, a Pastoral da Juventude (PJ), em parceria com a CRB Nacional, com o apoio da Porticus Am\u00e9rica Latina e de outras organiza\u00e7\u00f5es, realizar\u00e1, de 3 a 5 de maio de 2013, em Bras\u00edlia\/DF, o Semin\u00e1rio Nacional da Campanha contra a viol\u00eancia e o exterm\u00ednio de jovens, tendo como objetivo desencadear novas a\u00e7\u00f5es articuladas com organiza\u00e7\u00f5es envolvidas na defesa da vida da juventude.<\/p>\n<p>\u00c9 necess\u00e1rio denunciar o avan\u00e7o da viol\u00eancia e propor sa\u00eddas para esta realidade como a amplia\u00e7\u00e3o dos direitos humanos e valoriza\u00e7\u00e3o dos marcos da cidadania. O engajamento e fortalecimento dos grupos de jovens para a Campanha Nacional, bem como a capacita\u00e7\u00e3o t\u00e9cnica das representa\u00e7\u00f5es de jovens dos regionais da CNBB, tamb\u00e9m ser\u00e3o pontos priorit\u00e1rios do Semin\u00e1rio.<\/p>\n<p>Para saber mais sobre o Semin\u00e1rio Nacional, entre em contato com o jovem Coordenador Nacional da Pastoral da Juventude (CNPJ) e\/ou o jovem refer\u00eancia do projeto \u201cA Juventude quer viver\u201d do seu regional. Acompanhe tamb\u00e9m pelas redes sociais da PJ o lan\u00e7amento, quinzenal, de novos temas norteadores da Campanha. Qualquer d\u00favida entre em contato conosco. O e-mail da secretaria nacional (<a title=\"secretarianacional@pj.org.br\" href=\"mailto:secretarianacional@pj.org.br\">secretarianacional@pj.org.br<\/a>) tamb\u00e9m est\u00e1 dispon\u00edvel para mais informa\u00e7\u00f5es.<\/p>\n<p>&nbsp;<\/p>\n<div id=\"themify_builder_content-20666\" data-postid=\"20666\" class=\"themify_builder_content themify_builder_content-20666 themify_builder themify_builder_front\">\n\t<\/div>\n<!-- \/themify_builder_content -->","protected":false},"excerpt":{"rendered":"<p>Fonte: Site CNBB \u201cVamos juntos gritar, girar o mundo. Chega de viol\u00eancia e exterm\u00ednio de jovens!\u201d \u00e9 o tema da Campanha Nacional contra a viol\u00eancia e o exterm\u00ednio de jovens, que vem sendo realizada desde 2009 pelas Pastorais da Juventude. A Campanha levou \u00e0 sociedade o debate sobre as diversas formas de viol\u00eancia contra a [&hellip;]<\/p>\n","protected":false},"author":5,"featured_media":0,"comment_status":"open","ping_status":"open","sticky":false,"template":"","format":"standard","meta":{"ngg_post_thumbnail":0,"footnotes":""},"categories":[395,8],"tags":[225,835,20],"yoast_head":"<!-- This site is optimized with the Yoast SEO plugin v23.5 - https:\/\/yoast.com\/wordpress\/plugins\/seo\/ -->\n<title>Pastoral da Juventude promove debate sobre exterm\u00ednio de jovens - O Arcanjo no ar<\/title>\n<meta name=\"robots\" content=\"index, follow, max-snippet:-1, max-image-preview:large, max-video-preview:-1\" \/>\n<link rel=\"canonical\" href=\"https:\/\/www.oarcanjo.net\/site\/pastoral-da-juventude-promove-debate-sobre-exterminio-de-jovens\/\" \/>\n<meta property=\"og:locale\" content=\"pt_BR\" \/>\n<meta property=\"og:type\" content=\"article\" \/>\n<meta property=\"og:title\" content=\"Pastoral da Juventude promove debate sobre exterm\u00ednio de jovens - O Arcanjo no ar\" \/>\n<meta property=\"og:description\" content=\"Fonte: Site CNBB \u201cVamos juntos gritar, girar o mundo. Chega de viol\u00eancia e exterm\u00ednio de jovens!\u201d \u00e9 o tema da Campanha Nacional contra a viol\u00eancia e o exterm\u00ednio de jovens, que vem sendo realizada desde 2009 pelas Pastorais da Juventude. A Campanha levou \u00e0 sociedade o debate sobre as diversas formas de viol\u00eancia contra a [&hellip;]\" \/>\n<meta property=\"og:url\" content=\"https:\/\/www.oarcanjo.net\/site\/pastoral-da-juventude-promove-debate-sobre-exterminio-de-jovens\/\" \/>\n<meta property=\"og:site_name\" content=\"O Arcanjo no ar\" \/>\n<meta property=\"article:publisher\" content=\"https:\/\/www.facebook.com\/OArcanjoNoAr\/\" \/>\n<meta property=\"article:published_time\" content=\"2013-01-16T12:56:50+00:00\" \/>\n<meta property=\"og:image\" content=\"https:\/\/www.oarcanjo.net\/site\/wp-content\/uploads\/logo-o-arcanjo-no-ar-facebook.png\" \/>\n\t<meta property=\"og:image:width\" content=\"300\" \/>\n\t<meta property=\"og:image:height\" content=\"300\" \/>\n\t<meta property=\"og:image:type\" content=\"image\/png\" \/>\n<meta name=\"author\" content=\"editor\" \/>\n<meta name=\"twitter:card\" content=\"summary_large_image\" \/>\n<meta name=\"twitter:label1\" content=\"Escrito por\" \/>\n\t<meta name=\"twitter:data1\" content=\"editor\" \/>\n\t<meta name=\"twitter:label2\" content=\"Est. tempo de leitura\" \/>\n\t<meta name=\"twitter:data2\" content=\"2 minutos\" \/>\n<script type=\"application\/ld+json\" class=\"yoast-schema-graph\">{\"@context\":\"https:\/\/schema.org\",\"@graph\":[{\"@type\":\"Article\",\"@id\":\"https:\/\/www.oarcanjo.net\/site\/pastoral-da-juventude-promove-debate-sobre-exterminio-de-jovens\/#article\",\"isPartOf\":{\"@id\":\"https:\/\/www.oarcanjo.net\/site\/pastoral-da-juventude-promove-debate-sobre-exterminio-de-jovens\/\"},\"author\":{\"name\":\"editor\",\"@id\":\"https:\/\/www.oarcanjo.net\/site\/#\/schema\/person\/f7024d007863202483a31326673a0838\"},\"headline\":\"Pastoral da Juventude promove debate sobre exterm\u00ednio de jovens\",\"datePublished\":\"2013-01-16T12:56:50+00:00\",\"dateModified\":\"2013-01-16T12:56:50+00:00\",\"mainEntityOfPage\":{\"@id\":\"https:\/\/www.oarcanjo.net\/site\/pastoral-da-juventude-promove-debate-sobre-exterminio-de-jovens\/\"},\"wordCount\":473,\"commentCount\":0,\"publisher\":{\"@id\":\"https:\/\/www.oarcanjo.net\/site\/#organization\"},\"keywords\":[\"juventude\",\"Pastoral da Juventude\",\"viol\u00eancia\"],\"articleSection\":[\"Jovens\",\"Not\u00edcias\"],\"inLanguage\":\"pt-BR\",\"potentialAction\":[{\"@type\":\"CommentAction\",\"name\":\"Comment\",\"target\":[\"https:\/\/www.oarcanjo.net\/site\/pastoral-da-juventude-promove-debate-sobre-exterminio-de-jovens\/#respond\"]}]},{\"@type\":\"WebPage\",\"@id\":\"https:\/\/www.oarcanjo.net\/site\/pastoral-da-juventude-promove-debate-sobre-exterminio-de-jovens\/\",\"url\":\"https:\/\/www.oarcanjo.net\/site\/pastoral-da-juventude-promove-debate-sobre-exterminio-de-jovens\/\",\"name\":\"Pastoral da Juventude promove debate sobre exterm\u00ednio de jovens - O Arcanjo no ar\",\"isPartOf\":{\"@id\":\"https:\/\/www.oarcanjo.net\/site\/#website\"},\"datePublished\":\"2013-01-16T12:56:50+00:00\",\"dateModified\":\"2013-01-16T12:56:50+00:00\",\"breadcrumb\":{\"@id\":\"https:\/\/www.oarcanjo.net\/site\/pastoral-da-juventude-promove-debate-sobre-exterminio-de-jovens\/#breadcrumb\"},\"inLanguage\":\"pt-BR\",\"potentialAction\":[{\"@type\":\"ReadAction\",\"target\":[\"https:\/\/www.oarcanjo.net\/site\/pastoral-da-juventude-promove-debate-sobre-exterminio-de-jovens\/\"]}]},{\"@type\":\"BreadcrumbList\",\"@id\":\"https:\/\/www.oarcanjo.net\/site\/pastoral-da-juventude-promove-debate-sobre-exterminio-de-jovens\/#breadcrumb\",\"itemListElement\":[{\"@type\":\"ListItem\",\"position\":1,\"name\":\"In\u00edcio\",\"item\":\"https:\/\/www.oarcanjo.net\/site\/\"},{\"@type\":\"ListItem\",\"position\":2,\"name\":\"Pastoral da Juventude promove debate sobre exterm\u00ednio de jovens\"}]},{\"@type\":\"WebSite\",\"@id\":\"https:\/\/www.oarcanjo.net\/site\/#website\",\"url\":\"https:\/\/www.oarcanjo.net\/site\/\",\"name\":\"O Arcanjo no ar\",\"description\":\"Site da Par\u00f3quia S\u00e3o Miguel Arcanjo (Arquidiocese de SP)\",\"publisher\":{\"@id\":\"https:\/\/www.oarcanjo.net\/site\/#organization\"},\"potentialAction\":[{\"@type\":\"SearchAction\",\"target\":{\"@type\":\"EntryPoint\",\"urlTemplate\":\"https:\/\/www.oarcanjo.net\/site\/?s={search_term_string}\"},\"query-input\":{\"@type\":\"PropertyValueSpecification\",\"valueRequired\":true,\"valueName\":\"search_term_string\"}}],\"inLanguage\":\"pt-BR\"},{\"@type\":\"Organization\",\"@id\":\"https:\/\/www.oarcanjo.net\/site\/#organization\",\"name\":\"Par\u00f3quia S\u00e3o Miguel Arcanjo\",\"url\":\"https:\/\/www.oarcanjo.net\/site\/\",\"logo\":{\"@type\":\"ImageObject\",\"inLanguage\":\"pt-BR\",\"@id\":\"https:\/\/www.oarcanjo.net\/site\/#\/schema\/logo\/image\/\",\"url\":\"https:\/\/www.oarcanjo.net\/site\/wp-content\/uploads\/LogoOArcanjo.png\",\"contentUrl\":\"https:\/\/www.oarcanjo.net\/site\/wp-content\/uploads\/LogoOArcanjo.png\",\"width\":319,\"height\":99,\"caption\":\"Par\u00f3quia S\u00e3o Miguel Arcanjo\"},\"image\":{\"@id\":\"https:\/\/www.oarcanjo.net\/site\/#\/schema\/logo\/image\/\"},\"sameAs\":[\"https:\/\/www.facebook.com\/OArcanjoNoAr\/\"]},{\"@type\":\"Person\",\"@id\":\"https:\/\/www.oarcanjo.net\/site\/#\/schema\/person\/f7024d007863202483a31326673a0838\",\"name\":\"editor\",\"sameAs\":[\"http:\/\/www.oarcanjo.net\"]}]}<\/script>\n<!-- \/ Yoast SEO plugin. -->","yoast_head_json":{"title":"Pastoral da Juventude promove debate sobre exterm\u00ednio de jovens - O Arcanjo no ar","robots":{"index":"index","follow":"follow","max-snippet":"max-snippet:-1","max-image-preview":"max-image-preview:large","max-video-preview":"max-video-preview:-1"},"canonical":"https:\/\/www.oarcanjo.net\/site\/pastoral-da-juventude-promove-debate-sobre-exterminio-de-jovens\/","og_locale":"pt_BR","og_type":"article","og_title":"Pastoral da Juventude promove debate sobre exterm\u00ednio de jovens - O Arcanjo no ar","og_description":"Fonte: Site CNBB \u201cVamos juntos gritar, girar o mundo. Chega de viol\u00eancia e exterm\u00ednio de jovens!\u201d \u00e9 o tema da Campanha Nacional contra a viol\u00eancia e o exterm\u00ednio de jovens, que vem sendo realizada desde 2009 pelas Pastorais da Juventude. A Campanha levou \u00e0 sociedade o debate sobre as diversas formas de viol\u00eancia contra a [&hellip;]","og_url":"https:\/\/www.oarcanjo.net\/site\/pastoral-da-juventude-promove-debate-sobre-exterminio-de-jovens\/","og_site_name":"O Arcanjo no ar","article_publisher":"https:\/\/www.facebook.com\/OArcanjoNoAr\/","article_published_time":"2013-01-16T12:56:50+00:00","og_image":[{"width":300,"height":300,"url":"https:\/\/www.oarcanjo.net\/site\/wp-content\/uploads\/logo-o-arcanjo-no-ar-facebook.png","type":"image\/png"}],"author":"editor","twitter_card":"summary_large_image","twitter_misc":{"Escrito por":"editor","Est. tempo de leitura":"2 minutos"},"schema":{"@context":"https:\/\/schema.org","@graph":[{"@type":"Article","@id":"https:\/\/www.oarcanjo.net\/site\/pastoral-da-juventude-promove-debate-sobre-exterminio-de-jovens\/#article","isPartOf":{"@id":"https:\/\/www.oarcanjo.net\/site\/pastoral-da-juventude-promove-debate-sobre-exterminio-de-jovens\/"},"author":{"name":"editor","@id":"https:\/\/www.oarcanjo.net\/site\/#\/schema\/person\/f7024d007863202483a31326673a0838"},"headline":"Pastoral da Juventude promove debate sobre exterm\u00ednio de jovens","datePublished":"2013-01-16T12:56:50+00:00","dateModified":"2013-01-16T12:56:50+00:00","mainEntityOfPage":{"@id":"https:\/\/www.oarcanjo.net\/site\/pastoral-da-juventude-promove-debate-sobre-exterminio-de-jovens\/"},"wordCount":473,"commentCount":0,"publisher":{"@id":"https:\/\/www.oarcanjo.net\/site\/#organization"},"keywords":["juventude","Pastoral da Juventude","viol\u00eancia"],"articleSection":["Jovens","Not\u00edcias"],"inLanguage":"pt-BR","potentialAction":[{"@type":"CommentAction","name":"Comment","target":["https:\/\/www.oarcanjo.net\/site\/pastoral-da-juventude-promove-debate-sobre-exterminio-de-jovens\/#respond"]}]},{"@type":"WebPage","@id":"https:\/\/www.oarcanjo.net\/site\/pastoral-da-juventude-promove-debate-sobre-exterminio-de-jovens\/","url":"https:\/\/www.oarcanjo.net\/site\/pastoral-da-juventude-promove-debate-sobre-exterminio-de-jovens\/","name":"Pastoral da Juventude promove debate sobre exterm\u00ednio de jovens - O Arcanjo no ar","isPartOf":{"@id":"https:\/\/www.oarcanjo.net\/site\/#website"},"datePublished":"2013-01-16T12:56:50+00:00","dateModified":"2013-01-16T12:56:50+00:00","breadcrumb":{"@id":"https:\/\/www.oarcanjo.net\/site\/pastoral-da-juventude-promove-debate-sobre-exterminio-de-jovens\/#breadcrumb"},"inLanguage":"pt-BR","potentialAction":[{"@type":"ReadAction","target":["https:\/\/www.oarcanjo.net\/site\/pastoral-da-juventude-promove-debate-sobre-exterminio-de-jovens\/"]}]},{"@type":"BreadcrumbList","@id":"https:\/\/www.oarcanjo.net\/site\/pastoral-da-juventude-promove-debate-sobre-exterminio-de-jovens\/#breadcrumb","itemListElement":[{"@type":"ListItem","position":1,"name":"In\u00edcio","item":"https:\/\/www.oarcanjo.net\/site\/"},{"@type":"ListItem","position":2,"name":"Pastoral da Juventude promove debate sobre exterm\u00ednio de jovens"}]},{"@type":"WebSite","@id":"https:\/\/www.oarcanjo.net\/site\/#website","url":"https:\/\/www.oarcanjo.net\/site\/","name":"O Arcanjo no ar","description":"Site da Par\u00f3quia S\u00e3o Miguel Arcanjo (Arquidiocese de SP)","publisher":{"@id":"https:\/\/www.oarcanjo.net\/site\/#organization"},"potentialAction":[{"@type":"SearchAction","target":{"@type":"EntryPoint","urlTemplate":"https:\/\/www.oarcanjo.net\/site\/?s={search_term_string}"},"query-input":{"@type":"PropertyValueSpecification","valueRequired":true,"valueName":"search_term_string"}}],"inLanguage":"pt-BR"},{"@type":"Organization","@id":"https:\/\/www.oarcanjo.net\/site\/#organization","name":"Par\u00f3quia S\u00e3o Miguel Arcanjo","url":"https:\/\/www.oarcanjo.net\/site\/","logo":{"@type":"ImageObject","inLanguage":"pt-BR","@id":"https:\/\/www.oarcanjo.net\/site\/#\/schema\/logo\/image\/","url":"https:\/\/www.oarcanjo.net\/site\/wp-content\/uploads\/LogoOArcanjo.png","contentUrl":"https:\/\/www.oarcanjo.net\/site\/wp-content\/uploads\/LogoOArcanjo.png","width":319,"height":99,"caption":"Par\u00f3quia S\u00e3o Miguel Arcanjo"},"image":{"@id":"https:\/\/www.oarcanjo.net\/site\/#\/schema\/logo\/image\/"},"sameAs":["https:\/\/www.facebook.com\/OArcanjoNoAr\/"]},{"@type":"Person","@id":"https:\/\/www.oarcanjo.net\/site\/#\/schema\/person\/f7024d007863202483a31326673a0838","name":"editor","sameAs":["http:\/\/www.oarcanjo.net"]}]}},"publishpress_future_action":{"enabled":false,"date":"2026-05-07 06:30:35","action":"category","newStatus":"draft","terms":[],"taxonomy":"category"},"publishpress_future_workflow_manual_trigger":{"enabledWorkflows":[]},"_links":{"self":[{"href":"https:\/\/www.oarcanjo.net\/site\/wp-json\/wp\/v2\/posts\/20666"}],"collection":[{"href":"https:\/\/www.oarcanjo.net\/site\/wp-json\/wp\/v2\/posts"}],"about":[{"href":"https:\/\/www.oarcanjo.net\/site\/wp-json\/wp\/v2\/types\/post"}],"author":[{"embeddable":true,"href":"https:\/\/www.oarcanjo.net\/site\/wp-json\/wp\/v2\/users\/5"}],"replies":[{"embeddable":true,"href":"https:\/\/www.oarcanjo.net\/site\/wp-json\/wp\/v2\/comments?post=20666"}],"version-history":[{"count":0,"href":"https:\/\/www.oarcanjo.net\/site\/wp-json\/wp\/v2\/posts\/20666\/revisions"}],"wp:attachment":[{"href":"https:\/\/www.oarcanjo.net\/site\/wp-json\/wp\/v2\/media?parent=20666"}],"wp:term":[{"taxonomy":"category","embeddable":true,"href":"https:\/\/www.oarcanjo.net\/site\/wp-json\/wp\/v2\/categories?post=20666"},{"taxonomy":"post_tag","embeddable":true,"href":"https:\/\/www.oarcanjo.net\/site\/wp-json\/wp\/v2\/tags?post=20666"}],"curies":[{"name":"wp","href":"https:\/\/api.w.org\/{rel}","templated":true}]}}