
{"id":20690,"date":"2013-01-18T18:03:47","date_gmt":"2013-01-18T20:03:47","guid":{"rendered":"http:\/\/www.oarcanjo.net\/site\/?p=20690"},"modified":"2013-01-18T18:03:47","modified_gmt":"2013-01-18T20:03:47","slug":"a-razao-espiritual-do-cristianismo-de-libertacao","status":"publish","type":"post","link":"https:\/\/www.oarcanjo.net\/site\/a-razao-espiritual-do-cristianismo-de-libertacao\/","title":{"rendered":"A raz\u00e3o espiritual do cristianismo de liberta\u00e7\u00e3o"},"content":{"rendered":"<p>Jung Mo Sung<\/p>\n<p>Recentemente assisti uma entrevista de um padre famoso por suas liturgias-show em um canal de TV aberto. Ele disse que respeitava a Teologia da Liberta\u00e7\u00e3o, mas que ela levava somente assist\u00eancia social aos pobres, mas n\u00e3o a f\u00e9; e que ele levava a f\u00e9 e tamb\u00e9m a assist\u00eancia social.<\/p>\n<p>Eu n\u00e3o quero discutir aqui se a opini\u00e3o dele sobre a TL est\u00e1 correta ou n\u00e3o, mas temos que reconhecer que essa \u00e9 uma imagem muito divulgada sobre a TL. Isto \u00e9, difundiu-se na sociedade, e tamb\u00e9m em muitos setores das igrejas crist\u00e3s, que a TL se preocuparia somente ou prioritariamente com as quest\u00f5es sociais e pol\u00edticas (o que \u00e9 mais do que mera assist\u00eancia aos pobres dito por aquele padre) e, com isso, deixaria sem segundo plano a religi\u00e3o, f\u00e9 e espiritualidade.<\/p>\n<p>Quem conhece melhor a TL sabe que isso n\u00e3o \u00e9 correto, mas algo deve ter passado para que essa &#8220;falsa imagem\u201d tenha se espalhado. N\u00e3o pode ser somente culpa ou responsabilidade de algum tipo de &#8220;difama\u00e7\u00e3o\u201d ou incompreens\u00e3o por parte dos que se op\u00f5e a TL. Talvez n\u00e3o tenhamos sido suficientemente claro em explicitar os fundamentos b\u00edblicos, a experi\u00eancia viva da f\u00e9 e a espiritualidade que nos move nas lutas e debates sociais e pol\u00edticos. Em me lembro de uma aula que tive com Hugo Assmann, no mestrado em teologia, em 1988, quando ele nos dizia muito seriamente: se a TL perder a bandeira da espiritualidade para setores carism\u00e1ticos conservadores ser\u00e1 o in\u00edcio do seu fim.<\/p>\n<p>N\u00e3o sei se j\u00e1 perdemos essa bandeira e luta, mas penso que \u00e9 fundamental sempre nos relembrarmos e refor\u00e7armos uma das convic\u00e7\u00f5es fundamentais dos primeiros te\u00f3logos da liberta\u00e7\u00e3o: a TL \u00e9 uma teologia espiritual! N\u00e3o porque discute a espiritualidade na B\u00edblia ou retoma o estudo dos grandes mestres espirituais \u2013 coisas que tamb\u00e9m faz \u2013, mas porque assume como o seu momento &#8220;zero\u201d uma experi\u00eancia espiritual. \u00c9 bastante divulgada a tese de que a TL \u00e9 o momento segundo, sendo o momento primeiro as lutas pela liberta\u00e7\u00e3o. (Por isso, a TL n\u00e3o \u00e9 uma simples releitura dos tratados teol\u00f3gicos a partir da op\u00e7\u00e3o pelos pobres, ou como diversos prop\u00f5e hoje a partir do pluralismo religioso, mas uma reflex\u00e3o teol\u00f3gica a partir e sobre as lutas de liberta\u00e7\u00e3o.) Mas, poucos se lembram que, na tradi\u00e7\u00e3o do cristianismo de liberta\u00e7\u00e3o, o que nos motiva para essa luta \u00e9 a indigna\u00e7\u00e3o \u00e9tica frente a realidade da injusti\u00e7a social, do sofrimento dos pobres. E que essa indigna\u00e7\u00e3o \u00e9 mais do que meramente uma quest\u00e3o \u00e9tica. Como a primeira gera\u00e7\u00e3o da TL afirmou: \u00e9 uma experi\u00eancia espiritual de ver na face do pobre a face de Jesus.<\/p>\n<p>Talvez esse ponto fundamental, que est\u00e1 no fundamento, deva ser mais aprofundado e difundido pelo cristianismo de liberta\u00e7\u00e3o. Quando se diz que no encontro solid\u00e1rio com os pobres e outras v\u00edtimas das injusti\u00e7as e preconceitos encontramos com Jesus ressuscitado, \u00e9 claro que isso n\u00e3o deve ser entendido no sentido literal, como se pud\u00e9ssemos ver Jesus com os olhos que &#8221; a terra ir\u00e1 comer\u201d. \u00c9 uma linguagem espiritual-teol\u00f3gica. Entendemos melhor o seu sentido quando nos perguntamos de onde vem essa for\u00e7a que nos empurra a lutar por pessoas que n\u00e3o podem nos pagar ou retribuir \u2013 lutar de &#8220;gra\u00e7a\u201d \u2013 e quando nos perguntamos tamb\u00e9m porque, apesar de tanta dificuldade e incompreens\u00f5es, essa luta deixa nossa vida com mais &#8220;gra\u00e7a\u201d de ser vivida, raz\u00e3o pela qual nos mantemos fieis a luta.<\/p>\n<p>\u00c9 da sabedoria espiritual crist\u00e3 ser capaz de &#8220;ver\u201d esses &#8220;mist\u00e9rios da f\u00e9\u201d \u2013 a experi\u00eancia da &#8220;gra\u00e7a\u201d de Deus no cotidiano \u2013 que est\u00e3o por detr\u00e1s, para al\u00e9m da mera apar\u00eancia, de &#8220;assist\u00eancia social\u201d ou de &#8220;luta pol\u00edtica\u201d. Uma sabedoria que \u00e9 capaz de perceber e compreender o Esp\u00edrito de Jesus Crucificado e Ressuscitado nas nossas vidas. \u00c9 isso que quer dizer &#8220;encontrar Jesus no encontro solid\u00e1rio com os pobres e v\u00edtimas\u201d.<\/p>\n<p>Pessoas e grupos que vivem movidas por essas experi\u00eancias espirituais se congregam em comunidades para celebrar sua f\u00e9 e sua caminhada espiritual. \u00c9 uma celebra\u00e7\u00e3o &#8220;energizada\u201d por algo mais profundo do que performances de rituais humanos, uma celebra\u00e7\u00e3o movida por esse Esp\u00edrito de Amor solid\u00e1rio, que nos faz compreender o que diz a primeira carta de s\u00e3o Jo\u00e3o: &#8220;Ningu\u00e9m jamais contemplou a Deus. Se nos amarmos uns aos outros, Deus permanece em n\u00f3s e o seu Amor em n\u00f3s \u00e9 realizado\u201d (1Jo, 4, 12).<\/p>\n<p>Talvez o que precisamos \u00e9 melhorar nossa comunica\u00e7\u00e3o com a igreja e a sociedade para mostrar mais claramente que o que move o cristianismo de liberta\u00e7\u00e3o n\u00e3o \u00e9 ideologia pol\u00edtica ou problemas sociais, mas \u00e9 a f\u00e9 em Jesus e o Esp\u00edrito Santo, que nos movem ao encontro das pessoas que sofrem e juntos lutar pela Vida. E isso porque, al\u00e9m de ser teologicamente correto, a for\u00e7a social do cristianismo est\u00e1 na sua espiritualidade.<\/p>\n<div id=\"themify_builder_content-20690\" data-postid=\"20690\" class=\"themify_builder_content themify_builder_content-20690 themify_builder themify_builder_front\">\n\t<\/div>\n<!-- \/themify_builder_content -->","protected":false},"excerpt":{"rendered":"<p>Jung Mo Sung Recentemente assisti uma entrevista de um padre famoso por suas liturgias-show em um canal de TV aberto. Ele disse que respeitava a Teologia da Liberta\u00e7\u00e3o, mas que ela levava somente assist\u00eancia social aos pobres, mas n\u00e3o a f\u00e9; e que ele levava a f\u00e9 e tamb\u00e9m a assist\u00eancia social. Eu n\u00e3o quero [&hellip;]<\/p>\n","protected":false},"author":5,"featured_media":0,"comment_status":"open","ping_status":"open","sticky":false,"template":"","format":"standard","meta":{"ngg_post_thumbnail":0,"footnotes":""},"categories":[9],"tags":[76,313,441,1100,440,75,88,190],"yoast_head":"<!-- This site is optimized with the Yoast SEO plugin v23.5 - https:\/\/yoast.com\/wordpress\/plugins\/seo\/ -->\n<title>A raz\u00e3o espiritual do cristianismo de liberta\u00e7\u00e3o - O Arcanjo no ar<\/title>\n<meta name=\"robots\" content=\"index, follow, max-snippet:-1, max-image-preview:large, max-video-preview:-1\" \/>\n<link rel=\"canonical\" href=\"https:\/\/www.oarcanjo.net\/site\/a-razao-espiritual-do-cristianismo-de-libertacao\/\" \/>\n<meta property=\"og:locale\" content=\"pt_BR\" \/>\n<meta property=\"og:type\" content=\"article\" \/>\n<meta property=\"og:title\" content=\"A raz\u00e3o espiritual do cristianismo de liberta\u00e7\u00e3o - O Arcanjo no ar\" \/>\n<meta property=\"og:description\" content=\"Jung Mo Sung Recentemente assisti uma entrevista de um padre famoso por suas liturgias-show em um canal de TV aberto. Ele disse que respeitava a Teologia da Liberta\u00e7\u00e3o, mas que ela levava somente assist\u00eancia social aos pobres, mas n\u00e3o a f\u00e9; e que ele levava a f\u00e9 e tamb\u00e9m a assist\u00eancia social. Eu n\u00e3o quero [&hellip;]\" \/>\n<meta property=\"og:url\" content=\"https:\/\/www.oarcanjo.net\/site\/a-razao-espiritual-do-cristianismo-de-libertacao\/\" \/>\n<meta property=\"og:site_name\" content=\"O Arcanjo no ar\" \/>\n<meta property=\"article:publisher\" content=\"https:\/\/www.facebook.com\/OArcanjoNoAr\/\" \/>\n<meta property=\"article:published_time\" content=\"2013-01-18T20:03:47+00:00\" \/>\n<meta property=\"og:image\" content=\"https:\/\/www.oarcanjo.net\/site\/wp-content\/uploads\/logo-o-arcanjo-no-ar-facebook.png\" \/>\n\t<meta property=\"og:image:width\" content=\"300\" \/>\n\t<meta property=\"og:image:height\" content=\"300\" \/>\n\t<meta property=\"og:image:type\" content=\"image\/png\" \/>\n<meta name=\"author\" content=\"editor\" \/>\n<meta name=\"twitter:card\" content=\"summary_large_image\" \/>\n<meta name=\"twitter:label1\" content=\"Escrito por\" \/>\n\t<meta name=\"twitter:data1\" content=\"editor\" \/>\n\t<meta name=\"twitter:label2\" content=\"Est. tempo de leitura\" \/>\n\t<meta name=\"twitter:data2\" content=\"4 minutos\" \/>\n<script type=\"application\/ld+json\" class=\"yoast-schema-graph\">{\"@context\":\"https:\/\/schema.org\",\"@graph\":[{\"@type\":\"Article\",\"@id\":\"https:\/\/www.oarcanjo.net\/site\/a-razao-espiritual-do-cristianismo-de-libertacao\/#article\",\"isPartOf\":{\"@id\":\"https:\/\/www.oarcanjo.net\/site\/a-razao-espiritual-do-cristianismo-de-libertacao\/\"},\"author\":{\"name\":\"editor\",\"@id\":\"https:\/\/www.oarcanjo.net\/site\/#\/schema\/person\/f7024d007863202483a31326673a0838\"},\"headline\":\"A raz\u00e3o espiritual do cristianismo de liberta\u00e7\u00e3o\",\"datePublished\":\"2013-01-18T20:03:47+00:00\",\"dateModified\":\"2013-01-18T20:03:47+00:00\",\"mainEntityOfPage\":{\"@id\":\"https:\/\/www.oarcanjo.net\/site\/a-razao-espiritual-do-cristianismo-de-libertacao\/\"},\"wordCount\":875,\"commentCount\":0,\"publisher\":{\"@id\":\"https:\/\/www.oarcanjo.net\/site\/#organization\"},\"keywords\":[\"espiritualidade\",\"\u00e9tica\",\"f\u00e9\",\"Igreja dos pobres\",\"Jesus Cristo\",\"Justi\u00e7a social\",\"solidariedade\",\"teologia da liberta\u00e7\u00e3o\"],\"articleSection\":[\"Reflex\u00f5es\"],\"inLanguage\":\"pt-BR\",\"potentialAction\":[{\"@type\":\"CommentAction\",\"name\":\"Comment\",\"target\":[\"https:\/\/www.oarcanjo.net\/site\/a-razao-espiritual-do-cristianismo-de-libertacao\/#respond\"]}]},{\"@type\":\"WebPage\",\"@id\":\"https:\/\/www.oarcanjo.net\/site\/a-razao-espiritual-do-cristianismo-de-libertacao\/\",\"url\":\"https:\/\/www.oarcanjo.net\/site\/a-razao-espiritual-do-cristianismo-de-libertacao\/\",\"name\":\"A raz\u00e3o espiritual do cristianismo de liberta\u00e7\u00e3o - O Arcanjo no ar\",\"isPartOf\":{\"@id\":\"https:\/\/www.oarcanjo.net\/site\/#website\"},\"datePublished\":\"2013-01-18T20:03:47+00:00\",\"dateModified\":\"2013-01-18T20:03:47+00:00\",\"breadcrumb\":{\"@id\":\"https:\/\/www.oarcanjo.net\/site\/a-razao-espiritual-do-cristianismo-de-libertacao\/#breadcrumb\"},\"inLanguage\":\"pt-BR\",\"potentialAction\":[{\"@type\":\"ReadAction\",\"target\":[\"https:\/\/www.oarcanjo.net\/site\/a-razao-espiritual-do-cristianismo-de-libertacao\/\"]}]},{\"@type\":\"BreadcrumbList\",\"@id\":\"https:\/\/www.oarcanjo.net\/site\/a-razao-espiritual-do-cristianismo-de-libertacao\/#breadcrumb\",\"itemListElement\":[{\"@type\":\"ListItem\",\"position\":1,\"name\":\"In\u00edcio\",\"item\":\"https:\/\/www.oarcanjo.net\/site\/\"},{\"@type\":\"ListItem\",\"position\":2,\"name\":\"A raz\u00e3o espiritual do cristianismo de liberta\u00e7\u00e3o\"}]},{\"@type\":\"WebSite\",\"@id\":\"https:\/\/www.oarcanjo.net\/site\/#website\",\"url\":\"https:\/\/www.oarcanjo.net\/site\/\",\"name\":\"O Arcanjo no ar\",\"description\":\"Site da Par\u00f3quia S\u00e3o Miguel Arcanjo (Arquidiocese de SP)\",\"publisher\":{\"@id\":\"https:\/\/www.oarcanjo.net\/site\/#organization\"},\"potentialAction\":[{\"@type\":\"SearchAction\",\"target\":{\"@type\":\"EntryPoint\",\"urlTemplate\":\"https:\/\/www.oarcanjo.net\/site\/?s={search_term_string}\"},\"query-input\":{\"@type\":\"PropertyValueSpecification\",\"valueRequired\":true,\"valueName\":\"search_term_string\"}}],\"inLanguage\":\"pt-BR\"},{\"@type\":\"Organization\",\"@id\":\"https:\/\/www.oarcanjo.net\/site\/#organization\",\"name\":\"Par\u00f3quia S\u00e3o Miguel Arcanjo\",\"url\":\"https:\/\/www.oarcanjo.net\/site\/\",\"logo\":{\"@type\":\"ImageObject\",\"inLanguage\":\"pt-BR\",\"@id\":\"https:\/\/www.oarcanjo.net\/site\/#\/schema\/logo\/image\/\",\"url\":\"https:\/\/www.oarcanjo.net\/site\/wp-content\/uploads\/LogoOArcanjo.png\",\"contentUrl\":\"https:\/\/www.oarcanjo.net\/site\/wp-content\/uploads\/LogoOArcanjo.png\",\"width\":319,\"height\":99,\"caption\":\"Par\u00f3quia S\u00e3o Miguel Arcanjo\"},\"image\":{\"@id\":\"https:\/\/www.oarcanjo.net\/site\/#\/schema\/logo\/image\/\"},\"sameAs\":[\"https:\/\/www.facebook.com\/OArcanjoNoAr\/\"]},{\"@type\":\"Person\",\"@id\":\"https:\/\/www.oarcanjo.net\/site\/#\/schema\/person\/f7024d007863202483a31326673a0838\",\"name\":\"editor\",\"sameAs\":[\"http:\/\/www.oarcanjo.net\"]}]}<\/script>\n<!-- \/ Yoast SEO plugin. -->","yoast_head_json":{"title":"A raz\u00e3o espiritual do cristianismo de liberta\u00e7\u00e3o - O Arcanjo no ar","robots":{"index":"index","follow":"follow","max-snippet":"max-snippet:-1","max-image-preview":"max-image-preview:large","max-video-preview":"max-video-preview:-1"},"canonical":"https:\/\/www.oarcanjo.net\/site\/a-razao-espiritual-do-cristianismo-de-libertacao\/","og_locale":"pt_BR","og_type":"article","og_title":"A raz\u00e3o espiritual do cristianismo de liberta\u00e7\u00e3o - O Arcanjo no ar","og_description":"Jung Mo Sung Recentemente assisti uma entrevista de um padre famoso por suas liturgias-show em um canal de TV aberto. Ele disse que respeitava a Teologia da Liberta\u00e7\u00e3o, mas que ela levava somente assist\u00eancia social aos pobres, mas n\u00e3o a f\u00e9; e que ele levava a f\u00e9 e tamb\u00e9m a assist\u00eancia social. Eu n\u00e3o quero [&hellip;]","og_url":"https:\/\/www.oarcanjo.net\/site\/a-razao-espiritual-do-cristianismo-de-libertacao\/","og_site_name":"O Arcanjo no ar","article_publisher":"https:\/\/www.facebook.com\/OArcanjoNoAr\/","article_published_time":"2013-01-18T20:03:47+00:00","og_image":[{"width":300,"height":300,"url":"https:\/\/www.oarcanjo.net\/site\/wp-content\/uploads\/logo-o-arcanjo-no-ar-facebook.png","type":"image\/png"}],"author":"editor","twitter_card":"summary_large_image","twitter_misc":{"Escrito por":"editor","Est. tempo de leitura":"4 minutos"},"schema":{"@context":"https:\/\/schema.org","@graph":[{"@type":"Article","@id":"https:\/\/www.oarcanjo.net\/site\/a-razao-espiritual-do-cristianismo-de-libertacao\/#article","isPartOf":{"@id":"https:\/\/www.oarcanjo.net\/site\/a-razao-espiritual-do-cristianismo-de-libertacao\/"},"author":{"name":"editor","@id":"https:\/\/www.oarcanjo.net\/site\/#\/schema\/person\/f7024d007863202483a31326673a0838"},"headline":"A raz\u00e3o espiritual do cristianismo de liberta\u00e7\u00e3o","datePublished":"2013-01-18T20:03:47+00:00","dateModified":"2013-01-18T20:03:47+00:00","mainEntityOfPage":{"@id":"https:\/\/www.oarcanjo.net\/site\/a-razao-espiritual-do-cristianismo-de-libertacao\/"},"wordCount":875,"commentCount":0,"publisher":{"@id":"https:\/\/www.oarcanjo.net\/site\/#organization"},"keywords":["espiritualidade","\u00e9tica","f\u00e9","Igreja dos pobres","Jesus Cristo","Justi\u00e7a social","solidariedade","teologia da liberta\u00e7\u00e3o"],"articleSection":["Reflex\u00f5es"],"inLanguage":"pt-BR","potentialAction":[{"@type":"CommentAction","name":"Comment","target":["https:\/\/www.oarcanjo.net\/site\/a-razao-espiritual-do-cristianismo-de-libertacao\/#respond"]}]},{"@type":"WebPage","@id":"https:\/\/www.oarcanjo.net\/site\/a-razao-espiritual-do-cristianismo-de-libertacao\/","url":"https:\/\/www.oarcanjo.net\/site\/a-razao-espiritual-do-cristianismo-de-libertacao\/","name":"A raz\u00e3o espiritual do cristianismo de liberta\u00e7\u00e3o - O Arcanjo no ar","isPartOf":{"@id":"https:\/\/www.oarcanjo.net\/site\/#website"},"datePublished":"2013-01-18T20:03:47+00:00","dateModified":"2013-01-18T20:03:47+00:00","breadcrumb":{"@id":"https:\/\/www.oarcanjo.net\/site\/a-razao-espiritual-do-cristianismo-de-libertacao\/#breadcrumb"},"inLanguage":"pt-BR","potentialAction":[{"@type":"ReadAction","target":["https:\/\/www.oarcanjo.net\/site\/a-razao-espiritual-do-cristianismo-de-libertacao\/"]}]},{"@type":"BreadcrumbList","@id":"https:\/\/www.oarcanjo.net\/site\/a-razao-espiritual-do-cristianismo-de-libertacao\/#breadcrumb","itemListElement":[{"@type":"ListItem","position":1,"name":"In\u00edcio","item":"https:\/\/www.oarcanjo.net\/site\/"},{"@type":"ListItem","position":2,"name":"A raz\u00e3o espiritual do cristianismo de liberta\u00e7\u00e3o"}]},{"@type":"WebSite","@id":"https:\/\/www.oarcanjo.net\/site\/#website","url":"https:\/\/www.oarcanjo.net\/site\/","name":"O Arcanjo no ar","description":"Site da Par\u00f3quia S\u00e3o Miguel Arcanjo (Arquidiocese de SP)","publisher":{"@id":"https:\/\/www.oarcanjo.net\/site\/#organization"},"potentialAction":[{"@type":"SearchAction","target":{"@type":"EntryPoint","urlTemplate":"https:\/\/www.oarcanjo.net\/site\/?s={search_term_string}"},"query-input":{"@type":"PropertyValueSpecification","valueRequired":true,"valueName":"search_term_string"}}],"inLanguage":"pt-BR"},{"@type":"Organization","@id":"https:\/\/www.oarcanjo.net\/site\/#organization","name":"Par\u00f3quia S\u00e3o Miguel Arcanjo","url":"https:\/\/www.oarcanjo.net\/site\/","logo":{"@type":"ImageObject","inLanguage":"pt-BR","@id":"https:\/\/www.oarcanjo.net\/site\/#\/schema\/logo\/image\/","url":"https:\/\/www.oarcanjo.net\/site\/wp-content\/uploads\/LogoOArcanjo.png","contentUrl":"https:\/\/www.oarcanjo.net\/site\/wp-content\/uploads\/LogoOArcanjo.png","width":319,"height":99,"caption":"Par\u00f3quia S\u00e3o Miguel Arcanjo"},"image":{"@id":"https:\/\/www.oarcanjo.net\/site\/#\/schema\/logo\/image\/"},"sameAs":["https:\/\/www.facebook.com\/OArcanjoNoAr\/"]},{"@type":"Person","@id":"https:\/\/www.oarcanjo.net\/site\/#\/schema\/person\/f7024d007863202483a31326673a0838","name":"editor","sameAs":["http:\/\/www.oarcanjo.net"]}]}},"publishpress_future_action":{"enabled":false,"date":"2026-05-09 07:25:05","action":"category","newStatus":"draft","terms":[],"taxonomy":"category"},"publishpress_future_workflow_manual_trigger":{"enabledWorkflows":[]},"_links":{"self":[{"href":"https:\/\/www.oarcanjo.net\/site\/wp-json\/wp\/v2\/posts\/20690"}],"collection":[{"href":"https:\/\/www.oarcanjo.net\/site\/wp-json\/wp\/v2\/posts"}],"about":[{"href":"https:\/\/www.oarcanjo.net\/site\/wp-json\/wp\/v2\/types\/post"}],"author":[{"embeddable":true,"href":"https:\/\/www.oarcanjo.net\/site\/wp-json\/wp\/v2\/users\/5"}],"replies":[{"embeddable":true,"href":"https:\/\/www.oarcanjo.net\/site\/wp-json\/wp\/v2\/comments?post=20690"}],"version-history":[{"count":0,"href":"https:\/\/www.oarcanjo.net\/site\/wp-json\/wp\/v2\/posts\/20690\/revisions"}],"wp:attachment":[{"href":"https:\/\/www.oarcanjo.net\/site\/wp-json\/wp\/v2\/media?parent=20690"}],"wp:term":[{"taxonomy":"category","embeddable":true,"href":"https:\/\/www.oarcanjo.net\/site\/wp-json\/wp\/v2\/categories?post=20690"},{"taxonomy":"post_tag","embeddable":true,"href":"https:\/\/www.oarcanjo.net\/site\/wp-json\/wp\/v2\/tags?post=20690"}],"curies":[{"name":"wp","href":"https:\/\/api.w.org\/{rel}","templated":true}]}}