
{"id":20693,"date":"2013-01-19T18:27:07","date_gmt":"2013-01-19T20:27:07","guid":{"rendered":"http:\/\/www.oarcanjo.net\/site\/?p=20693"},"modified":"2013-01-21T11:28:42","modified_gmt":"2013-01-21T13:28:42","slug":"fazei-o-que-ele-vos-disser","status":"publish","type":"post","link":"https:\/\/www.oarcanjo.net\/site\/fazei-o-que-ele-vos-disser\/","title":{"rendered":"Fazei o Que Ele Vos Disser"},"content":{"rendered":"<p>Dom Sergio da Rocha*<br \/>\n<img decoding=\"async\" src=\"http:\/\/4.bp.blogspot.com\/-vX05qWqT9ZE\/UPsArINO2WI\/AAAAAAAAV1M\/iM8QfRJ4FOM\/s1600\/Dom+Sergio2.png\" border=\"0\" alt=\"\" \/><\/p>\n<p>Terminado o tempo do Natal, com a festa do Batismo do Senhor, iniciou-se a primeira semana do Tempo Comum. Por isso, celebramos, hoje, o segundo Domingo do Tempo Comum. \u00c9 importante recordar que este novo tempo lit\u00fargico, o mais longo do ano, caracterizado pela cor verde, recebe este nome, por referir-se ao conjunto da vida e dos ensinamentos de Jesus, ao inv\u00e9s de se deter num aspecto espec\u00edfico, como ocorre nos demais tempos lit\u00fargicos (Advento, Natal, Quaresma e P\u00e1scoa). Por isso, o termo &#8220;comum&#8221; n\u00e3o quer dizer que tenha menor valor ou deva merecer menos aten\u00e7\u00e3o.<\/p>\n<p>&#8220;Fazei o que Ele vos disser&#8221; (Jo 2,5), afirma Maria aos que estavam servindo na festa de casamento, em Can\u00e1 da Galileia. Num momento dif\u00edcil, vivido pela fam\u00edlia que realizava a festa, Maria se mostra m\u00e3e amorosa e intercessora diante de Jesus. Ao mesmo tempo, pede aos que estavam servindo para fazer tudo o que o seu filho Jesus disser. Deste modo, realiza-se o primeiro milagre, isto \u00e9, o primeiro &#8220;sinal&#8221; de Jesus, o in\u00edcio dos sinais da chegada do Reino, da manifesta\u00e7\u00e3o de sua gl\u00f3ria, conforme o Evangelho segundo Jo\u00e3o.<\/p>\n<p>H\u00e1 muitas situa\u00e7\u00f5es a serem transformadas na vida das pessoas, das fam\u00edlias e da sociedade. Podemos dizer que, muitas vezes, nos falta o &#8220;vinho&#8221; da alegria e da vida nova em Cristo. H\u00e1, certamente, muita \u00e1gua a ser transformada em vinho. Para que isso ocorra, necessitamos, acima de tudo, de Jesus Cristo. A ele, atrav\u00e9s de Nossa Senhora, apresentamos as nossas necessidades, o &#8220;vinho&#8221; que nos falta. Contudo, devemos tamb\u00e9m fazer a nossa parte. Jesus realiza &#8220;sinais&#8221; do Reino, verdadeiros milagres, contando conosco. \u00c9 Ele quem realiza; cabe a n\u00f3s, crer nele e cumprir a sua Palavra. Por isso, \u00e9 a n\u00f3s que Maria est\u00e1 dizendo: &#8220;Fazei o que Ele vos disser&#8221;. Seja este o nosso programa de vida, ao longo deste novo tempo lit\u00fargico e durante todo este novo ano: fazer o que Jesus diz.<\/p>\n<p>Para que isso ocorra, \u00e9 fundamental colocar-se \u00e0 escuta do Senhor, por meio da ora\u00e7\u00e3o e da medita\u00e7\u00e3o de sua Palavra, atrav\u00e9s de momentos de sil\u00eancio e adora\u00e7\u00e3o, diante do Sant\u00edssimo Sacramento, pela ora\u00e7\u00e3o do ros\u00e1rio de Nossa Senhora. O relato das bodas de Can\u00e1 se conclui com a afirma\u00e7\u00e3o: &#8220;e seus disc\u00edpulos creram nele&#8221; (Jo 2,11). Hoje, n\u00f3s, tamb\u00e9m, somos chamados a discernir os &#8220;sinais&#8221; de Deus e do seu Reino entre n\u00f3s, para crescermos sempre mais na f\u00e9.<\/p>\n<p>O Salmo 95, hoje rezado, nos ajuda a cultivar esta atitude de reconhecimento e de testemunho do amor de Deus manifestado no mundo. Rezamos, com o salmista: &#8220;Cantai ao Senhor Deus um canto novo; manifestai os seus prod\u00edgios entre os povos!&#8221;<\/p>\n<p>*Arcebispo Metropolitano de Bras\u00edlia<br \/>\nPostado por\u00a0<a title=\"author profile\" rel=\"author\" href=\"http:\/\/www.blogger.com\/profile\/12037961757835243213\">Par\u00f3quia de Santo Afonso<\/a><\/p>\n<div id=\"themify_builder_content-20693\" data-postid=\"20693\" class=\"themify_builder_content themify_builder_content-20693 themify_builder themify_builder_front\">\n\t<\/div>\n<!-- \/themify_builder_content -->","protected":false},"excerpt":{"rendered":"<p>Dom Sergio da Rocha* Terminado o tempo do Natal, com a festa do Batismo do Senhor, iniciou-se a primeira semana do Tempo Comum. Por isso, celebramos, hoje, o segundo Domingo do Tempo Comum. \u00c9 importante recordar que este novo tempo lit\u00fargico, o mais longo do ano, caracterizado pela cor verde, recebe este nome, por referir-se [&hellip;]<\/p>\n","protected":false},"author":17,"featured_media":0,"comment_status":"open","ping_status":"open","sticky":false,"template":"","format":"standard","meta":{"ngg_post_thumbnail":0,"footnotes":""},"categories":[9],"tags":[],"yoast_head":"<!-- This site is optimized with the Yoast SEO plugin v23.5 - https:\/\/yoast.com\/wordpress\/plugins\/seo\/ -->\n<title>Fazei o Que Ele Vos Disser - O Arcanjo no ar<\/title>\n<meta name=\"robots\" content=\"index, follow, max-snippet:-1, max-image-preview:large, max-video-preview:-1\" \/>\n<link rel=\"canonical\" href=\"https:\/\/www.oarcanjo.net\/site\/fazei-o-que-ele-vos-disser\/\" \/>\n<meta property=\"og:locale\" content=\"pt_BR\" \/>\n<meta property=\"og:type\" content=\"article\" \/>\n<meta property=\"og:title\" content=\"Fazei o Que Ele Vos Disser - O Arcanjo no ar\" \/>\n<meta property=\"og:description\" content=\"Dom Sergio da Rocha* Terminado o tempo do Natal, com a festa do Batismo do Senhor, iniciou-se a primeira semana do Tempo Comum. Por isso, celebramos, hoje, o segundo Domingo do Tempo Comum. \u00c9 importante recordar que este novo tempo lit\u00fargico, o mais longo do ano, caracterizado pela cor verde, recebe este nome, por referir-se [&hellip;]\" \/>\n<meta property=\"og:url\" content=\"https:\/\/www.oarcanjo.net\/site\/fazei-o-que-ele-vos-disser\/\" \/>\n<meta property=\"og:site_name\" content=\"O Arcanjo no ar\" \/>\n<meta property=\"article:publisher\" content=\"https:\/\/www.facebook.com\/OArcanjoNoAr\/\" \/>\n<meta property=\"article:published_time\" content=\"2013-01-19T20:27:07+00:00\" \/>\n<meta property=\"article:modified_time\" content=\"2013-01-21T13:28:42+00:00\" \/>\n<meta property=\"og:image\" content=\"http:\/\/4.bp.blogspot.com\/-vX05qWqT9ZE\/UPsArINO2WI\/AAAAAAAAV1M\/iM8QfRJ4FOM\/s1600\/Dom+Sergio2.png\" \/>\n<meta name=\"author\" content=\"pe.geovane\" \/>\n<meta name=\"twitter:card\" content=\"summary_large_image\" \/>\n<meta name=\"twitter:label1\" content=\"Escrito por\" \/>\n\t<meta name=\"twitter:data1\" content=\"pe.geovane\" \/>\n\t<meta name=\"twitter:label2\" content=\"Est. tempo de leitura\" \/>\n\t<meta name=\"twitter:data2\" content=\"2 minutos\" \/>\n<script type=\"application\/ld+json\" class=\"yoast-schema-graph\">{\"@context\":\"https:\/\/schema.org\",\"@graph\":[{\"@type\":\"Article\",\"@id\":\"https:\/\/www.oarcanjo.net\/site\/fazei-o-que-ele-vos-disser\/#article\",\"isPartOf\":{\"@id\":\"https:\/\/www.oarcanjo.net\/site\/fazei-o-que-ele-vos-disser\/\"},\"author\":{\"name\":\"pe.geovane\",\"@id\":\"https:\/\/www.oarcanjo.net\/site\/#\/schema\/person\/58d7f78850a973b8e467c7ae4a7eb4ad\"},\"headline\":\"Fazei o Que Ele Vos Disser\",\"datePublished\":\"2013-01-19T20:27:07+00:00\",\"dateModified\":\"2013-01-21T13:28:42+00:00\",\"mainEntityOfPage\":{\"@id\":\"https:\/\/www.oarcanjo.net\/site\/fazei-o-que-ele-vos-disser\/\"},\"wordCount\":492,\"commentCount\":0,\"publisher\":{\"@id\":\"https:\/\/www.oarcanjo.net\/site\/#organization\"},\"image\":{\"@id\":\"https:\/\/www.oarcanjo.net\/site\/fazei-o-que-ele-vos-disser\/#primaryimage\"},\"thumbnailUrl\":\"http:\/\/4.bp.blogspot.com\/-vX05qWqT9ZE\/UPsArINO2WI\/AAAAAAAAV1M\/iM8QfRJ4FOM\/s1600\/Dom+Sergio2.png\",\"articleSection\":[\"Reflex\u00f5es\"],\"inLanguage\":\"pt-BR\",\"potentialAction\":[{\"@type\":\"CommentAction\",\"name\":\"Comment\",\"target\":[\"https:\/\/www.oarcanjo.net\/site\/fazei-o-que-ele-vos-disser\/#respond\"]}]},{\"@type\":\"WebPage\",\"@id\":\"https:\/\/www.oarcanjo.net\/site\/fazei-o-que-ele-vos-disser\/\",\"url\":\"https:\/\/www.oarcanjo.net\/site\/fazei-o-que-ele-vos-disser\/\",\"name\":\"Fazei o Que Ele Vos Disser - O Arcanjo no ar\",\"isPartOf\":{\"@id\":\"https:\/\/www.oarcanjo.net\/site\/#website\"},\"primaryImageOfPage\":{\"@id\":\"https:\/\/www.oarcanjo.net\/site\/fazei-o-que-ele-vos-disser\/#primaryimage\"},\"image\":{\"@id\":\"https:\/\/www.oarcanjo.net\/site\/fazei-o-que-ele-vos-disser\/#primaryimage\"},\"thumbnailUrl\":\"http:\/\/4.bp.blogspot.com\/-vX05qWqT9ZE\/UPsArINO2WI\/AAAAAAAAV1M\/iM8QfRJ4FOM\/s1600\/Dom+Sergio2.png\",\"datePublished\":\"2013-01-19T20:27:07+00:00\",\"dateModified\":\"2013-01-21T13:28:42+00:00\",\"breadcrumb\":{\"@id\":\"https:\/\/www.oarcanjo.net\/site\/fazei-o-que-ele-vos-disser\/#breadcrumb\"},\"inLanguage\":\"pt-BR\",\"potentialAction\":[{\"@type\":\"ReadAction\",\"target\":[\"https:\/\/www.oarcanjo.net\/site\/fazei-o-que-ele-vos-disser\/\"]}]},{\"@type\":\"ImageObject\",\"inLanguage\":\"pt-BR\",\"@id\":\"https:\/\/www.oarcanjo.net\/site\/fazei-o-que-ele-vos-disser\/#primaryimage\",\"url\":\"http:\/\/4.bp.blogspot.com\/-vX05qWqT9ZE\/UPsArINO2WI\/AAAAAAAAV1M\/iM8QfRJ4FOM\/s1600\/Dom+Sergio2.png\",\"contentUrl\":\"http:\/\/4.bp.blogspot.com\/-vX05qWqT9ZE\/UPsArINO2WI\/AAAAAAAAV1M\/iM8QfRJ4FOM\/s1600\/Dom+Sergio2.png\"},{\"@type\":\"BreadcrumbList\",\"@id\":\"https:\/\/www.oarcanjo.net\/site\/fazei-o-que-ele-vos-disser\/#breadcrumb\",\"itemListElement\":[{\"@type\":\"ListItem\",\"position\":1,\"name\":\"In\u00edcio\",\"item\":\"https:\/\/www.oarcanjo.net\/site\/\"},{\"@type\":\"ListItem\",\"position\":2,\"name\":\"Fazei o Que Ele Vos Disser\"}]},{\"@type\":\"WebSite\",\"@id\":\"https:\/\/www.oarcanjo.net\/site\/#website\",\"url\":\"https:\/\/www.oarcanjo.net\/site\/\",\"name\":\"O Arcanjo no ar\",\"description\":\"Site da Par\u00f3quia S\u00e3o Miguel Arcanjo (Arquidiocese de SP)\",\"publisher\":{\"@id\":\"https:\/\/www.oarcanjo.net\/site\/#organization\"},\"potentialAction\":[{\"@type\":\"SearchAction\",\"target\":{\"@type\":\"EntryPoint\",\"urlTemplate\":\"https:\/\/www.oarcanjo.net\/site\/?s={search_term_string}\"},\"query-input\":{\"@type\":\"PropertyValueSpecification\",\"valueRequired\":true,\"valueName\":\"search_term_string\"}}],\"inLanguage\":\"pt-BR\"},{\"@type\":\"Organization\",\"@id\":\"https:\/\/www.oarcanjo.net\/site\/#organization\",\"name\":\"Par\u00f3quia S\u00e3o Miguel Arcanjo\",\"url\":\"https:\/\/www.oarcanjo.net\/site\/\",\"logo\":{\"@type\":\"ImageObject\",\"inLanguage\":\"pt-BR\",\"@id\":\"https:\/\/www.oarcanjo.net\/site\/#\/schema\/logo\/image\/\",\"url\":\"https:\/\/www.oarcanjo.net\/site\/wp-content\/uploads\/LogoOArcanjo.png\",\"contentUrl\":\"https:\/\/www.oarcanjo.net\/site\/wp-content\/uploads\/LogoOArcanjo.png\",\"width\":319,\"height\":99,\"caption\":\"Par\u00f3quia S\u00e3o Miguel Arcanjo\"},\"image\":{\"@id\":\"https:\/\/www.oarcanjo.net\/site\/#\/schema\/logo\/image\/\"},\"sameAs\":[\"https:\/\/www.facebook.com\/OArcanjoNoAr\/\"]},{\"@type\":\"Person\",\"@id\":\"https:\/\/www.oarcanjo.net\/site\/#\/schema\/person\/58d7f78850a973b8e467c7ae4a7eb4ad\",\"name\":\"pe.geovane\"}]}<\/script>\n<!-- \/ Yoast SEO plugin. -->","yoast_head_json":{"title":"Fazei o Que Ele Vos Disser - O Arcanjo no ar","robots":{"index":"index","follow":"follow","max-snippet":"max-snippet:-1","max-image-preview":"max-image-preview:large","max-video-preview":"max-video-preview:-1"},"canonical":"https:\/\/www.oarcanjo.net\/site\/fazei-o-que-ele-vos-disser\/","og_locale":"pt_BR","og_type":"article","og_title":"Fazei o Que Ele Vos Disser - O Arcanjo no ar","og_description":"Dom Sergio da Rocha* Terminado o tempo do Natal, com a festa do Batismo do Senhor, iniciou-se a primeira semana do Tempo Comum. Por isso, celebramos, hoje, o segundo Domingo do Tempo Comum. \u00c9 importante recordar que este novo tempo lit\u00fargico, o mais longo do ano, caracterizado pela cor verde, recebe este nome, por referir-se [&hellip;]","og_url":"https:\/\/www.oarcanjo.net\/site\/fazei-o-que-ele-vos-disser\/","og_site_name":"O Arcanjo no ar","article_publisher":"https:\/\/www.facebook.com\/OArcanjoNoAr\/","article_published_time":"2013-01-19T20:27:07+00:00","article_modified_time":"2013-01-21T13:28:42+00:00","og_image":[{"url":"http:\/\/4.bp.blogspot.com\/-vX05qWqT9ZE\/UPsArINO2WI\/AAAAAAAAV1M\/iM8QfRJ4FOM\/s1600\/Dom+Sergio2.png"}],"author":"pe.geovane","twitter_card":"summary_large_image","twitter_misc":{"Escrito por":"pe.geovane","Est. tempo de leitura":"2 minutos"},"schema":{"@context":"https:\/\/schema.org","@graph":[{"@type":"Article","@id":"https:\/\/www.oarcanjo.net\/site\/fazei-o-que-ele-vos-disser\/#article","isPartOf":{"@id":"https:\/\/www.oarcanjo.net\/site\/fazei-o-que-ele-vos-disser\/"},"author":{"name":"pe.geovane","@id":"https:\/\/www.oarcanjo.net\/site\/#\/schema\/person\/58d7f78850a973b8e467c7ae4a7eb4ad"},"headline":"Fazei o Que Ele Vos Disser","datePublished":"2013-01-19T20:27:07+00:00","dateModified":"2013-01-21T13:28:42+00:00","mainEntityOfPage":{"@id":"https:\/\/www.oarcanjo.net\/site\/fazei-o-que-ele-vos-disser\/"},"wordCount":492,"commentCount":0,"publisher":{"@id":"https:\/\/www.oarcanjo.net\/site\/#organization"},"image":{"@id":"https:\/\/www.oarcanjo.net\/site\/fazei-o-que-ele-vos-disser\/#primaryimage"},"thumbnailUrl":"http:\/\/4.bp.blogspot.com\/-vX05qWqT9ZE\/UPsArINO2WI\/AAAAAAAAV1M\/iM8QfRJ4FOM\/s1600\/Dom+Sergio2.png","articleSection":["Reflex\u00f5es"],"inLanguage":"pt-BR","potentialAction":[{"@type":"CommentAction","name":"Comment","target":["https:\/\/www.oarcanjo.net\/site\/fazei-o-que-ele-vos-disser\/#respond"]}]},{"@type":"WebPage","@id":"https:\/\/www.oarcanjo.net\/site\/fazei-o-que-ele-vos-disser\/","url":"https:\/\/www.oarcanjo.net\/site\/fazei-o-que-ele-vos-disser\/","name":"Fazei o Que Ele Vos Disser - O Arcanjo no ar","isPartOf":{"@id":"https:\/\/www.oarcanjo.net\/site\/#website"},"primaryImageOfPage":{"@id":"https:\/\/www.oarcanjo.net\/site\/fazei-o-que-ele-vos-disser\/#primaryimage"},"image":{"@id":"https:\/\/www.oarcanjo.net\/site\/fazei-o-que-ele-vos-disser\/#primaryimage"},"thumbnailUrl":"http:\/\/4.bp.blogspot.com\/-vX05qWqT9ZE\/UPsArINO2WI\/AAAAAAAAV1M\/iM8QfRJ4FOM\/s1600\/Dom+Sergio2.png","datePublished":"2013-01-19T20:27:07+00:00","dateModified":"2013-01-21T13:28:42+00:00","breadcrumb":{"@id":"https:\/\/www.oarcanjo.net\/site\/fazei-o-que-ele-vos-disser\/#breadcrumb"},"inLanguage":"pt-BR","potentialAction":[{"@type":"ReadAction","target":["https:\/\/www.oarcanjo.net\/site\/fazei-o-que-ele-vos-disser\/"]}]},{"@type":"ImageObject","inLanguage":"pt-BR","@id":"https:\/\/www.oarcanjo.net\/site\/fazei-o-que-ele-vos-disser\/#primaryimage","url":"http:\/\/4.bp.blogspot.com\/-vX05qWqT9ZE\/UPsArINO2WI\/AAAAAAAAV1M\/iM8QfRJ4FOM\/s1600\/Dom+Sergio2.png","contentUrl":"http:\/\/4.bp.blogspot.com\/-vX05qWqT9ZE\/UPsArINO2WI\/AAAAAAAAV1M\/iM8QfRJ4FOM\/s1600\/Dom+Sergio2.png"},{"@type":"BreadcrumbList","@id":"https:\/\/www.oarcanjo.net\/site\/fazei-o-que-ele-vos-disser\/#breadcrumb","itemListElement":[{"@type":"ListItem","position":1,"name":"In\u00edcio","item":"https:\/\/www.oarcanjo.net\/site\/"},{"@type":"ListItem","position":2,"name":"Fazei o Que Ele Vos Disser"}]},{"@type":"WebSite","@id":"https:\/\/www.oarcanjo.net\/site\/#website","url":"https:\/\/www.oarcanjo.net\/site\/","name":"O Arcanjo no ar","description":"Site da Par\u00f3quia S\u00e3o Miguel Arcanjo (Arquidiocese de SP)","publisher":{"@id":"https:\/\/www.oarcanjo.net\/site\/#organization"},"potentialAction":[{"@type":"SearchAction","target":{"@type":"EntryPoint","urlTemplate":"https:\/\/www.oarcanjo.net\/site\/?s={search_term_string}"},"query-input":{"@type":"PropertyValueSpecification","valueRequired":true,"valueName":"search_term_string"}}],"inLanguage":"pt-BR"},{"@type":"Organization","@id":"https:\/\/www.oarcanjo.net\/site\/#organization","name":"Par\u00f3quia S\u00e3o Miguel Arcanjo","url":"https:\/\/www.oarcanjo.net\/site\/","logo":{"@type":"ImageObject","inLanguage":"pt-BR","@id":"https:\/\/www.oarcanjo.net\/site\/#\/schema\/logo\/image\/","url":"https:\/\/www.oarcanjo.net\/site\/wp-content\/uploads\/LogoOArcanjo.png","contentUrl":"https:\/\/www.oarcanjo.net\/site\/wp-content\/uploads\/LogoOArcanjo.png","width":319,"height":99,"caption":"Par\u00f3quia S\u00e3o Miguel Arcanjo"},"image":{"@id":"https:\/\/www.oarcanjo.net\/site\/#\/schema\/logo\/image\/"},"sameAs":["https:\/\/www.facebook.com\/OArcanjoNoAr\/"]},{"@type":"Person","@id":"https:\/\/www.oarcanjo.net\/site\/#\/schema\/person\/58d7f78850a973b8e467c7ae4a7eb4ad","name":"pe.geovane"}]}},"publishpress_future_action":{"enabled":false,"date":"2026-05-09 07:25:35","action":"category","newStatus":"draft","terms":[],"taxonomy":"category"},"publishpress_future_workflow_manual_trigger":{"enabledWorkflows":[]},"_links":{"self":[{"href":"https:\/\/www.oarcanjo.net\/site\/wp-json\/wp\/v2\/posts\/20693"}],"collection":[{"href":"https:\/\/www.oarcanjo.net\/site\/wp-json\/wp\/v2\/posts"}],"about":[{"href":"https:\/\/www.oarcanjo.net\/site\/wp-json\/wp\/v2\/types\/post"}],"author":[{"embeddable":true,"href":"https:\/\/www.oarcanjo.net\/site\/wp-json\/wp\/v2\/users\/17"}],"replies":[{"embeddable":true,"href":"https:\/\/www.oarcanjo.net\/site\/wp-json\/wp\/v2\/comments?post=20693"}],"version-history":[{"count":0,"href":"https:\/\/www.oarcanjo.net\/site\/wp-json\/wp\/v2\/posts\/20693\/revisions"}],"wp:attachment":[{"href":"https:\/\/www.oarcanjo.net\/site\/wp-json\/wp\/v2\/media?parent=20693"}],"wp:term":[{"taxonomy":"category","embeddable":true,"href":"https:\/\/www.oarcanjo.net\/site\/wp-json\/wp\/v2\/categories?post=20693"},{"taxonomy":"post_tag","embeddable":true,"href":"https:\/\/www.oarcanjo.net\/site\/wp-json\/wp\/v2\/tags?post=20693"}],"curies":[{"name":"wp","href":"https:\/\/api.w.org\/{rel}","templated":true}]}}