
{"id":20698,"date":"2013-01-20T16:22:10","date_gmt":"2013-01-20T18:22:10","guid":{"rendered":"http:\/\/www.oarcanjo.net\/site\/?p=20698"},"modified":"2013-01-21T11:27:25","modified_gmt":"2013-01-21T13:27:25","slug":"em-emaus-vida-e-esperanca","status":"publish","type":"post","link":"https:\/\/www.oarcanjo.net\/site\/em-emaus-vida-e-esperanca\/","title":{"rendered":"Em Ema\u00fas, vida e esperan\u00e7a!"},"content":{"rendered":"<p>Padre Geovane Saraiva*<br \/>\n<img loading=\"lazy\" decoding=\"async\" src=\"http:\/\/www.oarcanjo.net\/site\/wp-content\/uploads\/geovane2-148x150.png\" alt=\"\" width=\"148\" height=\"150\" \/><\/p>\n<p>A ressurrei\u00e7\u00e3o \u00e9 a grande verdade que mexe com a nossa vida, assim como sucedeu com as comunidades no in\u00edcio do cristianismo. \u00c9 a alegria a invadir toda nossa exist\u00eancia, ao mesmo tempo em que se renova a nossa esperan\u00e7a, trazendo-nos um novo sentido, certos de que, pela a gra\u00e7a do ressuscitado, experimentamos a certeza da plenitude em Deus, dom maior.<\/p>\n<p>O Evangelho dos disc\u00edpulos de Ema\u00fas tem a sua parte central, na explica\u00e7\u00e3o das Escrituras e no an\u00fancio da ressurrei\u00e7\u00e3o, pelo pr\u00f3prio Jesus ressuscitado, tornando-se nosso irm\u00e3o, amigo e companheiro de caminhada, revelando sua morte e o triunfo da ressurrei\u00e7\u00e3o.<\/p>\n<p>Ele, ficando conosco, \u00e9 aquele que comunica e partilha a vida. \u00c9 aquele que constantemente est\u00e1 ao nosso lado, nas alegrias, nas tristezas e nos desafios da vida, amando cada pessoa eternamente, parte integrante de sua obra criadora e redentora.<\/p>\n<p>Jesus desceu do c\u00e9u e veio morar entre n\u00f3s, desejando revelar a vontade do Pai, ao entrar em contato conosco. Ele n\u00e3o quer s\u00f3 conversar conosco, mas demonstrar toda for\u00e7a do seu amor infinito para conosco, oferecendo toda sua amizade e dando a sua vida pela nossa realiza\u00e7\u00e3o plena, a nossa salva\u00e7\u00e3o.<\/p>\n<p>A exemplo dos disc\u00edpulos de Ema\u00fas, muitas vezes ficamos desiludidos, pensativos, tristes e desanimados, como se a vida n\u00e3o tivesse mais sentido. Mas Cristo, um an\u00f4nimo e estranho viajante tornou-se companheiro de caminhada. A presen\u00e7a de Jesus causou no cora\u00e7\u00e3o deles algo diferente. \u00c9 algo t\u00e3o forte, a provocar-lhes uma mudan\u00e7a radical de vida.<\/p>\n<p>Eles sentiram a necessidade de retornar para junto dos outros e contar a maravilhosa novidade: O Senhor est\u00e1 vivo! N\u00f3s o vimos! Ele nos falou das Escrituras e comeu o P\u00e3o conosco. Nosso cora\u00e7\u00e3o ardia pelo caminho<\/p>\n<p>(cf. Lc 24,13-35).<\/p>\n<p>O cora\u00e7\u00e3o deles ardia, consumia-se em chamas e inflamava-se de amor, porque ele \u00e9 eterno e nele est\u00e1 o sentido da vida, com suas motiva\u00e7\u00f5es. Jesus Ressuscitado, que os disc\u00edpulos reconhecem ao partir o p\u00e3o, quer ficar conosco, quer abrir nossos olhos e ficar no nosso meio, caminhado com o seu povo, com sua querida gente.<\/p>\n<p>Ema\u00fas hoje \u00e9 a nossa comunidade, \u00e9 o nosso dia-a-dia. Muitas vezes n\u00e3o reconhecemos Jesus nos caminhos da nossa vida e n\u00e3o acreditamos que ele est\u00e1 ao nosso lado. Tamb\u00e9m n\u00e3o acreditamos que ele ressuscitou de verdade. Mas ao mesmo tempo temos um profundo desejo que ele venha ao nosso encontro, animar os desanimados. Quando ser\u00e1 que o nosso cora\u00e7\u00e3o ir\u00e1 arder em profundidade com a sua presen\u00e7a?<\/p>\n<p>Falar com o Senhor ressuscitado, ouvir falar do Senhor ressuscitado \u00e9 bom danais! Ele quer ser consolo para nossas vidas, for\u00e7a nas nossas dificuldades, luz a iluminar nossos caminhos. E, sobretudo, abrir nossos olhos e fazer arder nossos cora\u00e7\u00f5es.<\/p>\n<p>Jesus \u00e9 aquele que caminha com a humanidade, revelando o sentido de sua morte e da vit\u00f3ria da vida, isto \u00e9, a ressurrei\u00e7\u00e3o. Foi enviado ao mundo para que o homem possa salvar-se. A criatura humana precisa sempre mais compreender que o ressuscitado, caminhando conosco, quer sempre est\u00e1 ao nosso lado, a partir das situa\u00e7\u00f5es da vida, as mais exigentes e dif\u00edceis.<\/p>\n<p>Que a experi\u00eancia da P\u00e1scoa arde de verdade os nossos cora\u00e7\u00f5es ao reconhecermos, pela nossa f\u00e9, os seus dons e favores. Na verdade o Senhor ressuscitou! Que saibamos sempre repetir, a exemplo dos disc\u00edpulos, no caminho de Ema\u00fas: fica conosco, Senhor!<\/p>\n<p><em>*Padre da Arquidiocese de Fortaleza, escritor, membro da Academia de Letras dos Munic\u00edpios do Estado Cear\u00e1 (ALMECE), e da Academia Metropolitana de Letras de Fortaleza.<\/em><br \/>\n<em>P\u00e1roco de Santo Afonso<\/em><br \/>\n<em><a href=\"mailto:geovanesaraiva@gmail.com\">geovanesaraiva@gmail.com<\/a><\/em><br \/>\n<strong>Autor dos livros:<\/strong><br \/>\n<strong>\u201cO peregrino da Paz\u201d e \u201cNascido Para as Coisas Maiores\u201d (centen\u00e1rio de Dom Helder C\u00e2mara);<\/strong><br \/>\n<strong>\u201cA Ternura de um Pastor\u201d &#8211; 2\u00aa Edi\u00e7\u00e3o (homenagem ao Cardeal Lorscheider);<\/strong><br \/>\n<strong>\u201cA Esperan\u00e7a Tem Nome\u201d (espiritualidade e compromisso);<\/strong><br \/>\n<strong>&#8220;Dom Helder: sonhos e utopias&#8221; (o pastor dos empobrecidos).<\/strong><\/div>\n<p>Postado por\u00a0<a title=\"author profile\" rel=\"author\" href=\"http:\/\/www.blogger.com\/profile\/12037961757835243213\">Par\u00f3quia de Santo Afonso<\/a><\/p>\n<div id=\"themify_builder_content-20698\" data-postid=\"20698\" class=\"themify_builder_content themify_builder_content-20698 themify_builder themify_builder_front\">\n\t<\/div>\n<!-- \/themify_builder_content -->","protected":false},"excerpt":{"rendered":"<p>Padre Geovane Saraiva* A ressurrei\u00e7\u00e3o \u00e9 a grande verdade que mexe com a nossa vida, assim como sucedeu com as comunidades no in\u00edcio do cristianismo. \u00c9 a alegria a invadir toda nossa exist\u00eancia, ao mesmo tempo em que se renova a nossa esperan\u00e7a, trazendo-nos um novo sentido, certos de que, pela a gra\u00e7a do ressuscitado, [&hellip;]<\/p>\n","protected":false},"author":17,"featured_media":0,"comment_status":"open","ping_status":"open","sticky":false,"template":"","format":"standard","meta":{"ngg_post_thumbnail":0,"footnotes":""},"categories":[9],"tags":[],"yoast_head":"<!-- This site is optimized with the Yoast SEO plugin v23.5 - https:\/\/yoast.com\/wordpress\/plugins\/seo\/ -->\n<title>Em Ema\u00fas, vida e esperan\u00e7a! - O Arcanjo no ar<\/title>\n<meta name=\"robots\" content=\"index, follow, max-snippet:-1, max-image-preview:large, max-video-preview:-1\" \/>\n<link rel=\"canonical\" href=\"https:\/\/www.oarcanjo.net\/site\/em-emaus-vida-e-esperanca\/\" \/>\n<meta property=\"og:locale\" content=\"pt_BR\" \/>\n<meta property=\"og:type\" content=\"article\" \/>\n<meta property=\"og:title\" content=\"Em Ema\u00fas, vida e esperan\u00e7a! - O Arcanjo no ar\" \/>\n<meta property=\"og:description\" content=\"Padre Geovane Saraiva* A ressurrei\u00e7\u00e3o \u00e9 a grande verdade que mexe com a nossa vida, assim como sucedeu com as comunidades no in\u00edcio do cristianismo. \u00c9 a alegria a invadir toda nossa exist\u00eancia, ao mesmo tempo em que se renova a nossa esperan\u00e7a, trazendo-nos um novo sentido, certos de que, pela a gra\u00e7a do ressuscitado, [&hellip;]\" \/>\n<meta property=\"og:url\" content=\"https:\/\/www.oarcanjo.net\/site\/em-emaus-vida-e-esperanca\/\" \/>\n<meta property=\"og:site_name\" content=\"O Arcanjo no ar\" \/>\n<meta property=\"article:publisher\" content=\"https:\/\/www.facebook.com\/OArcanjoNoAr\/\" \/>\n<meta property=\"article:published_time\" content=\"2013-01-20T18:22:10+00:00\" \/>\n<meta property=\"article:modified_time\" content=\"2013-01-21T13:27:25+00:00\" \/>\n<meta property=\"og:image\" content=\"http:\/\/www.oarcanjo.net\/site\/wp-content\/uploads\/geovane2-148x150.png\" \/>\n<meta name=\"author\" content=\"pe.geovane\" \/>\n<meta name=\"twitter:card\" content=\"summary_large_image\" \/>\n<meta name=\"twitter:label1\" content=\"Escrito por\" \/>\n\t<meta name=\"twitter:data1\" content=\"pe.geovane\" \/>\n\t<meta name=\"twitter:label2\" content=\"Est. tempo de leitura\" \/>\n\t<meta name=\"twitter:data2\" content=\"3 minutos\" \/>\n<script type=\"application\/ld+json\" class=\"yoast-schema-graph\">{\"@context\":\"https:\/\/schema.org\",\"@graph\":[{\"@type\":\"Article\",\"@id\":\"https:\/\/www.oarcanjo.net\/site\/em-emaus-vida-e-esperanca\/#article\",\"isPartOf\":{\"@id\":\"https:\/\/www.oarcanjo.net\/site\/em-emaus-vida-e-esperanca\/\"},\"author\":{\"name\":\"pe.geovane\",\"@id\":\"https:\/\/www.oarcanjo.net\/site\/#\/schema\/person\/58d7f78850a973b8e467c7ae4a7eb4ad\"},\"headline\":\"Em Ema\u00fas, vida e esperan\u00e7a!\",\"datePublished\":\"2013-01-20T18:22:10+00:00\",\"dateModified\":\"2013-01-21T13:27:25+00:00\",\"mainEntityOfPage\":{\"@id\":\"https:\/\/www.oarcanjo.net\/site\/em-emaus-vida-e-esperanca\/\"},\"wordCount\":694,\"commentCount\":0,\"publisher\":{\"@id\":\"https:\/\/www.oarcanjo.net\/site\/#organization\"},\"image\":{\"@id\":\"https:\/\/www.oarcanjo.net\/site\/em-emaus-vida-e-esperanca\/#primaryimage\"},\"thumbnailUrl\":\"http:\/\/www.oarcanjo.net\/site\/wp-content\/uploads\/geovane2-148x150.png\",\"articleSection\":[\"Reflex\u00f5es\"],\"inLanguage\":\"pt-BR\",\"potentialAction\":[{\"@type\":\"CommentAction\",\"name\":\"Comment\",\"target\":[\"https:\/\/www.oarcanjo.net\/site\/em-emaus-vida-e-esperanca\/#respond\"]}]},{\"@type\":\"WebPage\",\"@id\":\"https:\/\/www.oarcanjo.net\/site\/em-emaus-vida-e-esperanca\/\",\"url\":\"https:\/\/www.oarcanjo.net\/site\/em-emaus-vida-e-esperanca\/\",\"name\":\"Em Ema\u00fas, vida e esperan\u00e7a! - O Arcanjo no ar\",\"isPartOf\":{\"@id\":\"https:\/\/www.oarcanjo.net\/site\/#website\"},\"primaryImageOfPage\":{\"@id\":\"https:\/\/www.oarcanjo.net\/site\/em-emaus-vida-e-esperanca\/#primaryimage\"},\"image\":{\"@id\":\"https:\/\/www.oarcanjo.net\/site\/em-emaus-vida-e-esperanca\/#primaryimage\"},\"thumbnailUrl\":\"http:\/\/www.oarcanjo.net\/site\/wp-content\/uploads\/geovane2-148x150.png\",\"datePublished\":\"2013-01-20T18:22:10+00:00\",\"dateModified\":\"2013-01-21T13:27:25+00:00\",\"breadcrumb\":{\"@id\":\"https:\/\/www.oarcanjo.net\/site\/em-emaus-vida-e-esperanca\/#breadcrumb\"},\"inLanguage\":\"pt-BR\",\"potentialAction\":[{\"@type\":\"ReadAction\",\"target\":[\"https:\/\/www.oarcanjo.net\/site\/em-emaus-vida-e-esperanca\/\"]}]},{\"@type\":\"ImageObject\",\"inLanguage\":\"pt-BR\",\"@id\":\"https:\/\/www.oarcanjo.net\/site\/em-emaus-vida-e-esperanca\/#primaryimage\",\"url\":\"https:\/\/www.oarcanjo.net\/site\/wp-content\/uploads\/geovane2.png\",\"contentUrl\":\"https:\/\/www.oarcanjo.net\/site\/wp-content\/uploads\/geovane2.png\",\"width\":\"148\",\"height\":\"184\"},{\"@type\":\"BreadcrumbList\",\"@id\":\"https:\/\/www.oarcanjo.net\/site\/em-emaus-vida-e-esperanca\/#breadcrumb\",\"itemListElement\":[{\"@type\":\"ListItem\",\"position\":1,\"name\":\"In\u00edcio\",\"item\":\"https:\/\/www.oarcanjo.net\/site\/\"},{\"@type\":\"ListItem\",\"position\":2,\"name\":\"Em Ema\u00fas, vida e esperan\u00e7a!\"}]},{\"@type\":\"WebSite\",\"@id\":\"https:\/\/www.oarcanjo.net\/site\/#website\",\"url\":\"https:\/\/www.oarcanjo.net\/site\/\",\"name\":\"O Arcanjo no ar\",\"description\":\"Site da Par\u00f3quia S\u00e3o Miguel Arcanjo (Arquidiocese de SP)\",\"publisher\":{\"@id\":\"https:\/\/www.oarcanjo.net\/site\/#organization\"},\"potentialAction\":[{\"@type\":\"SearchAction\",\"target\":{\"@type\":\"EntryPoint\",\"urlTemplate\":\"https:\/\/www.oarcanjo.net\/site\/?s={search_term_string}\"},\"query-input\":{\"@type\":\"PropertyValueSpecification\",\"valueRequired\":true,\"valueName\":\"search_term_string\"}}],\"inLanguage\":\"pt-BR\"},{\"@type\":\"Organization\",\"@id\":\"https:\/\/www.oarcanjo.net\/site\/#organization\",\"name\":\"Par\u00f3quia S\u00e3o Miguel Arcanjo\",\"url\":\"https:\/\/www.oarcanjo.net\/site\/\",\"logo\":{\"@type\":\"ImageObject\",\"inLanguage\":\"pt-BR\",\"@id\":\"https:\/\/www.oarcanjo.net\/site\/#\/schema\/logo\/image\/\",\"url\":\"https:\/\/www.oarcanjo.net\/site\/wp-content\/uploads\/LogoOArcanjo.png\",\"contentUrl\":\"https:\/\/www.oarcanjo.net\/site\/wp-content\/uploads\/LogoOArcanjo.png\",\"width\":319,\"height\":99,\"caption\":\"Par\u00f3quia S\u00e3o Miguel Arcanjo\"},\"image\":{\"@id\":\"https:\/\/www.oarcanjo.net\/site\/#\/schema\/logo\/image\/\"},\"sameAs\":[\"https:\/\/www.facebook.com\/OArcanjoNoAr\/\"]},{\"@type\":\"Person\",\"@id\":\"https:\/\/www.oarcanjo.net\/site\/#\/schema\/person\/58d7f78850a973b8e467c7ae4a7eb4ad\",\"name\":\"pe.geovane\"}]}<\/script>\n<!-- \/ Yoast SEO plugin. -->","yoast_head_json":{"title":"Em Ema\u00fas, vida e esperan\u00e7a! - O Arcanjo no ar","robots":{"index":"index","follow":"follow","max-snippet":"max-snippet:-1","max-image-preview":"max-image-preview:large","max-video-preview":"max-video-preview:-1"},"canonical":"https:\/\/www.oarcanjo.net\/site\/em-emaus-vida-e-esperanca\/","og_locale":"pt_BR","og_type":"article","og_title":"Em Ema\u00fas, vida e esperan\u00e7a! - O Arcanjo no ar","og_description":"Padre Geovane Saraiva* A ressurrei\u00e7\u00e3o \u00e9 a grande verdade que mexe com a nossa vida, assim como sucedeu com as comunidades no in\u00edcio do cristianismo. \u00c9 a alegria a invadir toda nossa exist\u00eancia, ao mesmo tempo em que se renova a nossa esperan\u00e7a, trazendo-nos um novo sentido, certos de que, pela a gra\u00e7a do ressuscitado, [&hellip;]","og_url":"https:\/\/www.oarcanjo.net\/site\/em-emaus-vida-e-esperanca\/","og_site_name":"O Arcanjo no ar","article_publisher":"https:\/\/www.facebook.com\/OArcanjoNoAr\/","article_published_time":"2013-01-20T18:22:10+00:00","article_modified_time":"2013-01-21T13:27:25+00:00","og_image":[{"url":"http:\/\/www.oarcanjo.net\/site\/wp-content\/uploads\/geovane2-148x150.png"}],"author":"pe.geovane","twitter_card":"summary_large_image","twitter_misc":{"Escrito por":"pe.geovane","Est. tempo de leitura":"3 minutos"},"schema":{"@context":"https:\/\/schema.org","@graph":[{"@type":"Article","@id":"https:\/\/www.oarcanjo.net\/site\/em-emaus-vida-e-esperanca\/#article","isPartOf":{"@id":"https:\/\/www.oarcanjo.net\/site\/em-emaus-vida-e-esperanca\/"},"author":{"name":"pe.geovane","@id":"https:\/\/www.oarcanjo.net\/site\/#\/schema\/person\/58d7f78850a973b8e467c7ae4a7eb4ad"},"headline":"Em Ema\u00fas, vida e esperan\u00e7a!","datePublished":"2013-01-20T18:22:10+00:00","dateModified":"2013-01-21T13:27:25+00:00","mainEntityOfPage":{"@id":"https:\/\/www.oarcanjo.net\/site\/em-emaus-vida-e-esperanca\/"},"wordCount":694,"commentCount":0,"publisher":{"@id":"https:\/\/www.oarcanjo.net\/site\/#organization"},"image":{"@id":"https:\/\/www.oarcanjo.net\/site\/em-emaus-vida-e-esperanca\/#primaryimage"},"thumbnailUrl":"http:\/\/www.oarcanjo.net\/site\/wp-content\/uploads\/geovane2-148x150.png","articleSection":["Reflex\u00f5es"],"inLanguage":"pt-BR","potentialAction":[{"@type":"CommentAction","name":"Comment","target":["https:\/\/www.oarcanjo.net\/site\/em-emaus-vida-e-esperanca\/#respond"]}]},{"@type":"WebPage","@id":"https:\/\/www.oarcanjo.net\/site\/em-emaus-vida-e-esperanca\/","url":"https:\/\/www.oarcanjo.net\/site\/em-emaus-vida-e-esperanca\/","name":"Em Ema\u00fas, vida e esperan\u00e7a! - O Arcanjo no ar","isPartOf":{"@id":"https:\/\/www.oarcanjo.net\/site\/#website"},"primaryImageOfPage":{"@id":"https:\/\/www.oarcanjo.net\/site\/em-emaus-vida-e-esperanca\/#primaryimage"},"image":{"@id":"https:\/\/www.oarcanjo.net\/site\/em-emaus-vida-e-esperanca\/#primaryimage"},"thumbnailUrl":"http:\/\/www.oarcanjo.net\/site\/wp-content\/uploads\/geovane2-148x150.png","datePublished":"2013-01-20T18:22:10+00:00","dateModified":"2013-01-21T13:27:25+00:00","breadcrumb":{"@id":"https:\/\/www.oarcanjo.net\/site\/em-emaus-vida-e-esperanca\/#breadcrumb"},"inLanguage":"pt-BR","potentialAction":[{"@type":"ReadAction","target":["https:\/\/www.oarcanjo.net\/site\/em-emaus-vida-e-esperanca\/"]}]},{"@type":"ImageObject","inLanguage":"pt-BR","@id":"https:\/\/www.oarcanjo.net\/site\/em-emaus-vida-e-esperanca\/#primaryimage","url":"https:\/\/www.oarcanjo.net\/site\/wp-content\/uploads\/geovane2.png","contentUrl":"https:\/\/www.oarcanjo.net\/site\/wp-content\/uploads\/geovane2.png","width":"148","height":"184"},{"@type":"BreadcrumbList","@id":"https:\/\/www.oarcanjo.net\/site\/em-emaus-vida-e-esperanca\/#breadcrumb","itemListElement":[{"@type":"ListItem","position":1,"name":"In\u00edcio","item":"https:\/\/www.oarcanjo.net\/site\/"},{"@type":"ListItem","position":2,"name":"Em Ema\u00fas, vida e esperan\u00e7a!"}]},{"@type":"WebSite","@id":"https:\/\/www.oarcanjo.net\/site\/#website","url":"https:\/\/www.oarcanjo.net\/site\/","name":"O Arcanjo no ar","description":"Site da Par\u00f3quia S\u00e3o Miguel Arcanjo (Arquidiocese de SP)","publisher":{"@id":"https:\/\/www.oarcanjo.net\/site\/#organization"},"potentialAction":[{"@type":"SearchAction","target":{"@type":"EntryPoint","urlTemplate":"https:\/\/www.oarcanjo.net\/site\/?s={search_term_string}"},"query-input":{"@type":"PropertyValueSpecification","valueRequired":true,"valueName":"search_term_string"}}],"inLanguage":"pt-BR"},{"@type":"Organization","@id":"https:\/\/www.oarcanjo.net\/site\/#organization","name":"Par\u00f3quia S\u00e3o Miguel Arcanjo","url":"https:\/\/www.oarcanjo.net\/site\/","logo":{"@type":"ImageObject","inLanguage":"pt-BR","@id":"https:\/\/www.oarcanjo.net\/site\/#\/schema\/logo\/image\/","url":"https:\/\/www.oarcanjo.net\/site\/wp-content\/uploads\/LogoOArcanjo.png","contentUrl":"https:\/\/www.oarcanjo.net\/site\/wp-content\/uploads\/LogoOArcanjo.png","width":319,"height":99,"caption":"Par\u00f3quia S\u00e3o Miguel Arcanjo"},"image":{"@id":"https:\/\/www.oarcanjo.net\/site\/#\/schema\/logo\/image\/"},"sameAs":["https:\/\/www.facebook.com\/OArcanjoNoAr\/"]},{"@type":"Person","@id":"https:\/\/www.oarcanjo.net\/site\/#\/schema\/person\/58d7f78850a973b8e467c7ae4a7eb4ad","name":"pe.geovane"}]}},"publishpress_future_action":{"enabled":false,"date":"2026-05-09 05:54:58","action":"category","newStatus":"draft","terms":[],"taxonomy":"category"},"publishpress_future_workflow_manual_trigger":{"enabledWorkflows":[]},"_links":{"self":[{"href":"https:\/\/www.oarcanjo.net\/site\/wp-json\/wp\/v2\/posts\/20698"}],"collection":[{"href":"https:\/\/www.oarcanjo.net\/site\/wp-json\/wp\/v2\/posts"}],"about":[{"href":"https:\/\/www.oarcanjo.net\/site\/wp-json\/wp\/v2\/types\/post"}],"author":[{"embeddable":true,"href":"https:\/\/www.oarcanjo.net\/site\/wp-json\/wp\/v2\/users\/17"}],"replies":[{"embeddable":true,"href":"https:\/\/www.oarcanjo.net\/site\/wp-json\/wp\/v2\/comments?post=20698"}],"version-history":[{"count":0,"href":"https:\/\/www.oarcanjo.net\/site\/wp-json\/wp\/v2\/posts\/20698\/revisions"}],"wp:attachment":[{"href":"https:\/\/www.oarcanjo.net\/site\/wp-json\/wp\/v2\/media?parent=20698"}],"wp:term":[{"taxonomy":"category","embeddable":true,"href":"https:\/\/www.oarcanjo.net\/site\/wp-json\/wp\/v2\/categories?post=20698"},{"taxonomy":"post_tag","embeddable":true,"href":"https:\/\/www.oarcanjo.net\/site\/wp-json\/wp\/v2\/tags?post=20698"}],"curies":[{"name":"wp","href":"https:\/\/api.w.org\/{rel}","templated":true}]}}