
{"id":20703,"date":"2013-01-20T20:56:49","date_gmt":"2013-01-20T22:56:49","guid":{"rendered":"http:\/\/www.oarcanjo.net\/site\/?p=20703"},"modified":"2013-01-23T19:07:50","modified_gmt":"2013-01-23T21:07:50","slug":"batizados-de-janeiro-de-2013","status":"publish","type":"post","link":"https:\/\/www.oarcanjo.net\/site\/batizados-de-janeiro-de-2013\/","title":{"rendered":"Batizados de Janeiro de 2013"},"content":{"rendered":"<p style=\"text-align: justify;\"><strong>Domingo de muitas emo\u00e7\u00f5es. Quando o Evangelho nos coloca nas bodas de Cana, vemos o casamento de Jesus com a Comunidade. O casamento nos leva para a fam\u00edlia e dela os filhos que hoje foram batizados, \u00a0seis crian\u00e7as pouco antes da missa das dez horas\u00a0na Capela da Universidade S\u00e3o Judas Tadeu. <\/strong><\/p>\n<p style=\"text-align: justify;\"><strong>Foram batizados, ent\u00e3o, \u00a0a Bianca Verzimiase Guyurkorvitz, Breno Ryan Soares Lopes, C\u00e9sar Genovesi Colla Andrade Silva, Isabela Souza Lopes, Manuela Grosso Baptista e o Thierry Gustavo Gomes Bandeira. <\/strong><\/p>\n<p style=\"text-align: justify;\"><strong>Tamb\u00e9m durante a missa tivemos a\u00a0 legitima\u00e7\u00e3o do casal de agricultores, Antonio Ferreira de Lima com 67 anos e da Jacir da Silva Lima (ela com 65 anos), casados no civil por 43 anos, que tinham \u00a0a motiva\u00e7\u00e3o maior de se receberem no sacramento para comungarem na sagrada Eucaristia. Casaram no religioso cercado dos filhos que moram aqui em\u00a0S\u00e3o Paulo \u00a0e dos\u00a0netos\u00a0 e muitos amigos. Toda a lembran\u00e7a de Palmeiras dos \u00cdndios\u00a0de Alagoas. <\/strong><\/p>\n<p style=\"text-align: justify;\"><strong>Uma celebra\u00e7\u00e3o de muitas emo\u00e7\u00f5es. Al\u00e9m dos batizados, da legitima\u00e7\u00e3o do casamento, tamb\u00e9m a presen\u00e7a do jovem\u00a0 engenheiro Cristiano de Campinas (amigo do Pe Julio no twiter), do Jonata e outros acolhidos da Casa Nossa Senhora da Salete, das irm\u00e3s da Toca de Assis que igualmente acolhem mulheres sofredoras de rua, e n\u00e3o menos especial, do Di\u00e1cono Jos\u00e9 Raimundo da Prelazia de S\u00e3o F\u00e9lix do Araguaia. Neste domingo a celebra\u00e7\u00e3o de 18 anos do falecimento \u00a0do Prof. Alberto Mesquita, fundador com a Prof\u00aa Alzira, do Col\u00e9gio e da Universidade S\u00e3o Judas Tadeu.<\/strong><\/p>\n<p><strong>A m\u00fasica Ora\u00e7\u00e3o pela Fam\u00edlia do Padre Z\u00e9zinho foi cantada pela S\u00f4nia. No final o pedido de b\u00ean\u00e7\u00e3os das fam\u00edlias.<\/strong><\/p>\n<p style=\"text-align: justify;\"><strong>Junto com o Di\u00e1cono Jos\u00e9 Raimundo, sua esposa Rita de C\u00e1ssia, que o anima na caminhada e suporte para todas as atividades na regi\u00e3o de S\u00e3o F\u00e9lix do Araguaia. Com eles as filhas que residem em S\u00e3o Paulo, a Dandara e a Nayara. Muita lembran\u00e7a de Dom Pedro Casald\u00e1glia, em especial o momento de um retiro com os Padres aqui de S\u00e3o Paulo, onde igualmente estavam presentes Dom Ang\u00e9lico S\u00e2ndalo e Dom Luciano Mendes de Almeida. <\/strong><\/p>\n<p><strong>No final da missa, acompanhamos a Prof. Alzira na coloca\u00e7\u00e3o de flores na est\u00e1tua do Prof. Mesquita.<\/strong><\/p>\n<p><strong>Vejam as fotos: ngg_shortcode_0_placeholder<\/strong><\/p>\n<div id=\"themify_builder_content-20703\" data-postid=\"20703\" class=\"themify_builder_content themify_builder_content-20703 themify_builder themify_builder_front\">\n\t<\/div>\n<!-- \/themify_builder_content -->","protected":false},"excerpt":{"rendered":"<p>Domingo de muitas emo\u00e7\u00f5es. Quando o Evangelho nos coloca nas bodas de Cana, vemos o casamento de Jesus com a Comunidade. O casamento nos leva para a fam\u00edlia e dela os filhos que hoje foram batizados, \u00a0seis crian\u00e7as pouco antes da missa das dez horas\u00a0na Capela da Universidade S\u00e3o Judas Tadeu. Foram batizados, ent\u00e3o, \u00a0a [&hellip;]<\/p>\n","protected":false},"author":10,"featured_media":0,"comment_status":"open","ping_status":"open","sticky":false,"template":"","format":"standard","meta":{"ngg_post_thumbnail":0,"footnotes":""},"categories":[8,7],"tags":[2377],"yoast_head":"<!-- This site is optimized with the Yoast SEO plugin v23.5 - https:\/\/yoast.com\/wordpress\/plugins\/seo\/ -->\n<title>Batizados de Janeiro de 2013 - O Arcanjo no ar<\/title>\n<meta name=\"robots\" content=\"index, follow, max-snippet:-1, max-image-preview:large, max-video-preview:-1\" \/>\n<link rel=\"canonical\" href=\"https:\/\/www.oarcanjo.net\/site\/batizados-de-janeiro-de-2013\/\" \/>\n<meta property=\"og:locale\" content=\"pt_BR\" \/>\n<meta property=\"og:type\" content=\"article\" \/>\n<meta property=\"og:title\" content=\"Batizados de Janeiro de 2013 - O Arcanjo no ar\" \/>\n<meta property=\"og:description\" content=\"Domingo de muitas emo\u00e7\u00f5es. Quando o Evangelho nos coloca nas bodas de Cana, vemos o casamento de Jesus com a Comunidade. O casamento nos leva para a fam\u00edlia e dela os filhos que hoje foram batizados, \u00a0seis crian\u00e7as pouco antes da missa das dez horas\u00a0na Capela da Universidade S\u00e3o Judas Tadeu. Foram batizados, ent\u00e3o, \u00a0a [&hellip;]\" \/>\n<meta property=\"og:url\" content=\"https:\/\/www.oarcanjo.net\/site\/batizados-de-janeiro-de-2013\/\" \/>\n<meta property=\"og:site_name\" content=\"O Arcanjo no ar\" \/>\n<meta property=\"article:publisher\" content=\"https:\/\/www.facebook.com\/OArcanjoNoAr\/\" \/>\n<meta property=\"article:published_time\" content=\"2013-01-20T22:56:49+00:00\" \/>\n<meta property=\"article:modified_time\" content=\"2013-01-23T21:07:50+00:00\" \/>\n<meta property=\"og:image\" content=\"https:\/\/www.oarcanjo.net\/site\/wp-content\/uploads\/logo-o-arcanjo-no-ar-facebook.png\" \/>\n\t<meta property=\"og:image:width\" content=\"300\" \/>\n\t<meta property=\"og:image:height\" content=\"300\" \/>\n\t<meta property=\"og:image:type\" content=\"image\/png\" \/>\n<meta name=\"author\" content=\"carlos\" \/>\n<meta name=\"twitter:card\" content=\"summary_large_image\" \/>\n<meta name=\"twitter:label1\" content=\"Escrito por\" \/>\n\t<meta name=\"twitter:data1\" content=\"carlos\" \/>\n\t<meta name=\"twitter:label2\" content=\"Est. tempo de leitura\" \/>\n\t<meta name=\"twitter:data2\" content=\"2 minutos\" \/>\n<script type=\"application\/ld+json\" class=\"yoast-schema-graph\">{\"@context\":\"https:\/\/schema.org\",\"@graph\":[{\"@type\":\"Article\",\"@id\":\"https:\/\/www.oarcanjo.net\/site\/batizados-de-janeiro-de-2013\/#article\",\"isPartOf\":{\"@id\":\"https:\/\/www.oarcanjo.net\/site\/batizados-de-janeiro-de-2013\/\"},\"author\":{\"name\":\"carlos\",\"@id\":\"https:\/\/www.oarcanjo.net\/site\/#\/schema\/person\/f7870e710d8c8c30673de3a0ac2e451d\"},\"headline\":\"Batizados de Janeiro de 2013\",\"datePublished\":\"2013-01-20T22:56:49+00:00\",\"dateModified\":\"2013-01-23T21:07:50+00:00\",\"mainEntityOfPage\":{\"@id\":\"https:\/\/www.oarcanjo.net\/site\/batizados-de-janeiro-de-2013\/\"},\"wordCount\":412,\"commentCount\":5,\"publisher\":{\"@id\":\"https:\/\/www.oarcanjo.net\/site\/#organization\"},\"keywords\":[\"Batizados de janeiro de 2013; Dom Pedro Casald\u00e1glia; Professor Albero Mesquita; Ora\u00e7\u00e3o pela Fam\u00edlia do Pe Z\u00e9zinhj\"],\"articleSection\":[\"Not\u00edcias\",\"Rosto da comunidade\"],\"inLanguage\":\"pt-BR\",\"potentialAction\":[{\"@type\":\"CommentAction\",\"name\":\"Comment\",\"target\":[\"https:\/\/www.oarcanjo.net\/site\/batizados-de-janeiro-de-2013\/#respond\"]}]},{\"@type\":\"WebPage\",\"@id\":\"https:\/\/www.oarcanjo.net\/site\/batizados-de-janeiro-de-2013\/\",\"url\":\"https:\/\/www.oarcanjo.net\/site\/batizados-de-janeiro-de-2013\/\",\"name\":\"Batizados de Janeiro de 2013 - O Arcanjo no ar\",\"isPartOf\":{\"@id\":\"https:\/\/www.oarcanjo.net\/site\/#website\"},\"datePublished\":\"2013-01-20T22:56:49+00:00\",\"dateModified\":\"2013-01-23T21:07:50+00:00\",\"breadcrumb\":{\"@id\":\"https:\/\/www.oarcanjo.net\/site\/batizados-de-janeiro-de-2013\/#breadcrumb\"},\"inLanguage\":\"pt-BR\",\"potentialAction\":[{\"@type\":\"ReadAction\",\"target\":[\"https:\/\/www.oarcanjo.net\/site\/batizados-de-janeiro-de-2013\/\"]}]},{\"@type\":\"BreadcrumbList\",\"@id\":\"https:\/\/www.oarcanjo.net\/site\/batizados-de-janeiro-de-2013\/#breadcrumb\",\"itemListElement\":[{\"@type\":\"ListItem\",\"position\":1,\"name\":\"In\u00edcio\",\"item\":\"https:\/\/www.oarcanjo.net\/site\/\"},{\"@type\":\"ListItem\",\"position\":2,\"name\":\"Batizados de Janeiro de 2013\"}]},{\"@type\":\"WebSite\",\"@id\":\"https:\/\/www.oarcanjo.net\/site\/#website\",\"url\":\"https:\/\/www.oarcanjo.net\/site\/\",\"name\":\"O Arcanjo no ar\",\"description\":\"Site da Par\u00f3quia S\u00e3o Miguel Arcanjo (Arquidiocese de SP)\",\"publisher\":{\"@id\":\"https:\/\/www.oarcanjo.net\/site\/#organization\"},\"potentialAction\":[{\"@type\":\"SearchAction\",\"target\":{\"@type\":\"EntryPoint\",\"urlTemplate\":\"https:\/\/www.oarcanjo.net\/site\/?s={search_term_string}\"},\"query-input\":{\"@type\":\"PropertyValueSpecification\",\"valueRequired\":true,\"valueName\":\"search_term_string\"}}],\"inLanguage\":\"pt-BR\"},{\"@type\":\"Organization\",\"@id\":\"https:\/\/www.oarcanjo.net\/site\/#organization\",\"name\":\"Par\u00f3quia S\u00e3o Miguel Arcanjo\",\"url\":\"https:\/\/www.oarcanjo.net\/site\/\",\"logo\":{\"@type\":\"ImageObject\",\"inLanguage\":\"pt-BR\",\"@id\":\"https:\/\/www.oarcanjo.net\/site\/#\/schema\/logo\/image\/\",\"url\":\"https:\/\/www.oarcanjo.net\/site\/wp-content\/uploads\/LogoOArcanjo.png\",\"contentUrl\":\"https:\/\/www.oarcanjo.net\/site\/wp-content\/uploads\/LogoOArcanjo.png\",\"width\":319,\"height\":99,\"caption\":\"Par\u00f3quia S\u00e3o Miguel Arcanjo\"},\"image\":{\"@id\":\"https:\/\/www.oarcanjo.net\/site\/#\/schema\/logo\/image\/\"},\"sameAs\":[\"https:\/\/www.facebook.com\/OArcanjoNoAr\/\"]},{\"@type\":\"Person\",\"@id\":\"https:\/\/www.oarcanjo.net\/site\/#\/schema\/person\/f7870e710d8c8c30673de3a0ac2e451d\",\"name\":\"carlos\"}]}<\/script>\n<!-- \/ Yoast SEO plugin. -->","yoast_head_json":{"title":"Batizados de Janeiro de 2013 - O Arcanjo no ar","robots":{"index":"index","follow":"follow","max-snippet":"max-snippet:-1","max-image-preview":"max-image-preview:large","max-video-preview":"max-video-preview:-1"},"canonical":"https:\/\/www.oarcanjo.net\/site\/batizados-de-janeiro-de-2013\/","og_locale":"pt_BR","og_type":"article","og_title":"Batizados de Janeiro de 2013 - O Arcanjo no ar","og_description":"Domingo de muitas emo\u00e7\u00f5es. Quando o Evangelho nos coloca nas bodas de Cana, vemos o casamento de Jesus com a Comunidade. O casamento nos leva para a fam\u00edlia e dela os filhos que hoje foram batizados, \u00a0seis crian\u00e7as pouco antes da missa das dez horas\u00a0na Capela da Universidade S\u00e3o Judas Tadeu. Foram batizados, ent\u00e3o, \u00a0a [&hellip;]","og_url":"https:\/\/www.oarcanjo.net\/site\/batizados-de-janeiro-de-2013\/","og_site_name":"O Arcanjo no ar","article_publisher":"https:\/\/www.facebook.com\/OArcanjoNoAr\/","article_published_time":"2013-01-20T22:56:49+00:00","article_modified_time":"2013-01-23T21:07:50+00:00","og_image":[{"width":300,"height":300,"url":"https:\/\/www.oarcanjo.net\/site\/wp-content\/uploads\/logo-o-arcanjo-no-ar-facebook.png","type":"image\/png"}],"author":"carlos","twitter_card":"summary_large_image","twitter_misc":{"Escrito por":"carlos","Est. tempo de leitura":"2 minutos"},"schema":{"@context":"https:\/\/schema.org","@graph":[{"@type":"Article","@id":"https:\/\/www.oarcanjo.net\/site\/batizados-de-janeiro-de-2013\/#article","isPartOf":{"@id":"https:\/\/www.oarcanjo.net\/site\/batizados-de-janeiro-de-2013\/"},"author":{"name":"carlos","@id":"https:\/\/www.oarcanjo.net\/site\/#\/schema\/person\/f7870e710d8c8c30673de3a0ac2e451d"},"headline":"Batizados de Janeiro de 2013","datePublished":"2013-01-20T22:56:49+00:00","dateModified":"2013-01-23T21:07:50+00:00","mainEntityOfPage":{"@id":"https:\/\/www.oarcanjo.net\/site\/batizados-de-janeiro-de-2013\/"},"wordCount":412,"commentCount":5,"publisher":{"@id":"https:\/\/www.oarcanjo.net\/site\/#organization"},"keywords":["Batizados de janeiro de 2013; Dom Pedro Casald\u00e1glia; Professor Albero Mesquita; Ora\u00e7\u00e3o pela Fam\u00edlia do Pe Z\u00e9zinhj"],"articleSection":["Not\u00edcias","Rosto da comunidade"],"inLanguage":"pt-BR","potentialAction":[{"@type":"CommentAction","name":"Comment","target":["https:\/\/www.oarcanjo.net\/site\/batizados-de-janeiro-de-2013\/#respond"]}]},{"@type":"WebPage","@id":"https:\/\/www.oarcanjo.net\/site\/batizados-de-janeiro-de-2013\/","url":"https:\/\/www.oarcanjo.net\/site\/batizados-de-janeiro-de-2013\/","name":"Batizados de Janeiro de 2013 - O Arcanjo no ar","isPartOf":{"@id":"https:\/\/www.oarcanjo.net\/site\/#website"},"datePublished":"2013-01-20T22:56:49+00:00","dateModified":"2013-01-23T21:07:50+00:00","breadcrumb":{"@id":"https:\/\/www.oarcanjo.net\/site\/batizados-de-janeiro-de-2013\/#breadcrumb"},"inLanguage":"pt-BR","potentialAction":[{"@type":"ReadAction","target":["https:\/\/www.oarcanjo.net\/site\/batizados-de-janeiro-de-2013\/"]}]},{"@type":"BreadcrumbList","@id":"https:\/\/www.oarcanjo.net\/site\/batizados-de-janeiro-de-2013\/#breadcrumb","itemListElement":[{"@type":"ListItem","position":1,"name":"In\u00edcio","item":"https:\/\/www.oarcanjo.net\/site\/"},{"@type":"ListItem","position":2,"name":"Batizados de Janeiro de 2013"}]},{"@type":"WebSite","@id":"https:\/\/www.oarcanjo.net\/site\/#website","url":"https:\/\/www.oarcanjo.net\/site\/","name":"O Arcanjo no ar","description":"Site da Par\u00f3quia S\u00e3o Miguel Arcanjo (Arquidiocese de SP)","publisher":{"@id":"https:\/\/www.oarcanjo.net\/site\/#organization"},"potentialAction":[{"@type":"SearchAction","target":{"@type":"EntryPoint","urlTemplate":"https:\/\/www.oarcanjo.net\/site\/?s={search_term_string}"},"query-input":{"@type":"PropertyValueSpecification","valueRequired":true,"valueName":"search_term_string"}}],"inLanguage":"pt-BR"},{"@type":"Organization","@id":"https:\/\/www.oarcanjo.net\/site\/#organization","name":"Par\u00f3quia S\u00e3o Miguel Arcanjo","url":"https:\/\/www.oarcanjo.net\/site\/","logo":{"@type":"ImageObject","inLanguage":"pt-BR","@id":"https:\/\/www.oarcanjo.net\/site\/#\/schema\/logo\/image\/","url":"https:\/\/www.oarcanjo.net\/site\/wp-content\/uploads\/LogoOArcanjo.png","contentUrl":"https:\/\/www.oarcanjo.net\/site\/wp-content\/uploads\/LogoOArcanjo.png","width":319,"height":99,"caption":"Par\u00f3quia S\u00e3o Miguel Arcanjo"},"image":{"@id":"https:\/\/www.oarcanjo.net\/site\/#\/schema\/logo\/image\/"},"sameAs":["https:\/\/www.facebook.com\/OArcanjoNoAr\/"]},{"@type":"Person","@id":"https:\/\/www.oarcanjo.net\/site\/#\/schema\/person\/f7870e710d8c8c30673de3a0ac2e451d","name":"carlos"}]}},"publishpress_future_action":{"enabled":false,"date":"2026-05-07 10:07:39","action":"category","newStatus":"draft","terms":[],"taxonomy":"category"},"publishpress_future_workflow_manual_trigger":{"enabledWorkflows":[]},"_links":{"self":[{"href":"https:\/\/www.oarcanjo.net\/site\/wp-json\/wp\/v2\/posts\/20703"}],"collection":[{"href":"https:\/\/www.oarcanjo.net\/site\/wp-json\/wp\/v2\/posts"}],"about":[{"href":"https:\/\/www.oarcanjo.net\/site\/wp-json\/wp\/v2\/types\/post"}],"author":[{"embeddable":true,"href":"https:\/\/www.oarcanjo.net\/site\/wp-json\/wp\/v2\/users\/10"}],"replies":[{"embeddable":true,"href":"https:\/\/www.oarcanjo.net\/site\/wp-json\/wp\/v2\/comments?post=20703"}],"version-history":[{"count":0,"href":"https:\/\/www.oarcanjo.net\/site\/wp-json\/wp\/v2\/posts\/20703\/revisions"}],"wp:attachment":[{"href":"https:\/\/www.oarcanjo.net\/site\/wp-json\/wp\/v2\/media?parent=20703"}],"wp:term":[{"taxonomy":"category","embeddable":true,"href":"https:\/\/www.oarcanjo.net\/site\/wp-json\/wp\/v2\/categories?post=20703"},{"taxonomy":"post_tag","embeddable":true,"href":"https:\/\/www.oarcanjo.net\/site\/wp-json\/wp\/v2\/tags?post=20703"}],"curies":[{"name":"wp","href":"https:\/\/api.w.org\/{rel}","templated":true}]}}