
{"id":2071,"date":"2009-03-01T00:04:45","date_gmt":"2009-03-01T03:04:45","guid":{"rendered":"http:\/\/www.oarcanjo.net\/site\/?p=2071"},"modified":"2009-02-27T00:37:49","modified_gmt":"2009-02-27T03:37:49","slug":"e-urgente-rever-os-fundamentos","status":"publish","type":"post","link":"https:\/\/www.oarcanjo.net\/site\/e-urgente-rever-os-fundamentos\/","title":{"rendered":"\u00c9 urgente rever os fundamentos"},"content":{"rendered":"<p>Leonardo Boff<\/p>\n<p>A conjuga\u00e7\u00e3o das v\u00e1rias crises, algumas conjunturais e outras sist\u00eamicas, obriga a todos a trabalhar em duas frentes: uma intrasist\u00eamica buscando solu\u00e7\u00f5es imediatas dos problemas para salvar vidas, garantir o trabalho e a produ\u00e7\u00e3o e evitar o colapso. Outra transsist\u00eamica, fazendo uma cr\u00edtica rigorosa aos fundamentos te\u00f3ricos que nos levaram ao atual caos e trabalhar sobre outros fundamentos que propiciem uma alternativa que permita, num outro nivel, a continuidade do projeto planet\u00e1rio humano.<\/p>\n<p>Cada \u00e9poca hist\u00f3rica precisa de um mito que congregue pessoas, galvanize for\u00e7as e confira novo rumo \u00e0 hist\u00f3ria. O mito fundador da modernidade reside na raz\u00e3o, desde os gregos, o eixo estruturador da sociedade. Ela cria a ci\u00eancia, transforma-a em t\u00e9cnica de interven\u00e7\u00e3o na natureza e se prop\u00f5e dominar todas as suas for\u00e7as. Para isso, segundo Francis Bacon, o fundador de m\u00e9todo cient\u00edfico, deve-se torturar a natureza at\u00e9 que entregue todos os seus segredos. Essa raz\u00e3o cr\u00ea num progresso ilimitado e cria uma sociedade que se quer aut\u00f4noma, de ordem e progresso. A raz\u00e3o suscitava a pretens\u00e3o de tudo prever, tudo gerir, tudo controlar, tudo organizar e tudo criar. Ela ocupou todos os espa\u00e7os. Enviou ao limbo outras formas de conhecimento.<\/p>\n<p>Eis que, depois de mais de trezentos anos de exalta\u00e7\u00e3o da raz\u00e3o, assistimos a loucura da raz\u00e3o. Pois s\u00f3 uma raz\u00e3o enlouquecida organiza a sociedade na qual 20% da popula\u00e7\u00e3o mundial det\u00e9m 80% de toda riqueza da Terra; as tr\u00eas pessoas mais ricas do mundo possuem ativos superiores \u00e0 toda riqueza de 48 paises mais pobres onde vivem 600 milh\u00f5es de pessoas; 257 indiv\u00edduos sozinhos acumulam mais riqueza do que 2,8 bilh\u00f5es de pessoas, o equivalente a 45% da humanidade; no Brasil 5 mil fam\u00edlias det\u00e9m 46% da riqueza nacional. A insanidade da raz\u00e3o produtivista e consumista gerou o aquecimento global que trar\u00e1 desequil\u00edbrios j\u00e1 vis\u00edveis e a dizima\u00e7\u00e3o de milhares de esp\u00e9cies, inclusive a humana.<\/p>\n<p>A ditadura da raz\u00e3o criou a sociedade da mercadoria com sua cultura t\u00edpica, um certo modo de viver, de produzir, de consumir, de fazer ci\u00eancia, de educar, de ensinar e de moldar as subjetividades coletivas. Estas devem se afinar \u00e0 sua din\u00e2mica e valores, procurando sempre maximalizar os ganhos, mediante a mercantiliza\u00e7\u00e3o de tudo. Ora, essa cultura, dita moderna, capitalista, burguesa, ocidental e hoje globalizada entrou em crise. Ela se expressa nas v\u00e1rias crises atuais que s\u00e3o todas express\u00e3o de uma \u00fanica crise, a dos fundamentos. N\u00e3o se trata de abdicar da raz\u00e3o, mas de combater sua arrog\u00e2ncia (hybris) e de criticar seu estreitamento na capacidade de compreender. O que a raz\u00e3o mais precisa neste momento \u00e9 de ser urgentemente completada pela raz\u00e3o sens\u00edvel (M. Maffesoli), pela intelig\u00eancia emocional (D. Goleman), pela raz\u00e3o cordial (A. Cortina), pela educa\u00e7\u00e3o dos sentidos (J.F.Duarte Jr), pela ci\u00eancia com consci\u00eancia (E. Morin), pela intelig\u00eancia espiritual (D. Zohar), pelo concern (R.Winnicott) e pelo cuidado como eu mesmo venho propondo h\u00e1 tempos.<\/p>\n<p>\u00c9 o sentir profundo (pathos) que nos faz escutar o grito da Terra e o clamor canino de milh\u00f5es de fam\u00e9licos. N\u00e3o \u00e9 a raz\u00e3o fria, mas a raz\u00e3o sens\u00edvel que move as pessoas para tira-las da cruz e faz\u00ea-las viver. Por isso, \u00e9 urgente submeter \u00e0 cr\u00edtica o modelo de ci\u00eancia dominante, impugnar radicalmente as aplica\u00e7\u00f5es que se fazem dela mais em fun\u00e7\u00e3o do lucro do que da vida, desmascarar o modelo de desenvolvimento atual que \u00e9 insustent\u00e1vel por ser altamente depredador e injusto.<\/p>\n<p>A sensibilidade, a cordialidade, o cuidado levados a todo os n\u00edveis, para com a natureza, nas rela\u00e7\u00f5es sociais e na vida cotidiana, podem fundar, junto com a raz\u00e3o, uma utopia que podemos tocar com as m\u00e3os porque imediatamente pratic\u00e1vel. Estes s\u00e3o os fundamentos do nascente paradigma civilizat\u00f3rio que nos d\u00e1 vida e esperan\u00e7a.<\/p>\n<div id=\"themify_builder_content-2071\" data-postid=\"2071\" class=\"themify_builder_content themify_builder_content-2071 themify_builder themify_builder_front\">\n\t<\/div>\n<!-- \/themify_builder_content -->","protected":false},"excerpt":{"rendered":"<p>Leonardo Boff A conjuga\u00e7\u00e3o das v\u00e1rias crises, algumas conjunturais e outras sist\u00eamicas, obriga a todos a trabalhar em duas frentes: uma intrasist\u00eamica buscando solu\u00e7\u00f5es imediatas dos problemas para salvar vidas, garantir o trabalho e a produ\u00e7\u00e3o e evitar o colapso. Outra transsist\u00eamica, fazendo uma cr\u00edtica rigorosa aos fundamentos te\u00f3ricos que nos levaram ao atual caos [&hellip;]<\/p>\n","protected":false},"author":5,"featured_media":0,"comment_status":"open","ping_status":"open","sticky":false,"template":"","format":"standard","meta":{"ngg_post_thumbnail":0,"footnotes":""},"categories":[9],"tags":[36,291,166],"yoast_head":"<!-- This site is optimized with the Yoast SEO plugin v23.5 - https:\/\/yoast.com\/wordpress\/plugins\/seo\/ -->\n<title>\u00c9 urgente rever os fundamentos - O Arcanjo no ar<\/title>\n<meta name=\"robots\" content=\"index, follow, max-snippet:-1, max-image-preview:large, max-video-preview:-1\" \/>\n<link rel=\"canonical\" href=\"https:\/\/www.oarcanjo.net\/site\/e-urgente-rever-os-fundamentos\/\" \/>\n<meta property=\"og:locale\" content=\"pt_BR\" \/>\n<meta property=\"og:type\" content=\"article\" \/>\n<meta property=\"og:title\" content=\"\u00c9 urgente rever os fundamentos - O Arcanjo no ar\" \/>\n<meta property=\"og:description\" content=\"Leonardo Boff A conjuga\u00e7\u00e3o das v\u00e1rias crises, algumas conjunturais e outras sist\u00eamicas, obriga a todos a trabalhar em duas frentes: uma intrasist\u00eamica buscando solu\u00e7\u00f5es imediatas dos problemas para salvar vidas, garantir o trabalho e a produ\u00e7\u00e3o e evitar o colapso. Outra transsist\u00eamica, fazendo uma cr\u00edtica rigorosa aos fundamentos te\u00f3ricos que nos levaram ao atual caos [&hellip;]\" \/>\n<meta property=\"og:url\" content=\"https:\/\/www.oarcanjo.net\/site\/e-urgente-rever-os-fundamentos\/\" \/>\n<meta property=\"og:site_name\" content=\"O Arcanjo no ar\" \/>\n<meta property=\"article:publisher\" content=\"https:\/\/www.facebook.com\/OArcanjoNoAr\/\" \/>\n<meta property=\"article:published_time\" content=\"2009-03-01T03:04:45+00:00\" \/>\n<meta property=\"article:modified_time\" content=\"2009-02-27T03:37:49+00:00\" \/>\n<meta property=\"og:image\" content=\"https:\/\/www.oarcanjo.net\/site\/wp-content\/uploads\/logo-o-arcanjo-no-ar-facebook.png\" \/>\n\t<meta property=\"og:image:width\" content=\"300\" \/>\n\t<meta property=\"og:image:height\" content=\"300\" \/>\n\t<meta property=\"og:image:type\" content=\"image\/png\" \/>\n<meta name=\"author\" content=\"editor\" \/>\n<meta name=\"twitter:card\" content=\"summary_large_image\" \/>\n<meta name=\"twitter:label1\" content=\"Escrito por\" \/>\n\t<meta name=\"twitter:data1\" content=\"editor\" \/>\n\t<meta name=\"twitter:label2\" content=\"Est. tempo de leitura\" \/>\n\t<meta name=\"twitter:data2\" content=\"3 minutos\" \/>\n<script type=\"application\/ld+json\" class=\"yoast-schema-graph\">{\"@context\":\"https:\/\/schema.org\",\"@graph\":[{\"@type\":\"Article\",\"@id\":\"https:\/\/www.oarcanjo.net\/site\/e-urgente-rever-os-fundamentos\/#article\",\"isPartOf\":{\"@id\":\"https:\/\/www.oarcanjo.net\/site\/e-urgente-rever-os-fundamentos\/\"},\"author\":{\"name\":\"editor\",\"@id\":\"https:\/\/www.oarcanjo.net\/site\/#\/schema\/person\/f7024d007863202483a31326673a0838\"},\"headline\":\"\u00c9 urgente rever os fundamentos\",\"datePublished\":\"2009-03-01T03:04:45+00:00\",\"dateModified\":\"2009-02-27T03:37:49+00:00\",\"mainEntityOfPage\":{\"@id\":\"https:\/\/www.oarcanjo.net\/site\/e-urgente-rever-os-fundamentos\/\"},\"wordCount\":688,\"commentCount\":0,\"publisher\":{\"@id\":\"https:\/\/www.oarcanjo.net\/site\/#organization\"},\"keywords\":[\"crise\",\"Raz\u00e3o\",\"utopia\"],\"articleSection\":[\"Reflex\u00f5es\"],\"inLanguage\":\"pt-BR\",\"potentialAction\":[{\"@type\":\"CommentAction\",\"name\":\"Comment\",\"target\":[\"https:\/\/www.oarcanjo.net\/site\/e-urgente-rever-os-fundamentos\/#respond\"]}]},{\"@type\":\"WebPage\",\"@id\":\"https:\/\/www.oarcanjo.net\/site\/e-urgente-rever-os-fundamentos\/\",\"url\":\"https:\/\/www.oarcanjo.net\/site\/e-urgente-rever-os-fundamentos\/\",\"name\":\"\u00c9 urgente rever os fundamentos - O Arcanjo no ar\",\"isPartOf\":{\"@id\":\"https:\/\/www.oarcanjo.net\/site\/#website\"},\"datePublished\":\"2009-03-01T03:04:45+00:00\",\"dateModified\":\"2009-02-27T03:37:49+00:00\",\"breadcrumb\":{\"@id\":\"https:\/\/www.oarcanjo.net\/site\/e-urgente-rever-os-fundamentos\/#breadcrumb\"},\"inLanguage\":\"pt-BR\",\"potentialAction\":[{\"@type\":\"ReadAction\",\"target\":[\"https:\/\/www.oarcanjo.net\/site\/e-urgente-rever-os-fundamentos\/\"]}]},{\"@type\":\"BreadcrumbList\",\"@id\":\"https:\/\/www.oarcanjo.net\/site\/e-urgente-rever-os-fundamentos\/#breadcrumb\",\"itemListElement\":[{\"@type\":\"ListItem\",\"position\":1,\"name\":\"In\u00edcio\",\"item\":\"https:\/\/www.oarcanjo.net\/site\/\"},{\"@type\":\"ListItem\",\"position\":2,\"name\":\"\u00c9 urgente rever os fundamentos\"}]},{\"@type\":\"WebSite\",\"@id\":\"https:\/\/www.oarcanjo.net\/site\/#website\",\"url\":\"https:\/\/www.oarcanjo.net\/site\/\",\"name\":\"O Arcanjo no ar\",\"description\":\"Site da Par\u00f3quia S\u00e3o Miguel Arcanjo (Arquidiocese de SP)\",\"publisher\":{\"@id\":\"https:\/\/www.oarcanjo.net\/site\/#organization\"},\"potentialAction\":[{\"@type\":\"SearchAction\",\"target\":{\"@type\":\"EntryPoint\",\"urlTemplate\":\"https:\/\/www.oarcanjo.net\/site\/?s={search_term_string}\"},\"query-input\":{\"@type\":\"PropertyValueSpecification\",\"valueRequired\":true,\"valueName\":\"search_term_string\"}}],\"inLanguage\":\"pt-BR\"},{\"@type\":\"Organization\",\"@id\":\"https:\/\/www.oarcanjo.net\/site\/#organization\",\"name\":\"Par\u00f3quia S\u00e3o Miguel Arcanjo\",\"url\":\"https:\/\/www.oarcanjo.net\/site\/\",\"logo\":{\"@type\":\"ImageObject\",\"inLanguage\":\"pt-BR\",\"@id\":\"https:\/\/www.oarcanjo.net\/site\/#\/schema\/logo\/image\/\",\"url\":\"https:\/\/www.oarcanjo.net\/site\/wp-content\/uploads\/LogoOArcanjo.png\",\"contentUrl\":\"https:\/\/www.oarcanjo.net\/site\/wp-content\/uploads\/LogoOArcanjo.png\",\"width\":319,\"height\":99,\"caption\":\"Par\u00f3quia S\u00e3o Miguel Arcanjo\"},\"image\":{\"@id\":\"https:\/\/www.oarcanjo.net\/site\/#\/schema\/logo\/image\/\"},\"sameAs\":[\"https:\/\/www.facebook.com\/OArcanjoNoAr\/\"]},{\"@type\":\"Person\",\"@id\":\"https:\/\/www.oarcanjo.net\/site\/#\/schema\/person\/f7024d007863202483a31326673a0838\",\"name\":\"editor\",\"sameAs\":[\"http:\/\/www.oarcanjo.net\"]}]}<\/script>\n<!-- \/ Yoast SEO plugin. -->","yoast_head_json":{"title":"\u00c9 urgente rever os fundamentos - O Arcanjo no ar","robots":{"index":"index","follow":"follow","max-snippet":"max-snippet:-1","max-image-preview":"max-image-preview:large","max-video-preview":"max-video-preview:-1"},"canonical":"https:\/\/www.oarcanjo.net\/site\/e-urgente-rever-os-fundamentos\/","og_locale":"pt_BR","og_type":"article","og_title":"\u00c9 urgente rever os fundamentos - O Arcanjo no ar","og_description":"Leonardo Boff A conjuga\u00e7\u00e3o das v\u00e1rias crises, algumas conjunturais e outras sist\u00eamicas, obriga a todos a trabalhar em duas frentes: uma intrasist\u00eamica buscando solu\u00e7\u00f5es imediatas dos problemas para salvar vidas, garantir o trabalho e a produ\u00e7\u00e3o e evitar o colapso. Outra transsist\u00eamica, fazendo uma cr\u00edtica rigorosa aos fundamentos te\u00f3ricos que nos levaram ao atual caos [&hellip;]","og_url":"https:\/\/www.oarcanjo.net\/site\/e-urgente-rever-os-fundamentos\/","og_site_name":"O Arcanjo no ar","article_publisher":"https:\/\/www.facebook.com\/OArcanjoNoAr\/","article_published_time":"2009-03-01T03:04:45+00:00","article_modified_time":"2009-02-27T03:37:49+00:00","og_image":[{"width":300,"height":300,"url":"https:\/\/www.oarcanjo.net\/site\/wp-content\/uploads\/logo-o-arcanjo-no-ar-facebook.png","type":"image\/png"}],"author":"editor","twitter_card":"summary_large_image","twitter_misc":{"Escrito por":"editor","Est. tempo de leitura":"3 minutos"},"schema":{"@context":"https:\/\/schema.org","@graph":[{"@type":"Article","@id":"https:\/\/www.oarcanjo.net\/site\/e-urgente-rever-os-fundamentos\/#article","isPartOf":{"@id":"https:\/\/www.oarcanjo.net\/site\/e-urgente-rever-os-fundamentos\/"},"author":{"name":"editor","@id":"https:\/\/www.oarcanjo.net\/site\/#\/schema\/person\/f7024d007863202483a31326673a0838"},"headline":"\u00c9 urgente rever os fundamentos","datePublished":"2009-03-01T03:04:45+00:00","dateModified":"2009-02-27T03:37:49+00:00","mainEntityOfPage":{"@id":"https:\/\/www.oarcanjo.net\/site\/e-urgente-rever-os-fundamentos\/"},"wordCount":688,"commentCount":0,"publisher":{"@id":"https:\/\/www.oarcanjo.net\/site\/#organization"},"keywords":["crise","Raz\u00e3o","utopia"],"articleSection":["Reflex\u00f5es"],"inLanguage":"pt-BR","potentialAction":[{"@type":"CommentAction","name":"Comment","target":["https:\/\/www.oarcanjo.net\/site\/e-urgente-rever-os-fundamentos\/#respond"]}]},{"@type":"WebPage","@id":"https:\/\/www.oarcanjo.net\/site\/e-urgente-rever-os-fundamentos\/","url":"https:\/\/www.oarcanjo.net\/site\/e-urgente-rever-os-fundamentos\/","name":"\u00c9 urgente rever os fundamentos - O Arcanjo no ar","isPartOf":{"@id":"https:\/\/www.oarcanjo.net\/site\/#website"},"datePublished":"2009-03-01T03:04:45+00:00","dateModified":"2009-02-27T03:37:49+00:00","breadcrumb":{"@id":"https:\/\/www.oarcanjo.net\/site\/e-urgente-rever-os-fundamentos\/#breadcrumb"},"inLanguage":"pt-BR","potentialAction":[{"@type":"ReadAction","target":["https:\/\/www.oarcanjo.net\/site\/e-urgente-rever-os-fundamentos\/"]}]},{"@type":"BreadcrumbList","@id":"https:\/\/www.oarcanjo.net\/site\/e-urgente-rever-os-fundamentos\/#breadcrumb","itemListElement":[{"@type":"ListItem","position":1,"name":"In\u00edcio","item":"https:\/\/www.oarcanjo.net\/site\/"},{"@type":"ListItem","position":2,"name":"\u00c9 urgente rever os fundamentos"}]},{"@type":"WebSite","@id":"https:\/\/www.oarcanjo.net\/site\/#website","url":"https:\/\/www.oarcanjo.net\/site\/","name":"O Arcanjo no ar","description":"Site da Par\u00f3quia S\u00e3o Miguel Arcanjo (Arquidiocese de SP)","publisher":{"@id":"https:\/\/www.oarcanjo.net\/site\/#organization"},"potentialAction":[{"@type":"SearchAction","target":{"@type":"EntryPoint","urlTemplate":"https:\/\/www.oarcanjo.net\/site\/?s={search_term_string}"},"query-input":{"@type":"PropertyValueSpecification","valueRequired":true,"valueName":"search_term_string"}}],"inLanguage":"pt-BR"},{"@type":"Organization","@id":"https:\/\/www.oarcanjo.net\/site\/#organization","name":"Par\u00f3quia S\u00e3o Miguel Arcanjo","url":"https:\/\/www.oarcanjo.net\/site\/","logo":{"@type":"ImageObject","inLanguage":"pt-BR","@id":"https:\/\/www.oarcanjo.net\/site\/#\/schema\/logo\/image\/","url":"https:\/\/www.oarcanjo.net\/site\/wp-content\/uploads\/LogoOArcanjo.png","contentUrl":"https:\/\/www.oarcanjo.net\/site\/wp-content\/uploads\/LogoOArcanjo.png","width":319,"height":99,"caption":"Par\u00f3quia S\u00e3o Miguel Arcanjo"},"image":{"@id":"https:\/\/www.oarcanjo.net\/site\/#\/schema\/logo\/image\/"},"sameAs":["https:\/\/www.facebook.com\/OArcanjoNoAr\/"]},{"@type":"Person","@id":"https:\/\/www.oarcanjo.net\/site\/#\/schema\/person\/f7024d007863202483a31326673a0838","name":"editor","sameAs":["http:\/\/www.oarcanjo.net"]}]}},"publishpress_future_action":{"enabled":false,"date":"2026-05-08 23:16:42","action":"category","newStatus":"draft","terms":[],"taxonomy":"category"},"publishpress_future_workflow_manual_trigger":{"enabledWorkflows":[]},"_links":{"self":[{"href":"https:\/\/www.oarcanjo.net\/site\/wp-json\/wp\/v2\/posts\/2071"}],"collection":[{"href":"https:\/\/www.oarcanjo.net\/site\/wp-json\/wp\/v2\/posts"}],"about":[{"href":"https:\/\/www.oarcanjo.net\/site\/wp-json\/wp\/v2\/types\/post"}],"author":[{"embeddable":true,"href":"https:\/\/www.oarcanjo.net\/site\/wp-json\/wp\/v2\/users\/5"}],"replies":[{"embeddable":true,"href":"https:\/\/www.oarcanjo.net\/site\/wp-json\/wp\/v2\/comments?post=2071"}],"version-history":[{"count":0,"href":"https:\/\/www.oarcanjo.net\/site\/wp-json\/wp\/v2\/posts\/2071\/revisions"}],"wp:attachment":[{"href":"https:\/\/www.oarcanjo.net\/site\/wp-json\/wp\/v2\/media?parent=2071"}],"wp:term":[{"taxonomy":"category","embeddable":true,"href":"https:\/\/www.oarcanjo.net\/site\/wp-json\/wp\/v2\/categories?post=2071"},{"taxonomy":"post_tag","embeddable":true,"href":"https:\/\/www.oarcanjo.net\/site\/wp-json\/wp\/v2\/tags?post=2071"}],"curies":[{"name":"wp","href":"https:\/\/api.w.org\/{rel}","templated":true}]}}