
{"id":20712,"date":"2013-01-21T10:07:27","date_gmt":"2013-01-21T12:07:27","guid":{"rendered":"http:\/\/www.oarcanjo.net\/site\/?p=20712"},"modified":"2013-01-21T11:24:27","modified_gmt":"2013-01-21T13:24:27","slug":"igreja-celebra-festa-de-sao-paulo-na-sexta-feira-2501","status":"publish","type":"post","link":"https:\/\/www.oarcanjo.net\/site\/igreja-celebra-festa-de-sao-paulo-na-sexta-feira-2501\/","title":{"rendered":"Igreja celebra festa de S\u00e3o Paulo na sexta-feira, 25\/01"},"content":{"rendered":"<p>A Igreja celebra a festa da convers\u00e3o de S\u00e3o Paulo na pr\u00f3xima sexta-feira, 25\/01, data em que ser\u00e1 lan\u00e7ado oficialmente o <a href=\"http:\/\/www.oarcanjo.net\/site\/index.php\/destaque\/testemunhas-de-jesus-cristo-na-cidade-de-sao-paulo-2\/\" target=\"_blank\">11\u00ba Plano de Pastoral da Arquidiocese de S\u00e3o Paulo<\/a>. Veja mais detalhes nos avisos da semana:<\/p>\n<p><iframe loading=\"lazy\" width=\"560\" height=\"315\" src=\"http:\/\/www.youtube.com\/embed\/CAGPg7XrbPM?rel=0\" frameborder=\"0\" allowfullscreen><\/iframe><\/p>\n<div id=\"themify_builder_content-20712\" data-postid=\"20712\" class=\"themify_builder_content themify_builder_content-20712 themify_builder themify_builder_front\">\n\t<\/div>\n<!-- \/themify_builder_content -->","protected":false},"excerpt":{"rendered":"<p>A Igreja celebra a festa da convers\u00e3o de S\u00e3o Paulo na pr\u00f3xima sexta-feira, 25\/01, data em que ser\u00e1 lan\u00e7ado oficialmente o 11\u00ba Plano de Pastoral da Arquidiocese de S\u00e3o Paulo. Veja mais detalhes nos avisos da semana:<\/p>\n","protected":false},"author":5,"featured_media":0,"comment_status":"open","ping_status":"open","sticky":false,"template":"","format":"standard","meta":{"ngg_post_thumbnail":0,"footnotes":""},"categories":[476,8],"tags":[239,1544,1937,1938,205,11],"yoast_head":"<!-- This site is optimized with the Yoast SEO plugin v23.5 - https:\/\/yoast.com\/wordpress\/plugins\/seo\/ -->\n<title>Igreja celebra festa de S\u00e3o Paulo na sexta-feira, 25\/01 - O Arcanjo no ar<\/title>\n<meta name=\"robots\" content=\"index, follow, max-snippet:-1, max-image-preview:large, max-video-preview:-1\" \/>\n<link rel=\"canonical\" href=\"https:\/\/www.oarcanjo.net\/site\/igreja-celebra-festa-de-sao-paulo-na-sexta-feira-2501\/\" \/>\n<meta property=\"og:locale\" content=\"pt_BR\" \/>\n<meta property=\"og:type\" content=\"article\" \/>\n<meta property=\"og:title\" content=\"Igreja celebra festa de S\u00e3o Paulo na sexta-feira, 25\/01 - O Arcanjo no ar\" \/>\n<meta property=\"og:description\" content=\"A Igreja celebra a festa da convers\u00e3o de S\u00e3o Paulo na pr\u00f3xima sexta-feira, 25\/01, data em que ser\u00e1 lan\u00e7ado oficialmente o 11\u00ba Plano de Pastoral da Arquidiocese de S\u00e3o Paulo. Veja mais detalhes nos avisos da semana:\" \/>\n<meta property=\"og:url\" content=\"https:\/\/www.oarcanjo.net\/site\/igreja-celebra-festa-de-sao-paulo-na-sexta-feira-2501\/\" \/>\n<meta property=\"og:site_name\" content=\"O Arcanjo no ar\" \/>\n<meta property=\"article:publisher\" content=\"https:\/\/www.facebook.com\/OArcanjoNoAr\/\" \/>\n<meta property=\"article:published_time\" content=\"2013-01-21T12:07:27+00:00\" \/>\n<meta property=\"article:modified_time\" content=\"2013-01-21T13:24:27+00:00\" \/>\n<meta property=\"og:image\" content=\"https:\/\/www.oarcanjo.net\/site\/wp-content\/uploads\/logo-o-arcanjo-no-ar-facebook.png\" \/>\n\t<meta property=\"og:image:width\" content=\"300\" \/>\n\t<meta property=\"og:image:height\" content=\"300\" \/>\n\t<meta property=\"og:image:type\" content=\"image\/png\" \/>\n<meta name=\"author\" content=\"editor\" \/>\n<meta name=\"twitter:card\" content=\"summary_large_image\" \/>\n<meta name=\"twitter:label1\" content=\"Escrito por\" \/>\n\t<meta name=\"twitter:data1\" content=\"editor\" \/>\n<script type=\"application\/ld+json\" class=\"yoast-schema-graph\">{\"@context\":\"https:\/\/schema.org\",\"@graph\":[{\"@type\":\"Article\",\"@id\":\"https:\/\/www.oarcanjo.net\/site\/igreja-celebra-festa-de-sao-paulo-na-sexta-feira-2501\/#article\",\"isPartOf\":{\"@id\":\"https:\/\/www.oarcanjo.net\/site\/igreja-celebra-festa-de-sao-paulo-na-sexta-feira-2501\/\"},\"author\":{\"name\":\"editor\",\"@id\":\"https:\/\/www.oarcanjo.net\/site\/#\/schema\/person\/f7024d007863202483a31326673a0838\"},\"headline\":\"Igreja celebra festa de S\u00e3o Paulo na sexta-feira, 25\/01\",\"datePublished\":\"2013-01-21T12:07:27+00:00\",\"dateModified\":\"2013-01-21T13:24:27+00:00\",\"mainEntityOfPage\":{\"@id\":\"https:\/\/www.oarcanjo.net\/site\/igreja-celebra-festa-de-sao-paulo-na-sexta-feira-2501\/\"},\"wordCount\":49,\"commentCount\":2,\"publisher\":{\"@id\":\"https:\/\/www.oarcanjo.net\/site\/#organization\"},\"keywords\":[\"Arquidiocese de S\u00e3o Paulo\",\"Dom Odilo Scherer\",\"JMJ\",\"Jornada Mundial da Juventude\",\"Plano de Pastoral\",\"S\u00e3o Paulo\"],\"articleSection\":[\"Avisos\",\"Not\u00edcias\"],\"inLanguage\":\"pt-BR\",\"potentialAction\":[{\"@type\":\"CommentAction\",\"name\":\"Comment\",\"target\":[\"https:\/\/www.oarcanjo.net\/site\/igreja-celebra-festa-de-sao-paulo-na-sexta-feira-2501\/#respond\"]}]},{\"@type\":\"WebPage\",\"@id\":\"https:\/\/www.oarcanjo.net\/site\/igreja-celebra-festa-de-sao-paulo-na-sexta-feira-2501\/\",\"url\":\"https:\/\/www.oarcanjo.net\/site\/igreja-celebra-festa-de-sao-paulo-na-sexta-feira-2501\/\",\"name\":\"Igreja celebra festa de S\u00e3o Paulo na sexta-feira, 25\/01 - O Arcanjo no ar\",\"isPartOf\":{\"@id\":\"https:\/\/www.oarcanjo.net\/site\/#website\"},\"datePublished\":\"2013-01-21T12:07:27+00:00\",\"dateModified\":\"2013-01-21T13:24:27+00:00\",\"breadcrumb\":{\"@id\":\"https:\/\/www.oarcanjo.net\/site\/igreja-celebra-festa-de-sao-paulo-na-sexta-feira-2501\/#breadcrumb\"},\"inLanguage\":\"pt-BR\",\"potentialAction\":[{\"@type\":\"ReadAction\",\"target\":[\"https:\/\/www.oarcanjo.net\/site\/igreja-celebra-festa-de-sao-paulo-na-sexta-feira-2501\/\"]}]},{\"@type\":\"BreadcrumbList\",\"@id\":\"https:\/\/www.oarcanjo.net\/site\/igreja-celebra-festa-de-sao-paulo-na-sexta-feira-2501\/#breadcrumb\",\"itemListElement\":[{\"@type\":\"ListItem\",\"position\":1,\"name\":\"In\u00edcio\",\"item\":\"https:\/\/www.oarcanjo.net\/site\/\"},{\"@type\":\"ListItem\",\"position\":2,\"name\":\"Igreja celebra festa de S\u00e3o Paulo na sexta-feira, 25\/01\"}]},{\"@type\":\"WebSite\",\"@id\":\"https:\/\/www.oarcanjo.net\/site\/#website\",\"url\":\"https:\/\/www.oarcanjo.net\/site\/\",\"name\":\"O Arcanjo no ar\",\"description\":\"Site da Par\u00f3quia S\u00e3o Miguel Arcanjo (Arquidiocese de SP)\",\"publisher\":{\"@id\":\"https:\/\/www.oarcanjo.net\/site\/#organization\"},\"potentialAction\":[{\"@type\":\"SearchAction\",\"target\":{\"@type\":\"EntryPoint\",\"urlTemplate\":\"https:\/\/www.oarcanjo.net\/site\/?s={search_term_string}\"},\"query-input\":{\"@type\":\"PropertyValueSpecification\",\"valueRequired\":true,\"valueName\":\"search_term_string\"}}],\"inLanguage\":\"pt-BR\"},{\"@type\":\"Organization\",\"@id\":\"https:\/\/www.oarcanjo.net\/site\/#organization\",\"name\":\"Par\u00f3quia S\u00e3o Miguel Arcanjo\",\"url\":\"https:\/\/www.oarcanjo.net\/site\/\",\"logo\":{\"@type\":\"ImageObject\",\"inLanguage\":\"pt-BR\",\"@id\":\"https:\/\/www.oarcanjo.net\/site\/#\/schema\/logo\/image\/\",\"url\":\"https:\/\/www.oarcanjo.net\/site\/wp-content\/uploads\/LogoOArcanjo.png\",\"contentUrl\":\"https:\/\/www.oarcanjo.net\/site\/wp-content\/uploads\/LogoOArcanjo.png\",\"width\":319,\"height\":99,\"caption\":\"Par\u00f3quia S\u00e3o Miguel Arcanjo\"},\"image\":{\"@id\":\"https:\/\/www.oarcanjo.net\/site\/#\/schema\/logo\/image\/\"},\"sameAs\":[\"https:\/\/www.facebook.com\/OArcanjoNoAr\/\"]},{\"@type\":\"Person\",\"@id\":\"https:\/\/www.oarcanjo.net\/site\/#\/schema\/person\/f7024d007863202483a31326673a0838\",\"name\":\"editor\",\"sameAs\":[\"http:\/\/www.oarcanjo.net\"]}]}<\/script>\n<!-- \/ Yoast SEO plugin. -->","yoast_head_json":{"title":"Igreja celebra festa de S\u00e3o Paulo na sexta-feira, 25\/01 - O Arcanjo no ar","robots":{"index":"index","follow":"follow","max-snippet":"max-snippet:-1","max-image-preview":"max-image-preview:large","max-video-preview":"max-video-preview:-1"},"canonical":"https:\/\/www.oarcanjo.net\/site\/igreja-celebra-festa-de-sao-paulo-na-sexta-feira-2501\/","og_locale":"pt_BR","og_type":"article","og_title":"Igreja celebra festa de S\u00e3o Paulo na sexta-feira, 25\/01 - O Arcanjo no ar","og_description":"A Igreja celebra a festa da convers\u00e3o de S\u00e3o Paulo na pr\u00f3xima sexta-feira, 25\/01, data em que ser\u00e1 lan\u00e7ado oficialmente o 11\u00ba Plano de Pastoral da Arquidiocese de S\u00e3o Paulo. Veja mais detalhes nos avisos da semana:","og_url":"https:\/\/www.oarcanjo.net\/site\/igreja-celebra-festa-de-sao-paulo-na-sexta-feira-2501\/","og_site_name":"O Arcanjo no ar","article_publisher":"https:\/\/www.facebook.com\/OArcanjoNoAr\/","article_published_time":"2013-01-21T12:07:27+00:00","article_modified_time":"2013-01-21T13:24:27+00:00","og_image":[{"width":300,"height":300,"url":"https:\/\/www.oarcanjo.net\/site\/wp-content\/uploads\/logo-o-arcanjo-no-ar-facebook.png","type":"image\/png"}],"author":"editor","twitter_card":"summary_large_image","twitter_misc":{"Escrito por":"editor"},"schema":{"@context":"https:\/\/schema.org","@graph":[{"@type":"Article","@id":"https:\/\/www.oarcanjo.net\/site\/igreja-celebra-festa-de-sao-paulo-na-sexta-feira-2501\/#article","isPartOf":{"@id":"https:\/\/www.oarcanjo.net\/site\/igreja-celebra-festa-de-sao-paulo-na-sexta-feira-2501\/"},"author":{"name":"editor","@id":"https:\/\/www.oarcanjo.net\/site\/#\/schema\/person\/f7024d007863202483a31326673a0838"},"headline":"Igreja celebra festa de S\u00e3o Paulo na sexta-feira, 25\/01","datePublished":"2013-01-21T12:07:27+00:00","dateModified":"2013-01-21T13:24:27+00:00","mainEntityOfPage":{"@id":"https:\/\/www.oarcanjo.net\/site\/igreja-celebra-festa-de-sao-paulo-na-sexta-feira-2501\/"},"wordCount":49,"commentCount":2,"publisher":{"@id":"https:\/\/www.oarcanjo.net\/site\/#organization"},"keywords":["Arquidiocese de S\u00e3o Paulo","Dom Odilo Scherer","JMJ","Jornada Mundial da Juventude","Plano de Pastoral","S\u00e3o Paulo"],"articleSection":["Avisos","Not\u00edcias"],"inLanguage":"pt-BR","potentialAction":[{"@type":"CommentAction","name":"Comment","target":["https:\/\/www.oarcanjo.net\/site\/igreja-celebra-festa-de-sao-paulo-na-sexta-feira-2501\/#respond"]}]},{"@type":"WebPage","@id":"https:\/\/www.oarcanjo.net\/site\/igreja-celebra-festa-de-sao-paulo-na-sexta-feira-2501\/","url":"https:\/\/www.oarcanjo.net\/site\/igreja-celebra-festa-de-sao-paulo-na-sexta-feira-2501\/","name":"Igreja celebra festa de S\u00e3o Paulo na sexta-feira, 25\/01 - O Arcanjo no ar","isPartOf":{"@id":"https:\/\/www.oarcanjo.net\/site\/#website"},"datePublished":"2013-01-21T12:07:27+00:00","dateModified":"2013-01-21T13:24:27+00:00","breadcrumb":{"@id":"https:\/\/www.oarcanjo.net\/site\/igreja-celebra-festa-de-sao-paulo-na-sexta-feira-2501\/#breadcrumb"},"inLanguage":"pt-BR","potentialAction":[{"@type":"ReadAction","target":["https:\/\/www.oarcanjo.net\/site\/igreja-celebra-festa-de-sao-paulo-na-sexta-feira-2501\/"]}]},{"@type":"BreadcrumbList","@id":"https:\/\/www.oarcanjo.net\/site\/igreja-celebra-festa-de-sao-paulo-na-sexta-feira-2501\/#breadcrumb","itemListElement":[{"@type":"ListItem","position":1,"name":"In\u00edcio","item":"https:\/\/www.oarcanjo.net\/site\/"},{"@type":"ListItem","position":2,"name":"Igreja celebra festa de S\u00e3o Paulo na sexta-feira, 25\/01"}]},{"@type":"WebSite","@id":"https:\/\/www.oarcanjo.net\/site\/#website","url":"https:\/\/www.oarcanjo.net\/site\/","name":"O Arcanjo no ar","description":"Site da Par\u00f3quia S\u00e3o Miguel Arcanjo (Arquidiocese de SP)","publisher":{"@id":"https:\/\/www.oarcanjo.net\/site\/#organization"},"potentialAction":[{"@type":"SearchAction","target":{"@type":"EntryPoint","urlTemplate":"https:\/\/www.oarcanjo.net\/site\/?s={search_term_string}"},"query-input":{"@type":"PropertyValueSpecification","valueRequired":true,"valueName":"search_term_string"}}],"inLanguage":"pt-BR"},{"@type":"Organization","@id":"https:\/\/www.oarcanjo.net\/site\/#organization","name":"Par\u00f3quia S\u00e3o Miguel Arcanjo","url":"https:\/\/www.oarcanjo.net\/site\/","logo":{"@type":"ImageObject","inLanguage":"pt-BR","@id":"https:\/\/www.oarcanjo.net\/site\/#\/schema\/logo\/image\/","url":"https:\/\/www.oarcanjo.net\/site\/wp-content\/uploads\/LogoOArcanjo.png","contentUrl":"https:\/\/www.oarcanjo.net\/site\/wp-content\/uploads\/LogoOArcanjo.png","width":319,"height":99,"caption":"Par\u00f3quia S\u00e3o Miguel Arcanjo"},"image":{"@id":"https:\/\/www.oarcanjo.net\/site\/#\/schema\/logo\/image\/"},"sameAs":["https:\/\/www.facebook.com\/OArcanjoNoAr\/"]},{"@type":"Person","@id":"https:\/\/www.oarcanjo.net\/site\/#\/schema\/person\/f7024d007863202483a31326673a0838","name":"editor","sameAs":["http:\/\/www.oarcanjo.net"]}]}},"publishpress_future_action":{"enabled":false,"date":"2026-05-07 11:37:05","action":"category","newStatus":"draft","terms":[],"taxonomy":"category"},"publishpress_future_workflow_manual_trigger":{"enabledWorkflows":[]},"_links":{"self":[{"href":"https:\/\/www.oarcanjo.net\/site\/wp-json\/wp\/v2\/posts\/20712"}],"collection":[{"href":"https:\/\/www.oarcanjo.net\/site\/wp-json\/wp\/v2\/posts"}],"about":[{"href":"https:\/\/www.oarcanjo.net\/site\/wp-json\/wp\/v2\/types\/post"}],"author":[{"embeddable":true,"href":"https:\/\/www.oarcanjo.net\/site\/wp-json\/wp\/v2\/users\/5"}],"replies":[{"embeddable":true,"href":"https:\/\/www.oarcanjo.net\/site\/wp-json\/wp\/v2\/comments?post=20712"}],"version-history":[{"count":0,"href":"https:\/\/www.oarcanjo.net\/site\/wp-json\/wp\/v2\/posts\/20712\/revisions"}],"wp:attachment":[{"href":"https:\/\/www.oarcanjo.net\/site\/wp-json\/wp\/v2\/media?parent=20712"}],"wp:term":[{"taxonomy":"category","embeddable":true,"href":"https:\/\/www.oarcanjo.net\/site\/wp-json\/wp\/v2\/categories?post=20712"},{"taxonomy":"post_tag","embeddable":true,"href":"https:\/\/www.oarcanjo.net\/site\/wp-json\/wp\/v2\/tags?post=20712"}],"curies":[{"name":"wp","href":"https:\/\/api.w.org\/{rel}","templated":true}]}}