
{"id":20720,"date":"2013-01-22T11:22:04","date_gmt":"2013-01-22T13:22:04","guid":{"rendered":"http:\/\/www.oarcanjo.net\/site\/?p=20720"},"modified":"2013-01-22T19:13:19","modified_gmt":"2013-01-22T21:13:19","slug":"monsenhor-camurca-100-anos","status":"publish","type":"post","link":"https:\/\/www.oarcanjo.net\/site\/monsenhor-camurca-100-anos\/","title":{"rendered":"Monsenhor Camur\u00e7a, 100 anos!"},"content":{"rendered":"<p>Padre Geovane Saraiva*<br \/>\n<img loading=\"lazy\" decoding=\"async\" src=\"http:\/\/www.oarcanjo.net\/site\/wp-content\/uploads\/geovane2-148x150.png\" alt=\"\" width=\"148\" height=\"150\" \/><\/p>\n<p>Agradecemos ao bom Deus neste ano 2013, o centen\u00e1rio de nascimento do Monsenhor Andr\u00e9 Viana Camur\u00e7a (11\/04\/1913-02\/08\/2011), modelo de sacerdote, nas espl\u00eandidas virtudes, fosse no di\u00e1logo com o povo de Deus, fosse com os colegas sacerdotes, destacando-se como um referencial nesta Igreja de Fortaleza. Ocupou as mais elevadas fun\u00e7\u00f5es na Arquidiocese de Fortaleza, no pastoreio de Dom Manuel da Silva Gomes, Dom Ant\u00f4nio de Almeida Lustosa, Dom Jos\u00e9 de Medeiros Delgado e Dom Alo\u00edsio Lorscheider; exercendo ainda os cargos de Secret\u00e1rio da Educa\u00e7\u00e3o do Estado do Cear\u00e1 e no Conselho Estadual de Educa\u00e7\u00e3o, exercendo a presid\u00eancia do mesmo. Aos 03 de fevereiro de 1946, fundou Previd\u00eancia Sacerdotal, sociedade civil, beneficente, com personalidade jur\u00eddica sem fins lucrativos (Hospital Cura D\u2019Ars).<\/p>\n<p>Ele foi um ser humano, com uma exist\u00eancia longa, que embora tenha se esfor\u00e7ado para viver bem e feliz neste mundo, com absoluta certeza teve a consci\u00eancia de que a felicidade aqui \u00e9 relativa, mesmo por causa dos espa\u00e7os vazios, lacunas e limites, pr\u00f3prios da vida; ainda mais porque a convic\u00e7\u00e3o assegurou-lhe que esta vida terrena \u00e9 a antecipa\u00e7\u00e3o da felicidade completa, que \u00e9 a bem-aventuran\u00e7a eterna, segundo a promessa do Filho de Deus (cf. MT 5, 1-12).<\/p>\n<p>\u00c9 exatamente por causa da promessa de Jesus de Nazar\u00e9, que agradecemos ao bom Deus o dom maravilhoso da vida do Monsenhor Andr\u00e9 Viana Camur\u00e7a, patrim\u00f4nio do povo cearense, que ap\u00f3s de combater o bom combate, terminar sua corrida e guardar a f\u00e9 (Gl 4, 7), foi chamado ao seio do Pai aos 98 anos de idade, vividos e bem vividos, nesta cidade de Fortaleza, na manh\u00e3 do dia 02 de agosto do ano 2011.<\/p>\n<p>O nosso querido Monsenhor Camur\u00e7a recebeu a miss\u00e3o de anunciar o Evangelho da salva\u00e7\u00e3o, falando ao mundo da import\u00e2ncia da f\u00e9 e da esperan\u00e7a, do sentido da eleva\u00e7\u00e3o da alma e do sentido transcend\u00eancia, ao mesmo tempo em que abriu para os habitantes deste mesmo mundo, em que nele foi inserido, as portas do Redentor, nos seus 76 anos de minist\u00e9rio sacerdotal (1935-2011), na nossa Arquidiocese de Fortaleza.<\/p>\n<p>No seu jeito simples, manso e singelo de viver, no seu amor para com todos, indistintamente, embora uma caracter\u00edstica sua lhe fosse muito peculiar: de est\u00e1 sempre ao lado dos colegas sacerdotes, nunca se acovardando diante das circunst\u00e2ncias, quando alguns sacerdotes passavam por dificuldades. Quando o mar era agitado e o vento era contr\u00e1rio, l\u00e1 se apresentava o querido Monsenhor Camur\u00e7a, com sua habilidade, prud\u00eancia e sabedoria e grande generosidade de cora\u00e7\u00e3o, na qualidade de Vig\u00e1rio Geral da nossa Arquidiocese Fortaleza, acalmando as tempestades (cf. Lc 8, 22-25).<\/p>\n<p>Que a bondade, o esp\u00edrito de f\u00e9 e esperan\u00e7a, grande legado deixado por Monsenhor Camur\u00e7a, criatura humano santa, profundamente marcada pela gra\u00e7a de Deus, ao arrega\u00e7ar as mangas e partir para o campo de a\u00e7\u00e3o, com a miss\u00e3o de anunciar as maravilhas do Senhor, indo ao encontro de uma por\u00e7\u00e3o de homens e mulheres, jovens, idosos e crian\u00e7as, \u00e1vidos em busca da mensagem de salva\u00e7\u00e3o, sendo-lhes sal da terra e luz do mundo, nos inspire na luta e na m\u00edstica do dia a dia. \u201cMuito bem servo bom e fiel, como foste no pouco, irei te constituir no muito, entra na alegria do teu Senhor\u201d (MT 25, 2).<\/p>\n<p>Homem da qualidade, nos seus dons, talentos, habilidades e persist\u00eancia, n\u00e3o surge de um dia para o outro.  Ele que gostava de falar de seu ber\u00e7o familiar e de sua querida m\u00e3e, de sua forma\u00e7\u00e3o no Semin\u00e1rio da Prainha, vivida em grande parte, na companhia de Dom Helder C\u00e2mara, Dom H\u00e9lio Campos, Dom Jos\u00e9 Bezerra Coutinho e tantos outros colegas. Mas aqui quero destacar, sobretudo, algo imprescind\u00edvel e edificante: seu minist\u00e9rio sacerdotal na Igreja de Fortaleza, como ele afirmava: \u201csempre gostei de ser padre; nunca achei ruim ser padre; vivi sempre satisfeito\u201d.  Por este servo bom e fiel, que foi uma pessoa certa numa hora certa, nesta Igreja pela qual deu a vida, antes e depois do Conc\u00edlio Vaticano II, na alegria e na gratid\u00e3o no centen\u00e1rio do seu nascimento, neste ano de 2013, que Deus seja louvado!<\/p>\n<p><em>*Padre da Arquidiocese de Fortaleza, escritor, membro da Academia de Letras dos Munic\u00edpios do Estado Cear\u00e1 (ALMECE), da Academia Metropolitana de Letras de Fortaleza e Vice-Presidente da Previd\u00eancia Sacerdotal.<\/em><\/p>\n<p><em>P\u00e1roco de Santo Afonso<\/em><br \/>\n<a href=\"mailto:geovanesaraiva@gmail.com\"><em>geovanesaraiva@gmail.com<\/em><\/a><\/p>\n<p><strong>Autor dos livros:<\/strong><br \/>\n<em>O peregrino da Paz<\/em> e <em>Nascido Para as Coisas Maiores<\/em> (centen\u00e1rio de Dom Helder C\u00e2mara)<br \/>\n<em>A Ternura de um Pastor<\/em> &#8211; 2\u00aa Edi\u00e7\u00e3o (homenagem ao Cardeal Lorscheider)<br \/>\n<em>A Esperan\u00e7a Tem Nome<\/em> (espiritualidade e compromisso)<br \/>\n<em>Dom Helder: sonhos e utopias<\/em> (o pastor dos empobrecidos)<\/p>\n<div id=\"themify_builder_content-20720\" data-postid=\"20720\" class=\"themify_builder_content themify_builder_content-20720 themify_builder themify_builder_front\">\n\t<\/div>\n<!-- \/themify_builder_content -->","protected":false},"excerpt":{"rendered":"<p>Padre Geovane Saraiva* Agradecemos ao bom Deus neste ano 2013, o centen\u00e1rio de nascimento do Monsenhor Andr\u00e9 Viana Camur\u00e7a (11\/04\/1913-02\/08\/2011), modelo de sacerdote, nas espl\u00eandidas virtudes, fosse no di\u00e1logo com o povo de Deus, fosse com os colegas sacerdotes, destacando-se como um referencial nesta Igreja de Fortaleza. Ocupou as mais elevadas fun\u00e7\u00f5es na Arquidiocese de [&hellip;]<\/p>\n","protected":false},"author":17,"featured_media":0,"comment_status":"open","ping_status":"open","sticky":false,"template":"","format":"standard","meta":{"ngg_post_thumbnail":0,"footnotes":""},"categories":[9],"tags":[],"yoast_head":"<!-- This site is optimized with the Yoast SEO plugin v23.5 - https:\/\/yoast.com\/wordpress\/plugins\/seo\/ -->\n<title>Monsenhor Camur\u00e7a, 100 anos! - O Arcanjo no ar<\/title>\n<meta name=\"robots\" content=\"index, follow, max-snippet:-1, max-image-preview:large, max-video-preview:-1\" \/>\n<link rel=\"canonical\" href=\"https:\/\/www.oarcanjo.net\/site\/monsenhor-camurca-100-anos\/\" \/>\n<meta property=\"og:locale\" content=\"pt_BR\" \/>\n<meta property=\"og:type\" content=\"article\" \/>\n<meta property=\"og:title\" content=\"Monsenhor Camur\u00e7a, 100 anos! - O Arcanjo no ar\" \/>\n<meta property=\"og:description\" content=\"Padre Geovane Saraiva* Agradecemos ao bom Deus neste ano 2013, o centen\u00e1rio de nascimento do Monsenhor Andr\u00e9 Viana Camur\u00e7a (11\/04\/1913-02\/08\/2011), modelo de sacerdote, nas espl\u00eandidas virtudes, fosse no di\u00e1logo com o povo de Deus, fosse com os colegas sacerdotes, destacando-se como um referencial nesta Igreja de Fortaleza. Ocupou as mais elevadas fun\u00e7\u00f5es na Arquidiocese de [&hellip;]\" \/>\n<meta property=\"og:url\" content=\"https:\/\/www.oarcanjo.net\/site\/monsenhor-camurca-100-anos\/\" \/>\n<meta property=\"og:site_name\" content=\"O Arcanjo no ar\" \/>\n<meta property=\"article:publisher\" content=\"https:\/\/www.facebook.com\/OArcanjoNoAr\/\" \/>\n<meta property=\"article:published_time\" content=\"2013-01-22T13:22:04+00:00\" \/>\n<meta property=\"article:modified_time\" content=\"2013-01-22T21:13:19+00:00\" \/>\n<meta property=\"og:image\" content=\"http:\/\/www.oarcanjo.net\/site\/wp-content\/uploads\/geovane2-148x150.png\" \/>\n<meta name=\"author\" content=\"pe.geovane\" \/>\n<meta name=\"twitter:card\" content=\"summary_large_image\" \/>\n<meta name=\"twitter:label1\" content=\"Escrito por\" \/>\n\t<meta name=\"twitter:data1\" content=\"pe.geovane\" \/>\n\t<meta name=\"twitter:label2\" content=\"Est. tempo de leitura\" \/>\n\t<meta name=\"twitter:data2\" content=\"4 minutos\" \/>\n<script type=\"application\/ld+json\" class=\"yoast-schema-graph\">{\"@context\":\"https:\/\/schema.org\",\"@graph\":[{\"@type\":\"Article\",\"@id\":\"https:\/\/www.oarcanjo.net\/site\/monsenhor-camurca-100-anos\/#article\",\"isPartOf\":{\"@id\":\"https:\/\/www.oarcanjo.net\/site\/monsenhor-camurca-100-anos\/\"},\"author\":{\"name\":\"pe.geovane\",\"@id\":\"https:\/\/www.oarcanjo.net\/site\/#\/schema\/person\/58d7f78850a973b8e467c7ae4a7eb4ad\"},\"headline\":\"Monsenhor Camur\u00e7a, 100 anos!\",\"datePublished\":\"2013-01-22T13:22:04+00:00\",\"dateModified\":\"2013-01-22T21:13:19+00:00\",\"mainEntityOfPage\":{\"@id\":\"https:\/\/www.oarcanjo.net\/site\/monsenhor-camurca-100-anos\/\"},\"wordCount\":815,\"commentCount\":0,\"publisher\":{\"@id\":\"https:\/\/www.oarcanjo.net\/site\/#organization\"},\"image\":{\"@id\":\"https:\/\/www.oarcanjo.net\/site\/monsenhor-camurca-100-anos\/#primaryimage\"},\"thumbnailUrl\":\"http:\/\/www.oarcanjo.net\/site\/wp-content\/uploads\/geovane2-148x150.png\",\"articleSection\":[\"Reflex\u00f5es\"],\"inLanguage\":\"pt-BR\",\"potentialAction\":[{\"@type\":\"CommentAction\",\"name\":\"Comment\",\"target\":[\"https:\/\/www.oarcanjo.net\/site\/monsenhor-camurca-100-anos\/#respond\"]}]},{\"@type\":\"WebPage\",\"@id\":\"https:\/\/www.oarcanjo.net\/site\/monsenhor-camurca-100-anos\/\",\"url\":\"https:\/\/www.oarcanjo.net\/site\/monsenhor-camurca-100-anos\/\",\"name\":\"Monsenhor Camur\u00e7a, 100 anos! - O Arcanjo no ar\",\"isPartOf\":{\"@id\":\"https:\/\/www.oarcanjo.net\/site\/#website\"},\"primaryImageOfPage\":{\"@id\":\"https:\/\/www.oarcanjo.net\/site\/monsenhor-camurca-100-anos\/#primaryimage\"},\"image\":{\"@id\":\"https:\/\/www.oarcanjo.net\/site\/monsenhor-camurca-100-anos\/#primaryimage\"},\"thumbnailUrl\":\"http:\/\/www.oarcanjo.net\/site\/wp-content\/uploads\/geovane2-148x150.png\",\"datePublished\":\"2013-01-22T13:22:04+00:00\",\"dateModified\":\"2013-01-22T21:13:19+00:00\",\"breadcrumb\":{\"@id\":\"https:\/\/www.oarcanjo.net\/site\/monsenhor-camurca-100-anos\/#breadcrumb\"},\"inLanguage\":\"pt-BR\",\"potentialAction\":[{\"@type\":\"ReadAction\",\"target\":[\"https:\/\/www.oarcanjo.net\/site\/monsenhor-camurca-100-anos\/\"]}]},{\"@type\":\"ImageObject\",\"inLanguage\":\"pt-BR\",\"@id\":\"https:\/\/www.oarcanjo.net\/site\/monsenhor-camurca-100-anos\/#primaryimage\",\"url\":\"https:\/\/www.oarcanjo.net\/site\/wp-content\/uploads\/geovane2.png\",\"contentUrl\":\"https:\/\/www.oarcanjo.net\/site\/wp-content\/uploads\/geovane2.png\",\"width\":\"148\",\"height\":\"184\"},{\"@type\":\"BreadcrumbList\",\"@id\":\"https:\/\/www.oarcanjo.net\/site\/monsenhor-camurca-100-anos\/#breadcrumb\",\"itemListElement\":[{\"@type\":\"ListItem\",\"position\":1,\"name\":\"In\u00edcio\",\"item\":\"https:\/\/www.oarcanjo.net\/site\/\"},{\"@type\":\"ListItem\",\"position\":2,\"name\":\"Monsenhor Camur\u00e7a, 100 anos!\"}]},{\"@type\":\"WebSite\",\"@id\":\"https:\/\/www.oarcanjo.net\/site\/#website\",\"url\":\"https:\/\/www.oarcanjo.net\/site\/\",\"name\":\"O Arcanjo no ar\",\"description\":\"Site da Par\u00f3quia S\u00e3o Miguel Arcanjo (Arquidiocese de SP)\",\"publisher\":{\"@id\":\"https:\/\/www.oarcanjo.net\/site\/#organization\"},\"potentialAction\":[{\"@type\":\"SearchAction\",\"target\":{\"@type\":\"EntryPoint\",\"urlTemplate\":\"https:\/\/www.oarcanjo.net\/site\/?s={search_term_string}\"},\"query-input\":{\"@type\":\"PropertyValueSpecification\",\"valueRequired\":true,\"valueName\":\"search_term_string\"}}],\"inLanguage\":\"pt-BR\"},{\"@type\":\"Organization\",\"@id\":\"https:\/\/www.oarcanjo.net\/site\/#organization\",\"name\":\"Par\u00f3quia S\u00e3o Miguel Arcanjo\",\"url\":\"https:\/\/www.oarcanjo.net\/site\/\",\"logo\":{\"@type\":\"ImageObject\",\"inLanguage\":\"pt-BR\",\"@id\":\"https:\/\/www.oarcanjo.net\/site\/#\/schema\/logo\/image\/\",\"url\":\"https:\/\/www.oarcanjo.net\/site\/wp-content\/uploads\/LogoOArcanjo.png\",\"contentUrl\":\"https:\/\/www.oarcanjo.net\/site\/wp-content\/uploads\/LogoOArcanjo.png\",\"width\":319,\"height\":99,\"caption\":\"Par\u00f3quia S\u00e3o Miguel Arcanjo\"},\"image\":{\"@id\":\"https:\/\/www.oarcanjo.net\/site\/#\/schema\/logo\/image\/\"},\"sameAs\":[\"https:\/\/www.facebook.com\/OArcanjoNoAr\/\"]},{\"@type\":\"Person\",\"@id\":\"https:\/\/www.oarcanjo.net\/site\/#\/schema\/person\/58d7f78850a973b8e467c7ae4a7eb4ad\",\"name\":\"pe.geovane\"}]}<\/script>\n<!-- \/ Yoast SEO plugin. -->","yoast_head_json":{"title":"Monsenhor Camur\u00e7a, 100 anos! - O Arcanjo no ar","robots":{"index":"index","follow":"follow","max-snippet":"max-snippet:-1","max-image-preview":"max-image-preview:large","max-video-preview":"max-video-preview:-1"},"canonical":"https:\/\/www.oarcanjo.net\/site\/monsenhor-camurca-100-anos\/","og_locale":"pt_BR","og_type":"article","og_title":"Monsenhor Camur\u00e7a, 100 anos! - O Arcanjo no ar","og_description":"Padre Geovane Saraiva* Agradecemos ao bom Deus neste ano 2013, o centen\u00e1rio de nascimento do Monsenhor Andr\u00e9 Viana Camur\u00e7a (11\/04\/1913-02\/08\/2011), modelo de sacerdote, nas espl\u00eandidas virtudes, fosse no di\u00e1logo com o povo de Deus, fosse com os colegas sacerdotes, destacando-se como um referencial nesta Igreja de Fortaleza. Ocupou as mais elevadas fun\u00e7\u00f5es na Arquidiocese de [&hellip;]","og_url":"https:\/\/www.oarcanjo.net\/site\/monsenhor-camurca-100-anos\/","og_site_name":"O Arcanjo no ar","article_publisher":"https:\/\/www.facebook.com\/OArcanjoNoAr\/","article_published_time":"2013-01-22T13:22:04+00:00","article_modified_time":"2013-01-22T21:13:19+00:00","og_image":[{"url":"http:\/\/www.oarcanjo.net\/site\/wp-content\/uploads\/geovane2-148x150.png"}],"author":"pe.geovane","twitter_card":"summary_large_image","twitter_misc":{"Escrito por":"pe.geovane","Est. tempo de leitura":"4 minutos"},"schema":{"@context":"https:\/\/schema.org","@graph":[{"@type":"Article","@id":"https:\/\/www.oarcanjo.net\/site\/monsenhor-camurca-100-anos\/#article","isPartOf":{"@id":"https:\/\/www.oarcanjo.net\/site\/monsenhor-camurca-100-anos\/"},"author":{"name":"pe.geovane","@id":"https:\/\/www.oarcanjo.net\/site\/#\/schema\/person\/58d7f78850a973b8e467c7ae4a7eb4ad"},"headline":"Monsenhor Camur\u00e7a, 100 anos!","datePublished":"2013-01-22T13:22:04+00:00","dateModified":"2013-01-22T21:13:19+00:00","mainEntityOfPage":{"@id":"https:\/\/www.oarcanjo.net\/site\/monsenhor-camurca-100-anos\/"},"wordCount":815,"commentCount":0,"publisher":{"@id":"https:\/\/www.oarcanjo.net\/site\/#organization"},"image":{"@id":"https:\/\/www.oarcanjo.net\/site\/monsenhor-camurca-100-anos\/#primaryimage"},"thumbnailUrl":"http:\/\/www.oarcanjo.net\/site\/wp-content\/uploads\/geovane2-148x150.png","articleSection":["Reflex\u00f5es"],"inLanguage":"pt-BR","potentialAction":[{"@type":"CommentAction","name":"Comment","target":["https:\/\/www.oarcanjo.net\/site\/monsenhor-camurca-100-anos\/#respond"]}]},{"@type":"WebPage","@id":"https:\/\/www.oarcanjo.net\/site\/monsenhor-camurca-100-anos\/","url":"https:\/\/www.oarcanjo.net\/site\/monsenhor-camurca-100-anos\/","name":"Monsenhor Camur\u00e7a, 100 anos! - O Arcanjo no ar","isPartOf":{"@id":"https:\/\/www.oarcanjo.net\/site\/#website"},"primaryImageOfPage":{"@id":"https:\/\/www.oarcanjo.net\/site\/monsenhor-camurca-100-anos\/#primaryimage"},"image":{"@id":"https:\/\/www.oarcanjo.net\/site\/monsenhor-camurca-100-anos\/#primaryimage"},"thumbnailUrl":"http:\/\/www.oarcanjo.net\/site\/wp-content\/uploads\/geovane2-148x150.png","datePublished":"2013-01-22T13:22:04+00:00","dateModified":"2013-01-22T21:13:19+00:00","breadcrumb":{"@id":"https:\/\/www.oarcanjo.net\/site\/monsenhor-camurca-100-anos\/#breadcrumb"},"inLanguage":"pt-BR","potentialAction":[{"@type":"ReadAction","target":["https:\/\/www.oarcanjo.net\/site\/monsenhor-camurca-100-anos\/"]}]},{"@type":"ImageObject","inLanguage":"pt-BR","@id":"https:\/\/www.oarcanjo.net\/site\/monsenhor-camurca-100-anos\/#primaryimage","url":"https:\/\/www.oarcanjo.net\/site\/wp-content\/uploads\/geovane2.png","contentUrl":"https:\/\/www.oarcanjo.net\/site\/wp-content\/uploads\/geovane2.png","width":"148","height":"184"},{"@type":"BreadcrumbList","@id":"https:\/\/www.oarcanjo.net\/site\/monsenhor-camurca-100-anos\/#breadcrumb","itemListElement":[{"@type":"ListItem","position":1,"name":"In\u00edcio","item":"https:\/\/www.oarcanjo.net\/site\/"},{"@type":"ListItem","position":2,"name":"Monsenhor Camur\u00e7a, 100 anos!"}]},{"@type":"WebSite","@id":"https:\/\/www.oarcanjo.net\/site\/#website","url":"https:\/\/www.oarcanjo.net\/site\/","name":"O Arcanjo no ar","description":"Site da Par\u00f3quia S\u00e3o Miguel Arcanjo (Arquidiocese de SP)","publisher":{"@id":"https:\/\/www.oarcanjo.net\/site\/#organization"},"potentialAction":[{"@type":"SearchAction","target":{"@type":"EntryPoint","urlTemplate":"https:\/\/www.oarcanjo.net\/site\/?s={search_term_string}"},"query-input":{"@type":"PropertyValueSpecification","valueRequired":true,"valueName":"search_term_string"}}],"inLanguage":"pt-BR"},{"@type":"Organization","@id":"https:\/\/www.oarcanjo.net\/site\/#organization","name":"Par\u00f3quia S\u00e3o Miguel Arcanjo","url":"https:\/\/www.oarcanjo.net\/site\/","logo":{"@type":"ImageObject","inLanguage":"pt-BR","@id":"https:\/\/www.oarcanjo.net\/site\/#\/schema\/logo\/image\/","url":"https:\/\/www.oarcanjo.net\/site\/wp-content\/uploads\/LogoOArcanjo.png","contentUrl":"https:\/\/www.oarcanjo.net\/site\/wp-content\/uploads\/LogoOArcanjo.png","width":319,"height":99,"caption":"Par\u00f3quia S\u00e3o Miguel Arcanjo"},"image":{"@id":"https:\/\/www.oarcanjo.net\/site\/#\/schema\/logo\/image\/"},"sameAs":["https:\/\/www.facebook.com\/OArcanjoNoAr\/"]},{"@type":"Person","@id":"https:\/\/www.oarcanjo.net\/site\/#\/schema\/person\/58d7f78850a973b8e467c7ae4a7eb4ad","name":"pe.geovane"}]}},"publishpress_future_action":{"enabled":false,"date":"2026-05-09 07:46:01","action":"category","newStatus":"draft","terms":[],"taxonomy":"category"},"publishpress_future_workflow_manual_trigger":{"enabledWorkflows":[]},"_links":{"self":[{"href":"https:\/\/www.oarcanjo.net\/site\/wp-json\/wp\/v2\/posts\/20720"}],"collection":[{"href":"https:\/\/www.oarcanjo.net\/site\/wp-json\/wp\/v2\/posts"}],"about":[{"href":"https:\/\/www.oarcanjo.net\/site\/wp-json\/wp\/v2\/types\/post"}],"author":[{"embeddable":true,"href":"https:\/\/www.oarcanjo.net\/site\/wp-json\/wp\/v2\/users\/17"}],"replies":[{"embeddable":true,"href":"https:\/\/www.oarcanjo.net\/site\/wp-json\/wp\/v2\/comments?post=20720"}],"version-history":[{"count":0,"href":"https:\/\/www.oarcanjo.net\/site\/wp-json\/wp\/v2\/posts\/20720\/revisions"}],"wp:attachment":[{"href":"https:\/\/www.oarcanjo.net\/site\/wp-json\/wp\/v2\/media?parent=20720"}],"wp:term":[{"taxonomy":"category","embeddable":true,"href":"https:\/\/www.oarcanjo.net\/site\/wp-json\/wp\/v2\/categories?post=20720"},{"taxonomy":"post_tag","embeddable":true,"href":"https:\/\/www.oarcanjo.net\/site\/wp-json\/wp\/v2\/tags?post=20720"}],"curies":[{"name":"wp","href":"https:\/\/api.w.org\/{rel}","templated":true}]}}