
{"id":20726,"date":"2013-01-23T18:58:48","date_gmt":"2013-01-23T20:58:48","guid":{"rendered":"http:\/\/www.oarcanjo.net\/site\/?p=20726"},"modified":"2013-01-23T18:58:48","modified_gmt":"2013-01-23T20:58:48","slug":"testemunha-de-cristo-na-cidade","status":"publish","type":"post","link":"https:\/\/www.oarcanjo.net\/site\/testemunha-de-cristo-na-cidade\/","title":{"rendered":"Testemunha de Cristo na Cidade"},"content":{"rendered":"<p>Qual \u00e9 o primeiro objetivo da presen\u00e7a da Igreja numa cidade como S\u00e3o Paulo? Tantas poderiam ser as respostas, mas uma delas \u00e9 a principal: ser testemunha de Jesus Cristo e do Evangelho do Reino de Deus.<\/p>\n<p>Foi bem isso que Jesus recomendou aos ap\u00f3stolos, ao lhes prometer o Esp\u00edrito Santo, antes de elevar-se ao c\u00e9u: <em>\u201cv\u00f3s sereis minhas testemunhas em Jerusal\u00e9m, por toda a Judeia e Samaria e at\u00e9 os confins da terra\u201d<\/em> (cf At 1,8). Jesus manda ser testemunhas dele, em primeiro lugar, na cidade de Jerusal\u00e9m.<\/p>\n<p>No dia 25, festa da Convers\u00e3o de S\u00e3o Paulo, quando a Arquidiocese de S\u00e3o Paulo comemora o Ap\u00f3stolo como seu Patrono e Intercessor, entra oficialmente em vigor o seu 11\u00ba Plano de Pastoral, que traz este prop\u00f3sito: \u201cser testemunha de Jesus Cristo na cidade de S\u00e3o Paulo\u201d.<\/p>\n<p>Essa meta d\u00e1 sentido e orienta\u00e7\u00e3o a tudo o que a Igreja \u00e9 e faz: \u00e0s suas organiza\u00e7\u00f5es pastorais, institui\u00e7\u00f5es educativas, de caridade e solidariedade social; aos seus meios de comunica\u00e7\u00e3o, associa\u00e7\u00f5es de fi\u00e9is leigos, \u00e0 atua\u00e7\u00e3o dos bispos, padres e religiosos, para a exist\u00eancia e a\u00e7\u00e3o das par\u00f3quias, igrejas, santu\u00e1rios, conventos, mosteiros, pequenas e grandes comunidades; para as celebra\u00e7\u00f5es lit\u00fargicas e manifesta\u00e7\u00f5es religiosas, art\u00edsticas e culturais, e at\u00e9 para o badalar dos sinos nas torres das igrejas&#8230; Tudo isso existe em fun\u00e7\u00e3o da miss\u00e3o de testemunhar Jesus Cristo e seu Evangelho na cidade de S\u00e3o Paulo.<\/p>\n<p>O 11\u00ba Plano de Pastoral come\u00e7a com uma refer\u00eancia \u00e0 hist\u00f3ria da presen\u00e7a e atua\u00e7\u00e3o da Igreja em S\u00e3o Paulo e ao seu caminho de fidelidade a Cristo. Essa Igreja v\u00ea-se hoje diante de situa\u00e7\u00f5es novas, tanto do ponto de vista religioso e pastoral como do ponto de vista social, pol\u00edtico e cultural; elas representam uma chance e um convite para atuar de forma nova e perseverante. Mas tamb\u00e9m h\u00e1 situa\u00e7\u00f5es desafiadoras, em que a miss\u00e3o da Igreja precisa ser exercida com renovada aten\u00e7\u00e3o e empenho.<\/p>\n<p>Em sintonia com as atuais Diretrizes Gerais da A\u00e7\u00e3o Evangelizadora da Igreja no Brasil, a Arquidiocese coloca-se diante das urg\u00eancias, que requerem seu empenho especial: a) a necessidade de promover uma nova evangeliza\u00e7\u00e3o faz a Igreja em S\u00e3o Paulo colocar-se \u201cem estado permanente de miss\u00e3o\u201d; b) a urg\u00eancia de oferecer melhor forma\u00e7\u00e3o aos fi\u00e9is, leva a Igreja em S\u00e3o Paulo a ser \u201ccasa de inicia\u00e7\u00e3o \u00e0 vida crist\u00e3\u201d; c) a necessidade de verdadeiros disc\u00edpulos mission\u00e1rios de Jesus Cristo requer que toda a vida a\u00e7\u00e3o da Igreja seja animada pela a Palavra de Deus\u201d; d) o mandamento do amor fraterno e da comunh\u00e3o entre todos batizados desafia a Igreja em S\u00e3o Paulo a ser uma rica e variada \u201cComunidade de comunidades\u201d crist\u00e3s; e) \u201cpara que todos tenham vida\u201d, a Igreja em S\u00e3o Paulo se coloca ao servi\u00e7o da vida plena para todos; f) voltando-se para a juventude com amor e profundo interesse, esta Igreja une seus esfor\u00e7os para evangelizar os jovens.<\/p>\n<p>Ap\u00f3s indicar algumas situa\u00e7\u00f5es que caracterizam cada uma dessas seis urg\u00eancias, o 11\u00ba Plano oferece indica\u00e7\u00f5es pastorais, que dever\u00e3o ser traduzidas em iniciativas e programas de a\u00e7\u00e3o pelas par\u00f3quias, comunidades e organiza\u00e7\u00f5es eclesiais e pastorais. O Plano de Pastoral \u00e9 norteador da a\u00e7\u00e3o evangelizadora e pastoral de toda a Arquidiocese para os pr\u00f3ximos quatro anos e dever\u00e1 favorecer a pastoral de conjunto. Nele, leva-se em conta o 50\u00ba anivers\u00e1rio do Conc\u00edlio Ecum\u00eanico Vaticano 2\u00ba, o Ano da F\u00e9 e o Catecismo da Igreja Cat\u00f3lica, para ajudar a Arquidiocese a viver esses pr\u00f3ximos anos em sintonia e em comunh\u00e3o com a Igreja no Brasil e no mundo inteiro.<\/p>\n<p>O primeiro ano de vig\u00eancia do Plano de Pastoral coincide com a realiza\u00e7\u00e3o do Ano da F\u00e9, que toda a Igreja celebra desde 11 de outubro de 2012 at\u00e9 24 de novembro de 2013. Por isso, a Carta Pastoral \u2013 Senhor, aumentai nossa f\u00e9! \u2013 apresenta reflex\u00f5es e uma s\u00e9rie de indica\u00e7\u00f5es e sugest\u00f5es para a viv\u00eancia do Ano da F\u00e9 na Arquidiocese.<\/p>\n<p>Fa\u00e7o votos que o 11\u00ba Plano de Pastoral proporcione um caminho frut\u00edfero de unidade pastoral, como resposta aos desafios, necessidades e urg\u00eancias pastorais do nosso tempo. E que a Arquidiocese possa tornar-se, cada vez mais, uma testemunha corajosa, din\u00e2mica e cr\u00edvel de Jesus Cristo e de seu Evangelho nesta cidade. Pela intercess\u00e3o do Ap\u00f3stolo S\u00e3o Paulo e com as b\u00ean\u00e7\u00e3os de Deus!<\/p>\n<p><em>Publicado em O S\u00c3O PAULO, ed. de 22\/01\/2013<\/em><br \/>\n<em>Cardeal Odilo Pedro Scherer<\/em><br \/>\n<em>Arcebispo de S\u00e3o Paulo<\/em><br \/>\n<em><a title=\"@DomOdiloSchere\" href=\"http:\/\/twitter.com\/DomOdiloSchere\" target=\"_blank\">@DomOdiloSchere<\/a><\/em><\/p>\n<div id=\"themify_builder_content-20726\" data-postid=\"20726\" class=\"themify_builder_content themify_builder_content-20726 themify_builder themify_builder_front\">\n\t<\/div>\n<!-- \/themify_builder_content -->","protected":false},"excerpt":{"rendered":"<p>Qual \u00e9 o primeiro objetivo da presen\u00e7a da Igreja numa cidade como S\u00e3o Paulo? Tantas poderiam ser as respostas, mas uma delas \u00e9 a principal: ser testemunha de Jesus Cristo e do Evangelho do Reino de Deus. Foi bem isso que Jesus recomendou aos ap\u00f3stolos, ao lhes prometer o Esp\u00edrito Santo, antes de elevar-se ao [&hellip;]<\/p>\n","protected":false},"author":5,"featured_media":0,"comment_status":"open","ping_status":"open","sticky":false,"template":"","format":"standard","meta":{"ngg_post_thumbnail":0,"footnotes":""},"categories":[9],"tags":[2379,1840,170,1424,11,2380,2381],"yoast_head":"<!-- This site is optimized with the Yoast SEO plugin v23.5 - https:\/\/yoast.com\/wordpress\/plugins\/seo\/ -->\n<title>Testemunha de Cristo na Cidade - O Arcanjo no ar<\/title>\n<meta name=\"robots\" content=\"index, follow, max-snippet:-1, max-image-preview:large, max-video-preview:-1\" \/>\n<link rel=\"canonical\" href=\"https:\/\/www.oarcanjo.net\/site\/testemunha-de-cristo-na-cidade\/\" \/>\n<meta property=\"og:locale\" content=\"pt_BR\" \/>\n<meta property=\"og:type\" content=\"article\" \/>\n<meta property=\"og:title\" content=\"Testemunha de Cristo na Cidade - O Arcanjo no ar\" \/>\n<meta property=\"og:description\" content=\"Qual \u00e9 o primeiro objetivo da presen\u00e7a da Igreja numa cidade como S\u00e3o Paulo? Tantas poderiam ser as respostas, mas uma delas \u00e9 a principal: ser testemunha de Jesus Cristo e do Evangelho do Reino de Deus. Foi bem isso que Jesus recomendou aos ap\u00f3stolos, ao lhes prometer o Esp\u00edrito Santo, antes de elevar-se ao [&hellip;]\" \/>\n<meta property=\"og:url\" content=\"https:\/\/www.oarcanjo.net\/site\/testemunha-de-cristo-na-cidade\/\" \/>\n<meta property=\"og:site_name\" content=\"O Arcanjo no ar\" \/>\n<meta property=\"article:publisher\" content=\"https:\/\/www.facebook.com\/OArcanjoNoAr\/\" \/>\n<meta property=\"article:published_time\" content=\"2013-01-23T20:58:48+00:00\" \/>\n<meta property=\"og:image\" content=\"https:\/\/www.oarcanjo.net\/site\/wp-content\/uploads\/logo-o-arcanjo-no-ar-facebook.png\" \/>\n\t<meta property=\"og:image:width\" content=\"300\" \/>\n\t<meta property=\"og:image:height\" content=\"300\" \/>\n\t<meta property=\"og:image:type\" content=\"image\/png\" \/>\n<meta name=\"author\" content=\"editor\" \/>\n<meta name=\"twitter:card\" content=\"summary_large_image\" \/>\n<meta name=\"twitter:label1\" content=\"Escrito por\" \/>\n\t<meta name=\"twitter:data1\" content=\"editor\" \/>\n\t<meta name=\"twitter:label2\" content=\"Est. tempo de leitura\" \/>\n\t<meta name=\"twitter:data2\" content=\"4 minutos\" \/>\n<script type=\"application\/ld+json\" class=\"yoast-schema-graph\">{\"@context\":\"https:\/\/schema.org\",\"@graph\":[{\"@type\":\"Article\",\"@id\":\"https:\/\/www.oarcanjo.net\/site\/testemunha-de-cristo-na-cidade\/#article\",\"isPartOf\":{\"@id\":\"https:\/\/www.oarcanjo.net\/site\/testemunha-de-cristo-na-cidade\/\"},\"author\":{\"name\":\"editor\",\"@id\":\"https:\/\/www.oarcanjo.net\/site\/#\/schema\/person\/f7024d007863202483a31326673a0838\"},\"headline\":\"Testemunha de Cristo na Cidade\",\"datePublished\":\"2013-01-23T20:58:48+00:00\",\"dateModified\":\"2013-01-23T20:58:48+00:00\",\"mainEntityOfPage\":{\"@id\":\"https:\/\/www.oarcanjo.net\/site\/testemunha-de-cristo-na-cidade\/\"},\"wordCount\":810,\"commentCount\":0,\"publisher\":{\"@id\":\"https:\/\/www.oarcanjo.net\/site\/#organization\"},\"keywords\":[\"11\u00ba Plano de Pastoral\",\"Carta Pastoral\",\"cidade\",\"Convers\u00e3o de S\u00e3o Paulo\",\"S\u00e3o Paulo\",\"Senhor; aumentai nossa f\u00e9!\",\"Testemunha\"],\"articleSection\":[\"Reflex\u00f5es\"],\"inLanguage\":\"pt-BR\",\"potentialAction\":[{\"@type\":\"CommentAction\",\"name\":\"Comment\",\"target\":[\"https:\/\/www.oarcanjo.net\/site\/testemunha-de-cristo-na-cidade\/#respond\"]}]},{\"@type\":\"WebPage\",\"@id\":\"https:\/\/www.oarcanjo.net\/site\/testemunha-de-cristo-na-cidade\/\",\"url\":\"https:\/\/www.oarcanjo.net\/site\/testemunha-de-cristo-na-cidade\/\",\"name\":\"Testemunha de Cristo na Cidade - O Arcanjo no ar\",\"isPartOf\":{\"@id\":\"https:\/\/www.oarcanjo.net\/site\/#website\"},\"datePublished\":\"2013-01-23T20:58:48+00:00\",\"dateModified\":\"2013-01-23T20:58:48+00:00\",\"breadcrumb\":{\"@id\":\"https:\/\/www.oarcanjo.net\/site\/testemunha-de-cristo-na-cidade\/#breadcrumb\"},\"inLanguage\":\"pt-BR\",\"potentialAction\":[{\"@type\":\"ReadAction\",\"target\":[\"https:\/\/www.oarcanjo.net\/site\/testemunha-de-cristo-na-cidade\/\"]}]},{\"@type\":\"BreadcrumbList\",\"@id\":\"https:\/\/www.oarcanjo.net\/site\/testemunha-de-cristo-na-cidade\/#breadcrumb\",\"itemListElement\":[{\"@type\":\"ListItem\",\"position\":1,\"name\":\"In\u00edcio\",\"item\":\"https:\/\/www.oarcanjo.net\/site\/\"},{\"@type\":\"ListItem\",\"position\":2,\"name\":\"Testemunha de Cristo na Cidade\"}]},{\"@type\":\"WebSite\",\"@id\":\"https:\/\/www.oarcanjo.net\/site\/#website\",\"url\":\"https:\/\/www.oarcanjo.net\/site\/\",\"name\":\"O Arcanjo no ar\",\"description\":\"Site da Par\u00f3quia S\u00e3o Miguel Arcanjo (Arquidiocese de SP)\",\"publisher\":{\"@id\":\"https:\/\/www.oarcanjo.net\/site\/#organization\"},\"potentialAction\":[{\"@type\":\"SearchAction\",\"target\":{\"@type\":\"EntryPoint\",\"urlTemplate\":\"https:\/\/www.oarcanjo.net\/site\/?s={search_term_string}\"},\"query-input\":{\"@type\":\"PropertyValueSpecification\",\"valueRequired\":true,\"valueName\":\"search_term_string\"}}],\"inLanguage\":\"pt-BR\"},{\"@type\":\"Organization\",\"@id\":\"https:\/\/www.oarcanjo.net\/site\/#organization\",\"name\":\"Par\u00f3quia S\u00e3o Miguel Arcanjo\",\"url\":\"https:\/\/www.oarcanjo.net\/site\/\",\"logo\":{\"@type\":\"ImageObject\",\"inLanguage\":\"pt-BR\",\"@id\":\"https:\/\/www.oarcanjo.net\/site\/#\/schema\/logo\/image\/\",\"url\":\"https:\/\/www.oarcanjo.net\/site\/wp-content\/uploads\/LogoOArcanjo.png\",\"contentUrl\":\"https:\/\/www.oarcanjo.net\/site\/wp-content\/uploads\/LogoOArcanjo.png\",\"width\":319,\"height\":99,\"caption\":\"Par\u00f3quia S\u00e3o Miguel Arcanjo\"},\"image\":{\"@id\":\"https:\/\/www.oarcanjo.net\/site\/#\/schema\/logo\/image\/\"},\"sameAs\":[\"https:\/\/www.facebook.com\/OArcanjoNoAr\/\"]},{\"@type\":\"Person\",\"@id\":\"https:\/\/www.oarcanjo.net\/site\/#\/schema\/person\/f7024d007863202483a31326673a0838\",\"name\":\"editor\",\"sameAs\":[\"http:\/\/www.oarcanjo.net\"]}]}<\/script>\n<!-- \/ Yoast SEO plugin. -->","yoast_head_json":{"title":"Testemunha de Cristo na Cidade - O Arcanjo no ar","robots":{"index":"index","follow":"follow","max-snippet":"max-snippet:-1","max-image-preview":"max-image-preview:large","max-video-preview":"max-video-preview:-1"},"canonical":"https:\/\/www.oarcanjo.net\/site\/testemunha-de-cristo-na-cidade\/","og_locale":"pt_BR","og_type":"article","og_title":"Testemunha de Cristo na Cidade - O Arcanjo no ar","og_description":"Qual \u00e9 o primeiro objetivo da presen\u00e7a da Igreja numa cidade como S\u00e3o Paulo? Tantas poderiam ser as respostas, mas uma delas \u00e9 a principal: ser testemunha de Jesus Cristo e do Evangelho do Reino de Deus. Foi bem isso que Jesus recomendou aos ap\u00f3stolos, ao lhes prometer o Esp\u00edrito Santo, antes de elevar-se ao [&hellip;]","og_url":"https:\/\/www.oarcanjo.net\/site\/testemunha-de-cristo-na-cidade\/","og_site_name":"O Arcanjo no ar","article_publisher":"https:\/\/www.facebook.com\/OArcanjoNoAr\/","article_published_time":"2013-01-23T20:58:48+00:00","og_image":[{"width":300,"height":300,"url":"https:\/\/www.oarcanjo.net\/site\/wp-content\/uploads\/logo-o-arcanjo-no-ar-facebook.png","type":"image\/png"}],"author":"editor","twitter_card":"summary_large_image","twitter_misc":{"Escrito por":"editor","Est. tempo de leitura":"4 minutos"},"schema":{"@context":"https:\/\/schema.org","@graph":[{"@type":"Article","@id":"https:\/\/www.oarcanjo.net\/site\/testemunha-de-cristo-na-cidade\/#article","isPartOf":{"@id":"https:\/\/www.oarcanjo.net\/site\/testemunha-de-cristo-na-cidade\/"},"author":{"name":"editor","@id":"https:\/\/www.oarcanjo.net\/site\/#\/schema\/person\/f7024d007863202483a31326673a0838"},"headline":"Testemunha de Cristo na Cidade","datePublished":"2013-01-23T20:58:48+00:00","dateModified":"2013-01-23T20:58:48+00:00","mainEntityOfPage":{"@id":"https:\/\/www.oarcanjo.net\/site\/testemunha-de-cristo-na-cidade\/"},"wordCount":810,"commentCount":0,"publisher":{"@id":"https:\/\/www.oarcanjo.net\/site\/#organization"},"keywords":["11\u00ba Plano de Pastoral","Carta Pastoral","cidade","Convers\u00e3o de S\u00e3o Paulo","S\u00e3o Paulo","Senhor; aumentai nossa f\u00e9!","Testemunha"],"articleSection":["Reflex\u00f5es"],"inLanguage":"pt-BR","potentialAction":[{"@type":"CommentAction","name":"Comment","target":["https:\/\/www.oarcanjo.net\/site\/testemunha-de-cristo-na-cidade\/#respond"]}]},{"@type":"WebPage","@id":"https:\/\/www.oarcanjo.net\/site\/testemunha-de-cristo-na-cidade\/","url":"https:\/\/www.oarcanjo.net\/site\/testemunha-de-cristo-na-cidade\/","name":"Testemunha de Cristo na Cidade - O Arcanjo no ar","isPartOf":{"@id":"https:\/\/www.oarcanjo.net\/site\/#website"},"datePublished":"2013-01-23T20:58:48+00:00","dateModified":"2013-01-23T20:58:48+00:00","breadcrumb":{"@id":"https:\/\/www.oarcanjo.net\/site\/testemunha-de-cristo-na-cidade\/#breadcrumb"},"inLanguage":"pt-BR","potentialAction":[{"@type":"ReadAction","target":["https:\/\/www.oarcanjo.net\/site\/testemunha-de-cristo-na-cidade\/"]}]},{"@type":"BreadcrumbList","@id":"https:\/\/www.oarcanjo.net\/site\/testemunha-de-cristo-na-cidade\/#breadcrumb","itemListElement":[{"@type":"ListItem","position":1,"name":"In\u00edcio","item":"https:\/\/www.oarcanjo.net\/site\/"},{"@type":"ListItem","position":2,"name":"Testemunha de Cristo na Cidade"}]},{"@type":"WebSite","@id":"https:\/\/www.oarcanjo.net\/site\/#website","url":"https:\/\/www.oarcanjo.net\/site\/","name":"O Arcanjo no ar","description":"Site da Par\u00f3quia S\u00e3o Miguel Arcanjo (Arquidiocese de SP)","publisher":{"@id":"https:\/\/www.oarcanjo.net\/site\/#organization"},"potentialAction":[{"@type":"SearchAction","target":{"@type":"EntryPoint","urlTemplate":"https:\/\/www.oarcanjo.net\/site\/?s={search_term_string}"},"query-input":{"@type":"PropertyValueSpecification","valueRequired":true,"valueName":"search_term_string"}}],"inLanguage":"pt-BR"},{"@type":"Organization","@id":"https:\/\/www.oarcanjo.net\/site\/#organization","name":"Par\u00f3quia S\u00e3o Miguel Arcanjo","url":"https:\/\/www.oarcanjo.net\/site\/","logo":{"@type":"ImageObject","inLanguage":"pt-BR","@id":"https:\/\/www.oarcanjo.net\/site\/#\/schema\/logo\/image\/","url":"https:\/\/www.oarcanjo.net\/site\/wp-content\/uploads\/LogoOArcanjo.png","contentUrl":"https:\/\/www.oarcanjo.net\/site\/wp-content\/uploads\/LogoOArcanjo.png","width":319,"height":99,"caption":"Par\u00f3quia S\u00e3o Miguel Arcanjo"},"image":{"@id":"https:\/\/www.oarcanjo.net\/site\/#\/schema\/logo\/image\/"},"sameAs":["https:\/\/www.facebook.com\/OArcanjoNoAr\/"]},{"@type":"Person","@id":"https:\/\/www.oarcanjo.net\/site\/#\/schema\/person\/f7024d007863202483a31326673a0838","name":"editor","sameAs":["http:\/\/www.oarcanjo.net"]}]}},"publishpress_future_action":{"enabled":false,"date":"2026-05-09 05:55:42","action":"category","newStatus":"draft","terms":[],"taxonomy":"category"},"publishpress_future_workflow_manual_trigger":{"enabledWorkflows":[]},"_links":{"self":[{"href":"https:\/\/www.oarcanjo.net\/site\/wp-json\/wp\/v2\/posts\/20726"}],"collection":[{"href":"https:\/\/www.oarcanjo.net\/site\/wp-json\/wp\/v2\/posts"}],"about":[{"href":"https:\/\/www.oarcanjo.net\/site\/wp-json\/wp\/v2\/types\/post"}],"author":[{"embeddable":true,"href":"https:\/\/www.oarcanjo.net\/site\/wp-json\/wp\/v2\/users\/5"}],"replies":[{"embeddable":true,"href":"https:\/\/www.oarcanjo.net\/site\/wp-json\/wp\/v2\/comments?post=20726"}],"version-history":[{"count":0,"href":"https:\/\/www.oarcanjo.net\/site\/wp-json\/wp\/v2\/posts\/20726\/revisions"}],"wp:attachment":[{"href":"https:\/\/www.oarcanjo.net\/site\/wp-json\/wp\/v2\/media?parent=20726"}],"wp:term":[{"taxonomy":"category","embeddable":true,"href":"https:\/\/www.oarcanjo.net\/site\/wp-json\/wp\/v2\/categories?post=20726"},{"taxonomy":"post_tag","embeddable":true,"href":"https:\/\/www.oarcanjo.net\/site\/wp-json\/wp\/v2\/tags?post=20726"}],"curies":[{"name":"wp","href":"https:\/\/api.w.org\/{rel}","templated":true}]}}