
{"id":2073,"date":"2009-03-01T10:05:34","date_gmt":"2009-03-01T13:05:34","guid":{"rendered":"http:\/\/www.oarcanjo.net\/site\/?p=2073"},"modified":"2009-02-27T00:21:22","modified_gmt":"2009-02-27T03:21:22","slug":"a-ternura-de-um-pastor","status":"publish","type":"post","link":"https:\/\/www.oarcanjo.net\/site\/a-ternura-de-um-pastor\/","title":{"rendered":"A ternura de um pastor"},"content":{"rendered":"<p>Pe. Geovane Saraiva<\/p>\n<p>Dom Alo\u00edsio teve como ber\u00e7o a cidade de Estrela \u2013 RS, nascido no dia 08.10.1924. Ordenado padre em 22 de agosto de 1948 &#8211; Divin\u00f3polis \u2013 MG. Nomeado bispo de Santo \u00c2ngelo no dia 03.02 de 1962, ano em que teve in\u00edcio o Conc\u00edlio Vaticano II, escolhendo como seu lema episcopal: \u201cIn cruce salus et vita\u201d \u2013 na cruz a salva\u00e7\u00e3o e a vida, que ao iniciar seu minist\u00e9rio episcopal com muito amor, sabedoria e determina\u00e7\u00e3o, colocou em pr\u00e1tica seu projeto e sonho de jovem bispo, com 37 anos de idade, na sua Diocese e nas sess\u00f5es do mesmo Conc\u00edlio, de 1962 a 1965 e depois, a servi\u00e7o da Igreja no Brasil, na Am\u00e9rica Latina e no mundo inteiro.<\/p>\n<p>Este grande homem de Deus foi nomeado Arcebispo de Fortaleza no dia 04.04.1973, assumindo a Arquidiocese no dia 05 de agosto do mesmo ano. Em 24.04.1976 foi nomeado Cardeal da Santa Igreja pelo Papa Paulo VI. Em Fortaleza, procurou fazer a vontade de Deus, com ternura e coragem prof\u00e9tica de pastor, por 22 anos, at\u00e9 ser transferido e tomar posse na Arquidiocese de Aparecida, no dia 18.08.1995. Permanecendo l\u00e1 at\u00e9 o dia 25 de mar\u00e7o de 2004, quando entregou o cargo a Dom Raymundo Damasceno Assis, tornando-se, deste modo, Arcebispo Em\u00e9rito de Aparecida.<\/p>\n<p>Chegou e assumiu a Igreja de Fortaleza como um servidor, como um irm\u00e3o desprendido, a exemplo do Bom Pastor, que d\u00e1 a sua vida por suas ovelhas (cf. 10, 11). Chegou num Cear\u00e1 marcado pela mis\u00e9ria, numa popula\u00e7\u00e3o faminta, que nos faz lembrar o que nos diz Manuel Bandeira, na sua bela poesia: &#8220;Vi ontem um bicho, Na imund\u00edcie do p\u00e1tio, Catando comida entre os detritos, Quando achava alguma coisa, N\u00e3o examinava nem cheirava: Engolia com voracidade. O bicho n\u00e3o era um c\u00e3o, N\u00e3o era gato, N\u00e3o era um rato. O Bicho, meu Deus, era um homem&#8221;.<\/p>\n<p>Dom Alo\u00edsio foi verdadeiramente um m\u00edstico, porque viveu intimamente unido a Deus, mas ao mesmo tempo, com os olhos voltados para realidade, convertendo-se a grande utopia do Reino, ao sonho do nosso \u00fanico e verdadeiro Deus. De modo que ao chegar a Fortaleza, disse numa linguagem corajosa e prof\u00e9tica: \u201cA Arquidiocese n\u00e3o \u00e9 feudo do bispo\u201d e disse mais, numa vis\u00e3o de Igreja povo de Deus: \u201cOs leigos s\u00e3o a esperan\u00e7a da Igreja\u201d. Marcou em profundidade os destinos da nossa gente e da nossa hist\u00f3ria, reavivando e colocando na mente e no cora\u00e7\u00e3o do povo cearense, que o nosso Deus \u00e9 o Deus da vida, que deseja um mundo n\u00e3o s\u00f3 para alguns, mas um mundo diferente, em que todos os filhos do mesmo Pai que est\u00e1 no c\u00e9u possam viver com dignidade. <\/p>\n<p>Hoje, mais do que nunca, a palavra chave \u00e9: esperan\u00e7a!  Neste sentido, Enoisa Veras comentou no site www.paroquiasantoafonso.org.br, a <a href=\"http:\/\/www.oarcanjo.net\/site\/index.php\/reflexao\/circular-de-d-pedro-casaldaliga\/\">carta circular de Dom Pedro Casald\u00e1liga<\/a>, do dia 20.02.2009: \u201cEstou, h\u00e1 alguns meses, sentido os mesmos sentimentos do Cardeal Martini&#8230; deixando de acreditar que seja poss\u00edvel a Igreja tornar-se corajosa e firme na luta contra tudo que signifique exclus\u00e3o [&#8230;]. S\u00e3o tantos os recuos! Recuos que influenciam e norteiam as a\u00e7\u00f5es de alguns conformados bispos e sacerdotes brasileiros. Que bom ler, nesse momento de des\u00e2nimo, Dom Pedro Casald\u00e1liga!\u201d Obrigado, Dom Pedro, pela esperan\u00e7a. Ela me faz um bem danado! Que Deus o aben\u00e7oe!\u201d(cf. <a href=\"http:\/\/www.oarcanjo.net\/site\/index.php\/reflexao\/circular-de-d-pedro-casaldaliga\/\">circular de Dom Pedro Casald\u00e1liga<\/a>).<\/p>\n<p>J\u00e1 no Cardeal Lorscheider, ao combater o bom combate, terminar a sua corrida e guardar a f\u00e9 (cf. 2Tm 4, 7), estava,  de verdade, a vida e a esperan\u00e7a, porque ele era visto, reconhecido e ouvido como o bom pastor, o bispo amigo e o te\u00f3logo claro e conciso, grande devoto de Nossa Senhora  da Assun\u00e7\u00e3o e S\u00e3o Jos\u00e9, padroeiros de Fortaleza e do Cear\u00e1, respectivamente, que ao falar, penetrava l\u00e1 na mente e no cora\u00e7\u00e3o do todos que o escutavam, com sua grande sensibilidade \u00e0 mis\u00e9ria humana, principalmente a dos empobrecidos e marginalizados.<\/p>\n<p>Ele nos ensina que devemos descobrir o sentido mais profundo do chamado que Deus faz a cada batizado, ao ponto de muitos crist\u00e3os, a seu exemplo, responder como uma aventura prof\u00e9tica. \u00c9 por isso que a vida dos crist\u00e3os s\u00f3 pode encontrar a sua realiza\u00e7\u00e3o numa vida interior e ora\u00e7\u00e3o profunda. \u201cSe algu\u00e9m tiver sede, venha a mim e beba. Como dizem as Escrituras Sagradas: Rios de \u00e1gua viva v\u00e3o jorrar do cora\u00e7\u00e3o de quem crer em mim\u201d (Jo 7,37-38).<\/p>\n<p>Recordamos saudosos, Dom Alo\u00edsio, na sua ternura e m\u00edstica de pastor, atrav\u00e9s dos seus gestos e atitudes.  Do\u00e7ura em pessoa, com sua voz suave, alegria constante e sorrisos nos l\u00e1bios, mas com suas posi\u00e7\u00f5es firmes e determinadas, dedicado a justi\u00e7a social e ao mesmo tempo pregando o di\u00e1logo com grande sabedoria e modera\u00e7\u00e3o. Simplicidade, amabilidade e bondade sem limites marcaram a vida deste grande pastor e profeta dos nossos tempos. Ao mesmo tempo em que foi uma pessoa fascinada por Deus e por suas criaturas, carregando no seu cora\u00e7\u00e3o as alegria e esperan\u00e7as, tristezas, ang\u00fastias e sofrimentos da sua gente cearense (cf. GS, 200), perante um nordeste e um Brasil socialmente injusto e carente de liberdade de express\u00e3o. <\/p>\n<p>Travou deste modo, uma luta firme e segura, sem nunca se cansar, pela redemocratiza\u00e7\u00e3o, pela liberdade e pelo fim das torturas, na nossa querida p\u00e1tria, n\u00e3o se curvando diante do regime militar, que mais parecia um monstro intoc\u00e1vel. Dom Alo\u00edsio, ao partir para o seio do Pai, no dia 23.12.2007, deixou-nos um legado de boas a\u00e7\u00f5es, pelo seu testemunho e pelo seu modo de viver. Alegra-nos ouvir que os milagres e as gra\u00e7as deste homem justo e santo come\u00e7am a aparecer. Uma pessoa me confidenciou que, diante de uma enorme dificuldade, foi ao encontro do querido Dom Alo\u00edsio, pedindo socorro no que foi atendida. <\/p>\n<p>Penso que a frase do Ap\u00f3stolo Paulo sintetiza a vida do nosso estimado pastor e grande bispo, que a exemplo de Charles de Foucauld e Francisco de Assis, gritou o Evangelho com a pr\u00f3pria vida: \u201cPois para mim o viver \u00e9 Cristo e o morrer \u00e9 lucro\u201d (Fl 1, 21).  Deus seja louvado por este querido irm\u00e3o, patrim\u00f4nio do povo cearense e brasileiro.<\/p>\n<div id=\"themify_builder_content-2073\" data-postid=\"2073\" class=\"themify_builder_content themify_builder_content-2073 themify_builder themify_builder_front\">\n\t<\/div>\n<!-- \/themify_builder_content -->","protected":false},"excerpt":{"rendered":"<p>Pe. Geovane Saraiva Dom Alo\u00edsio teve como ber\u00e7o a cidade de Estrela \u2013 RS, nascido no dia 08.10.1924. Ordenado padre em 22 de agosto de 1948 &#8211; Divin\u00f3polis \u2013 MG. Nomeado bispo de Santo \u00c2ngelo no dia 03.02 de 1962, ano em que teve in\u00edcio o Conc\u00edlio Vaticano II, escolhendo como seu lema episcopal: \u201cIn [&hellip;]<\/p>\n","protected":false},"author":5,"featured_media":0,"comment_status":"open","ping_status":"open","sticky":false,"template":"","format":"standard","meta":{"ngg_post_thumbnail":0,"footnotes":""},"categories":[9],"tags":[289,290],"yoast_head":"<!-- This site is optimized with the Yoast SEO plugin v23.5 - https:\/\/yoast.com\/wordpress\/plugins\/seo\/ -->\n<title>A ternura de um pastor - O Arcanjo no ar<\/title>\n<meta name=\"robots\" content=\"index, follow, max-snippet:-1, max-image-preview:large, max-video-preview:-1\" \/>\n<link rel=\"canonical\" href=\"https:\/\/www.oarcanjo.net\/site\/a-ternura-de-um-pastor\/\" \/>\n<meta property=\"og:locale\" content=\"pt_BR\" \/>\n<meta property=\"og:type\" content=\"article\" \/>\n<meta property=\"og:title\" content=\"A ternura de um pastor - O Arcanjo no ar\" \/>\n<meta property=\"og:description\" content=\"Pe. Geovane Saraiva Dom Alo\u00edsio teve como ber\u00e7o a cidade de Estrela \u2013 RS, nascido no dia 08.10.1924. Ordenado padre em 22 de agosto de 1948 &#8211; Divin\u00f3polis \u2013 MG. Nomeado bispo de Santo \u00c2ngelo no dia 03.02 de 1962, ano em que teve in\u00edcio o Conc\u00edlio Vaticano II, escolhendo como seu lema episcopal: \u201cIn [&hellip;]\" \/>\n<meta property=\"og:url\" content=\"https:\/\/www.oarcanjo.net\/site\/a-ternura-de-um-pastor\/\" \/>\n<meta property=\"og:site_name\" content=\"O Arcanjo no ar\" \/>\n<meta property=\"article:publisher\" content=\"https:\/\/www.facebook.com\/OArcanjoNoAr\/\" \/>\n<meta property=\"article:published_time\" content=\"2009-03-01T13:05:34+00:00\" \/>\n<meta property=\"article:modified_time\" content=\"2009-02-27T03:21:22+00:00\" \/>\n<meta property=\"og:image\" content=\"https:\/\/www.oarcanjo.net\/site\/wp-content\/uploads\/logo-o-arcanjo-no-ar-facebook.png\" \/>\n\t<meta property=\"og:image:width\" content=\"300\" \/>\n\t<meta property=\"og:image:height\" content=\"300\" \/>\n\t<meta property=\"og:image:type\" content=\"image\/png\" \/>\n<meta name=\"author\" content=\"editor\" \/>\n<meta name=\"twitter:card\" content=\"summary_large_image\" \/>\n<meta name=\"twitter:label1\" content=\"Escrito por\" \/>\n\t<meta name=\"twitter:data1\" content=\"editor\" \/>\n\t<meta name=\"twitter:label2\" content=\"Est. tempo de leitura\" \/>\n\t<meta name=\"twitter:data2\" content=\"5 minutos\" \/>\n<script type=\"application\/ld+json\" class=\"yoast-schema-graph\">{\"@context\":\"https:\/\/schema.org\",\"@graph\":[{\"@type\":\"Article\",\"@id\":\"https:\/\/www.oarcanjo.net\/site\/a-ternura-de-um-pastor\/#article\",\"isPartOf\":{\"@id\":\"https:\/\/www.oarcanjo.net\/site\/a-ternura-de-um-pastor\/\"},\"author\":{\"name\":\"editor\",\"@id\":\"https:\/\/www.oarcanjo.net\/site\/#\/schema\/person\/f7024d007863202483a31326673a0838\"},\"headline\":\"A ternura de um pastor\",\"datePublished\":\"2009-03-01T13:05:34+00:00\",\"dateModified\":\"2009-02-27T03:21:22+00:00\",\"mainEntityOfPage\":{\"@id\":\"https:\/\/www.oarcanjo.net\/site\/a-ternura-de-um-pastor\/\"},\"wordCount\":1073,\"commentCount\":0,\"publisher\":{\"@id\":\"https:\/\/www.oarcanjo.net\/site\/#organization\"},\"keywords\":[\"D. Aloisio Lorscheider\",\"pastor\"],\"articleSection\":[\"Reflex\u00f5es\"],\"inLanguage\":\"pt-BR\",\"potentialAction\":[{\"@type\":\"CommentAction\",\"name\":\"Comment\",\"target\":[\"https:\/\/www.oarcanjo.net\/site\/a-ternura-de-um-pastor\/#respond\"]}]},{\"@type\":\"WebPage\",\"@id\":\"https:\/\/www.oarcanjo.net\/site\/a-ternura-de-um-pastor\/\",\"url\":\"https:\/\/www.oarcanjo.net\/site\/a-ternura-de-um-pastor\/\",\"name\":\"A ternura de um pastor - O Arcanjo no ar\",\"isPartOf\":{\"@id\":\"https:\/\/www.oarcanjo.net\/site\/#website\"},\"datePublished\":\"2009-03-01T13:05:34+00:00\",\"dateModified\":\"2009-02-27T03:21:22+00:00\",\"breadcrumb\":{\"@id\":\"https:\/\/www.oarcanjo.net\/site\/a-ternura-de-um-pastor\/#breadcrumb\"},\"inLanguage\":\"pt-BR\",\"potentialAction\":[{\"@type\":\"ReadAction\",\"target\":[\"https:\/\/www.oarcanjo.net\/site\/a-ternura-de-um-pastor\/\"]}]},{\"@type\":\"BreadcrumbList\",\"@id\":\"https:\/\/www.oarcanjo.net\/site\/a-ternura-de-um-pastor\/#breadcrumb\",\"itemListElement\":[{\"@type\":\"ListItem\",\"position\":1,\"name\":\"In\u00edcio\",\"item\":\"https:\/\/www.oarcanjo.net\/site\/\"},{\"@type\":\"ListItem\",\"position\":2,\"name\":\"A ternura de um pastor\"}]},{\"@type\":\"WebSite\",\"@id\":\"https:\/\/www.oarcanjo.net\/site\/#website\",\"url\":\"https:\/\/www.oarcanjo.net\/site\/\",\"name\":\"O Arcanjo no ar\",\"description\":\"Site da Par\u00f3quia S\u00e3o Miguel Arcanjo (Arquidiocese de SP)\",\"publisher\":{\"@id\":\"https:\/\/www.oarcanjo.net\/site\/#organization\"},\"potentialAction\":[{\"@type\":\"SearchAction\",\"target\":{\"@type\":\"EntryPoint\",\"urlTemplate\":\"https:\/\/www.oarcanjo.net\/site\/?s={search_term_string}\"},\"query-input\":{\"@type\":\"PropertyValueSpecification\",\"valueRequired\":true,\"valueName\":\"search_term_string\"}}],\"inLanguage\":\"pt-BR\"},{\"@type\":\"Organization\",\"@id\":\"https:\/\/www.oarcanjo.net\/site\/#organization\",\"name\":\"Par\u00f3quia S\u00e3o Miguel Arcanjo\",\"url\":\"https:\/\/www.oarcanjo.net\/site\/\",\"logo\":{\"@type\":\"ImageObject\",\"inLanguage\":\"pt-BR\",\"@id\":\"https:\/\/www.oarcanjo.net\/site\/#\/schema\/logo\/image\/\",\"url\":\"https:\/\/www.oarcanjo.net\/site\/wp-content\/uploads\/LogoOArcanjo.png\",\"contentUrl\":\"https:\/\/www.oarcanjo.net\/site\/wp-content\/uploads\/LogoOArcanjo.png\",\"width\":319,\"height\":99,\"caption\":\"Par\u00f3quia S\u00e3o Miguel Arcanjo\"},\"image\":{\"@id\":\"https:\/\/www.oarcanjo.net\/site\/#\/schema\/logo\/image\/\"},\"sameAs\":[\"https:\/\/www.facebook.com\/OArcanjoNoAr\/\"]},{\"@type\":\"Person\",\"@id\":\"https:\/\/www.oarcanjo.net\/site\/#\/schema\/person\/f7024d007863202483a31326673a0838\",\"name\":\"editor\",\"sameAs\":[\"http:\/\/www.oarcanjo.net\"]}]}<\/script>\n<!-- \/ Yoast SEO plugin. -->","yoast_head_json":{"title":"A ternura de um pastor - O Arcanjo no ar","robots":{"index":"index","follow":"follow","max-snippet":"max-snippet:-1","max-image-preview":"max-image-preview:large","max-video-preview":"max-video-preview:-1"},"canonical":"https:\/\/www.oarcanjo.net\/site\/a-ternura-de-um-pastor\/","og_locale":"pt_BR","og_type":"article","og_title":"A ternura de um pastor - O Arcanjo no ar","og_description":"Pe. Geovane Saraiva Dom Alo\u00edsio teve como ber\u00e7o a cidade de Estrela \u2013 RS, nascido no dia 08.10.1924. Ordenado padre em 22 de agosto de 1948 &#8211; Divin\u00f3polis \u2013 MG. Nomeado bispo de Santo \u00c2ngelo no dia 03.02 de 1962, ano em que teve in\u00edcio o Conc\u00edlio Vaticano II, escolhendo como seu lema episcopal: \u201cIn [&hellip;]","og_url":"https:\/\/www.oarcanjo.net\/site\/a-ternura-de-um-pastor\/","og_site_name":"O Arcanjo no ar","article_publisher":"https:\/\/www.facebook.com\/OArcanjoNoAr\/","article_published_time":"2009-03-01T13:05:34+00:00","article_modified_time":"2009-02-27T03:21:22+00:00","og_image":[{"width":300,"height":300,"url":"https:\/\/www.oarcanjo.net\/site\/wp-content\/uploads\/logo-o-arcanjo-no-ar-facebook.png","type":"image\/png"}],"author":"editor","twitter_card":"summary_large_image","twitter_misc":{"Escrito por":"editor","Est. tempo de leitura":"5 minutos"},"schema":{"@context":"https:\/\/schema.org","@graph":[{"@type":"Article","@id":"https:\/\/www.oarcanjo.net\/site\/a-ternura-de-um-pastor\/#article","isPartOf":{"@id":"https:\/\/www.oarcanjo.net\/site\/a-ternura-de-um-pastor\/"},"author":{"name":"editor","@id":"https:\/\/www.oarcanjo.net\/site\/#\/schema\/person\/f7024d007863202483a31326673a0838"},"headline":"A ternura de um pastor","datePublished":"2009-03-01T13:05:34+00:00","dateModified":"2009-02-27T03:21:22+00:00","mainEntityOfPage":{"@id":"https:\/\/www.oarcanjo.net\/site\/a-ternura-de-um-pastor\/"},"wordCount":1073,"commentCount":0,"publisher":{"@id":"https:\/\/www.oarcanjo.net\/site\/#organization"},"keywords":["D. Aloisio Lorscheider","pastor"],"articleSection":["Reflex\u00f5es"],"inLanguage":"pt-BR","potentialAction":[{"@type":"CommentAction","name":"Comment","target":["https:\/\/www.oarcanjo.net\/site\/a-ternura-de-um-pastor\/#respond"]}]},{"@type":"WebPage","@id":"https:\/\/www.oarcanjo.net\/site\/a-ternura-de-um-pastor\/","url":"https:\/\/www.oarcanjo.net\/site\/a-ternura-de-um-pastor\/","name":"A ternura de um pastor - O Arcanjo no ar","isPartOf":{"@id":"https:\/\/www.oarcanjo.net\/site\/#website"},"datePublished":"2009-03-01T13:05:34+00:00","dateModified":"2009-02-27T03:21:22+00:00","breadcrumb":{"@id":"https:\/\/www.oarcanjo.net\/site\/a-ternura-de-um-pastor\/#breadcrumb"},"inLanguage":"pt-BR","potentialAction":[{"@type":"ReadAction","target":["https:\/\/www.oarcanjo.net\/site\/a-ternura-de-um-pastor\/"]}]},{"@type":"BreadcrumbList","@id":"https:\/\/www.oarcanjo.net\/site\/a-ternura-de-um-pastor\/#breadcrumb","itemListElement":[{"@type":"ListItem","position":1,"name":"In\u00edcio","item":"https:\/\/www.oarcanjo.net\/site\/"},{"@type":"ListItem","position":2,"name":"A ternura de um pastor"}]},{"@type":"WebSite","@id":"https:\/\/www.oarcanjo.net\/site\/#website","url":"https:\/\/www.oarcanjo.net\/site\/","name":"O Arcanjo no ar","description":"Site da Par\u00f3quia S\u00e3o Miguel Arcanjo (Arquidiocese de SP)","publisher":{"@id":"https:\/\/www.oarcanjo.net\/site\/#organization"},"potentialAction":[{"@type":"SearchAction","target":{"@type":"EntryPoint","urlTemplate":"https:\/\/www.oarcanjo.net\/site\/?s={search_term_string}"},"query-input":{"@type":"PropertyValueSpecification","valueRequired":true,"valueName":"search_term_string"}}],"inLanguage":"pt-BR"},{"@type":"Organization","@id":"https:\/\/www.oarcanjo.net\/site\/#organization","name":"Par\u00f3quia S\u00e3o Miguel Arcanjo","url":"https:\/\/www.oarcanjo.net\/site\/","logo":{"@type":"ImageObject","inLanguage":"pt-BR","@id":"https:\/\/www.oarcanjo.net\/site\/#\/schema\/logo\/image\/","url":"https:\/\/www.oarcanjo.net\/site\/wp-content\/uploads\/LogoOArcanjo.png","contentUrl":"https:\/\/www.oarcanjo.net\/site\/wp-content\/uploads\/LogoOArcanjo.png","width":319,"height":99,"caption":"Par\u00f3quia S\u00e3o Miguel Arcanjo"},"image":{"@id":"https:\/\/www.oarcanjo.net\/site\/#\/schema\/logo\/image\/"},"sameAs":["https:\/\/www.facebook.com\/OArcanjoNoAr\/"]},{"@type":"Person","@id":"https:\/\/www.oarcanjo.net\/site\/#\/schema\/person\/f7024d007863202483a31326673a0838","name":"editor","sameAs":["http:\/\/www.oarcanjo.net"]}]}},"publishpress_future_action":{"enabled":false,"date":"2026-05-08 23:08:44","action":"category","newStatus":"draft","terms":[],"taxonomy":"category"},"publishpress_future_workflow_manual_trigger":{"enabledWorkflows":[]},"_links":{"self":[{"href":"https:\/\/www.oarcanjo.net\/site\/wp-json\/wp\/v2\/posts\/2073"}],"collection":[{"href":"https:\/\/www.oarcanjo.net\/site\/wp-json\/wp\/v2\/posts"}],"about":[{"href":"https:\/\/www.oarcanjo.net\/site\/wp-json\/wp\/v2\/types\/post"}],"author":[{"embeddable":true,"href":"https:\/\/www.oarcanjo.net\/site\/wp-json\/wp\/v2\/users\/5"}],"replies":[{"embeddable":true,"href":"https:\/\/www.oarcanjo.net\/site\/wp-json\/wp\/v2\/comments?post=2073"}],"version-history":[{"count":0,"href":"https:\/\/www.oarcanjo.net\/site\/wp-json\/wp\/v2\/posts\/2073\/revisions"}],"wp:attachment":[{"href":"https:\/\/www.oarcanjo.net\/site\/wp-json\/wp\/v2\/media?parent=2073"}],"wp:term":[{"taxonomy":"category","embeddable":true,"href":"https:\/\/www.oarcanjo.net\/site\/wp-json\/wp\/v2\/categories?post=2073"},{"taxonomy":"post_tag","embeddable":true,"href":"https:\/\/www.oarcanjo.net\/site\/wp-json\/wp\/v2\/tags?post=2073"}],"curies":[{"name":"wp","href":"https:\/\/api.w.org\/{rel}","templated":true}]}}