
{"id":20737,"date":"2013-01-24T13:25:23","date_gmt":"2013-01-24T15:25:23","guid":{"rendered":"http:\/\/www.oarcanjo.net\/site\/?p=20737"},"modified":"2013-01-24T13:25:23","modified_gmt":"2013-01-24T15:25:23","slug":"sao-paulo-uma-luz-para-o-mundo","status":"publish","type":"post","link":"https:\/\/www.oarcanjo.net\/site\/sao-paulo-uma-luz-para-o-mundo\/","title":{"rendered":"S\u00e3o Paulo, uma luz para o mundo"},"content":{"rendered":"<div>Padre Geovane Saraiva*<\/div>\n<div><a href=\"http:\/\/4.bp.blogspot.com\/-mq-WASLunM8\/UQFMCwy-AhI\/AAAAAAAAWBE\/sPSTKXFSkyk\/s1600\/medalha+boti%C3%A7ario+l.jpg\"><\/a><\/div>\n<div><\/div>\n<div style=\"text-align: justify\"><a href=\"http:\/\/www.oarcanjo.net\/site\/wp-content\/uploads\/geovane2.png\"><img loading=\"lazy\" decoding=\"async\" class=\"alignleft size-thumbnail wp-image-20577\" src=\"http:\/\/www.oarcanjo.net\/site\/wp-content\/uploads\/geovane2-148x150.png\" alt=\"\" width=\"148\" height=\"150\" \/><\/a>O encontro de Paulo com o Filho de Deus foi algo maravilhoso! Mudou por completo sua vida, a ponto de suportar tudo por causa do reino, agradando e sendo sempre fiel ao seu Mestre e Senhor, vivendo o que anunciava, dizendo com humildade e cora\u00e7\u00e3o aberto: &#8220;Pela gra\u00e7a de Deus, sou o que sou&#8221; (1 Cr 15,10).<\/div>\n<div style=\"text-align: justify\"><\/div>\n<div style=\"text-align: justify\">O providencial encontro de Paulo com Nosso Senhor Jesus Cristo lhe possibilitou descobrir a imprescind\u00edvel luz que o fez enxergar a dimens\u00e3o transcendente da vida. A luminosidade recebida por aquele que se tornou mestre e doutor das na\u00e7\u00f5es \u00e9 a grande verdade que sempre quer se manifestar a humanidade: \u201cO Cordeiro de Deus que tira o pecado mundo\u201d.<\/div>\n<div style=\"text-align: justify\"><\/div>\n<div style=\"text-align: justify\">Paulo, mission\u00e1rio por excel\u00eancia, n\u00e3o conviveu pessoalmente com o Mestre e Senhor. No in\u00edcio, de perseguidor ferrenho da Igreja e dos crist\u00e3os, abra\u00e7ou a f\u00e9 na viagem de Damasco e se transformou totalmente, testemunhando a partir de ent\u00e3o, que Jesus Cristo \u00e9 o enviado do Pai. A sua miss\u00e3o, doravante, \u00e9 ser instrumento para levar o nome de Deus a todos os povos da terra (cf. At 9, 15). A evangeliza\u00e7\u00e3o e a prega\u00e7\u00e3o n\u00e3o se separam da vida do mestre e doutor das na\u00e7\u00f5es, o maior mission\u00e1rio de todos os tempos; tornando-se advogado dos pag\u00e3os e ap\u00f3stolo dos gentios.<\/div>\n<div style=\"text-align: justify\"><\/div>\n<div style=\"text-align: justify\">Como \u00e9 importante pensar no maravilhoso encontro, que o fez suportar tudo por Cristo, querendo mesmo completar na sua carne o que faltava na paix\u00e3o de Cristo (cf. Cl 1, 24). A vida a partir de sua convers\u00e3o passou a ter um sentido profundo e um valor inestim\u00e1vel. Paulo passa a experimentar uma descoberta maravilhosa, onde o velho e o antigo s\u00e3o transformados. \u201cEis que fa\u00e7o novas todas as coisas\u201d (Ap 21, 6).<\/div>\n<div style=\"text-align: justify\"><\/div>\n<div style=\"text-align: justify\">Paulo nos lembra do an\u00fancio do Evangelho, os carismas e a miss\u00e3o das comunidades que abra\u00e7am a f\u00e9. Anunciar a boa nova do Senhor Jesus Cristo, foi para ele uma exig\u00eancia. Por isso mesmo est\u00e1 disposto a tudo, at\u00e9 a sua pr\u00f3pria vida por causa do Evangelho. &#8220;Quanto a mim, estou a ponto de ser imolado e o instante da minha liberta\u00e7\u00e3o se aproxima. Combati o bom combate terminou sua corrida e guardou a f\u00e9&#8221; (2Tm 4, 6).<\/div>\n<div style=\"text-align: justify\"><\/div>\n<div style=\"text-align: justify\">O Ap\u00f3stolo Paulo recebeu do pr\u00f3prio do Filho de Deus a fascinante miss\u00e3o de fazer acontecer a Igreja no seu in\u00edcio, juntamente com o Ap\u00f3stolo Pedro, fecundado-a e regando-a com o pr\u00f3prio sangue. Ele bebeu do mesmo c\u00e1lice e tornou-se assim grande amigo de Deus. Na sua profunda identifica\u00e7\u00e3o com Cristo, dizia: \u201cEu vivo, mas n\u00e3o sou que vivo, \u00e9 o Cristo que vive em mim\u201d (Gl 2,20). Foi preso e depois decapitado, a golpe de espada, fecundando e tronando a Igreja cheia de gra\u00e7as.<\/div>\n<div><\/div>\n<div><em>*Padre da Arquidiocese de Fortaleza, escritor, membro da Academia de Letras dos Munic\u00edpios do Estado Cear\u00e1 (ALMECE), da Academia Metropolitana de Letras de Fortaleza e vice-Presidente da Previd\u00eancia Sacerdotal<\/em><\/div>\n<div><\/div>\n<address><strong>Autor dos livros:<\/strong><\/address>\n<address><strong>\u201cO peregrino da Paz\u201d e \u201cNascido Para as Coisas Maiores\u201d (centen\u00e1rio de Dom Helder C\u00e2mara);<\/strong><\/address>\n<address><strong>\u201cA Ternura de um Pastor\u201d &#8211; <\/strong><strong>2\u00aa Edi\u00e7\u00e3o<\/strong><strong> (homenagem ao Cardeal Lorscheider);<\/strong><\/address>\n<address><strong>\u201cA Esperan\u00e7a Tem Nome\u201d (espiritualidade e compromisso);<\/strong><\/address>\n<address><strong>&#8220;Dom Helder: sonhos e utopias&#8221; (o pastor dos empobrecidos).<\/strong><\/address>\n<div id=\"themify_builder_content-20737\" data-postid=\"20737\" class=\"themify_builder_content themify_builder_content-20737 themify_builder themify_builder_front\">\n\t<\/div>\n<!-- \/themify_builder_content -->","protected":false},"excerpt":{"rendered":"<p>Padre Geovane Saraiva* O encontro de Paulo com o Filho de Deus foi algo maravilhoso! Mudou por completo sua vida, a ponto de suportar tudo por causa do reino, agradando e sendo sempre fiel ao seu Mestre e Senhor, vivendo o que anunciava, dizendo com humildade e cora\u00e7\u00e3o aberto: &#8220;Pela gra\u00e7a de Deus, sou o [&hellip;]<\/p>\n","protected":false},"author":17,"featured_media":0,"comment_status":"open","ping_status":"open","sticky":false,"template":"","format":"standard","meta":{"ngg_post_thumbnail":0,"footnotes":""},"categories":[9],"tags":[],"yoast_head":"<!-- This site is optimized with the Yoast SEO plugin v23.5 - https:\/\/yoast.com\/wordpress\/plugins\/seo\/ -->\n<title>S\u00e3o Paulo, uma luz para o mundo - O Arcanjo no ar<\/title>\n<meta name=\"robots\" content=\"index, follow, max-snippet:-1, max-image-preview:large, max-video-preview:-1\" \/>\n<link rel=\"canonical\" href=\"https:\/\/www.oarcanjo.net\/site\/sao-paulo-uma-luz-para-o-mundo\/\" \/>\n<meta property=\"og:locale\" content=\"pt_BR\" \/>\n<meta property=\"og:type\" content=\"article\" \/>\n<meta property=\"og:title\" content=\"S\u00e3o Paulo, uma luz para o mundo - O Arcanjo no ar\" \/>\n<meta property=\"og:description\" content=\"Padre Geovane Saraiva* O encontro de Paulo com o Filho de Deus foi algo maravilhoso! Mudou por completo sua vida, a ponto de suportar tudo por causa do reino, agradando e sendo sempre fiel ao seu Mestre e Senhor, vivendo o que anunciava, dizendo com humildade e cora\u00e7\u00e3o aberto: &#8220;Pela gra\u00e7a de Deus, sou o [&hellip;]\" \/>\n<meta property=\"og:url\" content=\"https:\/\/www.oarcanjo.net\/site\/sao-paulo-uma-luz-para-o-mundo\/\" \/>\n<meta property=\"og:site_name\" content=\"O Arcanjo no ar\" \/>\n<meta property=\"article:publisher\" content=\"https:\/\/www.facebook.com\/OArcanjoNoAr\/\" \/>\n<meta property=\"article:published_time\" content=\"2013-01-24T15:25:23+00:00\" \/>\n<meta property=\"og:image\" content=\"http:\/\/www.oarcanjo.net\/site\/wp-content\/uploads\/geovane2-148x150.png\" \/>\n<meta name=\"author\" content=\"pe.geovane\" \/>\n<meta name=\"twitter:card\" content=\"summary_large_image\" \/>\n<meta name=\"twitter:label1\" content=\"Escrito por\" \/>\n\t<meta name=\"twitter:data1\" content=\"pe.geovane\" \/>\n\t<meta name=\"twitter:label2\" content=\"Est. tempo de leitura\" \/>\n\t<meta name=\"twitter:data2\" content=\"3 minutos\" \/>\n<script type=\"application\/ld+json\" class=\"yoast-schema-graph\">{\"@context\":\"https:\/\/schema.org\",\"@graph\":[{\"@type\":\"Article\",\"@id\":\"https:\/\/www.oarcanjo.net\/site\/sao-paulo-uma-luz-para-o-mundo\/#article\",\"isPartOf\":{\"@id\":\"https:\/\/www.oarcanjo.net\/site\/sao-paulo-uma-luz-para-o-mundo\/\"},\"author\":{\"name\":\"pe.geovane\",\"@id\":\"https:\/\/www.oarcanjo.net\/site\/#\/schema\/person\/58d7f78850a973b8e467c7ae4a7eb4ad\"},\"headline\":\"S\u00e3o Paulo, uma luz para o mundo\",\"datePublished\":\"2013-01-24T15:25:23+00:00\",\"dateModified\":\"2013-01-24T15:25:23+00:00\",\"mainEntityOfPage\":{\"@id\":\"https:\/\/www.oarcanjo.net\/site\/sao-paulo-uma-luz-para-o-mundo\/\"},\"wordCount\":567,\"commentCount\":0,\"publisher\":{\"@id\":\"https:\/\/www.oarcanjo.net\/site\/#organization\"},\"image\":{\"@id\":\"https:\/\/www.oarcanjo.net\/site\/sao-paulo-uma-luz-para-o-mundo\/#primaryimage\"},\"thumbnailUrl\":\"http:\/\/www.oarcanjo.net\/site\/wp-content\/uploads\/geovane2-148x150.png\",\"articleSection\":[\"Reflex\u00f5es\"],\"inLanguage\":\"pt-BR\",\"potentialAction\":[{\"@type\":\"CommentAction\",\"name\":\"Comment\",\"target\":[\"https:\/\/www.oarcanjo.net\/site\/sao-paulo-uma-luz-para-o-mundo\/#respond\"]}]},{\"@type\":\"WebPage\",\"@id\":\"https:\/\/www.oarcanjo.net\/site\/sao-paulo-uma-luz-para-o-mundo\/\",\"url\":\"https:\/\/www.oarcanjo.net\/site\/sao-paulo-uma-luz-para-o-mundo\/\",\"name\":\"S\u00e3o Paulo, uma luz para o mundo - O Arcanjo no ar\",\"isPartOf\":{\"@id\":\"https:\/\/www.oarcanjo.net\/site\/#website\"},\"primaryImageOfPage\":{\"@id\":\"https:\/\/www.oarcanjo.net\/site\/sao-paulo-uma-luz-para-o-mundo\/#primaryimage\"},\"image\":{\"@id\":\"https:\/\/www.oarcanjo.net\/site\/sao-paulo-uma-luz-para-o-mundo\/#primaryimage\"},\"thumbnailUrl\":\"http:\/\/www.oarcanjo.net\/site\/wp-content\/uploads\/geovane2-148x150.png\",\"datePublished\":\"2013-01-24T15:25:23+00:00\",\"dateModified\":\"2013-01-24T15:25:23+00:00\",\"breadcrumb\":{\"@id\":\"https:\/\/www.oarcanjo.net\/site\/sao-paulo-uma-luz-para-o-mundo\/#breadcrumb\"},\"inLanguage\":\"pt-BR\",\"potentialAction\":[{\"@type\":\"ReadAction\",\"target\":[\"https:\/\/www.oarcanjo.net\/site\/sao-paulo-uma-luz-para-o-mundo\/\"]}]},{\"@type\":\"ImageObject\",\"inLanguage\":\"pt-BR\",\"@id\":\"https:\/\/www.oarcanjo.net\/site\/sao-paulo-uma-luz-para-o-mundo\/#primaryimage\",\"url\":\"https:\/\/www.oarcanjo.net\/site\/wp-content\/uploads\/geovane2.png\",\"contentUrl\":\"https:\/\/www.oarcanjo.net\/site\/wp-content\/uploads\/geovane2.png\",\"width\":\"148\",\"height\":\"184\"},{\"@type\":\"BreadcrumbList\",\"@id\":\"https:\/\/www.oarcanjo.net\/site\/sao-paulo-uma-luz-para-o-mundo\/#breadcrumb\",\"itemListElement\":[{\"@type\":\"ListItem\",\"position\":1,\"name\":\"In\u00edcio\",\"item\":\"https:\/\/www.oarcanjo.net\/site\/\"},{\"@type\":\"ListItem\",\"position\":2,\"name\":\"S\u00e3o Paulo, uma luz para o mundo\"}]},{\"@type\":\"WebSite\",\"@id\":\"https:\/\/www.oarcanjo.net\/site\/#website\",\"url\":\"https:\/\/www.oarcanjo.net\/site\/\",\"name\":\"O Arcanjo no ar\",\"description\":\"Site da Par\u00f3quia S\u00e3o Miguel Arcanjo (Arquidiocese de SP)\",\"publisher\":{\"@id\":\"https:\/\/www.oarcanjo.net\/site\/#organization\"},\"potentialAction\":[{\"@type\":\"SearchAction\",\"target\":{\"@type\":\"EntryPoint\",\"urlTemplate\":\"https:\/\/www.oarcanjo.net\/site\/?s={search_term_string}\"},\"query-input\":{\"@type\":\"PropertyValueSpecification\",\"valueRequired\":true,\"valueName\":\"search_term_string\"}}],\"inLanguage\":\"pt-BR\"},{\"@type\":\"Organization\",\"@id\":\"https:\/\/www.oarcanjo.net\/site\/#organization\",\"name\":\"Par\u00f3quia S\u00e3o Miguel Arcanjo\",\"url\":\"https:\/\/www.oarcanjo.net\/site\/\",\"logo\":{\"@type\":\"ImageObject\",\"inLanguage\":\"pt-BR\",\"@id\":\"https:\/\/www.oarcanjo.net\/site\/#\/schema\/logo\/image\/\",\"url\":\"https:\/\/www.oarcanjo.net\/site\/wp-content\/uploads\/LogoOArcanjo.png\",\"contentUrl\":\"https:\/\/www.oarcanjo.net\/site\/wp-content\/uploads\/LogoOArcanjo.png\",\"width\":319,\"height\":99,\"caption\":\"Par\u00f3quia S\u00e3o Miguel Arcanjo\"},\"image\":{\"@id\":\"https:\/\/www.oarcanjo.net\/site\/#\/schema\/logo\/image\/\"},\"sameAs\":[\"https:\/\/www.facebook.com\/OArcanjoNoAr\/\"]},{\"@type\":\"Person\",\"@id\":\"https:\/\/www.oarcanjo.net\/site\/#\/schema\/person\/58d7f78850a973b8e467c7ae4a7eb4ad\",\"name\":\"pe.geovane\"}]}<\/script>\n<!-- \/ Yoast SEO plugin. -->","yoast_head_json":{"title":"S\u00e3o Paulo, uma luz para o mundo - O Arcanjo no ar","robots":{"index":"index","follow":"follow","max-snippet":"max-snippet:-1","max-image-preview":"max-image-preview:large","max-video-preview":"max-video-preview:-1"},"canonical":"https:\/\/www.oarcanjo.net\/site\/sao-paulo-uma-luz-para-o-mundo\/","og_locale":"pt_BR","og_type":"article","og_title":"S\u00e3o Paulo, uma luz para o mundo - O Arcanjo no ar","og_description":"Padre Geovane Saraiva* O encontro de Paulo com o Filho de Deus foi algo maravilhoso! Mudou por completo sua vida, a ponto de suportar tudo por causa do reino, agradando e sendo sempre fiel ao seu Mestre e Senhor, vivendo o que anunciava, dizendo com humildade e cora\u00e7\u00e3o aberto: &#8220;Pela gra\u00e7a de Deus, sou o [&hellip;]","og_url":"https:\/\/www.oarcanjo.net\/site\/sao-paulo-uma-luz-para-o-mundo\/","og_site_name":"O Arcanjo no ar","article_publisher":"https:\/\/www.facebook.com\/OArcanjoNoAr\/","article_published_time":"2013-01-24T15:25:23+00:00","og_image":[{"url":"http:\/\/www.oarcanjo.net\/site\/wp-content\/uploads\/geovane2-148x150.png"}],"author":"pe.geovane","twitter_card":"summary_large_image","twitter_misc":{"Escrito por":"pe.geovane","Est. tempo de leitura":"3 minutos"},"schema":{"@context":"https:\/\/schema.org","@graph":[{"@type":"Article","@id":"https:\/\/www.oarcanjo.net\/site\/sao-paulo-uma-luz-para-o-mundo\/#article","isPartOf":{"@id":"https:\/\/www.oarcanjo.net\/site\/sao-paulo-uma-luz-para-o-mundo\/"},"author":{"name":"pe.geovane","@id":"https:\/\/www.oarcanjo.net\/site\/#\/schema\/person\/58d7f78850a973b8e467c7ae4a7eb4ad"},"headline":"S\u00e3o Paulo, uma luz para o mundo","datePublished":"2013-01-24T15:25:23+00:00","dateModified":"2013-01-24T15:25:23+00:00","mainEntityOfPage":{"@id":"https:\/\/www.oarcanjo.net\/site\/sao-paulo-uma-luz-para-o-mundo\/"},"wordCount":567,"commentCount":0,"publisher":{"@id":"https:\/\/www.oarcanjo.net\/site\/#organization"},"image":{"@id":"https:\/\/www.oarcanjo.net\/site\/sao-paulo-uma-luz-para-o-mundo\/#primaryimage"},"thumbnailUrl":"http:\/\/www.oarcanjo.net\/site\/wp-content\/uploads\/geovane2-148x150.png","articleSection":["Reflex\u00f5es"],"inLanguage":"pt-BR","potentialAction":[{"@type":"CommentAction","name":"Comment","target":["https:\/\/www.oarcanjo.net\/site\/sao-paulo-uma-luz-para-o-mundo\/#respond"]}]},{"@type":"WebPage","@id":"https:\/\/www.oarcanjo.net\/site\/sao-paulo-uma-luz-para-o-mundo\/","url":"https:\/\/www.oarcanjo.net\/site\/sao-paulo-uma-luz-para-o-mundo\/","name":"S\u00e3o Paulo, uma luz para o mundo - O Arcanjo no ar","isPartOf":{"@id":"https:\/\/www.oarcanjo.net\/site\/#website"},"primaryImageOfPage":{"@id":"https:\/\/www.oarcanjo.net\/site\/sao-paulo-uma-luz-para-o-mundo\/#primaryimage"},"image":{"@id":"https:\/\/www.oarcanjo.net\/site\/sao-paulo-uma-luz-para-o-mundo\/#primaryimage"},"thumbnailUrl":"http:\/\/www.oarcanjo.net\/site\/wp-content\/uploads\/geovane2-148x150.png","datePublished":"2013-01-24T15:25:23+00:00","dateModified":"2013-01-24T15:25:23+00:00","breadcrumb":{"@id":"https:\/\/www.oarcanjo.net\/site\/sao-paulo-uma-luz-para-o-mundo\/#breadcrumb"},"inLanguage":"pt-BR","potentialAction":[{"@type":"ReadAction","target":["https:\/\/www.oarcanjo.net\/site\/sao-paulo-uma-luz-para-o-mundo\/"]}]},{"@type":"ImageObject","inLanguage":"pt-BR","@id":"https:\/\/www.oarcanjo.net\/site\/sao-paulo-uma-luz-para-o-mundo\/#primaryimage","url":"https:\/\/www.oarcanjo.net\/site\/wp-content\/uploads\/geovane2.png","contentUrl":"https:\/\/www.oarcanjo.net\/site\/wp-content\/uploads\/geovane2.png","width":"148","height":"184"},{"@type":"BreadcrumbList","@id":"https:\/\/www.oarcanjo.net\/site\/sao-paulo-uma-luz-para-o-mundo\/#breadcrumb","itemListElement":[{"@type":"ListItem","position":1,"name":"In\u00edcio","item":"https:\/\/www.oarcanjo.net\/site\/"},{"@type":"ListItem","position":2,"name":"S\u00e3o Paulo, uma luz para o mundo"}]},{"@type":"WebSite","@id":"https:\/\/www.oarcanjo.net\/site\/#website","url":"https:\/\/www.oarcanjo.net\/site\/","name":"O Arcanjo no ar","description":"Site da Par\u00f3quia S\u00e3o Miguel Arcanjo (Arquidiocese de SP)","publisher":{"@id":"https:\/\/www.oarcanjo.net\/site\/#organization"},"potentialAction":[{"@type":"SearchAction","target":{"@type":"EntryPoint","urlTemplate":"https:\/\/www.oarcanjo.net\/site\/?s={search_term_string}"},"query-input":{"@type":"PropertyValueSpecification","valueRequired":true,"valueName":"search_term_string"}}],"inLanguage":"pt-BR"},{"@type":"Organization","@id":"https:\/\/www.oarcanjo.net\/site\/#organization","name":"Par\u00f3quia S\u00e3o Miguel Arcanjo","url":"https:\/\/www.oarcanjo.net\/site\/","logo":{"@type":"ImageObject","inLanguage":"pt-BR","@id":"https:\/\/www.oarcanjo.net\/site\/#\/schema\/logo\/image\/","url":"https:\/\/www.oarcanjo.net\/site\/wp-content\/uploads\/LogoOArcanjo.png","contentUrl":"https:\/\/www.oarcanjo.net\/site\/wp-content\/uploads\/LogoOArcanjo.png","width":319,"height":99,"caption":"Par\u00f3quia S\u00e3o Miguel Arcanjo"},"image":{"@id":"https:\/\/www.oarcanjo.net\/site\/#\/schema\/logo\/image\/"},"sameAs":["https:\/\/www.facebook.com\/OArcanjoNoAr\/"]},{"@type":"Person","@id":"https:\/\/www.oarcanjo.net\/site\/#\/schema\/person\/58d7f78850a973b8e467c7ae4a7eb4ad","name":"pe.geovane"}]}},"publishpress_future_action":{"enabled":false,"date":"2026-05-09 06:08:33","action":"category","newStatus":"draft","terms":[],"taxonomy":"category"},"publishpress_future_workflow_manual_trigger":{"enabledWorkflows":[]},"_links":{"self":[{"href":"https:\/\/www.oarcanjo.net\/site\/wp-json\/wp\/v2\/posts\/20737"}],"collection":[{"href":"https:\/\/www.oarcanjo.net\/site\/wp-json\/wp\/v2\/posts"}],"about":[{"href":"https:\/\/www.oarcanjo.net\/site\/wp-json\/wp\/v2\/types\/post"}],"author":[{"embeddable":true,"href":"https:\/\/www.oarcanjo.net\/site\/wp-json\/wp\/v2\/users\/17"}],"replies":[{"embeddable":true,"href":"https:\/\/www.oarcanjo.net\/site\/wp-json\/wp\/v2\/comments?post=20737"}],"version-history":[{"count":0,"href":"https:\/\/www.oarcanjo.net\/site\/wp-json\/wp\/v2\/posts\/20737\/revisions"}],"wp:attachment":[{"href":"https:\/\/www.oarcanjo.net\/site\/wp-json\/wp\/v2\/media?parent=20737"}],"wp:term":[{"taxonomy":"category","embeddable":true,"href":"https:\/\/www.oarcanjo.net\/site\/wp-json\/wp\/v2\/categories?post=20737"},{"taxonomy":"post_tag","embeddable":true,"href":"https:\/\/www.oarcanjo.net\/site\/wp-json\/wp\/v2\/tags?post=20737"}],"curies":[{"name":"wp","href":"https:\/\/api.w.org\/{rel}","templated":true}]}}