
{"id":20740,"date":"2013-01-24T13:30:07","date_gmt":"2013-01-24T15:30:07","guid":{"rendered":"http:\/\/www.oarcanjo.net\/site\/?p=20740"},"modified":"2013-01-24T13:30:07","modified_gmt":"2013-01-24T15:30:07","slug":"fazer-se-tudo-para-todos-sao-francisco-de-sales","status":"publish","type":"post","link":"https:\/\/www.oarcanjo.net\/site\/fazer-se-tudo-para-todos-sao-francisco-de-sales\/","title":{"rendered":"Fazer-se tudo para todos &#8211; S\u00e3o Francisco de Sales"},"content":{"rendered":"<p>Padre Geovane Saraiva*<\/p>\n<div>\n<div>\n<div>\n<div style=\"text-align: justify\"><a href=\"http:\/\/4.bp.blogspot.com\/-vx1pozMg8lM\/UQBFASsxocI\/AAAAAAAAV-c\/TpuMBOZ1INg\/s1600\/Posse+na+ALMECE.jpg\"><\/a><a href=\"http:\/\/www.oarcanjo.net\/site\/wp-content\/uploads\/geovane2.png\"><img loading=\"lazy\" decoding=\"async\" class=\"alignleft size-thumbnail wp-image-20577\" src=\"http:\/\/www.oarcanjo.net\/site\/wp-content\/uploads\/geovane2-148x150.png\" alt=\"\" width=\"148\" height=\"150\" \/><\/a>S\u00e3o Francisco de Sales (1567-1622), no campo da espiritualidade, sempre foi visto como uma refer\u00eancia e exemplo de mansid\u00e3o, no servi\u00e7o aos irm\u00e3os, por sua inflamada e admir\u00e1vel ternura. Nele podemos nos inspirar, no sentido de melhor compreendermos o &#8220;Ano da F\u00e9&#8221;, proclamado pelo Papa Bento XVI, h\u00e1 um ano do in\u00edcio Conc\u00edlio Vaticano II, no dia 11 de outubro de 2011. A feliz iniciativa Romano Pont\u00edfice quis revelar com todas as letras que os crist\u00e3os s\u00e3o chamados a professar a f\u00e9 na Trindade Santa &#8211; Pai, Filho e Esp\u00edrito Santo. &#8220;O pai, que na plenitude dos tempos enviou seu Filho para a nossa salva\u00e7\u00e3o; Jesus Cristo, que redimiu o mundo no mist\u00e9rio da sua morte e ressurrei\u00e7\u00e3o; o Esp\u00edrito Santo, que guia a Igreja atrav\u00e9s dos s\u00e9culos, enquanto aguarda o regresso glorioso do Senhor&#8221;.<sup> <\/sup><sup>1<\/sup><\/div>\n<div><\/div>\n<div>\n<div style=\"text-align: justify\">Nascido na It\u00e1lia, homem de vasta sabedoria, formado em Direito, antes de abra\u00e7ar a vida sacerdotal. Consagrado \u00e0 causa do Evangelho, sua f\u00e9 foi de tal modo consequente, destacando-se como um grande m\u00edstico e tern\u00edssimo mestre na ora\u00e7\u00e3o e na espiritualidade, tendo como lema &#8220;fazer-se tudo para todos&#8221;. Gostava de dizer que pertencemos totalmente a Deus e s\u00f3 a Ele, submetendo-se sempre sua vontade a Deus. Afirmava que a fidelidade a Deus se demonstra nas pequeninas coisas. Conhecido como grande orador e escritor, sendo nomeado bispo de Genebra &#8211; Su\u00ed\u00e7a. Reconhecido oficialmente o m\u00e9rito de sua doutrina espiritual ao ser declarado doutor da Igreja. Francisco de Sales \u00e9 o padroeiro dos jornalistas e escritores cat\u00f3licos.<\/div>\n<div style=\"text-align: justify\"><\/div>\n<div style=\"text-align: justify\">A vida da humanidade ser\u00e1 aut\u00eantica e verdadeiramente crist\u00e3 quando se fizer notar, num profundo e constante desejo de renova\u00e7\u00e3o, percebida na criatividade da f\u00e9 e da esperan\u00e7a. \u00c9 claro que nunca podemos duvidar nas mais diversificadas fases e circunst\u00e2ncias, do Esp\u00edrito Santo de Deus, com sua atuante e, ao mesmo tempo, forte presen\u00e7a vivificadora no mundo e na Igreja. \u00c9 o Esp\u00edrito Santo que ilumina nossas a\u00e7\u00f5es. Evidentemente, \u00e9 necess\u00e1rio que nos deixemos conduzir por ele, para fugirmos n\u00e3o s\u00f3 da superficialidade, mas tamb\u00e9m da hipocrisia, bastante vis\u00edvel no nosso mundo. Da\u00ed o Sumo Pont\u00edfice lembrar uma coisa fundamental: &#8220;A necessidade de redescobrir o caminho da f\u00e9 para fazer brilhar, com evid\u00eancia sempre maior, a alegria e o renovado entusiasmo do encontro com Cristo&#8221;.<sup> <\/sup><sup>2<\/sup><\/div>\n<div style=\"text-align: justify\"><\/div>\n<div style=\"text-align: justify\">\u00c9 dever nosso olhar para a terceira pessoa da Sant\u00edssima Trindade, como fonte e centro de dons e b\u00ean\u00e7\u00e3os, ao unir as pessoas de todas as classes, ra\u00e7as e culturas. Assistidos pelo mesmo Esp\u00edrito, somos convencidos a suplicar a sabedoria e o entendimento, para bem respeitar o direito e estar atento \u00e0s iniciativas e ao pluralismo, fortemente presente na sociedade hodierna. Urge que tenhamos como base a justi\u00e7a, na certeza de que a retribui\u00e7\u00e3o e a recompensa vir\u00e3o de Deus. &#8220;O justo florescer\u00e1 como a palmeira; crescer\u00e1 como o cedro do L\u00edbano, plantado na casa do Senhor, nos \u00e1trios de nosso Deus&#8221; (Sl 91, 13).<\/div>\n<div style=\"text-align: justify\"><\/div>\n<div style=\"text-align: justify\">Portanto, \u00e9 um compromisso nosso, louvar e bendizer a Deus. Bendizer e louvar, fundamentalmente, quer significar dar gra\u00e7as, atrav\u00e9s de gestos, a\u00e7\u00f5es e palavras. L\u00e1 de dentro, do mais profundo do cora\u00e7\u00e3o, \u00e9 necess\u00e1rio agradecer ao bom Deus, que muna palavra \u00e9 celebrar. Ningu\u00e9m melhor do que Isabel, que imediato soube compreender, na visita de Maria, sua prima, exclamando em voz bem alta: &#8220;Bendita \u00e9s tu entre as mulheres e bendita o fruto do teu ventre&#8221; (Lc 1, 42). Como Isabel, podemos contar sempre com as b\u00ean\u00e7\u00e3os de Deus em nossa vida, de um Deus que resgata a humanidade infiel e, ao mesmo tempo, n\u00e3o dispensa a sua e a nossa colabora\u00e7\u00e3o, para que Deus realize a reden\u00e7\u00e3o universal, t\u00e3o evidente no sim de Maria, ao dizer com seguran\u00e7a e clareza: &#8220;Eis aqui a serva do Senhor; fa\u00e7a-se em mim segundo a tua palavra!&#8221; (Lc 1, 38).<\/div>\n<div style=\"text-align: justify\"><\/div>\n<div style=\"text-align: justify\">Pela palavra &#8220;bendita&#8221; entendemos a contemplada e aben\u00e7oada por Deus. Isabel se alegra e se enche de gra\u00e7a porque Maria foi escolhida por Deus, para bem desempenhar uma tarefa grandiosa e misteriosa, a de contribuir decisivamente na salva\u00e7\u00e3o do Povo de Israel, cumulando-o de bens, na pessoa do Filho Eterno do Pai, &#8220;Jesus Cristo, ontem, hoje e por toda eternidade&#8221; (Hb 13, 8). Ele \u00e9 causa, segundo o Papa, para que descruzemos os bra\u00e7os: &#8220;Trabalhai, n\u00e3o pelo alimento que desaparece, mas pelo alimento que perdura e d\u00e1 a vida eterna&#8221; (Jo 6, 27).<sup>3<\/sup><\/div>\n<div style=\"text-align: justify\"><\/div>\n<div style=\"text-align: justify\">&#8220;Que toda a terra se prostre diante de v\u00f3s, \u00f3 Deus, e cante louvores ao vosso nome, Deus alt\u00edssimo!&#8221; (Sl 65, 4). Precisamos, a exemplo da Virgem Maria, num grande esfor\u00e7o, aproveitar bem o tempo de que dispomos como dom precioso concedido por Deus, para edificar a nossa pr\u00f3pria hist\u00f3ria, n\u00e3o perdendo de vista a constru\u00e7\u00e3o de uma sociedade justa, fraterna e solid\u00e1ria, para que entremos na l\u00f3gica de Deus, sempre acreditando e aceitando o projeto de Deus, atrav\u00e9s do Evangelho, nas palavras do Sucessor de Pedro: &#8220;Que haveremos n\u00f3s de fazer para realizar a obra de Deus?&#8221; (Jo 6,28). Conhecemos a resposta de Jesus: &#8220;A obra de Deus \u00e9 esta: crer n&#8217;Aquele que Ele enviou&#8221; (Jo 6, 29).\u00a0<sup>4<\/sup><\/div>\n<div style=\"text-align: justify\"><\/div>\n<div style=\"text-align: justify\">O referido Ano da F\u00e9, que teve seu in\u00edcio no dia 11 de outubro deste de 2012, no cinquenten\u00e1rio da abertura do Conc\u00edlio Vaticano II e com seu t\u00e9rmino para a solenidade de Nosso Senhor Jesus Cristo Rei do Universo, aos 24 de novembro de 2013,<sup>5<\/sup> o Papa Bento XVI o entrega \u00e0 M\u00e3e de Deus, proclamada &#8220;feliz porque acreditou&#8221;, confiamos este tempo de gra\u00e7a.<\/div>\n<div style=\"text-align: justify\"><\/div>\n<div style=\"text-align: justify\">________________<\/div>\n<\/div>\n<\/div>\n<\/div>\n<div>1 Bento XVI, CARTA Apost\u00f3lica sob forma de moto pr\u00f3prio, Porta Fidei, (11 de outubro de 2011), com a qual se proclama o ano de f\u00e9, p. 3.<\/div>\n<div>2 Ibidem, p. 4<\/div>\n<div>3 Ibidem, p. 5<\/div>\n<div>4 Ibidem, p. 5<\/div>\n<div>5 Ibidem, p. 5 e 24<\/div>\n<div><em><br \/>\n<\/em><em>*Padre da Arquidiocese de Fortaleza, escritor, membro da Academia de Letras dos Munic\u00edpios do Estado Cear\u00e1 (ALMECE), da Academia Metropolitana de Letras de Fortaleza e Vice-Presidente da Previd\u00eancia sacerdotal.<\/em><\/div>\n<div><em>P\u00e1roco de Santo Afonso<\/em><\/div>\n<div><em><br \/>\n<\/em><\/div>\n<div><em><a href=\"mailto:geovanesaraiva@gmail.com\">geovanesaraiva@gmail.com<\/a><\/em><\/div>\n<address><strong>Autor dos livros:<\/strong><\/address>\n<address><strong>\u201cO peregrino da Paz\u201d e \u201cNascido Para as Coisas Maiores\u201d (centen\u00e1rio de Dom Helder C\u00e2mara);<\/strong><\/address>\n<address><strong>\u201cA Ternura de um Pastor\u201d &#8211; 2\u00aa Edi\u00e7\u00e3o (homenagem ao Cardeal Lorscheider);<\/strong><\/address>\n<address><strong>\u201cA Esperan\u00e7a Tem Nome\u201d (espiritualidade e compromisso);<\/strong><\/address>\n<address><strong>&#8220;Dom Helder: sonhos e utopias&#8221; (o pastor dos empobrecidos).<\/strong><\/address>\n<\/div>\n<div id=\"themify_builder_content-20740\" data-postid=\"20740\" class=\"themify_builder_content themify_builder_content-20740 themify_builder themify_builder_front\">\n\t<\/div>\n<!-- \/themify_builder_content -->","protected":false},"excerpt":{"rendered":"<p>Padre Geovane Saraiva* S\u00e3o Francisco de Sales (1567-1622), no campo da espiritualidade, sempre foi visto como uma refer\u00eancia e exemplo de mansid\u00e3o, no servi\u00e7o aos irm\u00e3os, por sua inflamada e admir\u00e1vel ternura. Nele podemos nos inspirar, no sentido de melhor compreendermos o &#8220;Ano da F\u00e9&#8221;, proclamado pelo Papa Bento XVI, h\u00e1 um ano do in\u00edcio [&hellip;]<\/p>\n","protected":false},"author":17,"featured_media":0,"comment_status":"open","ping_status":"open","sticky":false,"template":"","format":"standard","meta":{"ngg_post_thumbnail":0,"footnotes":""},"categories":[9],"tags":[],"yoast_head":"<!-- This site is optimized with the Yoast SEO plugin v23.5 - https:\/\/yoast.com\/wordpress\/plugins\/seo\/ -->\n<title>Fazer-se tudo para todos - S\u00e3o Francisco de Sales - O Arcanjo no ar<\/title>\n<meta name=\"robots\" content=\"index, follow, max-snippet:-1, max-image-preview:large, max-video-preview:-1\" \/>\n<link rel=\"canonical\" href=\"https:\/\/www.oarcanjo.net\/site\/fazer-se-tudo-para-todos-sao-francisco-de-sales\/\" \/>\n<meta property=\"og:locale\" content=\"pt_BR\" \/>\n<meta property=\"og:type\" content=\"article\" \/>\n<meta property=\"og:title\" content=\"Fazer-se tudo para todos - S\u00e3o Francisco de Sales - O Arcanjo no ar\" \/>\n<meta property=\"og:description\" content=\"Padre Geovane Saraiva* S\u00e3o Francisco de Sales (1567-1622), no campo da espiritualidade, sempre foi visto como uma refer\u00eancia e exemplo de mansid\u00e3o, no servi\u00e7o aos irm\u00e3os, por sua inflamada e admir\u00e1vel ternura. Nele podemos nos inspirar, no sentido de melhor compreendermos o &#8220;Ano da F\u00e9&#8221;, proclamado pelo Papa Bento XVI, h\u00e1 um ano do in\u00edcio [&hellip;]\" \/>\n<meta property=\"og:url\" content=\"https:\/\/www.oarcanjo.net\/site\/fazer-se-tudo-para-todos-sao-francisco-de-sales\/\" \/>\n<meta property=\"og:site_name\" content=\"O Arcanjo no ar\" \/>\n<meta property=\"article:publisher\" content=\"https:\/\/www.facebook.com\/OArcanjoNoAr\/\" \/>\n<meta property=\"article:published_time\" content=\"2013-01-24T15:30:07+00:00\" \/>\n<meta property=\"og:image\" content=\"http:\/\/www.oarcanjo.net\/site\/wp-content\/uploads\/geovane2-148x150.png\" \/>\n<meta name=\"author\" content=\"pe.geovane\" \/>\n<meta name=\"twitter:card\" content=\"summary_large_image\" \/>\n<meta name=\"twitter:label1\" content=\"Escrito por\" \/>\n\t<meta name=\"twitter:data1\" content=\"pe.geovane\" \/>\n\t<meta name=\"twitter:label2\" content=\"Est. tempo de leitura\" \/>\n\t<meta name=\"twitter:data2\" content=\"5 minutos\" \/>\n<script type=\"application\/ld+json\" class=\"yoast-schema-graph\">{\"@context\":\"https:\/\/schema.org\",\"@graph\":[{\"@type\":\"Article\",\"@id\":\"https:\/\/www.oarcanjo.net\/site\/fazer-se-tudo-para-todos-sao-francisco-de-sales\/#article\",\"isPartOf\":{\"@id\":\"https:\/\/www.oarcanjo.net\/site\/fazer-se-tudo-para-todos-sao-francisco-de-sales\/\"},\"author\":{\"name\":\"pe.geovane\",\"@id\":\"https:\/\/www.oarcanjo.net\/site\/#\/schema\/person\/58d7f78850a973b8e467c7ae4a7eb4ad\"},\"headline\":\"Fazer-se tudo para todos &#8211; S\u00e3o Francisco de Sales\",\"datePublished\":\"2013-01-24T15:30:07+00:00\",\"dateModified\":\"2013-01-24T15:30:07+00:00\",\"mainEntityOfPage\":{\"@id\":\"https:\/\/www.oarcanjo.net\/site\/fazer-se-tudo-para-todos-sao-francisco-de-sales\/\"},\"wordCount\":1091,\"commentCount\":0,\"publisher\":{\"@id\":\"https:\/\/www.oarcanjo.net\/site\/#organization\"},\"image\":{\"@id\":\"https:\/\/www.oarcanjo.net\/site\/fazer-se-tudo-para-todos-sao-francisco-de-sales\/#primaryimage\"},\"thumbnailUrl\":\"http:\/\/www.oarcanjo.net\/site\/wp-content\/uploads\/geovane2-148x150.png\",\"articleSection\":[\"Reflex\u00f5es\"],\"inLanguage\":\"pt-BR\",\"potentialAction\":[{\"@type\":\"CommentAction\",\"name\":\"Comment\",\"target\":[\"https:\/\/www.oarcanjo.net\/site\/fazer-se-tudo-para-todos-sao-francisco-de-sales\/#respond\"]}]},{\"@type\":\"WebPage\",\"@id\":\"https:\/\/www.oarcanjo.net\/site\/fazer-se-tudo-para-todos-sao-francisco-de-sales\/\",\"url\":\"https:\/\/www.oarcanjo.net\/site\/fazer-se-tudo-para-todos-sao-francisco-de-sales\/\",\"name\":\"Fazer-se tudo para todos - S\u00e3o Francisco de Sales - O Arcanjo no ar\",\"isPartOf\":{\"@id\":\"https:\/\/www.oarcanjo.net\/site\/#website\"},\"primaryImageOfPage\":{\"@id\":\"https:\/\/www.oarcanjo.net\/site\/fazer-se-tudo-para-todos-sao-francisco-de-sales\/#primaryimage\"},\"image\":{\"@id\":\"https:\/\/www.oarcanjo.net\/site\/fazer-se-tudo-para-todos-sao-francisco-de-sales\/#primaryimage\"},\"thumbnailUrl\":\"http:\/\/www.oarcanjo.net\/site\/wp-content\/uploads\/geovane2-148x150.png\",\"datePublished\":\"2013-01-24T15:30:07+00:00\",\"dateModified\":\"2013-01-24T15:30:07+00:00\",\"breadcrumb\":{\"@id\":\"https:\/\/www.oarcanjo.net\/site\/fazer-se-tudo-para-todos-sao-francisco-de-sales\/#breadcrumb\"},\"inLanguage\":\"pt-BR\",\"potentialAction\":[{\"@type\":\"ReadAction\",\"target\":[\"https:\/\/www.oarcanjo.net\/site\/fazer-se-tudo-para-todos-sao-francisco-de-sales\/\"]}]},{\"@type\":\"ImageObject\",\"inLanguage\":\"pt-BR\",\"@id\":\"https:\/\/www.oarcanjo.net\/site\/fazer-se-tudo-para-todos-sao-francisco-de-sales\/#primaryimage\",\"url\":\"https:\/\/www.oarcanjo.net\/site\/wp-content\/uploads\/geovane2.png\",\"contentUrl\":\"https:\/\/www.oarcanjo.net\/site\/wp-content\/uploads\/geovane2.png\",\"width\":\"148\",\"height\":\"184\"},{\"@type\":\"BreadcrumbList\",\"@id\":\"https:\/\/www.oarcanjo.net\/site\/fazer-se-tudo-para-todos-sao-francisco-de-sales\/#breadcrumb\",\"itemListElement\":[{\"@type\":\"ListItem\",\"position\":1,\"name\":\"In\u00edcio\",\"item\":\"https:\/\/www.oarcanjo.net\/site\/\"},{\"@type\":\"ListItem\",\"position\":2,\"name\":\"Fazer-se tudo para todos &#8211; S\u00e3o Francisco de Sales\"}]},{\"@type\":\"WebSite\",\"@id\":\"https:\/\/www.oarcanjo.net\/site\/#website\",\"url\":\"https:\/\/www.oarcanjo.net\/site\/\",\"name\":\"O Arcanjo no ar\",\"description\":\"Site da Par\u00f3quia S\u00e3o Miguel Arcanjo (Arquidiocese de SP)\",\"publisher\":{\"@id\":\"https:\/\/www.oarcanjo.net\/site\/#organization\"},\"potentialAction\":[{\"@type\":\"SearchAction\",\"target\":{\"@type\":\"EntryPoint\",\"urlTemplate\":\"https:\/\/www.oarcanjo.net\/site\/?s={search_term_string}\"},\"query-input\":{\"@type\":\"PropertyValueSpecification\",\"valueRequired\":true,\"valueName\":\"search_term_string\"}}],\"inLanguage\":\"pt-BR\"},{\"@type\":\"Organization\",\"@id\":\"https:\/\/www.oarcanjo.net\/site\/#organization\",\"name\":\"Par\u00f3quia S\u00e3o Miguel Arcanjo\",\"url\":\"https:\/\/www.oarcanjo.net\/site\/\",\"logo\":{\"@type\":\"ImageObject\",\"inLanguage\":\"pt-BR\",\"@id\":\"https:\/\/www.oarcanjo.net\/site\/#\/schema\/logo\/image\/\",\"url\":\"https:\/\/www.oarcanjo.net\/site\/wp-content\/uploads\/LogoOArcanjo.png\",\"contentUrl\":\"https:\/\/www.oarcanjo.net\/site\/wp-content\/uploads\/LogoOArcanjo.png\",\"width\":319,\"height\":99,\"caption\":\"Par\u00f3quia S\u00e3o Miguel Arcanjo\"},\"image\":{\"@id\":\"https:\/\/www.oarcanjo.net\/site\/#\/schema\/logo\/image\/\"},\"sameAs\":[\"https:\/\/www.facebook.com\/OArcanjoNoAr\/\"]},{\"@type\":\"Person\",\"@id\":\"https:\/\/www.oarcanjo.net\/site\/#\/schema\/person\/58d7f78850a973b8e467c7ae4a7eb4ad\",\"name\":\"pe.geovane\"}]}<\/script>\n<!-- \/ Yoast SEO plugin. -->","yoast_head_json":{"title":"Fazer-se tudo para todos - S\u00e3o Francisco de Sales - O Arcanjo no ar","robots":{"index":"index","follow":"follow","max-snippet":"max-snippet:-1","max-image-preview":"max-image-preview:large","max-video-preview":"max-video-preview:-1"},"canonical":"https:\/\/www.oarcanjo.net\/site\/fazer-se-tudo-para-todos-sao-francisco-de-sales\/","og_locale":"pt_BR","og_type":"article","og_title":"Fazer-se tudo para todos - S\u00e3o Francisco de Sales - O Arcanjo no ar","og_description":"Padre Geovane Saraiva* S\u00e3o Francisco de Sales (1567-1622), no campo da espiritualidade, sempre foi visto como uma refer\u00eancia e exemplo de mansid\u00e3o, no servi\u00e7o aos irm\u00e3os, por sua inflamada e admir\u00e1vel ternura. Nele podemos nos inspirar, no sentido de melhor compreendermos o &#8220;Ano da F\u00e9&#8221;, proclamado pelo Papa Bento XVI, h\u00e1 um ano do in\u00edcio [&hellip;]","og_url":"https:\/\/www.oarcanjo.net\/site\/fazer-se-tudo-para-todos-sao-francisco-de-sales\/","og_site_name":"O Arcanjo no ar","article_publisher":"https:\/\/www.facebook.com\/OArcanjoNoAr\/","article_published_time":"2013-01-24T15:30:07+00:00","og_image":[{"url":"http:\/\/www.oarcanjo.net\/site\/wp-content\/uploads\/geovane2-148x150.png"}],"author":"pe.geovane","twitter_card":"summary_large_image","twitter_misc":{"Escrito por":"pe.geovane","Est. tempo de leitura":"5 minutos"},"schema":{"@context":"https:\/\/schema.org","@graph":[{"@type":"Article","@id":"https:\/\/www.oarcanjo.net\/site\/fazer-se-tudo-para-todos-sao-francisco-de-sales\/#article","isPartOf":{"@id":"https:\/\/www.oarcanjo.net\/site\/fazer-se-tudo-para-todos-sao-francisco-de-sales\/"},"author":{"name":"pe.geovane","@id":"https:\/\/www.oarcanjo.net\/site\/#\/schema\/person\/58d7f78850a973b8e467c7ae4a7eb4ad"},"headline":"Fazer-se tudo para todos &#8211; S\u00e3o Francisco de Sales","datePublished":"2013-01-24T15:30:07+00:00","dateModified":"2013-01-24T15:30:07+00:00","mainEntityOfPage":{"@id":"https:\/\/www.oarcanjo.net\/site\/fazer-se-tudo-para-todos-sao-francisco-de-sales\/"},"wordCount":1091,"commentCount":0,"publisher":{"@id":"https:\/\/www.oarcanjo.net\/site\/#organization"},"image":{"@id":"https:\/\/www.oarcanjo.net\/site\/fazer-se-tudo-para-todos-sao-francisco-de-sales\/#primaryimage"},"thumbnailUrl":"http:\/\/www.oarcanjo.net\/site\/wp-content\/uploads\/geovane2-148x150.png","articleSection":["Reflex\u00f5es"],"inLanguage":"pt-BR","potentialAction":[{"@type":"CommentAction","name":"Comment","target":["https:\/\/www.oarcanjo.net\/site\/fazer-se-tudo-para-todos-sao-francisco-de-sales\/#respond"]}]},{"@type":"WebPage","@id":"https:\/\/www.oarcanjo.net\/site\/fazer-se-tudo-para-todos-sao-francisco-de-sales\/","url":"https:\/\/www.oarcanjo.net\/site\/fazer-se-tudo-para-todos-sao-francisco-de-sales\/","name":"Fazer-se tudo para todos - S\u00e3o Francisco de Sales - O Arcanjo no ar","isPartOf":{"@id":"https:\/\/www.oarcanjo.net\/site\/#website"},"primaryImageOfPage":{"@id":"https:\/\/www.oarcanjo.net\/site\/fazer-se-tudo-para-todos-sao-francisco-de-sales\/#primaryimage"},"image":{"@id":"https:\/\/www.oarcanjo.net\/site\/fazer-se-tudo-para-todos-sao-francisco-de-sales\/#primaryimage"},"thumbnailUrl":"http:\/\/www.oarcanjo.net\/site\/wp-content\/uploads\/geovane2-148x150.png","datePublished":"2013-01-24T15:30:07+00:00","dateModified":"2013-01-24T15:30:07+00:00","breadcrumb":{"@id":"https:\/\/www.oarcanjo.net\/site\/fazer-se-tudo-para-todos-sao-francisco-de-sales\/#breadcrumb"},"inLanguage":"pt-BR","potentialAction":[{"@type":"ReadAction","target":["https:\/\/www.oarcanjo.net\/site\/fazer-se-tudo-para-todos-sao-francisco-de-sales\/"]}]},{"@type":"ImageObject","inLanguage":"pt-BR","@id":"https:\/\/www.oarcanjo.net\/site\/fazer-se-tudo-para-todos-sao-francisco-de-sales\/#primaryimage","url":"https:\/\/www.oarcanjo.net\/site\/wp-content\/uploads\/geovane2.png","contentUrl":"https:\/\/www.oarcanjo.net\/site\/wp-content\/uploads\/geovane2.png","width":"148","height":"184"},{"@type":"BreadcrumbList","@id":"https:\/\/www.oarcanjo.net\/site\/fazer-se-tudo-para-todos-sao-francisco-de-sales\/#breadcrumb","itemListElement":[{"@type":"ListItem","position":1,"name":"In\u00edcio","item":"https:\/\/www.oarcanjo.net\/site\/"},{"@type":"ListItem","position":2,"name":"Fazer-se tudo para todos &#8211; S\u00e3o Francisco de Sales"}]},{"@type":"WebSite","@id":"https:\/\/www.oarcanjo.net\/site\/#website","url":"https:\/\/www.oarcanjo.net\/site\/","name":"O Arcanjo no ar","description":"Site da Par\u00f3quia S\u00e3o Miguel Arcanjo (Arquidiocese de SP)","publisher":{"@id":"https:\/\/www.oarcanjo.net\/site\/#organization"},"potentialAction":[{"@type":"SearchAction","target":{"@type":"EntryPoint","urlTemplate":"https:\/\/www.oarcanjo.net\/site\/?s={search_term_string}"},"query-input":{"@type":"PropertyValueSpecification","valueRequired":true,"valueName":"search_term_string"}}],"inLanguage":"pt-BR"},{"@type":"Organization","@id":"https:\/\/www.oarcanjo.net\/site\/#organization","name":"Par\u00f3quia S\u00e3o Miguel Arcanjo","url":"https:\/\/www.oarcanjo.net\/site\/","logo":{"@type":"ImageObject","inLanguage":"pt-BR","@id":"https:\/\/www.oarcanjo.net\/site\/#\/schema\/logo\/image\/","url":"https:\/\/www.oarcanjo.net\/site\/wp-content\/uploads\/LogoOArcanjo.png","contentUrl":"https:\/\/www.oarcanjo.net\/site\/wp-content\/uploads\/LogoOArcanjo.png","width":319,"height":99,"caption":"Par\u00f3quia S\u00e3o Miguel Arcanjo"},"image":{"@id":"https:\/\/www.oarcanjo.net\/site\/#\/schema\/logo\/image\/"},"sameAs":["https:\/\/www.facebook.com\/OArcanjoNoAr\/"]},{"@type":"Person","@id":"https:\/\/www.oarcanjo.net\/site\/#\/schema\/person\/58d7f78850a973b8e467c7ae4a7eb4ad","name":"pe.geovane"}]}},"publishpress_future_action":{"enabled":false,"date":"2026-05-09 06:18:35","action":"category","newStatus":"draft","terms":[],"taxonomy":"category"},"publishpress_future_workflow_manual_trigger":{"enabledWorkflows":[]},"_links":{"self":[{"href":"https:\/\/www.oarcanjo.net\/site\/wp-json\/wp\/v2\/posts\/20740"}],"collection":[{"href":"https:\/\/www.oarcanjo.net\/site\/wp-json\/wp\/v2\/posts"}],"about":[{"href":"https:\/\/www.oarcanjo.net\/site\/wp-json\/wp\/v2\/types\/post"}],"author":[{"embeddable":true,"href":"https:\/\/www.oarcanjo.net\/site\/wp-json\/wp\/v2\/users\/17"}],"replies":[{"embeddable":true,"href":"https:\/\/www.oarcanjo.net\/site\/wp-json\/wp\/v2\/comments?post=20740"}],"version-history":[{"count":0,"href":"https:\/\/www.oarcanjo.net\/site\/wp-json\/wp\/v2\/posts\/20740\/revisions"}],"wp:attachment":[{"href":"https:\/\/www.oarcanjo.net\/site\/wp-json\/wp\/v2\/media?parent=20740"}],"wp:term":[{"taxonomy":"category","embeddable":true,"href":"https:\/\/www.oarcanjo.net\/site\/wp-json\/wp\/v2\/categories?post=20740"},{"taxonomy":"post_tag","embeddable":true,"href":"https:\/\/www.oarcanjo.net\/site\/wp-json\/wp\/v2\/tags?post=20740"}],"curies":[{"name":"wp","href":"https:\/\/api.w.org\/{rel}","templated":true}]}}