
{"id":20749,"date":"2013-01-24T20:47:51","date_gmt":"2013-01-24T22:47:51","guid":{"rendered":"http:\/\/www.oarcanjo.net\/site\/?p=20749"},"modified":"2013-01-24T20:47:51","modified_gmt":"2013-01-24T22:47:51","slug":"a-missao-do-messias-dom-sergio","status":"publish","type":"post","link":"https:\/\/www.oarcanjo.net\/site\/a-missao-do-messias-dom-sergio\/","title":{"rendered":"A Miss\u00e3o do Messias &#8211; Dom Sergio"},"content":{"rendered":"<h3><\/h3>\n<div>\n<h3>Dom Sergio da Rocha<\/h3>\n<div>\n<div><a href=\"http:\/\/1.bp.blogspot.com\/-AsijNDvUbGk\/UQG4764hobI\/AAAAAAAAWDs\/U2MTy1ZWu3s\/s1600\/300502_159988240759727_100002456578485_296584_1555955916_a.jpg\"><img decoding=\"async\" src=\"http:\/\/1.bp.blogspot.com\/-AsijNDvUbGk\/UQG4764hobI\/AAAAAAAAWDs\/U2MTy1ZWu3s\/s1600\/300502_159988240759727_100002456578485_296584_1555955916_a.jpg\" border=\"0\" alt=\"\" \/><\/a><\/div>\n<div style=\"text-align: justify\">Nos Domingos do Tempo Comum, a cada ano, a Igreja proclama um dos Evangelhos sin\u00f3ticos (Mateus, Marcos e Lucas). Neste ano, temos a oportunidade de ler e meditar, com a Igreja, o Evangelho segundo S\u00e3o Lucas. Por isso, inicia-se, hoje, a leitura do seu primeiro cap\u00edtulo e, em seguida, passa-se ao quarto cap\u00edtulo, uma vez que os anteriores s\u00e3o proclamados nos tempos do Advento e Natal.<\/div>\n<div style=\"text-align: justify\">Logo no in\u00edcio de sua obra, S. Lucas declara que para \u201cescrever a hist\u00f3ria dos acontecimentos\u201d (Lc 1,1), fez um \u201cestudo cuidadoso\u201d, considerando o que foi transmitido pelas \u201ctestemunhas oculares e ministros da palavra\u201d. Ele mesmo n\u00e3o foi \u201ctestemunha ocular\u201d, tendo sido companheiro de S. Paulo. O destinat\u00e1rio possui um nome grego muito significativo, \u201cTe\u00f3filo\u201d, isto \u00e9, \u201camigo de Deus\u201d, o que cada um de n\u00f3s deveria ser. A finalidade declarada \u00e9 de grande atualidade: \u201cverificar a solidez dos ensinamentos recebidos\u201d (Lc 1,4) para permanecer na fidelidade a Cristo, pois nas comunidades crist\u00e3s come\u00e7avam a surgir ideias que n\u00e3o eram condizentes com o ensinamento dos ap\u00f3stolos.<\/div>\n<div style=\"text-align: justify\">A segunda parte do texto proclamado relata o in\u00edcio da prega\u00e7\u00e3o de Jesus Cristo, em Nazar\u00e9. Jesus \u00e9 apresentado como aquele que vem realizar plenamente as profecias, retomando, na sinagoga, a c\u00e9lebre passagem de Isa\u00edas que descreve a miss\u00e3o do Messias. Ungido pelo Esp\u00edrito, ele vem para anunciar a boa nova aos pobres e sofredores, a liberdade aos oprimidos, a vista aos cegos e o ano da gra\u00e7a para todos. Ao longo do Evangelho, Lucas nos mostra como foi que Jesus realizou esta miss\u00e3o, ressaltando o seu rosto misericordioso. Assim fazendo, ele desperta e anima a f\u00e9 em Cristo n\u00e3o apenas naquele tempo, mas tamb\u00e9m em nossos dias. \u00a0\u201cHoje se cumpriu esta passagem da Escritura que acabastes de ouvir\u201d, afirma Jesus (Lc 4,21). Este \u201choje\u201d \u00e9 permanente, pois a miss\u00e3o de Cristo continua atrav\u00e9s da Igreja.<\/div>\n<div style=\"text-align: justify\">Os disc\u00edpulos de Cristo vivem a f\u00e9 em comunidade, comparada por S. Paulo ao corpo humano, conforme a primeira Carta aos Cor\u00edntios, proclamada na segunda leitura. S\u00e3o Paulo destaca a diversidade dos membros do corpo, o valor de cada um deles, e, ao mesmo tempo, a import\u00e2ncia da unidade, chamando a Igreja de \u201ccorpo de Cristo\u201d (1Cor 12,27). Na primeira leitura, o livro de Neemias nos recorda o lugar especial da Palavra de Deus na vida da comunidade. A Palavra, proclamada e acolhida na assembleia, torna-se motivo de grande alegria para o povo de Deus. Hoje, n\u00f3s tamb\u00e9m bendizemos a Deus, rezando, com o salmista: \u201cVossas palavras, Senhor, s\u00e3o esp\u00edrito e vida!\u201d (Sl 19).<\/div>\n<div style=\"text-align: justify\">*Arcebispo Metropolitano dde Bras\u00edlia<\/div>\n<\/div>\n<\/div>\n<div>\n<div style=\"text-align: justify\">Postado por\u00a0<a title=\"author profile\" rel=\"author\" href=\"http:\/\/www.blogger.com\/profile\/12037961757835243213\">Par\u00f3quia de Santo Afonso <\/a><\/div>\n<\/div>\n<p>&nbsp;<\/p>\n<div id=\"themify_builder_content-20749\" data-postid=\"20749\" class=\"themify_builder_content themify_builder_content-20749 themify_builder themify_builder_front\">\n\t<\/div>\n<!-- \/themify_builder_content -->","protected":false},"excerpt":{"rendered":"<p>Dom Sergio da Rocha Nos Domingos do Tempo Comum, a cada ano, a Igreja proclama um dos Evangelhos sin\u00f3ticos (Mateus, Marcos e Lucas). Neste ano, temos a oportunidade de ler e meditar, com a Igreja, o Evangelho segundo S\u00e3o Lucas. Por isso, inicia-se, hoje, a leitura do seu primeiro cap\u00edtulo e, em seguida, passa-se ao [&hellip;]<\/p>\n","protected":false},"author":17,"featured_media":0,"comment_status":"open","ping_status":"open","sticky":false,"template":"","format":"standard","meta":{"ngg_post_thumbnail":0,"footnotes":""},"categories":[9],"tags":[],"yoast_head":"<!-- This site is optimized with the Yoast SEO plugin v23.5 - https:\/\/yoast.com\/wordpress\/plugins\/seo\/ -->\n<title>A Miss\u00e3o do Messias - Dom Sergio - O Arcanjo no ar<\/title>\n<meta name=\"robots\" content=\"index, follow, max-snippet:-1, max-image-preview:large, max-video-preview:-1\" \/>\n<link rel=\"canonical\" href=\"https:\/\/www.oarcanjo.net\/site\/a-missao-do-messias-dom-sergio\/\" \/>\n<meta property=\"og:locale\" content=\"pt_BR\" \/>\n<meta property=\"og:type\" content=\"article\" \/>\n<meta property=\"og:title\" content=\"A Miss\u00e3o do Messias - Dom Sergio - O Arcanjo no ar\" \/>\n<meta property=\"og:description\" content=\"Dom Sergio da Rocha Nos Domingos do Tempo Comum, a cada ano, a Igreja proclama um dos Evangelhos sin\u00f3ticos (Mateus, Marcos e Lucas). Neste ano, temos a oportunidade de ler e meditar, com a Igreja, o Evangelho segundo S\u00e3o Lucas. Por isso, inicia-se, hoje, a leitura do seu primeiro cap\u00edtulo e, em seguida, passa-se ao [&hellip;]\" \/>\n<meta property=\"og:url\" content=\"https:\/\/www.oarcanjo.net\/site\/a-missao-do-messias-dom-sergio\/\" \/>\n<meta property=\"og:site_name\" content=\"O Arcanjo no ar\" \/>\n<meta property=\"article:publisher\" content=\"https:\/\/www.facebook.com\/OArcanjoNoAr\/\" \/>\n<meta property=\"article:published_time\" content=\"2013-01-24T22:47:51+00:00\" \/>\n<meta property=\"og:image\" content=\"http:\/\/1.bp.blogspot.com\/-AsijNDvUbGk\/UQG4764hobI\/AAAAAAAAWDs\/U2MTy1ZWu3s\/s1600\/300502_159988240759727_100002456578485_296584_1555955916_a.jpg\" \/>\n<meta name=\"author\" content=\"pe.geovane\" \/>\n<meta name=\"twitter:card\" content=\"summary_large_image\" \/>\n<meta name=\"twitter:label1\" content=\"Escrito por\" \/>\n\t<meta name=\"twitter:data1\" content=\"pe.geovane\" \/>\n\t<meta name=\"twitter:label2\" content=\"Est. tempo de leitura\" \/>\n\t<meta name=\"twitter:data2\" content=\"2 minutos\" \/>\n<script type=\"application\/ld+json\" class=\"yoast-schema-graph\">{\"@context\":\"https:\/\/schema.org\",\"@graph\":[{\"@type\":\"Article\",\"@id\":\"https:\/\/www.oarcanjo.net\/site\/a-missao-do-messias-dom-sergio\/#article\",\"isPartOf\":{\"@id\":\"https:\/\/www.oarcanjo.net\/site\/a-missao-do-messias-dom-sergio\/\"},\"author\":{\"name\":\"pe.geovane\",\"@id\":\"https:\/\/www.oarcanjo.net\/site\/#\/schema\/person\/58d7f78850a973b8e467c7ae4a7eb4ad\"},\"headline\":\"A Miss\u00e3o do Messias &#8211; Dom Sergio\",\"datePublished\":\"2013-01-24T22:47:51+00:00\",\"dateModified\":\"2013-01-24T22:47:51+00:00\",\"mainEntityOfPage\":{\"@id\":\"https:\/\/www.oarcanjo.net\/site\/a-missao-do-messias-dom-sergio\/\"},\"wordCount\":473,\"commentCount\":0,\"publisher\":{\"@id\":\"https:\/\/www.oarcanjo.net\/site\/#organization\"},\"image\":{\"@id\":\"https:\/\/www.oarcanjo.net\/site\/a-missao-do-messias-dom-sergio\/#primaryimage\"},\"thumbnailUrl\":\"http:\/\/1.bp.blogspot.com\/-AsijNDvUbGk\/UQG4764hobI\/AAAAAAAAWDs\/U2MTy1ZWu3s\/s1600\/300502_159988240759727_100002456578485_296584_1555955916_a.jpg\",\"articleSection\":[\"Reflex\u00f5es\"],\"inLanguage\":\"pt-BR\",\"potentialAction\":[{\"@type\":\"CommentAction\",\"name\":\"Comment\",\"target\":[\"https:\/\/www.oarcanjo.net\/site\/a-missao-do-messias-dom-sergio\/#respond\"]}]},{\"@type\":\"WebPage\",\"@id\":\"https:\/\/www.oarcanjo.net\/site\/a-missao-do-messias-dom-sergio\/\",\"url\":\"https:\/\/www.oarcanjo.net\/site\/a-missao-do-messias-dom-sergio\/\",\"name\":\"A Miss\u00e3o do Messias - Dom Sergio - O Arcanjo no ar\",\"isPartOf\":{\"@id\":\"https:\/\/www.oarcanjo.net\/site\/#website\"},\"primaryImageOfPage\":{\"@id\":\"https:\/\/www.oarcanjo.net\/site\/a-missao-do-messias-dom-sergio\/#primaryimage\"},\"image\":{\"@id\":\"https:\/\/www.oarcanjo.net\/site\/a-missao-do-messias-dom-sergio\/#primaryimage\"},\"thumbnailUrl\":\"http:\/\/1.bp.blogspot.com\/-AsijNDvUbGk\/UQG4764hobI\/AAAAAAAAWDs\/U2MTy1ZWu3s\/s1600\/300502_159988240759727_100002456578485_296584_1555955916_a.jpg\",\"datePublished\":\"2013-01-24T22:47:51+00:00\",\"dateModified\":\"2013-01-24T22:47:51+00:00\",\"breadcrumb\":{\"@id\":\"https:\/\/www.oarcanjo.net\/site\/a-missao-do-messias-dom-sergio\/#breadcrumb\"},\"inLanguage\":\"pt-BR\",\"potentialAction\":[{\"@type\":\"ReadAction\",\"target\":[\"https:\/\/www.oarcanjo.net\/site\/a-missao-do-messias-dom-sergio\/\"]}]},{\"@type\":\"ImageObject\",\"inLanguage\":\"pt-BR\",\"@id\":\"https:\/\/www.oarcanjo.net\/site\/a-missao-do-messias-dom-sergio\/#primaryimage\",\"url\":\"http:\/\/1.bp.blogspot.com\/-AsijNDvUbGk\/UQG4764hobI\/AAAAAAAAWDs\/U2MTy1ZWu3s\/s1600\/300502_159988240759727_100002456578485_296584_1555955916_a.jpg\",\"contentUrl\":\"http:\/\/1.bp.blogspot.com\/-AsijNDvUbGk\/UQG4764hobI\/AAAAAAAAWDs\/U2MTy1ZWu3s\/s1600\/300502_159988240759727_100002456578485_296584_1555955916_a.jpg\"},{\"@type\":\"BreadcrumbList\",\"@id\":\"https:\/\/www.oarcanjo.net\/site\/a-missao-do-messias-dom-sergio\/#breadcrumb\",\"itemListElement\":[{\"@type\":\"ListItem\",\"position\":1,\"name\":\"In\u00edcio\",\"item\":\"https:\/\/www.oarcanjo.net\/site\/\"},{\"@type\":\"ListItem\",\"position\":2,\"name\":\"A Miss\u00e3o do Messias &#8211; Dom Sergio\"}]},{\"@type\":\"WebSite\",\"@id\":\"https:\/\/www.oarcanjo.net\/site\/#website\",\"url\":\"https:\/\/www.oarcanjo.net\/site\/\",\"name\":\"O Arcanjo no ar\",\"description\":\"Site da Par\u00f3quia S\u00e3o Miguel Arcanjo (Arquidiocese de SP)\",\"publisher\":{\"@id\":\"https:\/\/www.oarcanjo.net\/site\/#organization\"},\"potentialAction\":[{\"@type\":\"SearchAction\",\"target\":{\"@type\":\"EntryPoint\",\"urlTemplate\":\"https:\/\/www.oarcanjo.net\/site\/?s={search_term_string}\"},\"query-input\":{\"@type\":\"PropertyValueSpecification\",\"valueRequired\":true,\"valueName\":\"search_term_string\"}}],\"inLanguage\":\"pt-BR\"},{\"@type\":\"Organization\",\"@id\":\"https:\/\/www.oarcanjo.net\/site\/#organization\",\"name\":\"Par\u00f3quia S\u00e3o Miguel Arcanjo\",\"url\":\"https:\/\/www.oarcanjo.net\/site\/\",\"logo\":{\"@type\":\"ImageObject\",\"inLanguage\":\"pt-BR\",\"@id\":\"https:\/\/www.oarcanjo.net\/site\/#\/schema\/logo\/image\/\",\"url\":\"https:\/\/www.oarcanjo.net\/site\/wp-content\/uploads\/LogoOArcanjo.png\",\"contentUrl\":\"https:\/\/www.oarcanjo.net\/site\/wp-content\/uploads\/LogoOArcanjo.png\",\"width\":319,\"height\":99,\"caption\":\"Par\u00f3quia S\u00e3o Miguel Arcanjo\"},\"image\":{\"@id\":\"https:\/\/www.oarcanjo.net\/site\/#\/schema\/logo\/image\/\"},\"sameAs\":[\"https:\/\/www.facebook.com\/OArcanjoNoAr\/\"]},{\"@type\":\"Person\",\"@id\":\"https:\/\/www.oarcanjo.net\/site\/#\/schema\/person\/58d7f78850a973b8e467c7ae4a7eb4ad\",\"name\":\"pe.geovane\"}]}<\/script>\n<!-- \/ Yoast SEO plugin. -->","yoast_head_json":{"title":"A Miss\u00e3o do Messias - Dom Sergio - O Arcanjo no ar","robots":{"index":"index","follow":"follow","max-snippet":"max-snippet:-1","max-image-preview":"max-image-preview:large","max-video-preview":"max-video-preview:-1"},"canonical":"https:\/\/www.oarcanjo.net\/site\/a-missao-do-messias-dom-sergio\/","og_locale":"pt_BR","og_type":"article","og_title":"A Miss\u00e3o do Messias - Dom Sergio - O Arcanjo no ar","og_description":"Dom Sergio da Rocha Nos Domingos do Tempo Comum, a cada ano, a Igreja proclama um dos Evangelhos sin\u00f3ticos (Mateus, Marcos e Lucas). Neste ano, temos a oportunidade de ler e meditar, com a Igreja, o Evangelho segundo S\u00e3o Lucas. Por isso, inicia-se, hoje, a leitura do seu primeiro cap\u00edtulo e, em seguida, passa-se ao [&hellip;]","og_url":"https:\/\/www.oarcanjo.net\/site\/a-missao-do-messias-dom-sergio\/","og_site_name":"O Arcanjo no ar","article_publisher":"https:\/\/www.facebook.com\/OArcanjoNoAr\/","article_published_time":"2013-01-24T22:47:51+00:00","og_image":[{"url":"http:\/\/1.bp.blogspot.com\/-AsijNDvUbGk\/UQG4764hobI\/AAAAAAAAWDs\/U2MTy1ZWu3s\/s1600\/300502_159988240759727_100002456578485_296584_1555955916_a.jpg"}],"author":"pe.geovane","twitter_card":"summary_large_image","twitter_misc":{"Escrito por":"pe.geovane","Est. tempo de leitura":"2 minutos"},"schema":{"@context":"https:\/\/schema.org","@graph":[{"@type":"Article","@id":"https:\/\/www.oarcanjo.net\/site\/a-missao-do-messias-dom-sergio\/#article","isPartOf":{"@id":"https:\/\/www.oarcanjo.net\/site\/a-missao-do-messias-dom-sergio\/"},"author":{"name":"pe.geovane","@id":"https:\/\/www.oarcanjo.net\/site\/#\/schema\/person\/58d7f78850a973b8e467c7ae4a7eb4ad"},"headline":"A Miss\u00e3o do Messias &#8211; Dom Sergio","datePublished":"2013-01-24T22:47:51+00:00","dateModified":"2013-01-24T22:47:51+00:00","mainEntityOfPage":{"@id":"https:\/\/www.oarcanjo.net\/site\/a-missao-do-messias-dom-sergio\/"},"wordCount":473,"commentCount":0,"publisher":{"@id":"https:\/\/www.oarcanjo.net\/site\/#organization"},"image":{"@id":"https:\/\/www.oarcanjo.net\/site\/a-missao-do-messias-dom-sergio\/#primaryimage"},"thumbnailUrl":"http:\/\/1.bp.blogspot.com\/-AsijNDvUbGk\/UQG4764hobI\/AAAAAAAAWDs\/U2MTy1ZWu3s\/s1600\/300502_159988240759727_100002456578485_296584_1555955916_a.jpg","articleSection":["Reflex\u00f5es"],"inLanguage":"pt-BR","potentialAction":[{"@type":"CommentAction","name":"Comment","target":["https:\/\/www.oarcanjo.net\/site\/a-missao-do-messias-dom-sergio\/#respond"]}]},{"@type":"WebPage","@id":"https:\/\/www.oarcanjo.net\/site\/a-missao-do-messias-dom-sergio\/","url":"https:\/\/www.oarcanjo.net\/site\/a-missao-do-messias-dom-sergio\/","name":"A Miss\u00e3o do Messias - Dom Sergio - O Arcanjo no ar","isPartOf":{"@id":"https:\/\/www.oarcanjo.net\/site\/#website"},"primaryImageOfPage":{"@id":"https:\/\/www.oarcanjo.net\/site\/a-missao-do-messias-dom-sergio\/#primaryimage"},"image":{"@id":"https:\/\/www.oarcanjo.net\/site\/a-missao-do-messias-dom-sergio\/#primaryimage"},"thumbnailUrl":"http:\/\/1.bp.blogspot.com\/-AsijNDvUbGk\/UQG4764hobI\/AAAAAAAAWDs\/U2MTy1ZWu3s\/s1600\/300502_159988240759727_100002456578485_296584_1555955916_a.jpg","datePublished":"2013-01-24T22:47:51+00:00","dateModified":"2013-01-24T22:47:51+00:00","breadcrumb":{"@id":"https:\/\/www.oarcanjo.net\/site\/a-missao-do-messias-dom-sergio\/#breadcrumb"},"inLanguage":"pt-BR","potentialAction":[{"@type":"ReadAction","target":["https:\/\/www.oarcanjo.net\/site\/a-missao-do-messias-dom-sergio\/"]}]},{"@type":"ImageObject","inLanguage":"pt-BR","@id":"https:\/\/www.oarcanjo.net\/site\/a-missao-do-messias-dom-sergio\/#primaryimage","url":"http:\/\/1.bp.blogspot.com\/-AsijNDvUbGk\/UQG4764hobI\/AAAAAAAAWDs\/U2MTy1ZWu3s\/s1600\/300502_159988240759727_100002456578485_296584_1555955916_a.jpg","contentUrl":"http:\/\/1.bp.blogspot.com\/-AsijNDvUbGk\/UQG4764hobI\/AAAAAAAAWDs\/U2MTy1ZWu3s\/s1600\/300502_159988240759727_100002456578485_296584_1555955916_a.jpg"},{"@type":"BreadcrumbList","@id":"https:\/\/www.oarcanjo.net\/site\/a-missao-do-messias-dom-sergio\/#breadcrumb","itemListElement":[{"@type":"ListItem","position":1,"name":"In\u00edcio","item":"https:\/\/www.oarcanjo.net\/site\/"},{"@type":"ListItem","position":2,"name":"A Miss\u00e3o do Messias &#8211; Dom Sergio"}]},{"@type":"WebSite","@id":"https:\/\/www.oarcanjo.net\/site\/#website","url":"https:\/\/www.oarcanjo.net\/site\/","name":"O Arcanjo no ar","description":"Site da Par\u00f3quia S\u00e3o Miguel Arcanjo (Arquidiocese de SP)","publisher":{"@id":"https:\/\/www.oarcanjo.net\/site\/#organization"},"potentialAction":[{"@type":"SearchAction","target":{"@type":"EntryPoint","urlTemplate":"https:\/\/www.oarcanjo.net\/site\/?s={search_term_string}"},"query-input":{"@type":"PropertyValueSpecification","valueRequired":true,"valueName":"search_term_string"}}],"inLanguage":"pt-BR"},{"@type":"Organization","@id":"https:\/\/www.oarcanjo.net\/site\/#organization","name":"Par\u00f3quia S\u00e3o Miguel Arcanjo","url":"https:\/\/www.oarcanjo.net\/site\/","logo":{"@type":"ImageObject","inLanguage":"pt-BR","@id":"https:\/\/www.oarcanjo.net\/site\/#\/schema\/logo\/image\/","url":"https:\/\/www.oarcanjo.net\/site\/wp-content\/uploads\/LogoOArcanjo.png","contentUrl":"https:\/\/www.oarcanjo.net\/site\/wp-content\/uploads\/LogoOArcanjo.png","width":319,"height":99,"caption":"Par\u00f3quia S\u00e3o Miguel Arcanjo"},"image":{"@id":"https:\/\/www.oarcanjo.net\/site\/#\/schema\/logo\/image\/"},"sameAs":["https:\/\/www.facebook.com\/OArcanjoNoAr\/"]},{"@type":"Person","@id":"https:\/\/www.oarcanjo.net\/site\/#\/schema\/person\/58d7f78850a973b8e467c7ae4a7eb4ad","name":"pe.geovane"}]}},"publishpress_future_action":{"enabled":false,"date":"2026-05-09 08:04:12","action":"category","newStatus":"draft","terms":[],"taxonomy":"category"},"publishpress_future_workflow_manual_trigger":{"enabledWorkflows":[]},"_links":{"self":[{"href":"https:\/\/www.oarcanjo.net\/site\/wp-json\/wp\/v2\/posts\/20749"}],"collection":[{"href":"https:\/\/www.oarcanjo.net\/site\/wp-json\/wp\/v2\/posts"}],"about":[{"href":"https:\/\/www.oarcanjo.net\/site\/wp-json\/wp\/v2\/types\/post"}],"author":[{"embeddable":true,"href":"https:\/\/www.oarcanjo.net\/site\/wp-json\/wp\/v2\/users\/17"}],"replies":[{"embeddable":true,"href":"https:\/\/www.oarcanjo.net\/site\/wp-json\/wp\/v2\/comments?post=20749"}],"version-history":[{"count":0,"href":"https:\/\/www.oarcanjo.net\/site\/wp-json\/wp\/v2\/posts\/20749\/revisions"}],"wp:attachment":[{"href":"https:\/\/www.oarcanjo.net\/site\/wp-json\/wp\/v2\/media?parent=20749"}],"wp:term":[{"taxonomy":"category","embeddable":true,"href":"https:\/\/www.oarcanjo.net\/site\/wp-json\/wp\/v2\/categories?post=20749"},{"taxonomy":"post_tag","embeddable":true,"href":"https:\/\/www.oarcanjo.net\/site\/wp-json\/wp\/v2\/tags?post=20749"}],"curies":[{"name":"wp","href":"https:\/\/api.w.org\/{rel}","templated":true}]}}