
{"id":20757,"date":"2013-01-27T12:03:55","date_gmt":"2013-01-27T14:03:55","guid":{"rendered":"http:\/\/www.oarcanjo.net\/site\/?p=20757"},"modified":"2013-01-27T12:04:05","modified_gmt":"2013-01-27T14:04:05","slug":"a-salvacao-continua-para-cada-discipulo-de-cristo-destaca-papa","status":"publish","type":"post","link":"https:\/\/www.oarcanjo.net\/site\/a-salvacao-continua-para-cada-discipulo-de-cristo-destaca-papa\/","title":{"rendered":"A salva\u00e7\u00e3o continua para cada disc\u00edpulo de Cristo, destaca Papa"},"content":{"rendered":"<div>\n<h1>J\u00e9ssica Mar\u00e7al<\/h1>\n<h4>Da Reda\u00e7\u00e3o<\/h4>\n<div><a href=\"http:\/\/4.bp.blogspot.com\/--W_MQu59v0I\/UQUszcpCKbI\/AAAAAAAAWIk\/Yv1fp4KXq9U\/s1600\/papa+bento.jpg\"><img decoding=\"async\" src=\"http:\/\/4.bp.blogspot.com\/--W_MQu59v0I\/UQUszcpCKbI\/AAAAAAAAWIk\/Yv1fp4KXq9U\/s1600\/papa+bento.jpg\" border=\"0\" alt=\"\" \/><\/a><\/div>\n<div style=\"text-align: justify\">O Papa Bento XVI reuniu-se com os fi\u00e9is na Pra\u00e7a S\u00e3o Pedro neste domingo, 27, para rezar o Angelus. Em suas reflex\u00f5es antes da ora\u00e7\u00e3o mariana, o Santo Padre lembrou que o domingo \u00e9 dia de repouso e de estar com a fam\u00edlia, mas primeiramente \u00e9 dia para dedicar-se ao Senhor, participando da Eucaristia.&nbsp;<\/p>\n<p><strong>Acesse<br \/>\n<a href=\"http:\/\/noticias.cancaonova.com\/noticia.php?id=288498\" target=\"_blank\">NA \u00ccNTEGRA: Palavras do Papa antes do Angelus \u2013 27\/01\/2013<\/a><\/strong><\/p>\n<p>Bento XVI citou ainda a capacidade de escutar a Palavra de Deus diante do tempo \u201cdisperso e distra\u00eddo\u201d da atualidade. Ele destacou que antes de poder falar de Deus e com Deus, \u00e9 preciso escut\u00e1-Lo.<\/p>\n<p>\u201cA liturgia da Igreja \u00e9 a \u2018escola\u2019 desta escuta do Senhor que nos fala. Enfim, nos diz que cada momento pode se transformar em um \u201choje\u201d prop\u00edcio para a nossa convers\u00e3o. Cada dia (kath\u0113meran) pode se transformar no hoje salv\u00edfico, porque a salva\u00e7\u00e3o \u00e9 hist\u00f3ria que continua para a Igreja e para cada um dos disc\u00edpulos de Cristo\u201d.<\/p>\n<p>Segundo o Pont\u00edfice, este \u00e9 o sentido crist\u00e3o da express\u00e3o \u201c<em>carpe diem<\/em>\u201d, que significa \u201caproveitar o dia\u201d. No caso, refere-se a aproveitar o hoje em que Deus chama cada um para doar-lhes a salva\u00e7\u00e3o.<\/p>\n<p>O Santo Padre terminou pedindo que a Virgem Maria seja sempre o modelo e a guia de cada um no processo de saber reconhecer e acolher a presen\u00e7a de Deus a cada dia.<\/p>\n<\/div>\n<\/div>\n<div style=\"text-align: justify\">\n<div>Postado por\u00a0<a title=\"author profile\" rel=\"author\" href=\"http:\/\/www.blogger.com\/profile\/12037961757835243213\">Par\u00f3quia de Santo Afonso<\/a><\/div>\n<\/div>\n<p style=\"text-align: justify\">&nbsp;<\/p>\n<div id=\"themify_builder_content-20757\" data-postid=\"20757\" class=\"themify_builder_content themify_builder_content-20757 themify_builder themify_builder_front\">\n\t<\/div>\n<!-- \/themify_builder_content -->","protected":false},"excerpt":{"rendered":"<p>J\u00e9ssica Mar\u00e7al Da Reda\u00e7\u00e3o O Papa Bento XVI reuniu-se com os fi\u00e9is na Pra\u00e7a S\u00e3o Pedro neste domingo, 27, para rezar o Angelus. Em suas reflex\u00f5es antes da ora\u00e7\u00e3o mariana, o Santo Padre lembrou que o domingo \u00e9 dia de repouso e de estar com a fam\u00edlia, mas primeiramente \u00e9 dia para dedicar-se ao Senhor, [&hellip;]<\/p>\n","protected":false},"author":17,"featured_media":0,"comment_status":"open","ping_status":"open","sticky":false,"template":"","format":"standard","meta":{"ngg_post_thumbnail":0,"footnotes":""},"categories":[9],"tags":[],"yoast_head":"<!-- This site is optimized with the Yoast SEO plugin v23.5 - https:\/\/yoast.com\/wordpress\/plugins\/seo\/ -->\n<title>A salva\u00e7\u00e3o continua para cada disc\u00edpulo de Cristo, destaca Papa - O Arcanjo no ar<\/title>\n<meta name=\"robots\" content=\"index, follow, max-snippet:-1, max-image-preview:large, max-video-preview:-1\" \/>\n<link rel=\"canonical\" href=\"https:\/\/www.oarcanjo.net\/site\/a-salvacao-continua-para-cada-discipulo-de-cristo-destaca-papa\/\" \/>\n<meta property=\"og:locale\" content=\"pt_BR\" \/>\n<meta property=\"og:type\" content=\"article\" \/>\n<meta property=\"og:title\" content=\"A salva\u00e7\u00e3o continua para cada disc\u00edpulo de Cristo, destaca Papa - O Arcanjo no ar\" \/>\n<meta property=\"og:description\" content=\"J\u00e9ssica Mar\u00e7al Da Reda\u00e7\u00e3o O Papa Bento XVI reuniu-se com os fi\u00e9is na Pra\u00e7a S\u00e3o Pedro neste domingo, 27, para rezar o Angelus. Em suas reflex\u00f5es antes da ora\u00e7\u00e3o mariana, o Santo Padre lembrou que o domingo \u00e9 dia de repouso e de estar com a fam\u00edlia, mas primeiramente \u00e9 dia para dedicar-se ao Senhor, [&hellip;]\" \/>\n<meta property=\"og:url\" content=\"https:\/\/www.oarcanjo.net\/site\/a-salvacao-continua-para-cada-discipulo-de-cristo-destaca-papa\/\" \/>\n<meta property=\"og:site_name\" content=\"O Arcanjo no ar\" \/>\n<meta property=\"article:publisher\" content=\"https:\/\/www.facebook.com\/OArcanjoNoAr\/\" \/>\n<meta property=\"article:published_time\" content=\"2013-01-27T14:03:55+00:00\" \/>\n<meta property=\"article:modified_time\" content=\"2013-01-27T14:04:05+00:00\" \/>\n<meta property=\"og:image\" content=\"http:\/\/4.bp.blogspot.com\/--W_MQu59v0I\/UQUszcpCKbI\/AAAAAAAAWIk\/Yv1fp4KXq9U\/s1600\/papa+bento.jpg\" \/>\n<meta name=\"author\" content=\"pe.geovane\" \/>\n<meta name=\"twitter:card\" content=\"summary_large_image\" \/>\n<meta name=\"twitter:label1\" content=\"Escrito por\" \/>\n\t<meta name=\"twitter:data1\" content=\"pe.geovane\" \/>\n\t<meta name=\"twitter:label2\" content=\"Est. tempo de leitura\" \/>\n\t<meta name=\"twitter:data2\" content=\"1 minuto\" \/>\n<script type=\"application\/ld+json\" class=\"yoast-schema-graph\">{\"@context\":\"https:\/\/schema.org\",\"@graph\":[{\"@type\":\"Article\",\"@id\":\"https:\/\/www.oarcanjo.net\/site\/a-salvacao-continua-para-cada-discipulo-de-cristo-destaca-papa\/#article\",\"isPartOf\":{\"@id\":\"https:\/\/www.oarcanjo.net\/site\/a-salvacao-continua-para-cada-discipulo-de-cristo-destaca-papa\/\"},\"author\":{\"name\":\"pe.geovane\",\"@id\":\"https:\/\/www.oarcanjo.net\/site\/#\/schema\/person\/58d7f78850a973b8e467c7ae4a7eb4ad\"},\"headline\":\"A salva\u00e7\u00e3o continua para cada disc\u00edpulo de Cristo, destaca Papa\",\"datePublished\":\"2013-01-27T14:03:55+00:00\",\"dateModified\":\"2013-01-27T14:04:05+00:00\",\"mainEntityOfPage\":{\"@id\":\"https:\/\/www.oarcanjo.net\/site\/a-salvacao-continua-para-cada-discipulo-de-cristo-destaca-papa\/\"},\"wordCount\":264,\"commentCount\":0,\"publisher\":{\"@id\":\"https:\/\/www.oarcanjo.net\/site\/#organization\"},\"image\":{\"@id\":\"https:\/\/www.oarcanjo.net\/site\/a-salvacao-continua-para-cada-discipulo-de-cristo-destaca-papa\/#primaryimage\"},\"thumbnailUrl\":\"http:\/\/4.bp.blogspot.com\/--W_MQu59v0I\/UQUszcpCKbI\/AAAAAAAAWIk\/Yv1fp4KXq9U\/s1600\/papa+bento.jpg\",\"articleSection\":[\"Reflex\u00f5es\"],\"inLanguage\":\"pt-BR\",\"potentialAction\":[{\"@type\":\"CommentAction\",\"name\":\"Comment\",\"target\":[\"https:\/\/www.oarcanjo.net\/site\/a-salvacao-continua-para-cada-discipulo-de-cristo-destaca-papa\/#respond\"]}]},{\"@type\":\"WebPage\",\"@id\":\"https:\/\/www.oarcanjo.net\/site\/a-salvacao-continua-para-cada-discipulo-de-cristo-destaca-papa\/\",\"url\":\"https:\/\/www.oarcanjo.net\/site\/a-salvacao-continua-para-cada-discipulo-de-cristo-destaca-papa\/\",\"name\":\"A salva\u00e7\u00e3o continua para cada disc\u00edpulo de Cristo, destaca Papa - O Arcanjo no ar\",\"isPartOf\":{\"@id\":\"https:\/\/www.oarcanjo.net\/site\/#website\"},\"primaryImageOfPage\":{\"@id\":\"https:\/\/www.oarcanjo.net\/site\/a-salvacao-continua-para-cada-discipulo-de-cristo-destaca-papa\/#primaryimage\"},\"image\":{\"@id\":\"https:\/\/www.oarcanjo.net\/site\/a-salvacao-continua-para-cada-discipulo-de-cristo-destaca-papa\/#primaryimage\"},\"thumbnailUrl\":\"http:\/\/4.bp.blogspot.com\/--W_MQu59v0I\/UQUszcpCKbI\/AAAAAAAAWIk\/Yv1fp4KXq9U\/s1600\/papa+bento.jpg\",\"datePublished\":\"2013-01-27T14:03:55+00:00\",\"dateModified\":\"2013-01-27T14:04:05+00:00\",\"breadcrumb\":{\"@id\":\"https:\/\/www.oarcanjo.net\/site\/a-salvacao-continua-para-cada-discipulo-de-cristo-destaca-papa\/#breadcrumb\"},\"inLanguage\":\"pt-BR\",\"potentialAction\":[{\"@type\":\"ReadAction\",\"target\":[\"https:\/\/www.oarcanjo.net\/site\/a-salvacao-continua-para-cada-discipulo-de-cristo-destaca-papa\/\"]}]},{\"@type\":\"ImageObject\",\"inLanguage\":\"pt-BR\",\"@id\":\"https:\/\/www.oarcanjo.net\/site\/a-salvacao-continua-para-cada-discipulo-de-cristo-destaca-papa\/#primaryimage\",\"url\":\"http:\/\/4.bp.blogspot.com\/--W_MQu59v0I\/UQUszcpCKbI\/AAAAAAAAWIk\/Yv1fp4KXq9U\/s1600\/papa+bento.jpg\",\"contentUrl\":\"http:\/\/4.bp.blogspot.com\/--W_MQu59v0I\/UQUszcpCKbI\/AAAAAAAAWIk\/Yv1fp4KXq9U\/s1600\/papa+bento.jpg\"},{\"@type\":\"BreadcrumbList\",\"@id\":\"https:\/\/www.oarcanjo.net\/site\/a-salvacao-continua-para-cada-discipulo-de-cristo-destaca-papa\/#breadcrumb\",\"itemListElement\":[{\"@type\":\"ListItem\",\"position\":1,\"name\":\"In\u00edcio\",\"item\":\"https:\/\/www.oarcanjo.net\/site\/\"},{\"@type\":\"ListItem\",\"position\":2,\"name\":\"A salva\u00e7\u00e3o continua para cada disc\u00edpulo de Cristo, destaca Papa\"}]},{\"@type\":\"WebSite\",\"@id\":\"https:\/\/www.oarcanjo.net\/site\/#website\",\"url\":\"https:\/\/www.oarcanjo.net\/site\/\",\"name\":\"O Arcanjo no ar\",\"description\":\"Site da Par\u00f3quia S\u00e3o Miguel Arcanjo (Arquidiocese de SP)\",\"publisher\":{\"@id\":\"https:\/\/www.oarcanjo.net\/site\/#organization\"},\"potentialAction\":[{\"@type\":\"SearchAction\",\"target\":{\"@type\":\"EntryPoint\",\"urlTemplate\":\"https:\/\/www.oarcanjo.net\/site\/?s={search_term_string}\"},\"query-input\":{\"@type\":\"PropertyValueSpecification\",\"valueRequired\":true,\"valueName\":\"search_term_string\"}}],\"inLanguage\":\"pt-BR\"},{\"@type\":\"Organization\",\"@id\":\"https:\/\/www.oarcanjo.net\/site\/#organization\",\"name\":\"Par\u00f3quia S\u00e3o Miguel Arcanjo\",\"url\":\"https:\/\/www.oarcanjo.net\/site\/\",\"logo\":{\"@type\":\"ImageObject\",\"inLanguage\":\"pt-BR\",\"@id\":\"https:\/\/www.oarcanjo.net\/site\/#\/schema\/logo\/image\/\",\"url\":\"https:\/\/www.oarcanjo.net\/site\/wp-content\/uploads\/LogoOArcanjo.png\",\"contentUrl\":\"https:\/\/www.oarcanjo.net\/site\/wp-content\/uploads\/LogoOArcanjo.png\",\"width\":319,\"height\":99,\"caption\":\"Par\u00f3quia S\u00e3o Miguel Arcanjo\"},\"image\":{\"@id\":\"https:\/\/www.oarcanjo.net\/site\/#\/schema\/logo\/image\/\"},\"sameAs\":[\"https:\/\/www.facebook.com\/OArcanjoNoAr\/\"]},{\"@type\":\"Person\",\"@id\":\"https:\/\/www.oarcanjo.net\/site\/#\/schema\/person\/58d7f78850a973b8e467c7ae4a7eb4ad\",\"name\":\"pe.geovane\"}]}<\/script>\n<!-- \/ Yoast SEO plugin. -->","yoast_head_json":{"title":"A salva\u00e7\u00e3o continua para cada disc\u00edpulo de Cristo, destaca Papa - O Arcanjo no ar","robots":{"index":"index","follow":"follow","max-snippet":"max-snippet:-1","max-image-preview":"max-image-preview:large","max-video-preview":"max-video-preview:-1"},"canonical":"https:\/\/www.oarcanjo.net\/site\/a-salvacao-continua-para-cada-discipulo-de-cristo-destaca-papa\/","og_locale":"pt_BR","og_type":"article","og_title":"A salva\u00e7\u00e3o continua para cada disc\u00edpulo de Cristo, destaca Papa - O Arcanjo no ar","og_description":"J\u00e9ssica Mar\u00e7al Da Reda\u00e7\u00e3o O Papa Bento XVI reuniu-se com os fi\u00e9is na Pra\u00e7a S\u00e3o Pedro neste domingo, 27, para rezar o Angelus. Em suas reflex\u00f5es antes da ora\u00e7\u00e3o mariana, o Santo Padre lembrou que o domingo \u00e9 dia de repouso e de estar com a fam\u00edlia, mas primeiramente \u00e9 dia para dedicar-se ao Senhor, [&hellip;]","og_url":"https:\/\/www.oarcanjo.net\/site\/a-salvacao-continua-para-cada-discipulo-de-cristo-destaca-papa\/","og_site_name":"O Arcanjo no ar","article_publisher":"https:\/\/www.facebook.com\/OArcanjoNoAr\/","article_published_time":"2013-01-27T14:03:55+00:00","article_modified_time":"2013-01-27T14:04:05+00:00","og_image":[{"url":"http:\/\/4.bp.blogspot.com\/--W_MQu59v0I\/UQUszcpCKbI\/AAAAAAAAWIk\/Yv1fp4KXq9U\/s1600\/papa+bento.jpg"}],"author":"pe.geovane","twitter_card":"summary_large_image","twitter_misc":{"Escrito por":"pe.geovane","Est. tempo de leitura":"1 minuto"},"schema":{"@context":"https:\/\/schema.org","@graph":[{"@type":"Article","@id":"https:\/\/www.oarcanjo.net\/site\/a-salvacao-continua-para-cada-discipulo-de-cristo-destaca-papa\/#article","isPartOf":{"@id":"https:\/\/www.oarcanjo.net\/site\/a-salvacao-continua-para-cada-discipulo-de-cristo-destaca-papa\/"},"author":{"name":"pe.geovane","@id":"https:\/\/www.oarcanjo.net\/site\/#\/schema\/person\/58d7f78850a973b8e467c7ae4a7eb4ad"},"headline":"A salva\u00e7\u00e3o continua para cada disc\u00edpulo de Cristo, destaca Papa","datePublished":"2013-01-27T14:03:55+00:00","dateModified":"2013-01-27T14:04:05+00:00","mainEntityOfPage":{"@id":"https:\/\/www.oarcanjo.net\/site\/a-salvacao-continua-para-cada-discipulo-de-cristo-destaca-papa\/"},"wordCount":264,"commentCount":0,"publisher":{"@id":"https:\/\/www.oarcanjo.net\/site\/#organization"},"image":{"@id":"https:\/\/www.oarcanjo.net\/site\/a-salvacao-continua-para-cada-discipulo-de-cristo-destaca-papa\/#primaryimage"},"thumbnailUrl":"http:\/\/4.bp.blogspot.com\/--W_MQu59v0I\/UQUszcpCKbI\/AAAAAAAAWIk\/Yv1fp4KXq9U\/s1600\/papa+bento.jpg","articleSection":["Reflex\u00f5es"],"inLanguage":"pt-BR","potentialAction":[{"@type":"CommentAction","name":"Comment","target":["https:\/\/www.oarcanjo.net\/site\/a-salvacao-continua-para-cada-discipulo-de-cristo-destaca-papa\/#respond"]}]},{"@type":"WebPage","@id":"https:\/\/www.oarcanjo.net\/site\/a-salvacao-continua-para-cada-discipulo-de-cristo-destaca-papa\/","url":"https:\/\/www.oarcanjo.net\/site\/a-salvacao-continua-para-cada-discipulo-de-cristo-destaca-papa\/","name":"A salva\u00e7\u00e3o continua para cada disc\u00edpulo de Cristo, destaca Papa - O Arcanjo no ar","isPartOf":{"@id":"https:\/\/www.oarcanjo.net\/site\/#website"},"primaryImageOfPage":{"@id":"https:\/\/www.oarcanjo.net\/site\/a-salvacao-continua-para-cada-discipulo-de-cristo-destaca-papa\/#primaryimage"},"image":{"@id":"https:\/\/www.oarcanjo.net\/site\/a-salvacao-continua-para-cada-discipulo-de-cristo-destaca-papa\/#primaryimage"},"thumbnailUrl":"http:\/\/4.bp.blogspot.com\/--W_MQu59v0I\/UQUszcpCKbI\/AAAAAAAAWIk\/Yv1fp4KXq9U\/s1600\/papa+bento.jpg","datePublished":"2013-01-27T14:03:55+00:00","dateModified":"2013-01-27T14:04:05+00:00","breadcrumb":{"@id":"https:\/\/www.oarcanjo.net\/site\/a-salvacao-continua-para-cada-discipulo-de-cristo-destaca-papa\/#breadcrumb"},"inLanguage":"pt-BR","potentialAction":[{"@type":"ReadAction","target":["https:\/\/www.oarcanjo.net\/site\/a-salvacao-continua-para-cada-discipulo-de-cristo-destaca-papa\/"]}]},{"@type":"ImageObject","inLanguage":"pt-BR","@id":"https:\/\/www.oarcanjo.net\/site\/a-salvacao-continua-para-cada-discipulo-de-cristo-destaca-papa\/#primaryimage","url":"http:\/\/4.bp.blogspot.com\/--W_MQu59v0I\/UQUszcpCKbI\/AAAAAAAAWIk\/Yv1fp4KXq9U\/s1600\/papa+bento.jpg","contentUrl":"http:\/\/4.bp.blogspot.com\/--W_MQu59v0I\/UQUszcpCKbI\/AAAAAAAAWIk\/Yv1fp4KXq9U\/s1600\/papa+bento.jpg"},{"@type":"BreadcrumbList","@id":"https:\/\/www.oarcanjo.net\/site\/a-salvacao-continua-para-cada-discipulo-de-cristo-destaca-papa\/#breadcrumb","itemListElement":[{"@type":"ListItem","position":1,"name":"In\u00edcio","item":"https:\/\/www.oarcanjo.net\/site\/"},{"@type":"ListItem","position":2,"name":"A salva\u00e7\u00e3o continua para cada disc\u00edpulo de Cristo, destaca Papa"}]},{"@type":"WebSite","@id":"https:\/\/www.oarcanjo.net\/site\/#website","url":"https:\/\/www.oarcanjo.net\/site\/","name":"O Arcanjo no ar","description":"Site da Par\u00f3quia S\u00e3o Miguel Arcanjo (Arquidiocese de SP)","publisher":{"@id":"https:\/\/www.oarcanjo.net\/site\/#organization"},"potentialAction":[{"@type":"SearchAction","target":{"@type":"EntryPoint","urlTemplate":"https:\/\/www.oarcanjo.net\/site\/?s={search_term_string}"},"query-input":{"@type":"PropertyValueSpecification","valueRequired":true,"valueName":"search_term_string"}}],"inLanguage":"pt-BR"},{"@type":"Organization","@id":"https:\/\/www.oarcanjo.net\/site\/#organization","name":"Par\u00f3quia S\u00e3o Miguel Arcanjo","url":"https:\/\/www.oarcanjo.net\/site\/","logo":{"@type":"ImageObject","inLanguage":"pt-BR","@id":"https:\/\/www.oarcanjo.net\/site\/#\/schema\/logo\/image\/","url":"https:\/\/www.oarcanjo.net\/site\/wp-content\/uploads\/LogoOArcanjo.png","contentUrl":"https:\/\/www.oarcanjo.net\/site\/wp-content\/uploads\/LogoOArcanjo.png","width":319,"height":99,"caption":"Par\u00f3quia S\u00e3o Miguel Arcanjo"},"image":{"@id":"https:\/\/www.oarcanjo.net\/site\/#\/schema\/logo\/image\/"},"sameAs":["https:\/\/www.facebook.com\/OArcanjoNoAr\/"]},{"@type":"Person","@id":"https:\/\/www.oarcanjo.net\/site\/#\/schema\/person\/58d7f78850a973b8e467c7ae4a7eb4ad","name":"pe.geovane"}]}},"publishpress_future_action":{"enabled":false,"date":"2026-05-09 06:09:05","action":"category","newStatus":"draft","terms":[],"taxonomy":"category"},"publishpress_future_workflow_manual_trigger":{"enabledWorkflows":[]},"_links":{"self":[{"href":"https:\/\/www.oarcanjo.net\/site\/wp-json\/wp\/v2\/posts\/20757"}],"collection":[{"href":"https:\/\/www.oarcanjo.net\/site\/wp-json\/wp\/v2\/posts"}],"about":[{"href":"https:\/\/www.oarcanjo.net\/site\/wp-json\/wp\/v2\/types\/post"}],"author":[{"embeddable":true,"href":"https:\/\/www.oarcanjo.net\/site\/wp-json\/wp\/v2\/users\/17"}],"replies":[{"embeddable":true,"href":"https:\/\/www.oarcanjo.net\/site\/wp-json\/wp\/v2\/comments?post=20757"}],"version-history":[{"count":0,"href":"https:\/\/www.oarcanjo.net\/site\/wp-json\/wp\/v2\/posts\/20757\/revisions"}],"wp:attachment":[{"href":"https:\/\/www.oarcanjo.net\/site\/wp-json\/wp\/v2\/media?parent=20757"}],"wp:term":[{"taxonomy":"category","embeddable":true,"href":"https:\/\/www.oarcanjo.net\/site\/wp-json\/wp\/v2\/categories?post=20757"},{"taxonomy":"post_tag","embeddable":true,"href":"https:\/\/www.oarcanjo.net\/site\/wp-json\/wp\/v2\/tags?post=20757"}],"curies":[{"name":"wp","href":"https:\/\/api.w.org\/{rel}","templated":true}]}}