
{"id":20764,"date":"2013-01-27T08:11:08","date_gmt":"2013-01-27T10:11:08","guid":{"rendered":"http:\/\/www.oarcanjo.net\/site\/?p=20764"},"modified":"2013-01-27T13:02:59","modified_gmt":"2013-01-27T15:02:59","slug":"sonhos-e-utopias-paulo-eduardo","status":"publish","type":"post","link":"https:\/\/www.oarcanjo.net\/site\/sonhos-e-utopias-paulo-eduardo\/","title":{"rendered":"Sonhos e utopias &#8211; Paulo Eduardo"},"content":{"rendered":"<p><img loading=\"lazy\" decoding=\"async\" src=\"http:\/\/www.oarcanjo.net\/site\/wp-content\/uploads\/dom-helder-e-dom-alo\u00edsio.jpg\" alt=\"\" width=\"118\" height=\"78\" \/><\/p>\n<p>Verdade inconteste como paradoxo dos sonhos e utopias dos tr\u00eas livros de autoria do padre Geovane Saraiva. Quanta ternura em escritos de reconhecimento a duas personalidades que marcaram a trajet\u00f3ria religiosa de pastores da sensibilidade. Padre Geovane tra\u00e7a o perfil ou corpo inteiro de dom Helder C\u00e2mara num despertar de consci\u00eancia a quem foi &#8220;Nascido para as Coisas Maiores&#8221;, como consta do primeiro dos livros que lemos.<\/p>\n<p>Retrato vivo da pureza de car\u00e1ter de dom Helder. Texto de um autor numa homenagem do cora\u00e7\u00e3o e da raz\u00e3o. Talento de escritor no uso das letras para descrever a verdade de &#8220;Dom Helder &#8211; Sonhos e Utopias&#8221; j\u00e1 em outro livro. Nunca um sonho foi t\u00e3o real na trajet\u00f3ria de coragem do vocacionado dom Helder, na sua proje\u00e7\u00e3o apost\u00f3lica e profundamente social. O padre Geovane cristalizou a realidade desses sonhos e utopias em livro. A aut\u00eantica medalha de gratid\u00e3o e homenagem ao companheiro de f\u00e9 no apostolado de quem partiu e ficou na retentiva dos homens de bem.<\/p>\n<p>Ap\u00f3s a leitura dos dois livros em torno de dom Helder lemos &#8220;A ternura de um pastor&#8221;, novo trabalho agora numa refer\u00eancia biogr\u00e1fica ao cardeal Lorscheider. Gratid\u00e3o, reconhecimento, tudo de permeio com a sensibilidade de quem acompanhou com enlevo e admira\u00e7\u00e3o um pastor que se transformou em cearense pelos la\u00e7os afetivos.<\/p>\n<p>O autor consegue ser o escritor not\u00e1vel gra\u00e7as ao poder de percep\u00e7\u00e3o que o fez, por m\u00e9ritos, integrar a Academia Metropolitana de Letras de Fortaleza &#8211; a Amlef e a Almece. Dois t\u00edtulos acad\u00eamicos al\u00e9m de outras honrarias a que faz e fez jus sempre na escala de merecimento.<\/p>\n<p><em><strong>Paulo Eduardo Mendes, <\/strong>jornalista<\/em> e Juiz de Direito<br \/>\nDi\u00e1rio do Nordeste<\/p>\n<p>\u200eCada livro \u00e9 um \u00e1rvore<br \/>\nOndulada pelo vento<br \/>\n\u00c9 papel e personagem<br \/>\nPendurado no seu tempo<\/p>\n<p>Usa capa e contracapa<br \/>\nComent\u00e1rio nas orelhas<br \/>\nNariz na folha do rosto<br \/>\nSum\u00e1rio nas sobrancelhas<\/p>\n<p>Cada Livro \u00e9 uma nuvem<br \/>\nCarregada de palavras<\/p>\n<p>Chovendo pelos caminhos<br \/>\nCada livro \u00e9 um o\u00e1sis<br \/>\nOnde as aves bibli\u00f3filas<\/p>\n<p>V\u00e3o preparar os seus ninhos<br \/>\nProf. Hor\u00e1cio D\u00eddimo<\/p>\n<p>Livros s\u00e3o contos e cantos<br \/>\nS\u00e3o pal\u00e1cios ancestrais<br \/>\nS\u00e3o circos com saltimbancos<br \/>\nS\u00e3o templos, s\u00e3o catedrais<br \/>\nColorido ou preto-e-branco<br \/>\nCada livro tem seu texto<br \/>\nSeu miolo sua casca<br \/>\nSeu mercado e seu contexto<br \/>\nLivros s\u00e3o nomes ou mais<br \/>\nSeres tridimensionais<br \/>\nCada um com sua norma<br \/>\nCada livro \u00e9 uma forja<br \/>\nUm retrato e um espa\u00e7o<br \/>\nUm abra\u00e7o e uma forma<\/p>\n<p>Prof. Hor\u00e1cio D\u00eddimo<\/p>\n<p>Postado por\u00a0<a title=\"author profile\" rel=\"author\" href=\"http:\/\/www.blogger.com\/profile\/12037961757835243213\">Par\u00f3quia de Santo Afonso <\/a><\/p>\n<div id=\"themify_builder_content-20764\" data-postid=\"20764\" class=\"themify_builder_content themify_builder_content-20764 themify_builder themify_builder_front\">\n\t<\/div>\n<!-- \/themify_builder_content -->","protected":false},"excerpt":{"rendered":"<p>Verdade inconteste como paradoxo dos sonhos e utopias dos tr\u00eas livros de autoria do padre Geovane Saraiva. Quanta ternura em escritos de reconhecimento a duas personalidades que marcaram a trajet\u00f3ria religiosa de pastores da sensibilidade. Padre Geovane tra\u00e7a o perfil ou corpo inteiro de dom Helder C\u00e2mara num despertar de consci\u00eancia a quem foi &#8220;Nascido [&hellip;]<\/p>\n","protected":false},"author":17,"featured_media":0,"comment_status":"open","ping_status":"open","sticky":false,"template":"","format":"standard","meta":{"ngg_post_thumbnail":0,"footnotes":""},"categories":[186],"tags":[],"yoast_head":"<!-- This site is optimized with the Yoast SEO plugin v23.5 - https:\/\/yoast.com\/wordpress\/plugins\/seo\/ -->\n<title>Sonhos e utopias - Paulo Eduardo - O Arcanjo no ar<\/title>\n<meta name=\"robots\" content=\"index, follow, max-snippet:-1, max-image-preview:large, max-video-preview:-1\" \/>\n<link rel=\"canonical\" href=\"https:\/\/www.oarcanjo.net\/site\/sonhos-e-utopias-paulo-eduardo\/\" \/>\n<meta property=\"og:locale\" content=\"pt_BR\" \/>\n<meta property=\"og:type\" content=\"article\" \/>\n<meta property=\"og:title\" content=\"Sonhos e utopias - Paulo Eduardo - O Arcanjo no ar\" \/>\n<meta property=\"og:description\" content=\"Verdade inconteste como paradoxo dos sonhos e utopias dos tr\u00eas livros de autoria do padre Geovane Saraiva. Quanta ternura em escritos de reconhecimento a duas personalidades que marcaram a trajet\u00f3ria religiosa de pastores da sensibilidade. Padre Geovane tra\u00e7a o perfil ou corpo inteiro de dom Helder C\u00e2mara num despertar de consci\u00eancia a quem foi &#8220;Nascido [&hellip;]\" \/>\n<meta property=\"og:url\" content=\"https:\/\/www.oarcanjo.net\/site\/sonhos-e-utopias-paulo-eduardo\/\" \/>\n<meta property=\"og:site_name\" content=\"O Arcanjo no ar\" \/>\n<meta property=\"article:publisher\" content=\"https:\/\/www.facebook.com\/OArcanjoNoAr\/\" \/>\n<meta property=\"article:published_time\" content=\"2013-01-27T10:11:08+00:00\" \/>\n<meta property=\"article:modified_time\" content=\"2013-01-27T15:02:59+00:00\" \/>\n<meta property=\"og:image\" content=\"https:\/\/www.oarcanjo.net\/site\/wp-content\/uploads\/logo-o-arcanjo-no-ar-facebook.png\" \/>\n\t<meta property=\"og:image:width\" content=\"300\" \/>\n\t<meta property=\"og:image:height\" content=\"300\" \/>\n\t<meta property=\"og:image:type\" content=\"image\/png\" \/>\n<meta name=\"author\" content=\"pe.geovane\" \/>\n<meta name=\"twitter:card\" content=\"summary_large_image\" \/>\n<meta name=\"twitter:label1\" content=\"Escrito por\" \/>\n\t<meta name=\"twitter:data1\" content=\"pe.geovane\" \/>\n\t<meta name=\"twitter:label2\" content=\"Est. tempo de leitura\" \/>\n\t<meta name=\"twitter:data2\" content=\"2 minutos\" \/>\n<script type=\"application\/ld+json\" class=\"yoast-schema-graph\">{\"@context\":\"https:\/\/schema.org\",\"@graph\":[{\"@type\":\"Article\",\"@id\":\"https:\/\/www.oarcanjo.net\/site\/sonhos-e-utopias-paulo-eduardo\/#article\",\"isPartOf\":{\"@id\":\"https:\/\/www.oarcanjo.net\/site\/sonhos-e-utopias-paulo-eduardo\/\"},\"author\":{\"name\":\"pe.geovane\",\"@id\":\"https:\/\/www.oarcanjo.net\/site\/#\/schema\/person\/58d7f78850a973b8e467c7ae4a7eb4ad\"},\"headline\":\"Sonhos e utopias &#8211; Paulo Eduardo\",\"datePublished\":\"2013-01-27T10:11:08+00:00\",\"dateModified\":\"2013-01-27T15:02:59+00:00\",\"mainEntityOfPage\":{\"@id\":\"https:\/\/www.oarcanjo.net\/site\/sonhos-e-utopias-paulo-eduardo\/\"},\"wordCount\":453,\"commentCount\":0,\"publisher\":{\"@id\":\"https:\/\/www.oarcanjo.net\/site\/#organization\"},\"articleSection\":[\"Testemunhos\"],\"inLanguage\":\"pt-BR\",\"potentialAction\":[{\"@type\":\"CommentAction\",\"name\":\"Comment\",\"target\":[\"https:\/\/www.oarcanjo.net\/site\/sonhos-e-utopias-paulo-eduardo\/#respond\"]}]},{\"@type\":\"WebPage\",\"@id\":\"https:\/\/www.oarcanjo.net\/site\/sonhos-e-utopias-paulo-eduardo\/\",\"url\":\"https:\/\/www.oarcanjo.net\/site\/sonhos-e-utopias-paulo-eduardo\/\",\"name\":\"Sonhos e utopias - Paulo Eduardo - O Arcanjo no ar\",\"isPartOf\":{\"@id\":\"https:\/\/www.oarcanjo.net\/site\/#website\"},\"datePublished\":\"2013-01-27T10:11:08+00:00\",\"dateModified\":\"2013-01-27T15:02:59+00:00\",\"breadcrumb\":{\"@id\":\"https:\/\/www.oarcanjo.net\/site\/sonhos-e-utopias-paulo-eduardo\/#breadcrumb\"},\"inLanguage\":\"pt-BR\",\"potentialAction\":[{\"@type\":\"ReadAction\",\"target\":[\"https:\/\/www.oarcanjo.net\/site\/sonhos-e-utopias-paulo-eduardo\/\"]}]},{\"@type\":\"BreadcrumbList\",\"@id\":\"https:\/\/www.oarcanjo.net\/site\/sonhos-e-utopias-paulo-eduardo\/#breadcrumb\",\"itemListElement\":[{\"@type\":\"ListItem\",\"position\":1,\"name\":\"In\u00edcio\",\"item\":\"https:\/\/www.oarcanjo.net\/site\/\"},{\"@type\":\"ListItem\",\"position\":2,\"name\":\"Sonhos e utopias &#8211; Paulo Eduardo\"}]},{\"@type\":\"WebSite\",\"@id\":\"https:\/\/www.oarcanjo.net\/site\/#website\",\"url\":\"https:\/\/www.oarcanjo.net\/site\/\",\"name\":\"O Arcanjo no ar\",\"description\":\"Site da Par\u00f3quia S\u00e3o Miguel Arcanjo (Arquidiocese de SP)\",\"publisher\":{\"@id\":\"https:\/\/www.oarcanjo.net\/site\/#organization\"},\"potentialAction\":[{\"@type\":\"SearchAction\",\"target\":{\"@type\":\"EntryPoint\",\"urlTemplate\":\"https:\/\/www.oarcanjo.net\/site\/?s={search_term_string}\"},\"query-input\":{\"@type\":\"PropertyValueSpecification\",\"valueRequired\":true,\"valueName\":\"search_term_string\"}}],\"inLanguage\":\"pt-BR\"},{\"@type\":\"Organization\",\"@id\":\"https:\/\/www.oarcanjo.net\/site\/#organization\",\"name\":\"Par\u00f3quia S\u00e3o Miguel Arcanjo\",\"url\":\"https:\/\/www.oarcanjo.net\/site\/\",\"logo\":{\"@type\":\"ImageObject\",\"inLanguage\":\"pt-BR\",\"@id\":\"https:\/\/www.oarcanjo.net\/site\/#\/schema\/logo\/image\/\",\"url\":\"https:\/\/www.oarcanjo.net\/site\/wp-content\/uploads\/LogoOArcanjo.png\",\"contentUrl\":\"https:\/\/www.oarcanjo.net\/site\/wp-content\/uploads\/LogoOArcanjo.png\",\"width\":319,\"height\":99,\"caption\":\"Par\u00f3quia S\u00e3o Miguel Arcanjo\"},\"image\":{\"@id\":\"https:\/\/www.oarcanjo.net\/site\/#\/schema\/logo\/image\/\"},\"sameAs\":[\"https:\/\/www.facebook.com\/OArcanjoNoAr\/\"]},{\"@type\":\"Person\",\"@id\":\"https:\/\/www.oarcanjo.net\/site\/#\/schema\/person\/58d7f78850a973b8e467c7ae4a7eb4ad\",\"name\":\"pe.geovane\"}]}<\/script>\n<!-- \/ Yoast SEO plugin. -->","yoast_head_json":{"title":"Sonhos e utopias - Paulo Eduardo - O Arcanjo no ar","robots":{"index":"index","follow":"follow","max-snippet":"max-snippet:-1","max-image-preview":"max-image-preview:large","max-video-preview":"max-video-preview:-1"},"canonical":"https:\/\/www.oarcanjo.net\/site\/sonhos-e-utopias-paulo-eduardo\/","og_locale":"pt_BR","og_type":"article","og_title":"Sonhos e utopias - Paulo Eduardo - O Arcanjo no ar","og_description":"Verdade inconteste como paradoxo dos sonhos e utopias dos tr\u00eas livros de autoria do padre Geovane Saraiva. Quanta ternura em escritos de reconhecimento a duas personalidades que marcaram a trajet\u00f3ria religiosa de pastores da sensibilidade. Padre Geovane tra\u00e7a o perfil ou corpo inteiro de dom Helder C\u00e2mara num despertar de consci\u00eancia a quem foi &#8220;Nascido [&hellip;]","og_url":"https:\/\/www.oarcanjo.net\/site\/sonhos-e-utopias-paulo-eduardo\/","og_site_name":"O Arcanjo no ar","article_publisher":"https:\/\/www.facebook.com\/OArcanjoNoAr\/","article_published_time":"2013-01-27T10:11:08+00:00","article_modified_time":"2013-01-27T15:02:59+00:00","og_image":[{"width":300,"height":300,"url":"https:\/\/www.oarcanjo.net\/site\/wp-content\/uploads\/logo-o-arcanjo-no-ar-facebook.png","type":"image\/png"}],"author":"pe.geovane","twitter_card":"summary_large_image","twitter_misc":{"Escrito por":"pe.geovane","Est. tempo de leitura":"2 minutos"},"schema":{"@context":"https:\/\/schema.org","@graph":[{"@type":"Article","@id":"https:\/\/www.oarcanjo.net\/site\/sonhos-e-utopias-paulo-eduardo\/#article","isPartOf":{"@id":"https:\/\/www.oarcanjo.net\/site\/sonhos-e-utopias-paulo-eduardo\/"},"author":{"name":"pe.geovane","@id":"https:\/\/www.oarcanjo.net\/site\/#\/schema\/person\/58d7f78850a973b8e467c7ae4a7eb4ad"},"headline":"Sonhos e utopias &#8211; Paulo Eduardo","datePublished":"2013-01-27T10:11:08+00:00","dateModified":"2013-01-27T15:02:59+00:00","mainEntityOfPage":{"@id":"https:\/\/www.oarcanjo.net\/site\/sonhos-e-utopias-paulo-eduardo\/"},"wordCount":453,"commentCount":0,"publisher":{"@id":"https:\/\/www.oarcanjo.net\/site\/#organization"},"articleSection":["Testemunhos"],"inLanguage":"pt-BR","potentialAction":[{"@type":"CommentAction","name":"Comment","target":["https:\/\/www.oarcanjo.net\/site\/sonhos-e-utopias-paulo-eduardo\/#respond"]}]},{"@type":"WebPage","@id":"https:\/\/www.oarcanjo.net\/site\/sonhos-e-utopias-paulo-eduardo\/","url":"https:\/\/www.oarcanjo.net\/site\/sonhos-e-utopias-paulo-eduardo\/","name":"Sonhos e utopias - Paulo Eduardo - O Arcanjo no ar","isPartOf":{"@id":"https:\/\/www.oarcanjo.net\/site\/#website"},"datePublished":"2013-01-27T10:11:08+00:00","dateModified":"2013-01-27T15:02:59+00:00","breadcrumb":{"@id":"https:\/\/www.oarcanjo.net\/site\/sonhos-e-utopias-paulo-eduardo\/#breadcrumb"},"inLanguage":"pt-BR","potentialAction":[{"@type":"ReadAction","target":["https:\/\/www.oarcanjo.net\/site\/sonhos-e-utopias-paulo-eduardo\/"]}]},{"@type":"BreadcrumbList","@id":"https:\/\/www.oarcanjo.net\/site\/sonhos-e-utopias-paulo-eduardo\/#breadcrumb","itemListElement":[{"@type":"ListItem","position":1,"name":"In\u00edcio","item":"https:\/\/www.oarcanjo.net\/site\/"},{"@type":"ListItem","position":2,"name":"Sonhos e utopias &#8211; Paulo Eduardo"}]},{"@type":"WebSite","@id":"https:\/\/www.oarcanjo.net\/site\/#website","url":"https:\/\/www.oarcanjo.net\/site\/","name":"O Arcanjo no ar","description":"Site da Par\u00f3quia S\u00e3o Miguel Arcanjo (Arquidiocese de SP)","publisher":{"@id":"https:\/\/www.oarcanjo.net\/site\/#organization"},"potentialAction":[{"@type":"SearchAction","target":{"@type":"EntryPoint","urlTemplate":"https:\/\/www.oarcanjo.net\/site\/?s={search_term_string}"},"query-input":{"@type":"PropertyValueSpecification","valueRequired":true,"valueName":"search_term_string"}}],"inLanguage":"pt-BR"},{"@type":"Organization","@id":"https:\/\/www.oarcanjo.net\/site\/#organization","name":"Par\u00f3quia S\u00e3o Miguel Arcanjo","url":"https:\/\/www.oarcanjo.net\/site\/","logo":{"@type":"ImageObject","inLanguage":"pt-BR","@id":"https:\/\/www.oarcanjo.net\/site\/#\/schema\/logo\/image\/","url":"https:\/\/www.oarcanjo.net\/site\/wp-content\/uploads\/LogoOArcanjo.png","contentUrl":"https:\/\/www.oarcanjo.net\/site\/wp-content\/uploads\/LogoOArcanjo.png","width":319,"height":99,"caption":"Par\u00f3quia S\u00e3o Miguel Arcanjo"},"image":{"@id":"https:\/\/www.oarcanjo.net\/site\/#\/schema\/logo\/image\/"},"sameAs":["https:\/\/www.facebook.com\/OArcanjoNoAr\/"]},{"@type":"Person","@id":"https:\/\/www.oarcanjo.net\/site\/#\/schema\/person\/58d7f78850a973b8e467c7ae4a7eb4ad","name":"pe.geovane"}]}},"publishpress_future_action":{"enabled":false,"date":"2026-05-08 00:46:04","action":"category","newStatus":"draft","terms":[],"taxonomy":"category"},"publishpress_future_workflow_manual_trigger":{"enabledWorkflows":[]},"_links":{"self":[{"href":"https:\/\/www.oarcanjo.net\/site\/wp-json\/wp\/v2\/posts\/20764"}],"collection":[{"href":"https:\/\/www.oarcanjo.net\/site\/wp-json\/wp\/v2\/posts"}],"about":[{"href":"https:\/\/www.oarcanjo.net\/site\/wp-json\/wp\/v2\/types\/post"}],"author":[{"embeddable":true,"href":"https:\/\/www.oarcanjo.net\/site\/wp-json\/wp\/v2\/users\/17"}],"replies":[{"embeddable":true,"href":"https:\/\/www.oarcanjo.net\/site\/wp-json\/wp\/v2\/comments?post=20764"}],"version-history":[{"count":0,"href":"https:\/\/www.oarcanjo.net\/site\/wp-json\/wp\/v2\/posts\/20764\/revisions"}],"wp:attachment":[{"href":"https:\/\/www.oarcanjo.net\/site\/wp-json\/wp\/v2\/media?parent=20764"}],"wp:term":[{"taxonomy":"category","embeddable":true,"href":"https:\/\/www.oarcanjo.net\/site\/wp-json\/wp\/v2\/categories?post=20764"},{"taxonomy":"post_tag","embeddable":true,"href":"https:\/\/www.oarcanjo.net\/site\/wp-json\/wp\/v2\/tags?post=20764"}],"curies":[{"name":"wp","href":"https:\/\/api.w.org\/{rel}","templated":true}]}}