
{"id":20837,"date":"2013-01-30T11:28:18","date_gmt":"2013-01-30T13:28:18","guid":{"rendered":"http:\/\/www.oarcanjo.net\/site\/?p=20837"},"modified":"2013-02-02T11:29:14","modified_gmt":"2013-02-02T13:29:14","slug":"sao-joao-bosco-educador-e-pai","status":"publish","type":"post","link":"https:\/\/www.oarcanjo.net\/site\/sao-joao-bosco-educador-e-pai\/","title":{"rendered":"S\u00e3o Jo\u00e3o Bosco, educador e pai"},"content":{"rendered":"<div>\n<div>\n<p>\u201cSem o rosto jovem a Igreja se apresentaria desfigurada&#8221;<br \/>\nBento XVI<\/p>\n<p>Padre Geovane Saraiva*<\/p>\n<p>Na Igreja tivemos a for\u00e7a de uma figura humana fascinada por Deus e suas criaturas, que exerceu tal fasc\u00ednio vendo Deus atrav\u00e9s juventude empobrecida do seu tempo. Trata-se do dom maravilhoso de S\u00e3o Jo\u00e3o Bosco, italiano de Turim (1815-1888), uma das pessoas mais populares da nossa civiliza\u00e7\u00e3o crist\u00e3. Seu grande e maior legado foi de se preocupar com a educa\u00e7\u00e3o integral dos jovens, num tempo em que essa por\u00e7\u00e3o da sociedade come\u00e7ava a ser profundamente atingida por perigos de toda natureza; quis ele ser ap\u00f3stolos dos jovens. Para bem desempenhar sua miss\u00e3o libertadora em favor dessa gente t\u00e3o querida por Deus, jamais lhe faltaram sabedoria e dons humanos e sobrenaturais. Jesus, o bom Pastor, iluminou sua intelig\u00eancia e a modelou, de modo que, foi levado a conhecer e a amar o Senhor, como t\u00e3o bem expressa o Salmo: \u201cFazei brilhar sobre n\u00f3s, Senhor, a luz da vossa face\u201d (Sl 4, 7).<\/p>\n<p>Ele pensava de ser sacerdote e sempre afirmava: &#8220;Quando crescer quero ser sacerdote para tomar conta dos meninos. Os meninos s\u00e3o bons; se h\u00e1 meninos maus \u00e9 porque n\u00e3o h\u00e1 quem cuide deles&#8221;. A Divina Provid\u00eancia atendeu os seus anseios. Em 1835 entrou para o semin\u00e1rio de Chieri, perto de Turim, It\u00e1lia.<\/p>\n<p>Ordenado Sacerdote no dia 05.06 1841, logo deu provas do seu zelo apost\u00f3lico. No dia 8 de dezembro do mesmo ano iniciou o seu apostolado juvenil em Turim, catequizando um humilde rapaz de nome Bartolomeu Garelli. \u00c9 a\u00ed que iniciou a origem de sua grande obra, que n\u00f3s a conhecemos como os orat\u00f3rios salesianos destinados aos jovens pobres, em tempos dif\u00edceis. Sua inten\u00e7\u00e3o era de ampar\u00e1-los, preservando-os da ignor\u00e2ncia religiosa e de todo tipo mal que os envolviam. Em 1846 estabeleceu-se definitivamente em Valdocco, bairro de Turim, onde fundou o Orat\u00f3rio de S\u00e3o Francisco de Sales.<\/p>\n<p>Ao orat\u00f3rio juntou uma escola profissional, depois um gin\u00e1sio, um internato etc. Em 1855 deu o nome de Salesianos aos seus colaboradores, fundando assim, em 1859, com os seus jovens salesianos a Sociedade ou Congrega\u00e7\u00e3o Salesiana, que para eles foi pai e guia no caminho da salva\u00e7\u00e3o, sempre pronto a prevenir em vez de reprimir. Criou ainda a Associa\u00e7\u00e3o dos Cooperadores Salesianos, como prod\u00edgio da provid\u00eancia divina. Podemos, evidentemente, contemplar todo trabalho de Dom Bosco como hino de louvor, com um poema de Deus Pai, que tem sua raz\u00e3o ser, na firmeza de sua f\u00e9, esperan\u00e7a e caridade.<\/p>\n<p>Amou em profundidade a criatura humana, com um carinho especial para com os jovens de seu tempo, a ponto de sensibiliz\u00e1-los atrav\u00e9s de seus pensamentos e frases, a saber: &#8220;Basta que sejam jovens para que eu vos ame\u201d. &#8220;Prometi a Deus que at\u00e9 meu \u00faltimo suspiro seria para os jovens.&#8221;, &#8220;O que somos \u00e9 presente de Deus; no que nos transformamos \u00e9 o nosso presente a Ele&#8221;, &#8220;Ganhai o cora\u00e7\u00e3o dos jovens por meio do amor&#8221;, &#8220;A m\u00fasica dos jovens se escuta com o cora\u00e7\u00e3o, n\u00e3o com os ouvidos\u201d.<\/p>\n<p>O m\u00e9todo educativo e apost\u00f3lico de Dom Bosco se inspirou num humanismo crist\u00e3o, buscando motiva\u00e7\u00f5es e energia nas fontes da sabedoria evang\u00e9lica, de partilhar em tudo a vida dos jovens; para isto concretizou seu desejo, abrindo escolas de alfabetiza\u00e7\u00e3o, artesanato, casas de hospedagem, ambiente de divers\u00e3o, com catequese e qualifica\u00e7\u00e3o profissional. E \u00e9 exatamente por isso que a Igreja reza: &#8220;\u00d3 Deus que suscitastes S\u00e3o Jo\u00e3o Bosco para educador e pai dos adolescentes, fazei que, inflamados da mesma caridade, procuremos a salva\u00e7\u00e3o de nossos irm\u00e3os\u201d (Missal Romano, pg. 546).<\/p>\n<p>O uso did\u00e1tico de suas frases e pensamentos, relacionados aos meninos pobres dos orat\u00f3rios, padres e irm\u00e3s, que se tornaram seus parceiros e colaboradores, foram de uma vitalidade tal, que o tornou um extraordin\u00e1rio benfeitor da humanidade. Embora os seus pensamentos sejam do s\u00e9culo XIX, os temos como atuais e profundamente carregados de sabedoria, demonstrando o imenso carinho que Dom Bosco nutriu pelos jovens. Tratando-os jamais como um problema, mas como uma solu\u00e7\u00e3o, tornando-se patrim\u00f4nio da humanidade, na sua larga vis\u00e3o do mundo, dentro de uma realidade desafiadora, olhando para o futuro.<\/p>\n<p>De estatura atl\u00e9tica, mem\u00f3ria descomunal, inclinado \u00e0 m\u00fasica e a arte, Dom Bosco tinha uma linguagem f\u00e1cil, esp\u00edrito de lideran\u00e7a, al\u00e9m de ser um escritor de rar\u00edssima qualidade.  O grande ap\u00f3stolo da juventude partiu para o c\u00e9u aos 31 de janeiro de 1888, na cidade de Turim, deixando indelevelmente sua marca espalhada por diversos pa\u00edses da Europa e da Am\u00e9rica. Sua vida e seu ideal perseguido foi o do amor ao pr\u00f3ximo, como costumava afirmar que Deus o chamou e o colocou no mundo, n\u00e3o para viver para si e sim para Ele, atrav\u00e9s do pr\u00f3ximo, vendo com os pr\u00f3prios olhos sua obra crescer e prosperar. Ele mesmo enviou seus filhos salesianos em 1883, para fundar o Col\u00e9gio Santa Rosa em Niter\u00f3i, primeira casa salesiana do Brasil, de ensino fundamental. A segunda casa dos filhos de Dom Bosco, foi em 1886, com a funda\u00e7\u00e3o do Liceu Cora\u00e7\u00e3o de Jesus, na cidade de S\u00e3o Paulo.<\/p>\n<p>Homem que marcou em profundidade uma \u00e9poca, at\u00e9 mesmo com vis\u00f5es e sonhos. Ele que viveu na It\u00e1lia, teve vis\u00f5es reveladoras, inclusive o grande sonho que viria a ser revelado, tornando-se realmente importante nas \u00faltimas decis\u00f5es de Juscelino Kubitschek, no que diz respeito \u00e0 constru\u00e7\u00e3o da Capital Federal no Planalto Central. No seu sonho, revelou que foi arrebatado pelos anjos, entre os paralelos 150 e 200 graus, onde havia uma enseada bastante extensa e larga, partindo de um ponto onde se formava um lago. Eis o sonho do Dom Bosco, verdade ou n\u00e3o, a cidade de Bras\u00edlia, tornou-se realidade.<\/p>\n<p>*Padre da Arquidiocese de Fortaleza, escritor, membro da Academia de Letras dos Munic\u00edpios do Estado Cear\u00e1 (ALMECE), da Academia Metropolitana de Letras de Fortaleza e vice-Presidente da Previd\u00eancia Sacerdotal<\/p>\n<p>Autor dos livros:<\/p>\n<ul>\n<li>\u201cO peregrino da Paz\u201d e \u201cNascido Para as Coisas Maiores\u201d (centen\u00e1rio de Dom Helder C\u00e2mara);<\/li>\n<li>\u201cA Ternura de um Pastor\u201d &#8211; 2\u00aa Edi\u00e7\u00e3o (homenagem ao Cardeal Lorscheider);<\/li>\n<li>\u201cA Esperan\u00e7a Tem Nome\u201d (espiritualidade e compromisso);<\/li>\n<li>&#8220;Dom Helder: sonhos e utopias&#8221; (o pastor dos empobrecidos).<\/li>\n<\/ul>\n<p>Postado por Par\u00f3quia de Santo Afonso<\/p>\n<p>&nbsp;<\/p>\n<\/div>\n<\/div>\n<div><\/div>\n<div id=\"themify_builder_content-20837\" data-postid=\"20837\" class=\"themify_builder_content themify_builder_content-20837 themify_builder themify_builder_front\">\n\t<\/div>\n<!-- \/themify_builder_content -->","protected":false},"excerpt":{"rendered":"<p>\u201cSem o rosto jovem a Igreja se apresentaria desfigurada&#8221; Bento XVI Padre Geovane Saraiva* Na Igreja tivemos a for\u00e7a de uma figura humana fascinada por Deus e suas criaturas, que exerceu tal fasc\u00ednio vendo Deus atrav\u00e9s juventude empobrecida do seu tempo. Trata-se do dom maravilhoso de S\u00e3o Jo\u00e3o Bosco, italiano de Turim (1815-1888), uma das [&hellip;]<\/p>\n","protected":false},"author":17,"featured_media":0,"comment_status":"open","ping_status":"open","sticky":false,"template":"","format":"standard","meta":{"ngg_post_thumbnail":0,"footnotes":""},"categories":[186],"tags":[],"yoast_head":"<!-- This site is optimized with the Yoast SEO plugin v23.5 - https:\/\/yoast.com\/wordpress\/plugins\/seo\/ -->\n<title>S\u00e3o Jo\u00e3o Bosco, educador e pai - O Arcanjo no ar<\/title>\n<meta name=\"robots\" content=\"index, follow, max-snippet:-1, max-image-preview:large, max-video-preview:-1\" \/>\n<link rel=\"canonical\" href=\"https:\/\/www.oarcanjo.net\/site\/sao-joao-bosco-educador-e-pai\/\" \/>\n<meta property=\"og:locale\" content=\"pt_BR\" \/>\n<meta property=\"og:type\" content=\"article\" \/>\n<meta property=\"og:title\" content=\"S\u00e3o Jo\u00e3o Bosco, educador e pai - O Arcanjo no ar\" \/>\n<meta property=\"og:description\" content=\"\u201cSem o rosto jovem a Igreja se apresentaria desfigurada&#8221; Bento XVI Padre Geovane Saraiva* Na Igreja tivemos a for\u00e7a de uma figura humana fascinada por Deus e suas criaturas, que exerceu tal fasc\u00ednio vendo Deus atrav\u00e9s juventude empobrecida do seu tempo. Trata-se do dom maravilhoso de S\u00e3o Jo\u00e3o Bosco, italiano de Turim (1815-1888), uma das [&hellip;]\" \/>\n<meta property=\"og:url\" content=\"https:\/\/www.oarcanjo.net\/site\/sao-joao-bosco-educador-e-pai\/\" \/>\n<meta property=\"og:site_name\" content=\"O Arcanjo no ar\" \/>\n<meta property=\"article:publisher\" content=\"https:\/\/www.facebook.com\/OArcanjoNoAr\/\" \/>\n<meta property=\"article:published_time\" content=\"2013-01-30T13:28:18+00:00\" \/>\n<meta property=\"article:modified_time\" content=\"2013-02-02T13:29:14+00:00\" \/>\n<meta property=\"og:image\" content=\"https:\/\/www.oarcanjo.net\/site\/wp-content\/uploads\/logo-o-arcanjo-no-ar-facebook.png\" \/>\n\t<meta property=\"og:image:width\" content=\"300\" \/>\n\t<meta property=\"og:image:height\" content=\"300\" \/>\n\t<meta property=\"og:image:type\" content=\"image\/png\" \/>\n<meta name=\"author\" content=\"pe.geovane\" \/>\n<meta name=\"twitter:card\" content=\"summary_large_image\" \/>\n<meta name=\"twitter:label1\" content=\"Escrito por\" \/>\n\t<meta name=\"twitter:data1\" content=\"pe.geovane\" \/>\n\t<meta name=\"twitter:label2\" content=\"Est. tempo de leitura\" \/>\n\t<meta name=\"twitter:data2\" content=\"5 minutos\" \/>\n<script type=\"application\/ld+json\" class=\"yoast-schema-graph\">{\"@context\":\"https:\/\/schema.org\",\"@graph\":[{\"@type\":\"Article\",\"@id\":\"https:\/\/www.oarcanjo.net\/site\/sao-joao-bosco-educador-e-pai\/#article\",\"isPartOf\":{\"@id\":\"https:\/\/www.oarcanjo.net\/site\/sao-joao-bosco-educador-e-pai\/\"},\"author\":{\"name\":\"pe.geovane\",\"@id\":\"https:\/\/www.oarcanjo.net\/site\/#\/schema\/person\/58d7f78850a973b8e467c7ae4a7eb4ad\"},\"headline\":\"S\u00e3o Jo\u00e3o Bosco, educador e pai\",\"datePublished\":\"2013-01-30T13:28:18+00:00\",\"dateModified\":\"2013-02-02T13:29:14+00:00\",\"mainEntityOfPage\":{\"@id\":\"https:\/\/www.oarcanjo.net\/site\/sao-joao-bosco-educador-e-pai\/\"},\"wordCount\":1099,\"commentCount\":0,\"publisher\":{\"@id\":\"https:\/\/www.oarcanjo.net\/site\/#organization\"},\"articleSection\":[\"Testemunhos\"],\"inLanguage\":\"pt-BR\",\"potentialAction\":[{\"@type\":\"CommentAction\",\"name\":\"Comment\",\"target\":[\"https:\/\/www.oarcanjo.net\/site\/sao-joao-bosco-educador-e-pai\/#respond\"]}]},{\"@type\":\"WebPage\",\"@id\":\"https:\/\/www.oarcanjo.net\/site\/sao-joao-bosco-educador-e-pai\/\",\"url\":\"https:\/\/www.oarcanjo.net\/site\/sao-joao-bosco-educador-e-pai\/\",\"name\":\"S\u00e3o Jo\u00e3o Bosco, educador e pai - O Arcanjo no ar\",\"isPartOf\":{\"@id\":\"https:\/\/www.oarcanjo.net\/site\/#website\"},\"datePublished\":\"2013-01-30T13:28:18+00:00\",\"dateModified\":\"2013-02-02T13:29:14+00:00\",\"breadcrumb\":{\"@id\":\"https:\/\/www.oarcanjo.net\/site\/sao-joao-bosco-educador-e-pai\/#breadcrumb\"},\"inLanguage\":\"pt-BR\",\"potentialAction\":[{\"@type\":\"ReadAction\",\"target\":[\"https:\/\/www.oarcanjo.net\/site\/sao-joao-bosco-educador-e-pai\/\"]}]},{\"@type\":\"BreadcrumbList\",\"@id\":\"https:\/\/www.oarcanjo.net\/site\/sao-joao-bosco-educador-e-pai\/#breadcrumb\",\"itemListElement\":[{\"@type\":\"ListItem\",\"position\":1,\"name\":\"In\u00edcio\",\"item\":\"https:\/\/www.oarcanjo.net\/site\/\"},{\"@type\":\"ListItem\",\"position\":2,\"name\":\"S\u00e3o Jo\u00e3o Bosco, educador e pai\"}]},{\"@type\":\"WebSite\",\"@id\":\"https:\/\/www.oarcanjo.net\/site\/#website\",\"url\":\"https:\/\/www.oarcanjo.net\/site\/\",\"name\":\"O Arcanjo no ar\",\"description\":\"Site da Par\u00f3quia S\u00e3o Miguel Arcanjo (Arquidiocese de SP)\",\"publisher\":{\"@id\":\"https:\/\/www.oarcanjo.net\/site\/#organization\"},\"potentialAction\":[{\"@type\":\"SearchAction\",\"target\":{\"@type\":\"EntryPoint\",\"urlTemplate\":\"https:\/\/www.oarcanjo.net\/site\/?s={search_term_string}\"},\"query-input\":{\"@type\":\"PropertyValueSpecification\",\"valueRequired\":true,\"valueName\":\"search_term_string\"}}],\"inLanguage\":\"pt-BR\"},{\"@type\":\"Organization\",\"@id\":\"https:\/\/www.oarcanjo.net\/site\/#organization\",\"name\":\"Par\u00f3quia S\u00e3o Miguel Arcanjo\",\"url\":\"https:\/\/www.oarcanjo.net\/site\/\",\"logo\":{\"@type\":\"ImageObject\",\"inLanguage\":\"pt-BR\",\"@id\":\"https:\/\/www.oarcanjo.net\/site\/#\/schema\/logo\/image\/\",\"url\":\"https:\/\/www.oarcanjo.net\/site\/wp-content\/uploads\/LogoOArcanjo.png\",\"contentUrl\":\"https:\/\/www.oarcanjo.net\/site\/wp-content\/uploads\/LogoOArcanjo.png\",\"width\":319,\"height\":99,\"caption\":\"Par\u00f3quia S\u00e3o Miguel Arcanjo\"},\"image\":{\"@id\":\"https:\/\/www.oarcanjo.net\/site\/#\/schema\/logo\/image\/\"},\"sameAs\":[\"https:\/\/www.facebook.com\/OArcanjoNoAr\/\"]},{\"@type\":\"Person\",\"@id\":\"https:\/\/www.oarcanjo.net\/site\/#\/schema\/person\/58d7f78850a973b8e467c7ae4a7eb4ad\",\"name\":\"pe.geovane\"}]}<\/script>\n<!-- \/ Yoast SEO plugin. -->","yoast_head_json":{"title":"S\u00e3o Jo\u00e3o Bosco, educador e pai - O Arcanjo no ar","robots":{"index":"index","follow":"follow","max-snippet":"max-snippet:-1","max-image-preview":"max-image-preview:large","max-video-preview":"max-video-preview:-1"},"canonical":"https:\/\/www.oarcanjo.net\/site\/sao-joao-bosco-educador-e-pai\/","og_locale":"pt_BR","og_type":"article","og_title":"S\u00e3o Jo\u00e3o Bosco, educador e pai - O Arcanjo no ar","og_description":"\u201cSem o rosto jovem a Igreja se apresentaria desfigurada&#8221; Bento XVI Padre Geovane Saraiva* Na Igreja tivemos a for\u00e7a de uma figura humana fascinada por Deus e suas criaturas, que exerceu tal fasc\u00ednio vendo Deus atrav\u00e9s juventude empobrecida do seu tempo. Trata-se do dom maravilhoso de S\u00e3o Jo\u00e3o Bosco, italiano de Turim (1815-1888), uma das [&hellip;]","og_url":"https:\/\/www.oarcanjo.net\/site\/sao-joao-bosco-educador-e-pai\/","og_site_name":"O Arcanjo no ar","article_publisher":"https:\/\/www.facebook.com\/OArcanjoNoAr\/","article_published_time":"2013-01-30T13:28:18+00:00","article_modified_time":"2013-02-02T13:29:14+00:00","og_image":[{"width":300,"height":300,"url":"https:\/\/www.oarcanjo.net\/site\/wp-content\/uploads\/logo-o-arcanjo-no-ar-facebook.png","type":"image\/png"}],"author":"pe.geovane","twitter_card":"summary_large_image","twitter_misc":{"Escrito por":"pe.geovane","Est. tempo de leitura":"5 minutos"},"schema":{"@context":"https:\/\/schema.org","@graph":[{"@type":"Article","@id":"https:\/\/www.oarcanjo.net\/site\/sao-joao-bosco-educador-e-pai\/#article","isPartOf":{"@id":"https:\/\/www.oarcanjo.net\/site\/sao-joao-bosco-educador-e-pai\/"},"author":{"name":"pe.geovane","@id":"https:\/\/www.oarcanjo.net\/site\/#\/schema\/person\/58d7f78850a973b8e467c7ae4a7eb4ad"},"headline":"S\u00e3o Jo\u00e3o Bosco, educador e pai","datePublished":"2013-01-30T13:28:18+00:00","dateModified":"2013-02-02T13:29:14+00:00","mainEntityOfPage":{"@id":"https:\/\/www.oarcanjo.net\/site\/sao-joao-bosco-educador-e-pai\/"},"wordCount":1099,"commentCount":0,"publisher":{"@id":"https:\/\/www.oarcanjo.net\/site\/#organization"},"articleSection":["Testemunhos"],"inLanguage":"pt-BR","potentialAction":[{"@type":"CommentAction","name":"Comment","target":["https:\/\/www.oarcanjo.net\/site\/sao-joao-bosco-educador-e-pai\/#respond"]}]},{"@type":"WebPage","@id":"https:\/\/www.oarcanjo.net\/site\/sao-joao-bosco-educador-e-pai\/","url":"https:\/\/www.oarcanjo.net\/site\/sao-joao-bosco-educador-e-pai\/","name":"S\u00e3o Jo\u00e3o Bosco, educador e pai - O Arcanjo no ar","isPartOf":{"@id":"https:\/\/www.oarcanjo.net\/site\/#website"},"datePublished":"2013-01-30T13:28:18+00:00","dateModified":"2013-02-02T13:29:14+00:00","breadcrumb":{"@id":"https:\/\/www.oarcanjo.net\/site\/sao-joao-bosco-educador-e-pai\/#breadcrumb"},"inLanguage":"pt-BR","potentialAction":[{"@type":"ReadAction","target":["https:\/\/www.oarcanjo.net\/site\/sao-joao-bosco-educador-e-pai\/"]}]},{"@type":"BreadcrumbList","@id":"https:\/\/www.oarcanjo.net\/site\/sao-joao-bosco-educador-e-pai\/#breadcrumb","itemListElement":[{"@type":"ListItem","position":1,"name":"In\u00edcio","item":"https:\/\/www.oarcanjo.net\/site\/"},{"@type":"ListItem","position":2,"name":"S\u00e3o Jo\u00e3o Bosco, educador e pai"}]},{"@type":"WebSite","@id":"https:\/\/www.oarcanjo.net\/site\/#website","url":"https:\/\/www.oarcanjo.net\/site\/","name":"O Arcanjo no ar","description":"Site da Par\u00f3quia S\u00e3o Miguel Arcanjo (Arquidiocese de SP)","publisher":{"@id":"https:\/\/www.oarcanjo.net\/site\/#organization"},"potentialAction":[{"@type":"SearchAction","target":{"@type":"EntryPoint","urlTemplate":"https:\/\/www.oarcanjo.net\/site\/?s={search_term_string}"},"query-input":{"@type":"PropertyValueSpecification","valueRequired":true,"valueName":"search_term_string"}}],"inLanguage":"pt-BR"},{"@type":"Organization","@id":"https:\/\/www.oarcanjo.net\/site\/#organization","name":"Par\u00f3quia S\u00e3o Miguel Arcanjo","url":"https:\/\/www.oarcanjo.net\/site\/","logo":{"@type":"ImageObject","inLanguage":"pt-BR","@id":"https:\/\/www.oarcanjo.net\/site\/#\/schema\/logo\/image\/","url":"https:\/\/www.oarcanjo.net\/site\/wp-content\/uploads\/LogoOArcanjo.png","contentUrl":"https:\/\/www.oarcanjo.net\/site\/wp-content\/uploads\/LogoOArcanjo.png","width":319,"height":99,"caption":"Par\u00f3quia S\u00e3o Miguel Arcanjo"},"image":{"@id":"https:\/\/www.oarcanjo.net\/site\/#\/schema\/logo\/image\/"},"sameAs":["https:\/\/www.facebook.com\/OArcanjoNoAr\/"]},{"@type":"Person","@id":"https:\/\/www.oarcanjo.net\/site\/#\/schema\/person\/58d7f78850a973b8e467c7ae4a7eb4ad","name":"pe.geovane"}]}},"publishpress_future_action":{"enabled":false,"date":"2026-05-08 02:07:15","action":"category","newStatus":"draft","terms":[],"taxonomy":"category"},"publishpress_future_workflow_manual_trigger":{"enabledWorkflows":[]},"_links":{"self":[{"href":"https:\/\/www.oarcanjo.net\/site\/wp-json\/wp\/v2\/posts\/20837"}],"collection":[{"href":"https:\/\/www.oarcanjo.net\/site\/wp-json\/wp\/v2\/posts"}],"about":[{"href":"https:\/\/www.oarcanjo.net\/site\/wp-json\/wp\/v2\/types\/post"}],"author":[{"embeddable":true,"href":"https:\/\/www.oarcanjo.net\/site\/wp-json\/wp\/v2\/users\/17"}],"replies":[{"embeddable":true,"href":"https:\/\/www.oarcanjo.net\/site\/wp-json\/wp\/v2\/comments?post=20837"}],"version-history":[{"count":0,"href":"https:\/\/www.oarcanjo.net\/site\/wp-json\/wp\/v2\/posts\/20837\/revisions"}],"wp:attachment":[{"href":"https:\/\/www.oarcanjo.net\/site\/wp-json\/wp\/v2\/media?parent=20837"}],"wp:term":[{"taxonomy":"category","embeddable":true,"href":"https:\/\/www.oarcanjo.net\/site\/wp-json\/wp\/v2\/categories?post=20837"},{"taxonomy":"post_tag","embeddable":true,"href":"https:\/\/www.oarcanjo.net\/site\/wp-json\/wp\/v2\/tags?post=20837"}],"curies":[{"name":"wp","href":"https:\/\/api.w.org\/{rel}","templated":true}]}}