
{"id":20848,"date":"2013-02-02T11:27:10","date_gmt":"2013-02-02T13:27:10","guid":{"rendered":"http:\/\/www.oarcanjo.net\/site\/?p=20848"},"modified":"2013-02-02T11:27:10","modified_gmt":"2013-02-02T13:27:10","slug":"dom-helder-chorava-ao-celebrar-a-missa","status":"publish","type":"post","link":"https:\/\/www.oarcanjo.net\/site\/dom-helder-chorava-ao-celebrar-a-missa\/","title":{"rendered":"Dom Helder chorava ao celebrar a missa"},"content":{"rendered":"<p>Padre Geovane Saraiva*<\/p>\n<p>O Brasil e o mundo conheceram um Dom Helder porta-voz dos injusti\u00e7ados e dos empobrecidos, nas suas posi\u00e7\u00f5es em favor de um mundo fraterno e solid\u00e1rio e de uma Igreja pobre e servidora. Conhecemos um Dom Helder respeitoso das pessoas e cheio de amor para com os sofredores. Um Dom Helder totalmente identificado com o povo, que neste 07 de fevereiro celebramos sua vida, nascido h\u00e1 104 anos, na nossa cidade de Fortaleza.<\/p>\n<p>Colocamos na patena a vida do m\u00edstico, Dom Helder C\u00e2mara, profundamente apaixonado pelo Criador e Pai. O padre Salesiano, Jo\u00e3o Carlos Ribeiro, afirmou no pref\u00e1cio do livro, Sonhos e Utopias, do Padre Geovane Saraiva: \u201cHavia tanta emo\u00e7\u00e3o nas palavras da consagra\u00e7\u00e3o que o vimos muitas vezes chorando ao celebrar a Missa. E sempre repetia com toda convic\u00e7\u00e3o que o verdadeiro celebrante da Missa \u00e9 Nosso Senhor Jesus Cristo\u201d.<\/p>\n<p>Recordamos um Dom Helder, pastor da paz e da ternura, que se sentia honrado quando seus inimigos o acusavam de ut\u00f3pico e sonhador, porque se aproximava do \u201ccavaleiro andante\u201d, dizendo-lhes com muita seguran\u00e7a e convic\u00e7\u00e3o: \u201cComparar-me a Dom Quixote, est\u00e1 longe de ser uma nota depreciativa\u201d.  E acrescentava-lhes: \u201cAi do mundo se n\u00e3o fosse a utopia, ai do mundo se n\u00e3o fosse os sonhadores\u201d.<\/p>\n<p>Como \u00e9 maravilhoso, no dia do seu anivers\u00e1rio de nascimento recordar alguns dos seus in\u00fameros pensamentos: &#8220;Mesmo que a maior ang\u00fastia te visite e acompanhe, n\u00e3o te deixes que ela reflita em teu rosto&#8221;; &#8220;O mundo agitado e triste precisa que leves contigo tua paz e tua alegria&#8221;; &#8220;Feliz de quem entende que \u00e9 preciso mudar muito para ser sempre o mesmo&#8221;; &#8220;Feliz de quem atravessa a vida tendo mil raz\u00f5es para viver&#8221;; &#8220;Tenho pena, Senhor, dos sem abrigo, e mais pena ainda dos instalados, dos enraizados, que fizeram da terra morada permanente&#8221;.<\/p>\n<p>Contamos com sua presen\u00e7a, ao celebrarmos a mem\u00f3ria do pastor dos empobrecidos, numa compreens\u00e3o de que, para o mundo de hoje \u00e9 indispens\u00e1vel record\u00e1-lo como um referencial e uma figura exemplar.<\/p>\n<p>Dia 07 de fevereiro de 2013, na Par\u00f3quia de Santo Afonso (Igreja Redonda), \u00e0s 18 horas. Av. Jovita Feitosa, 2733 \u2013 Parquel\u00e2ndia &#8211; Fortaleza \u2013 CE.<\/p>\n<p>*Padre da Arquidiocese de Fortaleza, Escritor, Membro da Academia de Letras dos Munic\u00edpios do Estado Cear\u00e1 (ALMECE), da Academia Metropolitana de Letras de Fortaleza e vice-Presidente da Previd\u00eancia Sacerdotal<\/p>\n<p>P\u00e1roco de Santo Afonso<br \/>\n<a href=\"mailto:geovanesaraiva@gmail.com\">geovanesaraiva@gmail.com<\/a><\/p>\n<p>Autor dos livros:<\/p>\n<ul>\n<li>\u201cO peregrino da Paz\u201d e \u201cNascido Para as Coisas Maiores\u201d (centen\u00e1rio de Dom Helder C\u00e2mara);<\/li>\n<li>\u201cA Ternura de um Pastor\u201d &#8211; 2\u00aa Edi\u00e7\u00e3o (homenagem ao Cardeal Lorscheider);<\/li>\n<li>\u201cA Esperan\u00e7a Tem Nome\u201d (espiritualidade e compromisso);<\/li>\n<li>&#8220;Dom Helder: sonhos e utopias&#8221; (o pastor dos empobrecidos).<\/li>\n<\/ul>\n<p>Postado por Par\u00f3quia de Santo Afonso<\/p>\n<div id=\"themify_builder_content-20848\" data-postid=\"20848\" class=\"themify_builder_content themify_builder_content-20848 themify_builder themify_builder_front\">\n\t<\/div>\n<!-- \/themify_builder_content -->","protected":false},"excerpt":{"rendered":"<p>Padre Geovane Saraiva* O Brasil e o mundo conheceram um Dom Helder porta-voz dos injusti\u00e7ados e dos empobrecidos, nas suas posi\u00e7\u00f5es em favor de um mundo fraterno e solid\u00e1rio e de uma Igreja pobre e servidora. Conhecemos um Dom Helder respeitoso das pessoas e cheio de amor para com os sofredores. Um Dom Helder totalmente [&hellip;]<\/p>\n","protected":false},"author":17,"featured_media":0,"comment_status":"open","ping_status":"open","sticky":false,"template":"","format":"standard","meta":{"ngg_post_thumbnail":0,"footnotes":""},"categories":[192],"tags":[],"yoast_head":"<!-- This site is optimized with the Yoast SEO plugin v23.5 - https:\/\/yoast.com\/wordpress\/plugins\/seo\/ -->\n<title>Dom Helder chorava ao celebrar a missa - O Arcanjo no ar<\/title>\n<meta name=\"robots\" content=\"index, follow, max-snippet:-1, max-image-preview:large, max-video-preview:-1\" \/>\n<link rel=\"canonical\" href=\"https:\/\/www.oarcanjo.net\/site\/dom-helder-chorava-ao-celebrar-a-missa\/\" \/>\n<meta property=\"og:locale\" content=\"pt_BR\" \/>\n<meta property=\"og:type\" content=\"article\" \/>\n<meta property=\"og:title\" content=\"Dom Helder chorava ao celebrar a missa - O Arcanjo no ar\" \/>\n<meta property=\"og:description\" content=\"Padre Geovane Saraiva* O Brasil e o mundo conheceram um Dom Helder porta-voz dos injusti\u00e7ados e dos empobrecidos, nas suas posi\u00e7\u00f5es em favor de um mundo fraterno e solid\u00e1rio e de uma Igreja pobre e servidora. Conhecemos um Dom Helder respeitoso das pessoas e cheio de amor para com os sofredores. Um Dom Helder totalmente [&hellip;]\" \/>\n<meta property=\"og:url\" content=\"https:\/\/www.oarcanjo.net\/site\/dom-helder-chorava-ao-celebrar-a-missa\/\" \/>\n<meta property=\"og:site_name\" content=\"O Arcanjo no ar\" \/>\n<meta property=\"article:publisher\" content=\"https:\/\/www.facebook.com\/OArcanjoNoAr\/\" \/>\n<meta property=\"article:published_time\" content=\"2013-02-02T13:27:10+00:00\" \/>\n<meta property=\"og:image\" content=\"https:\/\/www.oarcanjo.net\/site\/wp-content\/uploads\/logo-o-arcanjo-no-ar-facebook.png\" \/>\n\t<meta property=\"og:image:width\" content=\"300\" \/>\n\t<meta property=\"og:image:height\" content=\"300\" \/>\n\t<meta property=\"og:image:type\" content=\"image\/png\" \/>\n<meta name=\"author\" content=\"pe.geovane\" \/>\n<meta name=\"twitter:card\" content=\"summary_large_image\" \/>\n<meta name=\"twitter:label1\" content=\"Escrito por\" \/>\n\t<meta name=\"twitter:data1\" content=\"pe.geovane\" \/>\n\t<meta name=\"twitter:label2\" content=\"Est. tempo de leitura\" \/>\n\t<meta name=\"twitter:data2\" content=\"2 minutos\" \/>\n<script type=\"application\/ld+json\" class=\"yoast-schema-graph\">{\"@context\":\"https:\/\/schema.org\",\"@graph\":[{\"@type\":\"Article\",\"@id\":\"https:\/\/www.oarcanjo.net\/site\/dom-helder-chorava-ao-celebrar-a-missa\/#article\",\"isPartOf\":{\"@id\":\"https:\/\/www.oarcanjo.net\/site\/dom-helder-chorava-ao-celebrar-a-missa\/\"},\"author\":{\"name\":\"pe.geovane\",\"@id\":\"https:\/\/www.oarcanjo.net\/site\/#\/schema\/person\/58d7f78850a973b8e467c7ae4a7eb4ad\"},\"headline\":\"Dom Helder chorava ao celebrar a missa\",\"datePublished\":\"2013-02-02T13:27:10+00:00\",\"dateModified\":\"2013-02-02T13:27:10+00:00\",\"mainEntityOfPage\":{\"@id\":\"https:\/\/www.oarcanjo.net\/site\/dom-helder-chorava-ao-celebrar-a-missa\/\"},\"wordCount\":475,\"commentCount\":0,\"publisher\":{\"@id\":\"https:\/\/www.oarcanjo.net\/site\/#organization\"},\"articleSection\":[\"D. Helder C\u00e2mara\"],\"inLanguage\":\"pt-BR\",\"potentialAction\":[{\"@type\":\"CommentAction\",\"name\":\"Comment\",\"target\":[\"https:\/\/www.oarcanjo.net\/site\/dom-helder-chorava-ao-celebrar-a-missa\/#respond\"]}]},{\"@type\":\"WebPage\",\"@id\":\"https:\/\/www.oarcanjo.net\/site\/dom-helder-chorava-ao-celebrar-a-missa\/\",\"url\":\"https:\/\/www.oarcanjo.net\/site\/dom-helder-chorava-ao-celebrar-a-missa\/\",\"name\":\"Dom Helder chorava ao celebrar a missa - O Arcanjo no ar\",\"isPartOf\":{\"@id\":\"https:\/\/www.oarcanjo.net\/site\/#website\"},\"datePublished\":\"2013-02-02T13:27:10+00:00\",\"dateModified\":\"2013-02-02T13:27:10+00:00\",\"breadcrumb\":{\"@id\":\"https:\/\/www.oarcanjo.net\/site\/dom-helder-chorava-ao-celebrar-a-missa\/#breadcrumb\"},\"inLanguage\":\"pt-BR\",\"potentialAction\":[{\"@type\":\"ReadAction\",\"target\":[\"https:\/\/www.oarcanjo.net\/site\/dom-helder-chorava-ao-celebrar-a-missa\/\"]}]},{\"@type\":\"BreadcrumbList\",\"@id\":\"https:\/\/www.oarcanjo.net\/site\/dom-helder-chorava-ao-celebrar-a-missa\/#breadcrumb\",\"itemListElement\":[{\"@type\":\"ListItem\",\"position\":1,\"name\":\"In\u00edcio\",\"item\":\"https:\/\/www.oarcanjo.net\/site\/\"},{\"@type\":\"ListItem\",\"position\":2,\"name\":\"Dom Helder chorava ao celebrar a missa\"}]},{\"@type\":\"WebSite\",\"@id\":\"https:\/\/www.oarcanjo.net\/site\/#website\",\"url\":\"https:\/\/www.oarcanjo.net\/site\/\",\"name\":\"O Arcanjo no ar\",\"description\":\"Site da Par\u00f3quia S\u00e3o Miguel Arcanjo (Arquidiocese de SP)\",\"publisher\":{\"@id\":\"https:\/\/www.oarcanjo.net\/site\/#organization\"},\"potentialAction\":[{\"@type\":\"SearchAction\",\"target\":{\"@type\":\"EntryPoint\",\"urlTemplate\":\"https:\/\/www.oarcanjo.net\/site\/?s={search_term_string}\"},\"query-input\":{\"@type\":\"PropertyValueSpecification\",\"valueRequired\":true,\"valueName\":\"search_term_string\"}}],\"inLanguage\":\"pt-BR\"},{\"@type\":\"Organization\",\"@id\":\"https:\/\/www.oarcanjo.net\/site\/#organization\",\"name\":\"Par\u00f3quia S\u00e3o Miguel Arcanjo\",\"url\":\"https:\/\/www.oarcanjo.net\/site\/\",\"logo\":{\"@type\":\"ImageObject\",\"inLanguage\":\"pt-BR\",\"@id\":\"https:\/\/www.oarcanjo.net\/site\/#\/schema\/logo\/image\/\",\"url\":\"https:\/\/www.oarcanjo.net\/site\/wp-content\/uploads\/LogoOArcanjo.png\",\"contentUrl\":\"https:\/\/www.oarcanjo.net\/site\/wp-content\/uploads\/LogoOArcanjo.png\",\"width\":319,\"height\":99,\"caption\":\"Par\u00f3quia S\u00e3o Miguel Arcanjo\"},\"image\":{\"@id\":\"https:\/\/www.oarcanjo.net\/site\/#\/schema\/logo\/image\/\"},\"sameAs\":[\"https:\/\/www.facebook.com\/OArcanjoNoAr\/\"]},{\"@type\":\"Person\",\"@id\":\"https:\/\/www.oarcanjo.net\/site\/#\/schema\/person\/58d7f78850a973b8e467c7ae4a7eb4ad\",\"name\":\"pe.geovane\"}]}<\/script>\n<!-- \/ Yoast SEO plugin. -->","yoast_head_json":{"title":"Dom Helder chorava ao celebrar a missa - O Arcanjo no ar","robots":{"index":"index","follow":"follow","max-snippet":"max-snippet:-1","max-image-preview":"max-image-preview:large","max-video-preview":"max-video-preview:-1"},"canonical":"https:\/\/www.oarcanjo.net\/site\/dom-helder-chorava-ao-celebrar-a-missa\/","og_locale":"pt_BR","og_type":"article","og_title":"Dom Helder chorava ao celebrar a missa - O Arcanjo no ar","og_description":"Padre Geovane Saraiva* O Brasil e o mundo conheceram um Dom Helder porta-voz dos injusti\u00e7ados e dos empobrecidos, nas suas posi\u00e7\u00f5es em favor de um mundo fraterno e solid\u00e1rio e de uma Igreja pobre e servidora. Conhecemos um Dom Helder respeitoso das pessoas e cheio de amor para com os sofredores. Um Dom Helder totalmente [&hellip;]","og_url":"https:\/\/www.oarcanjo.net\/site\/dom-helder-chorava-ao-celebrar-a-missa\/","og_site_name":"O Arcanjo no ar","article_publisher":"https:\/\/www.facebook.com\/OArcanjoNoAr\/","article_published_time":"2013-02-02T13:27:10+00:00","og_image":[{"width":300,"height":300,"url":"https:\/\/www.oarcanjo.net\/site\/wp-content\/uploads\/logo-o-arcanjo-no-ar-facebook.png","type":"image\/png"}],"author":"pe.geovane","twitter_card":"summary_large_image","twitter_misc":{"Escrito por":"pe.geovane","Est. tempo de leitura":"2 minutos"},"schema":{"@context":"https:\/\/schema.org","@graph":[{"@type":"Article","@id":"https:\/\/www.oarcanjo.net\/site\/dom-helder-chorava-ao-celebrar-a-missa\/#article","isPartOf":{"@id":"https:\/\/www.oarcanjo.net\/site\/dom-helder-chorava-ao-celebrar-a-missa\/"},"author":{"name":"pe.geovane","@id":"https:\/\/www.oarcanjo.net\/site\/#\/schema\/person\/58d7f78850a973b8e467c7ae4a7eb4ad"},"headline":"Dom Helder chorava ao celebrar a missa","datePublished":"2013-02-02T13:27:10+00:00","dateModified":"2013-02-02T13:27:10+00:00","mainEntityOfPage":{"@id":"https:\/\/www.oarcanjo.net\/site\/dom-helder-chorava-ao-celebrar-a-missa\/"},"wordCount":475,"commentCount":0,"publisher":{"@id":"https:\/\/www.oarcanjo.net\/site\/#organization"},"articleSection":["D. Helder C\u00e2mara"],"inLanguage":"pt-BR","potentialAction":[{"@type":"CommentAction","name":"Comment","target":["https:\/\/www.oarcanjo.net\/site\/dom-helder-chorava-ao-celebrar-a-missa\/#respond"]}]},{"@type":"WebPage","@id":"https:\/\/www.oarcanjo.net\/site\/dom-helder-chorava-ao-celebrar-a-missa\/","url":"https:\/\/www.oarcanjo.net\/site\/dom-helder-chorava-ao-celebrar-a-missa\/","name":"Dom Helder chorava ao celebrar a missa - O Arcanjo no ar","isPartOf":{"@id":"https:\/\/www.oarcanjo.net\/site\/#website"},"datePublished":"2013-02-02T13:27:10+00:00","dateModified":"2013-02-02T13:27:10+00:00","breadcrumb":{"@id":"https:\/\/www.oarcanjo.net\/site\/dom-helder-chorava-ao-celebrar-a-missa\/#breadcrumb"},"inLanguage":"pt-BR","potentialAction":[{"@type":"ReadAction","target":["https:\/\/www.oarcanjo.net\/site\/dom-helder-chorava-ao-celebrar-a-missa\/"]}]},{"@type":"BreadcrumbList","@id":"https:\/\/www.oarcanjo.net\/site\/dom-helder-chorava-ao-celebrar-a-missa\/#breadcrumb","itemListElement":[{"@type":"ListItem","position":1,"name":"In\u00edcio","item":"https:\/\/www.oarcanjo.net\/site\/"},{"@type":"ListItem","position":2,"name":"Dom Helder chorava ao celebrar a missa"}]},{"@type":"WebSite","@id":"https:\/\/www.oarcanjo.net\/site\/#website","url":"https:\/\/www.oarcanjo.net\/site\/","name":"O Arcanjo no ar","description":"Site da Par\u00f3quia S\u00e3o Miguel Arcanjo (Arquidiocese de SP)","publisher":{"@id":"https:\/\/www.oarcanjo.net\/site\/#organization"},"potentialAction":[{"@type":"SearchAction","target":{"@type":"EntryPoint","urlTemplate":"https:\/\/www.oarcanjo.net\/site\/?s={search_term_string}"},"query-input":{"@type":"PropertyValueSpecification","valueRequired":true,"valueName":"search_term_string"}}],"inLanguage":"pt-BR"},{"@type":"Organization","@id":"https:\/\/www.oarcanjo.net\/site\/#organization","name":"Par\u00f3quia S\u00e3o Miguel Arcanjo","url":"https:\/\/www.oarcanjo.net\/site\/","logo":{"@type":"ImageObject","inLanguage":"pt-BR","@id":"https:\/\/www.oarcanjo.net\/site\/#\/schema\/logo\/image\/","url":"https:\/\/www.oarcanjo.net\/site\/wp-content\/uploads\/LogoOArcanjo.png","contentUrl":"https:\/\/www.oarcanjo.net\/site\/wp-content\/uploads\/LogoOArcanjo.png","width":319,"height":99,"caption":"Par\u00f3quia S\u00e3o Miguel Arcanjo"},"image":{"@id":"https:\/\/www.oarcanjo.net\/site\/#\/schema\/logo\/image\/"},"sameAs":["https:\/\/www.facebook.com\/OArcanjoNoAr\/"]},{"@type":"Person","@id":"https:\/\/www.oarcanjo.net\/site\/#\/schema\/person\/58d7f78850a973b8e467c7ae4a7eb4ad","name":"pe.geovane"}]}},"publishpress_future_action":{"enabled":false,"date":"2026-05-06 21:07:08","action":"category","newStatus":"draft","terms":[],"taxonomy":"category"},"publishpress_future_workflow_manual_trigger":{"enabledWorkflows":[]},"_links":{"self":[{"href":"https:\/\/www.oarcanjo.net\/site\/wp-json\/wp\/v2\/posts\/20848"}],"collection":[{"href":"https:\/\/www.oarcanjo.net\/site\/wp-json\/wp\/v2\/posts"}],"about":[{"href":"https:\/\/www.oarcanjo.net\/site\/wp-json\/wp\/v2\/types\/post"}],"author":[{"embeddable":true,"href":"https:\/\/www.oarcanjo.net\/site\/wp-json\/wp\/v2\/users\/17"}],"replies":[{"embeddable":true,"href":"https:\/\/www.oarcanjo.net\/site\/wp-json\/wp\/v2\/comments?post=20848"}],"version-history":[{"count":0,"href":"https:\/\/www.oarcanjo.net\/site\/wp-json\/wp\/v2\/posts\/20848\/revisions"}],"wp:attachment":[{"href":"https:\/\/www.oarcanjo.net\/site\/wp-json\/wp\/v2\/media?parent=20848"}],"wp:term":[{"taxonomy":"category","embeddable":true,"href":"https:\/\/www.oarcanjo.net\/site\/wp-json\/wp\/v2\/categories?post=20848"},{"taxonomy":"post_tag","embeddable":true,"href":"https:\/\/www.oarcanjo.net\/site\/wp-json\/wp\/v2\/tags?post=20848"}],"curies":[{"name":"wp","href":"https:\/\/api.w.org\/{rel}","templated":true}]}}