
{"id":20868,"date":"2013-02-02T11:25:02","date_gmt":"2013-02-02T13:25:02","guid":{"rendered":"http:\/\/www.oarcanjo.net\/site\/?p=20868"},"modified":"2013-02-02T11:25:02","modified_gmt":"2013-02-02T13:25:02","slug":"a-tragedia-de-santa-maria","status":"publish","type":"post","link":"https:\/\/www.oarcanjo.net\/site\/a-tragedia-de-santa-maria\/","title":{"rendered":"A trag\u00e9dia de Santa Maria"},"content":{"rendered":"<p>Dom Dem\u00e9trio Valentini<\/p>\n<p>T\u00e3o f\u00e1cil n\u00e3o ser\u00e1 esquecida a cena que logo foi difundida pelo mundo. De um momento para outro, em quest\u00e3o de minutos, o que era uma festa alegre e descontra\u00edda, se tornou um desastre de consequ\u00eancias terr\u00edveis e inesperadas. Mais de duzentas pessoas acabaram morrendo subitamente, mal tendo tempo para se darem conta da fatalidade que se abatia de repente sobre elas.<\/p>\n<p>Perderam a vida, l\u00e1 onde tinham ido para comemor\u00e1-la. De repente, o que devia ser um ambiente seguro e prop\u00edcio para a alegria e o divertimento, se tornou uma terr\u00edvel armadilha, de onde foi dif\u00edcil escapar, mesmo para aqueles que conseguiram sair de suas garras.<\/p>\n<p>Diante de um fato tr\u00e1gico como este, que implicou a morte de centenas de pessoas, num primeiro momento nos invade o sentimento de impot\u00eancia, face a realidades que impiedosamente v\u00e3o ceifando pessoas, tirando-lhes o dom mais precioso, imprescind\u00edvel, e insubstitu\u00edvel, que \u00e9 a pr\u00f3pria vida.<\/p>\n<p>A difus\u00e3o da not\u00edcia foi suscitando um turbilh\u00e3o de sentimentos. Todos nos imaginamos como teria sido diferente se em tempo o inc\u00eandio pudesse ter sido evitado. Teria sido t\u00e3o f\u00e1cil agir com anteced\u00eancia, ficou t\u00e3o dif\u00edcil enfrentar as consequ\u00eancias.<\/p>\n<p>Esta constata\u00e7\u00e3o faz logo pensar na medida indispens\u00e1vel que precisa sempre ser tomada, de preven\u00e7\u00e3o adequada a ser feita, com a suficiente garantia e com medidas generosas, mesmo que pare\u00e7am exageradas quando vistas fora de nossas previs\u00f5es de acidentes inesperados que possam acontecer.<\/p>\n<p>Esse fato deixar\u00e1 certamente muitas li\u00e7\u00f5es pr\u00e1ticas, a serem tiradas por todos. De maneira especial pelas autoridades encarregadas de urgirem a seguran\u00e7a em qualquer ambiente de aglomera\u00e7\u00e3o humana.<\/p>\n<p>Mas antes de pensar nas provid\u00eancias que esta trag\u00e9dia vai certamente despertar, todos nos sentimos ainda envolvidos e solid\u00e1rios com as pessoas que mais de perto est\u00e3o agora experimentando a dureza deste drama que se abateu sobre elas, de maneira t\u00e3o terr\u00edvel e inesperada.<\/p>\n<p>Para os que morreram, podemos ter uma certeza iluminadora, seja qual for a forma que toma nossa f\u00e9 e nossa esperan\u00e7a. Com serenidade, para eles, podemos cultivar a certeza de que ter\u00e3o se encontrado com o Deus da vida, que os acolheu com miseric\u00f3rdia, ternura e bondade, fazendo com que passassem diretamente da festa nesta vida, para o banquete definitivo, mesmo que isto tenha acontecido em hora t\u00e3o inesperada.<\/p>\n<p>Esta certeza a respeito de todos os falecidos nesta trag\u00e9dia serve de principal conforto para os sobreviventes, seja os que estavam na festa e conseguiram sobreviver, seja para as fam\u00edlias, para os parentes e amigos dos falecidos.<\/p>\n<p>Assim mesmo, sabemos que a dor persiste e vai ser levada para a vida inteira. E diante desta dor humana, a melhor atitude \u00e9 o respeito, o sil\u00eancio, e a solidariedade com todos e cada um.<\/p>\n<p>S\u00e3o muitas as reflex\u00f5es que este triste acontecimento suscita. Ainda mais diante do fato de ter envolvido especialmente jovens, neste ano em que a Campanha da Fraternidade tem como tema a juventude, e como evento principal o encontro mundial do Papa com os jovens, aqui no Brasil.<\/p>\n<p>A seu tempo, estas reflex\u00f5es precisar\u00e3o ser bem recolhidas, para serem transformadas em li\u00e7\u00f5es de vida.<\/p>\n<p>Impressiona a constata\u00e7\u00e3o de que a grande maioria das v\u00edtimas deste inc\u00eandio, n\u00e3o morreu queimada. Morreu por inalar fuma\u00e7a t\u00f3xica produzida pelo fogo. Esta circunst\u00e2ncia \u00e9 carregada de simbolismo. Quando se queimam valores, se abandonam crit\u00e9rios \u00e9ticos, se esquecem recomenda\u00e7\u00f5es da prud\u00eancia e da sabedoria tradicional, o perigo mora nas consequ\u00eancias! Parece in\u00f3cuo prescindir destas refer\u00eancias. Mas, a seu tempo, o resultado se manifesta.<\/p>\n<p>\u00c9 urgente identificar onde mora na sociedade de hoje a fuma\u00e7a t\u00f3xica que ceifa vidas e impede sua realiza\u00e7\u00e3o plena. Que este triste epis\u00f3dio de Santa Maria sirva de alerta a todos.<\/p>\n<div id=\"themify_builder_content-20868\" data-postid=\"20868\" class=\"themify_builder_content themify_builder_content-20868 themify_builder themify_builder_front\">\n\t<\/div>\n<!-- \/themify_builder_content -->","protected":false},"excerpt":{"rendered":"<p>Dom Dem\u00e9trio Valentini T\u00e3o f\u00e1cil n\u00e3o ser\u00e1 esquecida a cena que logo foi difundida pelo mundo. De um momento para outro, em quest\u00e3o de minutos, o que era uma festa alegre e descontra\u00edda, se tornou um desastre de consequ\u00eancias terr\u00edveis e inesperadas. Mais de duzentas pessoas acabaram morrendo subitamente, mal tendo tempo para se darem [&hellip;]<\/p>\n","protected":false},"author":5,"featured_media":0,"comment_status":"open","ping_status":"open","sticky":false,"template":"","format":"standard","meta":{"ngg_post_thumbnail":0,"footnotes":""},"categories":[395,9],"tags":[229,3206,418,225,2391,133],"yoast_head":"<!-- This site is optimized with the Yoast SEO plugin v23.5 - https:\/\/yoast.com\/wordpress\/plugins\/seo\/ -->\n<title>A trag\u00e9dia de Santa Maria - O Arcanjo no ar<\/title>\n<meta name=\"robots\" content=\"index, follow, max-snippet:-1, max-image-preview:large, max-video-preview:-1\" \/>\n<link rel=\"canonical\" href=\"https:\/\/www.oarcanjo.net\/site\/a-tragedia-de-santa-maria\/\" \/>\n<meta property=\"og:locale\" content=\"pt_BR\" \/>\n<meta property=\"og:type\" content=\"article\" \/>\n<meta property=\"og:title\" content=\"A trag\u00e9dia de Santa Maria - O Arcanjo no ar\" \/>\n<meta property=\"og:description\" content=\"Dom Dem\u00e9trio Valentini T\u00e3o f\u00e1cil n\u00e3o ser\u00e1 esquecida a cena que logo foi difundida pelo mundo. De um momento para outro, em quest\u00e3o de minutos, o que era uma festa alegre e descontra\u00edda, se tornou um desastre de consequ\u00eancias terr\u00edveis e inesperadas. Mais de duzentas pessoas acabaram morrendo subitamente, mal tendo tempo para se darem [&hellip;]\" \/>\n<meta property=\"og:url\" content=\"https:\/\/www.oarcanjo.net\/site\/a-tragedia-de-santa-maria\/\" \/>\n<meta property=\"og:site_name\" content=\"O Arcanjo no ar\" \/>\n<meta property=\"article:publisher\" content=\"https:\/\/www.facebook.com\/OArcanjoNoAr\/\" \/>\n<meta property=\"article:published_time\" content=\"2013-02-02T13:25:02+00:00\" \/>\n<meta property=\"og:image\" content=\"https:\/\/www.oarcanjo.net\/site\/wp-content\/uploads\/logo-o-arcanjo-no-ar-facebook.png\" \/>\n\t<meta property=\"og:image:width\" content=\"300\" \/>\n\t<meta property=\"og:image:height\" content=\"300\" \/>\n\t<meta property=\"og:image:type\" content=\"image\/png\" \/>\n<meta name=\"author\" content=\"editor\" \/>\n<meta name=\"twitter:card\" content=\"summary_large_image\" \/>\n<meta name=\"twitter:label1\" content=\"Escrito por\" \/>\n\t<meta name=\"twitter:data1\" content=\"editor\" \/>\n\t<meta name=\"twitter:label2\" content=\"Est. tempo de leitura\" \/>\n\t<meta name=\"twitter:data2\" content=\"3 minutos\" \/>\n<script type=\"application\/ld+json\" class=\"yoast-schema-graph\">{\"@context\":\"https:\/\/schema.org\",\"@graph\":[{\"@type\":\"Article\",\"@id\":\"https:\/\/www.oarcanjo.net\/site\/a-tragedia-de-santa-maria\/#article\",\"isPartOf\":{\"@id\":\"https:\/\/www.oarcanjo.net\/site\/a-tragedia-de-santa-maria\/\"},\"author\":{\"name\":\"editor\",\"@id\":\"https:\/\/www.oarcanjo.net\/site\/#\/schema\/person\/f7024d007863202483a31326673a0838\"},\"headline\":\"A trag\u00e9dia de Santa Maria\",\"datePublished\":\"2013-02-02T13:25:02+00:00\",\"dateModified\":\"2013-02-02T13:25:02+00:00\",\"mainEntityOfPage\":{\"@id\":\"https:\/\/www.oarcanjo.net\/site\/a-tragedia-de-santa-maria\/\"},\"wordCount\":684,\"commentCount\":2,\"publisher\":{\"@id\":\"https:\/\/www.oarcanjo.net\/site\/#organization\"},\"keywords\":[\"Campanha da Fraternidade\",\"CF\",\"jovem\",\"juventude\",\"Santa Maria\",\"trag\u00e9dia\"],\"articleSection\":[\"Jovens\",\"Reflex\u00f5es\"],\"inLanguage\":\"pt-BR\",\"potentialAction\":[{\"@type\":\"CommentAction\",\"name\":\"Comment\",\"target\":[\"https:\/\/www.oarcanjo.net\/site\/a-tragedia-de-santa-maria\/#respond\"]}]},{\"@type\":\"WebPage\",\"@id\":\"https:\/\/www.oarcanjo.net\/site\/a-tragedia-de-santa-maria\/\",\"url\":\"https:\/\/www.oarcanjo.net\/site\/a-tragedia-de-santa-maria\/\",\"name\":\"A trag\u00e9dia de Santa Maria - O Arcanjo no ar\",\"isPartOf\":{\"@id\":\"https:\/\/www.oarcanjo.net\/site\/#website\"},\"datePublished\":\"2013-02-02T13:25:02+00:00\",\"dateModified\":\"2013-02-02T13:25:02+00:00\",\"breadcrumb\":{\"@id\":\"https:\/\/www.oarcanjo.net\/site\/a-tragedia-de-santa-maria\/#breadcrumb\"},\"inLanguage\":\"pt-BR\",\"potentialAction\":[{\"@type\":\"ReadAction\",\"target\":[\"https:\/\/www.oarcanjo.net\/site\/a-tragedia-de-santa-maria\/\"]}]},{\"@type\":\"BreadcrumbList\",\"@id\":\"https:\/\/www.oarcanjo.net\/site\/a-tragedia-de-santa-maria\/#breadcrumb\",\"itemListElement\":[{\"@type\":\"ListItem\",\"position\":1,\"name\":\"In\u00edcio\",\"item\":\"https:\/\/www.oarcanjo.net\/site\/\"},{\"@type\":\"ListItem\",\"position\":2,\"name\":\"A trag\u00e9dia de Santa Maria\"}]},{\"@type\":\"WebSite\",\"@id\":\"https:\/\/www.oarcanjo.net\/site\/#website\",\"url\":\"https:\/\/www.oarcanjo.net\/site\/\",\"name\":\"O Arcanjo no ar\",\"description\":\"Site da Par\u00f3quia S\u00e3o Miguel Arcanjo (Arquidiocese de SP)\",\"publisher\":{\"@id\":\"https:\/\/www.oarcanjo.net\/site\/#organization\"},\"potentialAction\":[{\"@type\":\"SearchAction\",\"target\":{\"@type\":\"EntryPoint\",\"urlTemplate\":\"https:\/\/www.oarcanjo.net\/site\/?s={search_term_string}\"},\"query-input\":{\"@type\":\"PropertyValueSpecification\",\"valueRequired\":true,\"valueName\":\"search_term_string\"}}],\"inLanguage\":\"pt-BR\"},{\"@type\":\"Organization\",\"@id\":\"https:\/\/www.oarcanjo.net\/site\/#organization\",\"name\":\"Par\u00f3quia S\u00e3o Miguel Arcanjo\",\"url\":\"https:\/\/www.oarcanjo.net\/site\/\",\"logo\":{\"@type\":\"ImageObject\",\"inLanguage\":\"pt-BR\",\"@id\":\"https:\/\/www.oarcanjo.net\/site\/#\/schema\/logo\/image\/\",\"url\":\"https:\/\/www.oarcanjo.net\/site\/wp-content\/uploads\/LogoOArcanjo.png\",\"contentUrl\":\"https:\/\/www.oarcanjo.net\/site\/wp-content\/uploads\/LogoOArcanjo.png\",\"width\":319,\"height\":99,\"caption\":\"Par\u00f3quia S\u00e3o Miguel Arcanjo\"},\"image\":{\"@id\":\"https:\/\/www.oarcanjo.net\/site\/#\/schema\/logo\/image\/\"},\"sameAs\":[\"https:\/\/www.facebook.com\/OArcanjoNoAr\/\"]},{\"@type\":\"Person\",\"@id\":\"https:\/\/www.oarcanjo.net\/site\/#\/schema\/person\/f7024d007863202483a31326673a0838\",\"name\":\"editor\",\"sameAs\":[\"http:\/\/www.oarcanjo.net\"]}]}<\/script>\n<!-- \/ Yoast SEO plugin. -->","yoast_head_json":{"title":"A trag\u00e9dia de Santa Maria - O Arcanjo no ar","robots":{"index":"index","follow":"follow","max-snippet":"max-snippet:-1","max-image-preview":"max-image-preview:large","max-video-preview":"max-video-preview:-1"},"canonical":"https:\/\/www.oarcanjo.net\/site\/a-tragedia-de-santa-maria\/","og_locale":"pt_BR","og_type":"article","og_title":"A trag\u00e9dia de Santa Maria - O Arcanjo no ar","og_description":"Dom Dem\u00e9trio Valentini T\u00e3o f\u00e1cil n\u00e3o ser\u00e1 esquecida a cena que logo foi difundida pelo mundo. De um momento para outro, em quest\u00e3o de minutos, o que era uma festa alegre e descontra\u00edda, se tornou um desastre de consequ\u00eancias terr\u00edveis e inesperadas. Mais de duzentas pessoas acabaram morrendo subitamente, mal tendo tempo para se darem [&hellip;]","og_url":"https:\/\/www.oarcanjo.net\/site\/a-tragedia-de-santa-maria\/","og_site_name":"O Arcanjo no ar","article_publisher":"https:\/\/www.facebook.com\/OArcanjoNoAr\/","article_published_time":"2013-02-02T13:25:02+00:00","og_image":[{"width":300,"height":300,"url":"https:\/\/www.oarcanjo.net\/site\/wp-content\/uploads\/logo-o-arcanjo-no-ar-facebook.png","type":"image\/png"}],"author":"editor","twitter_card":"summary_large_image","twitter_misc":{"Escrito por":"editor","Est. tempo de leitura":"3 minutos"},"schema":{"@context":"https:\/\/schema.org","@graph":[{"@type":"Article","@id":"https:\/\/www.oarcanjo.net\/site\/a-tragedia-de-santa-maria\/#article","isPartOf":{"@id":"https:\/\/www.oarcanjo.net\/site\/a-tragedia-de-santa-maria\/"},"author":{"name":"editor","@id":"https:\/\/www.oarcanjo.net\/site\/#\/schema\/person\/f7024d007863202483a31326673a0838"},"headline":"A trag\u00e9dia de Santa Maria","datePublished":"2013-02-02T13:25:02+00:00","dateModified":"2013-02-02T13:25:02+00:00","mainEntityOfPage":{"@id":"https:\/\/www.oarcanjo.net\/site\/a-tragedia-de-santa-maria\/"},"wordCount":684,"commentCount":2,"publisher":{"@id":"https:\/\/www.oarcanjo.net\/site\/#organization"},"keywords":["Campanha da Fraternidade","CF","jovem","juventude","Santa Maria","trag\u00e9dia"],"articleSection":["Jovens","Reflex\u00f5es"],"inLanguage":"pt-BR","potentialAction":[{"@type":"CommentAction","name":"Comment","target":["https:\/\/www.oarcanjo.net\/site\/a-tragedia-de-santa-maria\/#respond"]}]},{"@type":"WebPage","@id":"https:\/\/www.oarcanjo.net\/site\/a-tragedia-de-santa-maria\/","url":"https:\/\/www.oarcanjo.net\/site\/a-tragedia-de-santa-maria\/","name":"A trag\u00e9dia de Santa Maria - O Arcanjo no ar","isPartOf":{"@id":"https:\/\/www.oarcanjo.net\/site\/#website"},"datePublished":"2013-02-02T13:25:02+00:00","dateModified":"2013-02-02T13:25:02+00:00","breadcrumb":{"@id":"https:\/\/www.oarcanjo.net\/site\/a-tragedia-de-santa-maria\/#breadcrumb"},"inLanguage":"pt-BR","potentialAction":[{"@type":"ReadAction","target":["https:\/\/www.oarcanjo.net\/site\/a-tragedia-de-santa-maria\/"]}]},{"@type":"BreadcrumbList","@id":"https:\/\/www.oarcanjo.net\/site\/a-tragedia-de-santa-maria\/#breadcrumb","itemListElement":[{"@type":"ListItem","position":1,"name":"In\u00edcio","item":"https:\/\/www.oarcanjo.net\/site\/"},{"@type":"ListItem","position":2,"name":"A trag\u00e9dia de Santa Maria"}]},{"@type":"WebSite","@id":"https:\/\/www.oarcanjo.net\/site\/#website","url":"https:\/\/www.oarcanjo.net\/site\/","name":"O Arcanjo no ar","description":"Site da Par\u00f3quia S\u00e3o Miguel Arcanjo (Arquidiocese de SP)","publisher":{"@id":"https:\/\/www.oarcanjo.net\/site\/#organization"},"potentialAction":[{"@type":"SearchAction","target":{"@type":"EntryPoint","urlTemplate":"https:\/\/www.oarcanjo.net\/site\/?s={search_term_string}"},"query-input":{"@type":"PropertyValueSpecification","valueRequired":true,"valueName":"search_term_string"}}],"inLanguage":"pt-BR"},{"@type":"Organization","@id":"https:\/\/www.oarcanjo.net\/site\/#organization","name":"Par\u00f3quia S\u00e3o Miguel Arcanjo","url":"https:\/\/www.oarcanjo.net\/site\/","logo":{"@type":"ImageObject","inLanguage":"pt-BR","@id":"https:\/\/www.oarcanjo.net\/site\/#\/schema\/logo\/image\/","url":"https:\/\/www.oarcanjo.net\/site\/wp-content\/uploads\/LogoOArcanjo.png","contentUrl":"https:\/\/www.oarcanjo.net\/site\/wp-content\/uploads\/LogoOArcanjo.png","width":319,"height":99,"caption":"Par\u00f3quia S\u00e3o Miguel Arcanjo"},"image":{"@id":"https:\/\/www.oarcanjo.net\/site\/#\/schema\/logo\/image\/"},"sameAs":["https:\/\/www.facebook.com\/OArcanjoNoAr\/"]},{"@type":"Person","@id":"https:\/\/www.oarcanjo.net\/site\/#\/schema\/person\/f7024d007863202483a31326673a0838","name":"editor","sameAs":["http:\/\/www.oarcanjo.net"]}]}},"publishpress_future_action":{"enabled":false,"date":"2026-05-07 06:28:51","action":"category","newStatus":"draft","terms":[],"taxonomy":"category"},"publishpress_future_workflow_manual_trigger":{"enabledWorkflows":[]},"_links":{"self":[{"href":"https:\/\/www.oarcanjo.net\/site\/wp-json\/wp\/v2\/posts\/20868"}],"collection":[{"href":"https:\/\/www.oarcanjo.net\/site\/wp-json\/wp\/v2\/posts"}],"about":[{"href":"https:\/\/www.oarcanjo.net\/site\/wp-json\/wp\/v2\/types\/post"}],"author":[{"embeddable":true,"href":"https:\/\/www.oarcanjo.net\/site\/wp-json\/wp\/v2\/users\/5"}],"replies":[{"embeddable":true,"href":"https:\/\/www.oarcanjo.net\/site\/wp-json\/wp\/v2\/comments?post=20868"}],"version-history":[{"count":0,"href":"https:\/\/www.oarcanjo.net\/site\/wp-json\/wp\/v2\/posts\/20868\/revisions"}],"wp:attachment":[{"href":"https:\/\/www.oarcanjo.net\/site\/wp-json\/wp\/v2\/media?parent=20868"}],"wp:term":[{"taxonomy":"category","embeddable":true,"href":"https:\/\/www.oarcanjo.net\/site\/wp-json\/wp\/v2\/categories?post=20868"},{"taxonomy":"post_tag","embeddable":true,"href":"https:\/\/www.oarcanjo.net\/site\/wp-json\/wp\/v2\/tags?post=20868"}],"curies":[{"name":"wp","href":"https:\/\/api.w.org\/{rel}","templated":true}]}}