
{"id":20879,"date":"2013-02-03T08:39:26","date_gmt":"2013-02-03T10:39:26","guid":{"rendered":"http:\/\/www.oarcanjo.net\/site\/?p=20879"},"modified":"2013-02-02T11:41:24","modified_gmt":"2013-02-02T13:41:24","slug":"o-legado-da-crise-atual-rever-e-reinventar-conceitos","status":"publish","type":"post","link":"https:\/\/www.oarcanjo.net\/site\/o-legado-da-crise-atual-rever-e-reinventar-conceitos\/","title":{"rendered":"O legado da crise atual: rever e reinventar conceitos"},"content":{"rendered":"<p>Leonardo Boff<\/p>\n<p>Nutro a convic\u00e7\u00e3o, partilhada por outros analistas, de que a crise sist\u00eamica atual nos deixar\u00e1 como legado e desafio a urg\u00eancia de repensar a nossa rela\u00e7\u00e3o para com a Terra, para com os modos de produ\u00e7\u00e3o e consumo, reinventar uma forma de governan\u00e7a global e uma conviv\u00eancia que inclua a todos na \u00fanica e mesma Casa Comum. Para isso \u00e9 for\u00e7oso rever conceitos-chaves, que como b\u00fassola nos possam apontar um novo norte. Boa parte da crise atual se deriva de premissas falsas.<\/p>\n<p>O primeiro conceito a rever \u00e9 o de <em>desenvolvimento<\/em>. Na pr\u00e1tica ele se identifica com o crescimento material, expresso pelo PIB. Sua din\u00e2mica \u00e9 ser o maior poss\u00edvel, o que implica explora\u00e7\u00e3o desapiedada da natureza e a gera\u00e7\u00e3o de grandes desigualdades nacionais e mundiais. Importa abandonar esta compreens\u00e3o quantitativa e assumir a qualitativa, esta sim como desenvolvimento, bem definido por Amartya Sen (pr\u00eamio Nobel) como &#8220;o processo de expans\u00e3o das liberdades substantivas\u201d, vale dizer, a amplia\u00e7\u00e3o das oportunidades de modelar a pr\u00f3pria vida e dar-lhe um sentido que valha a pena. O crescimento \u00e9 imprescind\u00edvel; pois, \u00e9 da l\u00f3gica de todo ser vivo, mas s\u00f3 \u00e9 bom a partir das interdepend\u00eancias das redes da vida que garantem a biodiversidade. Em vez de crescimento\/desenvolvimento dever\u00edamos pensar numa redistribui\u00e7\u00e3o do que j\u00e1 foi acumulado.<\/p>\n<p>O segundo \u00e9 o manipulado conceito de <em>sustentabilidade <\/em>que, no sistema vigente, \u00e9 inalcan\u00e7\u00e1vel. Em seu lugar dever\u00edamos introduzir a tem\u00e1tica, j\u00e1 aprovada pela ONU, dos direitos da Terra e da natureza. Se os respeit\u00e1ssemos, ter\u00edamos garantida a sustentabilidade, fruto da conforma\u00e7\u00e3o \u00e0 l\u00f3gica da vida.<\/p>\n<p>O terceiro \u00e9 o de <em>meio-ambiente<\/em>. Este n\u00e3o existe. O que existe \u00e9 o ambiente inteiro, no qual todos os seres convivem e se interconectam. Em vez de meio ambiente far\u00edamos melhor usar a express\u00e3o da Carta da Terra: comunidade de vida. Todos os seres vivos possuem o mesmo c\u00f3digo gen\u00e9tico de base, por isso todos s\u00e3o parentes entre si: uma real comunidade vital. Este olhar nos levaria a ter respeito por cada ser, pois tem valor em si mesmo para al\u00e9m do uso humano.<\/p>\n<p>O quarto conceito \u00e9 o de Terra. Importa superar a vis\u00e3o pobre da modernidade que a v\u00ea apenas como realidade extensa e sem intelig\u00eancia. A ci\u00eancia contempor\u00e2nea mostrou e isso j\u00e1 foi incorporado at\u00e9 nos manuais de ecologia, que a Terra n\u00e3o s\u00f3 tem vida sobre ela, mas \u00e9 viva: um superorganismo, Gaia, que articula o f\u00edsico, o qu\u00edmico e as energias terrenas e c\u00f3smicas para sempre produzir e reproduzir vida. Em 22 de abril de 2010 a ONU aprovou a denomina\u00e7\u00e3o de M\u00e3e Terra. Este novo olhar, nos levaria a redefinir nossa rela\u00e7\u00e3o para com ela, n\u00e3o mais de explora\u00e7\u00e3o; mas, de uso racional e respeito. Nossa m\u00e3e a gente n\u00e3o vende nem compra; respeita e ama. Assim com a M\u00e3e Terra.<\/p>\n<p>O quinto conceito \u00e9 o de <em>ser humano<\/em>. Este foi na modernidade pensado como desligado, fora e acima da natureza, fazendo-o &#8220;mestre e senhor\u201d dela (Descartes). Hoje o ser humano est\u00e1 se inserindo na natureza, no Universo e como aquela por\u00e7\u00e3o da Terra que sente, pensa, ama e venera. Essa perspectiva nos leva a assumir a responsabilidade pelo destino da M\u00e3e Terra e de seus filhos e filhas, sentindo-nos cuidadores e guardi\u00e3es desse belo, pequeno e amea\u00e7ado Planeta.<\/p>\n<p>O sexto conceito \u00e9 o de <em>espiritualidade<\/em>. Esta foi acantonada nas religi\u00f5es quando \u00e9 a dimens\u00e3o do profundo humano universal. Espiritualidade surge quando a consci\u00eancia se apercebe como parte do Todo e intui cada ser e o inteiro Universo, sustentados e penetrados por uma for\u00e7a poderosa e amorosa: aquele Abismo de energia, gerador de todo o ser. \u00c9 poss\u00edvel captar o elo misterioso que liga e re-liga todas as coisas, constituindo um cosmos e n\u00e3o um caos. A espiritualidade nos confere sentimento de venera\u00e7\u00e3o pela grandeur do universo e nos enche de autoestima por podermos admirar, gozar e celebrar todas as coisas.<\/p>\n<p>Temos que mudar muito ainda para que tudo isso se torne um dado da consci\u00eancia coletiva! Mas \u00e9 o que deve ser. E o que deve ser tem for\u00e7a de realiza\u00e7\u00e3o.<\/p>\n<div id=\"themify_builder_content-20879\" data-postid=\"20879\" class=\"themify_builder_content themify_builder_content-20879 themify_builder themify_builder_front\">\n\t<\/div>\n<!-- \/themify_builder_content -->","protected":false},"excerpt":{"rendered":"<p>Leonardo Boff Nutro a convic\u00e7\u00e3o, partilhada por outros analistas, de que a crise sist\u00eamica atual nos deixar\u00e1 como legado e desafio a urg\u00eancia de repensar a nossa rela\u00e7\u00e3o para com a Terra, para com os modos de produ\u00e7\u00e3o e consumo, reinventar uma forma de governan\u00e7a global e uma conviv\u00eancia que inclua a todos na \u00fanica [&hellip;]<\/p>\n","protected":false},"author":5,"featured_media":0,"comment_status":"open","ping_status":"open","sticky":false,"template":"","format":"standard","meta":{"ngg_post_thumbnail":0,"footnotes":""},"categories":[9],"tags":[36,333,104,823,1067,2394,468,268,470],"yoast_head":"<!-- This site is optimized with the Yoast SEO plugin v23.5 - https:\/\/yoast.com\/wordpress\/plugins\/seo\/ -->\n<title>O legado da crise atual: rever e reinventar conceitos - O Arcanjo no ar<\/title>\n<meta name=\"robots\" content=\"index, follow, max-snippet:-1, max-image-preview:large, max-video-preview:-1\" \/>\n<link rel=\"canonical\" href=\"https:\/\/www.oarcanjo.net\/site\/o-legado-da-crise-atual-rever-e-reinventar-conceitos\/\" \/>\n<meta property=\"og:locale\" content=\"pt_BR\" \/>\n<meta property=\"og:type\" content=\"article\" \/>\n<meta property=\"og:title\" content=\"O legado da crise atual: rever e reinventar conceitos - O Arcanjo no ar\" \/>\n<meta property=\"og:description\" content=\"Leonardo Boff Nutro a convic\u00e7\u00e3o, partilhada por outros analistas, de que a crise sist\u00eamica atual nos deixar\u00e1 como legado e desafio a urg\u00eancia de repensar a nossa rela\u00e7\u00e3o para com a Terra, para com os modos de produ\u00e7\u00e3o e consumo, reinventar uma forma de governan\u00e7a global e uma conviv\u00eancia que inclua a todos na \u00fanica [&hellip;]\" \/>\n<meta property=\"og:url\" content=\"https:\/\/www.oarcanjo.net\/site\/o-legado-da-crise-atual-rever-e-reinventar-conceitos\/\" \/>\n<meta property=\"og:site_name\" content=\"O Arcanjo no ar\" \/>\n<meta property=\"article:publisher\" content=\"https:\/\/www.facebook.com\/OArcanjoNoAr\/\" \/>\n<meta property=\"article:published_time\" content=\"2013-02-03T10:39:26+00:00\" \/>\n<meta property=\"article:modified_time\" content=\"2013-02-02T13:41:24+00:00\" \/>\n<meta property=\"og:image\" content=\"https:\/\/www.oarcanjo.net\/site\/wp-content\/uploads\/logo-o-arcanjo-no-ar-facebook.png\" \/>\n\t<meta property=\"og:image:width\" content=\"300\" \/>\n\t<meta property=\"og:image:height\" content=\"300\" \/>\n\t<meta property=\"og:image:type\" content=\"image\/png\" \/>\n<meta name=\"author\" content=\"editor\" \/>\n<meta name=\"twitter:card\" content=\"summary_large_image\" \/>\n<meta name=\"twitter:label1\" content=\"Escrito por\" \/>\n\t<meta name=\"twitter:data1\" content=\"editor\" \/>\n\t<meta name=\"twitter:label2\" content=\"Est. tempo de leitura\" \/>\n\t<meta name=\"twitter:data2\" content=\"4 minutos\" \/>\n<script type=\"application\/ld+json\" class=\"yoast-schema-graph\">{\"@context\":\"https:\/\/schema.org\",\"@graph\":[{\"@type\":\"Article\",\"@id\":\"https:\/\/www.oarcanjo.net\/site\/o-legado-da-crise-atual-rever-e-reinventar-conceitos\/#article\",\"isPartOf\":{\"@id\":\"https:\/\/www.oarcanjo.net\/site\/o-legado-da-crise-atual-rever-e-reinventar-conceitos\/\"},\"author\":{\"name\":\"editor\",\"@id\":\"https:\/\/www.oarcanjo.net\/site\/#\/schema\/person\/f7024d007863202483a31326673a0838\"},\"headline\":\"O legado da crise atual: rever e reinventar conceitos\",\"datePublished\":\"2013-02-03T10:39:26+00:00\",\"dateModified\":\"2013-02-02T13:41:24+00:00\",\"mainEntityOfPage\":{\"@id\":\"https:\/\/www.oarcanjo.net\/site\/o-legado-da-crise-atual-rever-e-reinventar-conceitos\/\"},\"wordCount\":739,\"commentCount\":0,\"publisher\":{\"@id\":\"https:\/\/www.oarcanjo.net\/site\/#organization\"},\"keywords\":[\"crise\",\"desenvolvimento\",\"ecologia\",\"Gaia\",\"harmonia\",\"M\u00e3e Terra\",\"meio ambiente\",\"religi\u00e3o\",\"sustentabilidade\"],\"articleSection\":[\"Reflex\u00f5es\"],\"inLanguage\":\"pt-BR\",\"potentialAction\":[{\"@type\":\"CommentAction\",\"name\":\"Comment\",\"target\":[\"https:\/\/www.oarcanjo.net\/site\/o-legado-da-crise-atual-rever-e-reinventar-conceitos\/#respond\"]}]},{\"@type\":\"WebPage\",\"@id\":\"https:\/\/www.oarcanjo.net\/site\/o-legado-da-crise-atual-rever-e-reinventar-conceitos\/\",\"url\":\"https:\/\/www.oarcanjo.net\/site\/o-legado-da-crise-atual-rever-e-reinventar-conceitos\/\",\"name\":\"O legado da crise atual: rever e reinventar conceitos - O Arcanjo no ar\",\"isPartOf\":{\"@id\":\"https:\/\/www.oarcanjo.net\/site\/#website\"},\"datePublished\":\"2013-02-03T10:39:26+00:00\",\"dateModified\":\"2013-02-02T13:41:24+00:00\",\"breadcrumb\":{\"@id\":\"https:\/\/www.oarcanjo.net\/site\/o-legado-da-crise-atual-rever-e-reinventar-conceitos\/#breadcrumb\"},\"inLanguage\":\"pt-BR\",\"potentialAction\":[{\"@type\":\"ReadAction\",\"target\":[\"https:\/\/www.oarcanjo.net\/site\/o-legado-da-crise-atual-rever-e-reinventar-conceitos\/\"]}]},{\"@type\":\"BreadcrumbList\",\"@id\":\"https:\/\/www.oarcanjo.net\/site\/o-legado-da-crise-atual-rever-e-reinventar-conceitos\/#breadcrumb\",\"itemListElement\":[{\"@type\":\"ListItem\",\"position\":1,\"name\":\"In\u00edcio\",\"item\":\"https:\/\/www.oarcanjo.net\/site\/\"},{\"@type\":\"ListItem\",\"position\":2,\"name\":\"O legado da crise atual: rever e reinventar conceitos\"}]},{\"@type\":\"WebSite\",\"@id\":\"https:\/\/www.oarcanjo.net\/site\/#website\",\"url\":\"https:\/\/www.oarcanjo.net\/site\/\",\"name\":\"O Arcanjo no ar\",\"description\":\"Site da Par\u00f3quia S\u00e3o Miguel Arcanjo (Arquidiocese de SP)\",\"publisher\":{\"@id\":\"https:\/\/www.oarcanjo.net\/site\/#organization\"},\"potentialAction\":[{\"@type\":\"SearchAction\",\"target\":{\"@type\":\"EntryPoint\",\"urlTemplate\":\"https:\/\/www.oarcanjo.net\/site\/?s={search_term_string}\"},\"query-input\":{\"@type\":\"PropertyValueSpecification\",\"valueRequired\":true,\"valueName\":\"search_term_string\"}}],\"inLanguage\":\"pt-BR\"},{\"@type\":\"Organization\",\"@id\":\"https:\/\/www.oarcanjo.net\/site\/#organization\",\"name\":\"Par\u00f3quia S\u00e3o Miguel Arcanjo\",\"url\":\"https:\/\/www.oarcanjo.net\/site\/\",\"logo\":{\"@type\":\"ImageObject\",\"inLanguage\":\"pt-BR\",\"@id\":\"https:\/\/www.oarcanjo.net\/site\/#\/schema\/logo\/image\/\",\"url\":\"https:\/\/www.oarcanjo.net\/site\/wp-content\/uploads\/LogoOArcanjo.png\",\"contentUrl\":\"https:\/\/www.oarcanjo.net\/site\/wp-content\/uploads\/LogoOArcanjo.png\",\"width\":319,\"height\":99,\"caption\":\"Par\u00f3quia S\u00e3o Miguel Arcanjo\"},\"image\":{\"@id\":\"https:\/\/www.oarcanjo.net\/site\/#\/schema\/logo\/image\/\"},\"sameAs\":[\"https:\/\/www.facebook.com\/OArcanjoNoAr\/\"]},{\"@type\":\"Person\",\"@id\":\"https:\/\/www.oarcanjo.net\/site\/#\/schema\/person\/f7024d007863202483a31326673a0838\",\"name\":\"editor\",\"sameAs\":[\"http:\/\/www.oarcanjo.net\"]}]}<\/script>\n<!-- \/ Yoast SEO plugin. -->","yoast_head_json":{"title":"O legado da crise atual: rever e reinventar conceitos - O Arcanjo no ar","robots":{"index":"index","follow":"follow","max-snippet":"max-snippet:-1","max-image-preview":"max-image-preview:large","max-video-preview":"max-video-preview:-1"},"canonical":"https:\/\/www.oarcanjo.net\/site\/o-legado-da-crise-atual-rever-e-reinventar-conceitos\/","og_locale":"pt_BR","og_type":"article","og_title":"O legado da crise atual: rever e reinventar conceitos - O Arcanjo no ar","og_description":"Leonardo Boff Nutro a convic\u00e7\u00e3o, partilhada por outros analistas, de que a crise sist\u00eamica atual nos deixar\u00e1 como legado e desafio a urg\u00eancia de repensar a nossa rela\u00e7\u00e3o para com a Terra, para com os modos de produ\u00e7\u00e3o e consumo, reinventar uma forma de governan\u00e7a global e uma conviv\u00eancia que inclua a todos na \u00fanica [&hellip;]","og_url":"https:\/\/www.oarcanjo.net\/site\/o-legado-da-crise-atual-rever-e-reinventar-conceitos\/","og_site_name":"O Arcanjo no ar","article_publisher":"https:\/\/www.facebook.com\/OArcanjoNoAr\/","article_published_time":"2013-02-03T10:39:26+00:00","article_modified_time":"2013-02-02T13:41:24+00:00","og_image":[{"width":300,"height":300,"url":"https:\/\/www.oarcanjo.net\/site\/wp-content\/uploads\/logo-o-arcanjo-no-ar-facebook.png","type":"image\/png"}],"author":"editor","twitter_card":"summary_large_image","twitter_misc":{"Escrito por":"editor","Est. tempo de leitura":"4 minutos"},"schema":{"@context":"https:\/\/schema.org","@graph":[{"@type":"Article","@id":"https:\/\/www.oarcanjo.net\/site\/o-legado-da-crise-atual-rever-e-reinventar-conceitos\/#article","isPartOf":{"@id":"https:\/\/www.oarcanjo.net\/site\/o-legado-da-crise-atual-rever-e-reinventar-conceitos\/"},"author":{"name":"editor","@id":"https:\/\/www.oarcanjo.net\/site\/#\/schema\/person\/f7024d007863202483a31326673a0838"},"headline":"O legado da crise atual: rever e reinventar conceitos","datePublished":"2013-02-03T10:39:26+00:00","dateModified":"2013-02-02T13:41:24+00:00","mainEntityOfPage":{"@id":"https:\/\/www.oarcanjo.net\/site\/o-legado-da-crise-atual-rever-e-reinventar-conceitos\/"},"wordCount":739,"commentCount":0,"publisher":{"@id":"https:\/\/www.oarcanjo.net\/site\/#organization"},"keywords":["crise","desenvolvimento","ecologia","Gaia","harmonia","M\u00e3e Terra","meio ambiente","religi\u00e3o","sustentabilidade"],"articleSection":["Reflex\u00f5es"],"inLanguage":"pt-BR","potentialAction":[{"@type":"CommentAction","name":"Comment","target":["https:\/\/www.oarcanjo.net\/site\/o-legado-da-crise-atual-rever-e-reinventar-conceitos\/#respond"]}]},{"@type":"WebPage","@id":"https:\/\/www.oarcanjo.net\/site\/o-legado-da-crise-atual-rever-e-reinventar-conceitos\/","url":"https:\/\/www.oarcanjo.net\/site\/o-legado-da-crise-atual-rever-e-reinventar-conceitos\/","name":"O legado da crise atual: rever e reinventar conceitos - O Arcanjo no ar","isPartOf":{"@id":"https:\/\/www.oarcanjo.net\/site\/#website"},"datePublished":"2013-02-03T10:39:26+00:00","dateModified":"2013-02-02T13:41:24+00:00","breadcrumb":{"@id":"https:\/\/www.oarcanjo.net\/site\/o-legado-da-crise-atual-rever-e-reinventar-conceitos\/#breadcrumb"},"inLanguage":"pt-BR","potentialAction":[{"@type":"ReadAction","target":["https:\/\/www.oarcanjo.net\/site\/o-legado-da-crise-atual-rever-e-reinventar-conceitos\/"]}]},{"@type":"BreadcrumbList","@id":"https:\/\/www.oarcanjo.net\/site\/o-legado-da-crise-atual-rever-e-reinventar-conceitos\/#breadcrumb","itemListElement":[{"@type":"ListItem","position":1,"name":"In\u00edcio","item":"https:\/\/www.oarcanjo.net\/site\/"},{"@type":"ListItem","position":2,"name":"O legado da crise atual: rever e reinventar conceitos"}]},{"@type":"WebSite","@id":"https:\/\/www.oarcanjo.net\/site\/#website","url":"https:\/\/www.oarcanjo.net\/site\/","name":"O Arcanjo no ar","description":"Site da Par\u00f3quia S\u00e3o Miguel Arcanjo (Arquidiocese de SP)","publisher":{"@id":"https:\/\/www.oarcanjo.net\/site\/#organization"},"potentialAction":[{"@type":"SearchAction","target":{"@type":"EntryPoint","urlTemplate":"https:\/\/www.oarcanjo.net\/site\/?s={search_term_string}"},"query-input":{"@type":"PropertyValueSpecification","valueRequired":true,"valueName":"search_term_string"}}],"inLanguage":"pt-BR"},{"@type":"Organization","@id":"https:\/\/www.oarcanjo.net\/site\/#organization","name":"Par\u00f3quia S\u00e3o Miguel Arcanjo","url":"https:\/\/www.oarcanjo.net\/site\/","logo":{"@type":"ImageObject","inLanguage":"pt-BR","@id":"https:\/\/www.oarcanjo.net\/site\/#\/schema\/logo\/image\/","url":"https:\/\/www.oarcanjo.net\/site\/wp-content\/uploads\/LogoOArcanjo.png","contentUrl":"https:\/\/www.oarcanjo.net\/site\/wp-content\/uploads\/LogoOArcanjo.png","width":319,"height":99,"caption":"Par\u00f3quia S\u00e3o Miguel Arcanjo"},"image":{"@id":"https:\/\/www.oarcanjo.net\/site\/#\/schema\/logo\/image\/"},"sameAs":["https:\/\/www.facebook.com\/OArcanjoNoAr\/"]},{"@type":"Person","@id":"https:\/\/www.oarcanjo.net\/site\/#\/schema\/person\/f7024d007863202483a31326673a0838","name":"editor","sameAs":["http:\/\/www.oarcanjo.net"]}]}},"publishpress_future_action":{"enabled":false,"date":"2026-05-07 10:08:00","action":"category","newStatus":"draft","terms":[],"taxonomy":"category"},"publishpress_future_workflow_manual_trigger":{"enabledWorkflows":[]},"_links":{"self":[{"href":"https:\/\/www.oarcanjo.net\/site\/wp-json\/wp\/v2\/posts\/20879"}],"collection":[{"href":"https:\/\/www.oarcanjo.net\/site\/wp-json\/wp\/v2\/posts"}],"about":[{"href":"https:\/\/www.oarcanjo.net\/site\/wp-json\/wp\/v2\/types\/post"}],"author":[{"embeddable":true,"href":"https:\/\/www.oarcanjo.net\/site\/wp-json\/wp\/v2\/users\/5"}],"replies":[{"embeddable":true,"href":"https:\/\/www.oarcanjo.net\/site\/wp-json\/wp\/v2\/comments?post=20879"}],"version-history":[{"count":0,"href":"https:\/\/www.oarcanjo.net\/site\/wp-json\/wp\/v2\/posts\/20879\/revisions"}],"wp:attachment":[{"href":"https:\/\/www.oarcanjo.net\/site\/wp-json\/wp\/v2\/media?parent=20879"}],"wp:term":[{"taxonomy":"category","embeddable":true,"href":"https:\/\/www.oarcanjo.net\/site\/wp-json\/wp\/v2\/categories?post=20879"},{"taxonomy":"post_tag","embeddable":true,"href":"https:\/\/www.oarcanjo.net\/site\/wp-json\/wp\/v2\/tags?post=20879"}],"curies":[{"name":"wp","href":"https:\/\/api.w.org\/{rel}","templated":true}]}}