
{"id":20953,"date":"2013-02-11T10:05:16","date_gmt":"2013-02-11T12:05:16","guid":{"rendered":"http:\/\/www.oarcanjo.net\/site\/?p=20953"},"modified":"2013-02-14T10:44:43","modified_gmt":"2013-02-14T12:44:43","slug":"bento-xvi-anuncia-que-vai-deixar-o-cargo-dia-2802","status":"publish","type":"post","link":"https:\/\/www.oarcanjo.net\/site\/bento-xvi-anuncia-que-vai-deixar-o-cargo-dia-2802\/","title":{"rendered":"Bento XVI anuncia que vai deixar o cargo dia 28\/02"},"content":{"rendered":"<p>O papa Bento XVI anunciou nesta segunda-feira que deixar\u00e1 o cargo no dia 28 de fevereiro. Eis o texto integral do an\u00fancio:<\/p>\n<p><em>\u201cCar\u00edssimos Irm\u00e3os, convoquei-vos para este Consist\u00f3rio n\u00e3o s\u00f3 por causa das tr\u00eas canoniza\u00e7\u00f5es, mas tamb\u00e9m para vos comunicar uma decis\u00e3o de grande import\u00e2ncia para a vida da Igreja. Depois de ter examinado repetidamente a minha consci\u00eancia diante de Deus, cheguei \u00e0 certeza de que as minhas for\u00e7as, devido \u00e0 idade avan\u00e7ada, j\u00e1 n\u00e3o s\u00e3o id\u00f4neas para exercer adequadamente o minist\u00e9rio petrino. Estou bem consciente de que este minist\u00e9rio, pela sua ess\u00eancia espiritual, deve ser cumprido n\u00e3o s\u00f3 com as obras e com as palavras, mas tamb\u00e9m e igualmente sofrendo e rezando. Todavia, no mundo de hoje, sujeito a r\u00e1pidas mudan\u00e7as e agitado por quest\u00f5es de grande relev\u00e2ncia para a vida da f\u00e9, para governar a barca de S\u00e3o Pedro e anunciar o Evangelho, \u00e9 necess\u00e1rio tamb\u00e9m o vigor quer do corpo quer do esp\u00edrito; vigor este, que, nos \u00faltimos meses, foi diminuindo de tal modo em mim que tenho de reconhecer a minha incapacidade para administrar bem o minist\u00e9rio que me foi confiado. Por isso, bem consciente da gravidade deste ato, com plena liberdade, declaro que renuncio ao minist\u00e9rio de Bispo de Roma, Sucessor de S\u00e3o Pedro, que me foi confiado pela m\u00e3o dos Cardeais em 19 de Abril de 2005, pelo que, a partir de 28 de Fevereiro de 2013, \u00e0s 20,00 horas, a sede de Roma, a sede de S\u00e3o Pedro, ficar\u00e1 vacante e dever\u00e1 ser convocado, por aqueles a quem tal compete, o Conclave para a elei\u00e7\u00e3o do novo Sumo Pont\u00edfice.<\/em><\/p>\n<p><em>Car\u00edssimos Irm\u00e3os, verdadeiramente de cora\u00e7\u00e3o vos agrade\u00e7o por todo o amor e a fadiga com que carregastes comigo o peso do meu minist\u00e9rio, e pe\u00e7o perd\u00e3o por todos os meus defeitos. Agora confiemos a Santa Igreja \u00e0 solicitude do seu Pastor Supremo, Nosso Senhor Jesus Cristo, e pe\u00e7amos a Maria, sua M\u00e3e Sant\u00edssima, que assista, com a sua bondade materna, os Padres Cardeais na elei\u00e7\u00e3o do novo Sumo Pont\u00edfice. Pelo que me diz respeito, nomeadamente no futuro, quero servir de todo o cora\u00e7\u00e3o, com uma vida consagrada \u00e0 ora\u00e7\u00e3o, a Santa Igreja de Deus&#8221;.<\/em><\/p>\n<p>Vaticano, 10 de Fevereiro de 2013.<\/p>\n<p>&nbsp;<\/p>\n<div id=\"themify_builder_content-20953\" data-postid=\"20953\" class=\"themify_builder_content themify_builder_content-20953 themify_builder themify_builder_front\">\n\t<\/div>\n<!-- \/themify_builder_content -->","protected":false},"excerpt":{"rendered":"<p>O papa Bento XVI anunciou nesta segunda-feira que deixar\u00e1 o cargo no dia 28 de fevereiro. Eis o texto integral do an\u00fancio: \u201cCar\u00edssimos Irm\u00e3os, convoquei-vos para este Consist\u00f3rio n\u00e3o s\u00f3 por causa das tr\u00eas canoniza\u00e7\u00f5es, mas tamb\u00e9m para vos comunicar uma decis\u00e3o de grande import\u00e2ncia para a vida da Igreja. Depois de ter examinado repetidamente [&hellip;]<\/p>\n","protected":false},"author":5,"featured_media":0,"comment_status":"open","ping_status":"open","sticky":false,"template":"","format":"standard","meta":{"ngg_post_thumbnail":0,"footnotes":""},"categories":[8],"tags":[206,99,157,34],"yoast_head":"<!-- This site is optimized with the Yoast SEO plugin v23.5 - https:\/\/yoast.com\/wordpress\/plugins\/seo\/ -->\n<title>Bento XVI anuncia que vai deixar o cargo dia 28\/02 - O Arcanjo no ar<\/title>\n<meta name=\"robots\" content=\"index, follow, max-snippet:-1, max-image-preview:large, max-video-preview:-1\" \/>\n<link rel=\"canonical\" href=\"https:\/\/www.oarcanjo.net\/site\/bento-xvi-anuncia-que-vai-deixar-o-cargo-dia-2802\/\" \/>\n<meta property=\"og:locale\" content=\"pt_BR\" \/>\n<meta property=\"og:type\" content=\"article\" \/>\n<meta property=\"og:title\" content=\"Bento XVI anuncia que vai deixar o cargo dia 28\/02 - O Arcanjo no ar\" \/>\n<meta property=\"og:description\" content=\"O papa Bento XVI anunciou nesta segunda-feira que deixar\u00e1 o cargo no dia 28 de fevereiro. Eis o texto integral do an\u00fancio: \u201cCar\u00edssimos Irm\u00e3os, convoquei-vos para este Consist\u00f3rio n\u00e3o s\u00f3 por causa das tr\u00eas canoniza\u00e7\u00f5es, mas tamb\u00e9m para vos comunicar uma decis\u00e3o de grande import\u00e2ncia para a vida da Igreja. Depois de ter examinado repetidamente [&hellip;]\" \/>\n<meta property=\"og:url\" content=\"https:\/\/www.oarcanjo.net\/site\/bento-xvi-anuncia-que-vai-deixar-o-cargo-dia-2802\/\" \/>\n<meta property=\"og:site_name\" content=\"O Arcanjo no ar\" \/>\n<meta property=\"article:publisher\" content=\"https:\/\/www.facebook.com\/OArcanjoNoAr\/\" \/>\n<meta property=\"article:published_time\" content=\"2013-02-11T12:05:16+00:00\" \/>\n<meta property=\"article:modified_time\" content=\"2013-02-14T12:44:43+00:00\" \/>\n<meta property=\"og:image\" content=\"https:\/\/www.oarcanjo.net\/site\/wp-content\/uploads\/logo-o-arcanjo-no-ar-facebook.png\" \/>\n\t<meta property=\"og:image:width\" content=\"300\" \/>\n\t<meta property=\"og:image:height\" content=\"300\" \/>\n\t<meta property=\"og:image:type\" content=\"image\/png\" \/>\n<meta name=\"author\" content=\"editor\" \/>\n<meta name=\"twitter:card\" content=\"summary_large_image\" \/>\n<meta name=\"twitter:label1\" content=\"Escrito por\" \/>\n\t<meta name=\"twitter:data1\" content=\"editor\" \/>\n\t<meta name=\"twitter:label2\" content=\"Est. tempo de leitura\" \/>\n\t<meta name=\"twitter:data2\" content=\"2 minutos\" \/>\n<script type=\"application\/ld+json\" class=\"yoast-schema-graph\">{\"@context\":\"https:\/\/schema.org\",\"@graph\":[{\"@type\":\"Article\",\"@id\":\"https:\/\/www.oarcanjo.net\/site\/bento-xvi-anuncia-que-vai-deixar-o-cargo-dia-2802\/#article\",\"isPartOf\":{\"@id\":\"https:\/\/www.oarcanjo.net\/site\/bento-xvi-anuncia-que-vai-deixar-o-cargo-dia-2802\/\"},\"author\":{\"name\":\"editor\",\"@id\":\"https:\/\/www.oarcanjo.net\/site\/#\/schema\/person\/f7024d007863202483a31326673a0838\"},\"headline\":\"Bento XVI anuncia que vai deixar o cargo dia 28\/02\",\"datePublished\":\"2013-02-11T12:05:16+00:00\",\"dateModified\":\"2013-02-14T12:44:43+00:00\",\"mainEntityOfPage\":{\"@id\":\"https:\/\/www.oarcanjo.net\/site\/bento-xvi-anuncia-que-vai-deixar-o-cargo-dia-2802\/\"},\"wordCount\":413,\"commentCount\":3,\"publisher\":{\"@id\":\"https:\/\/www.oarcanjo.net\/site\/#organization\"},\"keywords\":[\"Bento XVI\",\"igreja\",\"papa\",\"vaticano\"],\"articleSection\":[\"Not\u00edcias\"],\"inLanguage\":\"pt-BR\",\"potentialAction\":[{\"@type\":\"CommentAction\",\"name\":\"Comment\",\"target\":[\"https:\/\/www.oarcanjo.net\/site\/bento-xvi-anuncia-que-vai-deixar-o-cargo-dia-2802\/#respond\"]}]},{\"@type\":\"WebPage\",\"@id\":\"https:\/\/www.oarcanjo.net\/site\/bento-xvi-anuncia-que-vai-deixar-o-cargo-dia-2802\/\",\"url\":\"https:\/\/www.oarcanjo.net\/site\/bento-xvi-anuncia-que-vai-deixar-o-cargo-dia-2802\/\",\"name\":\"Bento XVI anuncia que vai deixar o cargo dia 28\/02 - O Arcanjo no ar\",\"isPartOf\":{\"@id\":\"https:\/\/www.oarcanjo.net\/site\/#website\"},\"datePublished\":\"2013-02-11T12:05:16+00:00\",\"dateModified\":\"2013-02-14T12:44:43+00:00\",\"breadcrumb\":{\"@id\":\"https:\/\/www.oarcanjo.net\/site\/bento-xvi-anuncia-que-vai-deixar-o-cargo-dia-2802\/#breadcrumb\"},\"inLanguage\":\"pt-BR\",\"potentialAction\":[{\"@type\":\"ReadAction\",\"target\":[\"https:\/\/www.oarcanjo.net\/site\/bento-xvi-anuncia-que-vai-deixar-o-cargo-dia-2802\/\"]}]},{\"@type\":\"BreadcrumbList\",\"@id\":\"https:\/\/www.oarcanjo.net\/site\/bento-xvi-anuncia-que-vai-deixar-o-cargo-dia-2802\/#breadcrumb\",\"itemListElement\":[{\"@type\":\"ListItem\",\"position\":1,\"name\":\"In\u00edcio\",\"item\":\"https:\/\/www.oarcanjo.net\/site\/\"},{\"@type\":\"ListItem\",\"position\":2,\"name\":\"Bento XVI anuncia que vai deixar o cargo dia 28\/02\"}]},{\"@type\":\"WebSite\",\"@id\":\"https:\/\/www.oarcanjo.net\/site\/#website\",\"url\":\"https:\/\/www.oarcanjo.net\/site\/\",\"name\":\"O Arcanjo no ar\",\"description\":\"Site da Par\u00f3quia S\u00e3o Miguel Arcanjo (Arquidiocese de SP)\",\"publisher\":{\"@id\":\"https:\/\/www.oarcanjo.net\/site\/#organization\"},\"potentialAction\":[{\"@type\":\"SearchAction\",\"target\":{\"@type\":\"EntryPoint\",\"urlTemplate\":\"https:\/\/www.oarcanjo.net\/site\/?s={search_term_string}\"},\"query-input\":{\"@type\":\"PropertyValueSpecification\",\"valueRequired\":true,\"valueName\":\"search_term_string\"}}],\"inLanguage\":\"pt-BR\"},{\"@type\":\"Organization\",\"@id\":\"https:\/\/www.oarcanjo.net\/site\/#organization\",\"name\":\"Par\u00f3quia S\u00e3o Miguel Arcanjo\",\"url\":\"https:\/\/www.oarcanjo.net\/site\/\",\"logo\":{\"@type\":\"ImageObject\",\"inLanguage\":\"pt-BR\",\"@id\":\"https:\/\/www.oarcanjo.net\/site\/#\/schema\/logo\/image\/\",\"url\":\"https:\/\/www.oarcanjo.net\/site\/wp-content\/uploads\/LogoOArcanjo.png\",\"contentUrl\":\"https:\/\/www.oarcanjo.net\/site\/wp-content\/uploads\/LogoOArcanjo.png\",\"width\":319,\"height\":99,\"caption\":\"Par\u00f3quia S\u00e3o Miguel Arcanjo\"},\"image\":{\"@id\":\"https:\/\/www.oarcanjo.net\/site\/#\/schema\/logo\/image\/\"},\"sameAs\":[\"https:\/\/www.facebook.com\/OArcanjoNoAr\/\"]},{\"@type\":\"Person\",\"@id\":\"https:\/\/www.oarcanjo.net\/site\/#\/schema\/person\/f7024d007863202483a31326673a0838\",\"name\":\"editor\",\"sameAs\":[\"http:\/\/www.oarcanjo.net\"]}]}<\/script>\n<!-- \/ Yoast SEO plugin. -->","yoast_head_json":{"title":"Bento XVI anuncia que vai deixar o cargo dia 28\/02 - O Arcanjo no ar","robots":{"index":"index","follow":"follow","max-snippet":"max-snippet:-1","max-image-preview":"max-image-preview:large","max-video-preview":"max-video-preview:-1"},"canonical":"https:\/\/www.oarcanjo.net\/site\/bento-xvi-anuncia-que-vai-deixar-o-cargo-dia-2802\/","og_locale":"pt_BR","og_type":"article","og_title":"Bento XVI anuncia que vai deixar o cargo dia 28\/02 - O Arcanjo no ar","og_description":"O papa Bento XVI anunciou nesta segunda-feira que deixar\u00e1 o cargo no dia 28 de fevereiro. Eis o texto integral do an\u00fancio: \u201cCar\u00edssimos Irm\u00e3os, convoquei-vos para este Consist\u00f3rio n\u00e3o s\u00f3 por causa das tr\u00eas canoniza\u00e7\u00f5es, mas tamb\u00e9m para vos comunicar uma decis\u00e3o de grande import\u00e2ncia para a vida da Igreja. Depois de ter examinado repetidamente [&hellip;]","og_url":"https:\/\/www.oarcanjo.net\/site\/bento-xvi-anuncia-que-vai-deixar-o-cargo-dia-2802\/","og_site_name":"O Arcanjo no ar","article_publisher":"https:\/\/www.facebook.com\/OArcanjoNoAr\/","article_published_time":"2013-02-11T12:05:16+00:00","article_modified_time":"2013-02-14T12:44:43+00:00","og_image":[{"width":300,"height":300,"url":"https:\/\/www.oarcanjo.net\/site\/wp-content\/uploads\/logo-o-arcanjo-no-ar-facebook.png","type":"image\/png"}],"author":"editor","twitter_card":"summary_large_image","twitter_misc":{"Escrito por":"editor","Est. tempo de leitura":"2 minutos"},"schema":{"@context":"https:\/\/schema.org","@graph":[{"@type":"Article","@id":"https:\/\/www.oarcanjo.net\/site\/bento-xvi-anuncia-que-vai-deixar-o-cargo-dia-2802\/#article","isPartOf":{"@id":"https:\/\/www.oarcanjo.net\/site\/bento-xvi-anuncia-que-vai-deixar-o-cargo-dia-2802\/"},"author":{"name":"editor","@id":"https:\/\/www.oarcanjo.net\/site\/#\/schema\/person\/f7024d007863202483a31326673a0838"},"headline":"Bento XVI anuncia que vai deixar o cargo dia 28\/02","datePublished":"2013-02-11T12:05:16+00:00","dateModified":"2013-02-14T12:44:43+00:00","mainEntityOfPage":{"@id":"https:\/\/www.oarcanjo.net\/site\/bento-xvi-anuncia-que-vai-deixar-o-cargo-dia-2802\/"},"wordCount":413,"commentCount":3,"publisher":{"@id":"https:\/\/www.oarcanjo.net\/site\/#organization"},"keywords":["Bento XVI","igreja","papa","vaticano"],"articleSection":["Not\u00edcias"],"inLanguage":"pt-BR","potentialAction":[{"@type":"CommentAction","name":"Comment","target":["https:\/\/www.oarcanjo.net\/site\/bento-xvi-anuncia-que-vai-deixar-o-cargo-dia-2802\/#respond"]}]},{"@type":"WebPage","@id":"https:\/\/www.oarcanjo.net\/site\/bento-xvi-anuncia-que-vai-deixar-o-cargo-dia-2802\/","url":"https:\/\/www.oarcanjo.net\/site\/bento-xvi-anuncia-que-vai-deixar-o-cargo-dia-2802\/","name":"Bento XVI anuncia que vai deixar o cargo dia 28\/02 - O Arcanjo no ar","isPartOf":{"@id":"https:\/\/www.oarcanjo.net\/site\/#website"},"datePublished":"2013-02-11T12:05:16+00:00","dateModified":"2013-02-14T12:44:43+00:00","breadcrumb":{"@id":"https:\/\/www.oarcanjo.net\/site\/bento-xvi-anuncia-que-vai-deixar-o-cargo-dia-2802\/#breadcrumb"},"inLanguage":"pt-BR","potentialAction":[{"@type":"ReadAction","target":["https:\/\/www.oarcanjo.net\/site\/bento-xvi-anuncia-que-vai-deixar-o-cargo-dia-2802\/"]}]},{"@type":"BreadcrumbList","@id":"https:\/\/www.oarcanjo.net\/site\/bento-xvi-anuncia-que-vai-deixar-o-cargo-dia-2802\/#breadcrumb","itemListElement":[{"@type":"ListItem","position":1,"name":"In\u00edcio","item":"https:\/\/www.oarcanjo.net\/site\/"},{"@type":"ListItem","position":2,"name":"Bento XVI anuncia que vai deixar o cargo dia 28\/02"}]},{"@type":"WebSite","@id":"https:\/\/www.oarcanjo.net\/site\/#website","url":"https:\/\/www.oarcanjo.net\/site\/","name":"O Arcanjo no ar","description":"Site da Par\u00f3quia S\u00e3o Miguel Arcanjo (Arquidiocese de SP)","publisher":{"@id":"https:\/\/www.oarcanjo.net\/site\/#organization"},"potentialAction":[{"@type":"SearchAction","target":{"@type":"EntryPoint","urlTemplate":"https:\/\/www.oarcanjo.net\/site\/?s={search_term_string}"},"query-input":{"@type":"PropertyValueSpecification","valueRequired":true,"valueName":"search_term_string"}}],"inLanguage":"pt-BR"},{"@type":"Organization","@id":"https:\/\/www.oarcanjo.net\/site\/#organization","name":"Par\u00f3quia S\u00e3o Miguel Arcanjo","url":"https:\/\/www.oarcanjo.net\/site\/","logo":{"@type":"ImageObject","inLanguage":"pt-BR","@id":"https:\/\/www.oarcanjo.net\/site\/#\/schema\/logo\/image\/","url":"https:\/\/www.oarcanjo.net\/site\/wp-content\/uploads\/LogoOArcanjo.png","contentUrl":"https:\/\/www.oarcanjo.net\/site\/wp-content\/uploads\/LogoOArcanjo.png","width":319,"height":99,"caption":"Par\u00f3quia S\u00e3o Miguel Arcanjo"},"image":{"@id":"https:\/\/www.oarcanjo.net\/site\/#\/schema\/logo\/image\/"},"sameAs":["https:\/\/www.facebook.com\/OArcanjoNoAr\/"]},{"@type":"Person","@id":"https:\/\/www.oarcanjo.net\/site\/#\/schema\/person\/f7024d007863202483a31326673a0838","name":"editor","sameAs":["http:\/\/www.oarcanjo.net"]}]}},"publishpress_future_action":{"enabled":false,"date":"2026-05-07 13:03:23","action":"category","newStatus":"draft","terms":[],"taxonomy":"category"},"publishpress_future_workflow_manual_trigger":{"enabledWorkflows":[]},"_links":{"self":[{"href":"https:\/\/www.oarcanjo.net\/site\/wp-json\/wp\/v2\/posts\/20953"}],"collection":[{"href":"https:\/\/www.oarcanjo.net\/site\/wp-json\/wp\/v2\/posts"}],"about":[{"href":"https:\/\/www.oarcanjo.net\/site\/wp-json\/wp\/v2\/types\/post"}],"author":[{"embeddable":true,"href":"https:\/\/www.oarcanjo.net\/site\/wp-json\/wp\/v2\/users\/5"}],"replies":[{"embeddable":true,"href":"https:\/\/www.oarcanjo.net\/site\/wp-json\/wp\/v2\/comments?post=20953"}],"version-history":[{"count":0,"href":"https:\/\/www.oarcanjo.net\/site\/wp-json\/wp\/v2\/posts\/20953\/revisions"}],"wp:attachment":[{"href":"https:\/\/www.oarcanjo.net\/site\/wp-json\/wp\/v2\/media?parent=20953"}],"wp:term":[{"taxonomy":"category","embeddable":true,"href":"https:\/\/www.oarcanjo.net\/site\/wp-json\/wp\/v2\/categories?post=20953"},{"taxonomy":"post_tag","embeddable":true,"href":"https:\/\/www.oarcanjo.net\/site\/wp-json\/wp\/v2\/tags?post=20953"}],"curies":[{"name":"wp","href":"https:\/\/api.w.org\/{rel}","templated":true}]}}