
{"id":20962,"date":"2013-02-13T10:04:14","date_gmt":"2013-02-13T12:04:14","guid":{"rendered":"http:\/\/www.oarcanjo.net\/site\/?p=20962"},"modified":"2013-02-13T10:04:37","modified_gmt":"2013-02-13T12:04:37","slug":"um-nao-maior-que-um-sim","status":"publish","type":"post","link":"https:\/\/www.oarcanjo.net\/site\/um-nao-maior-que-um-sim\/","title":{"rendered":"Um n\u00e3o maior que um sim"},"content":{"rendered":"<p>Pe. Alfredo J. Gon\u00e7alves, CS<\/p>\n<p style=\"text-align: justify;\"><a href=\"http:\/\/www.oarcanjo.net\/site\/wp-content\/uploads\/papa.jpg\"><img loading=\"lazy\" decoding=\"async\" class=\"alignleft size-medium wp-image-20963\" title=\"papa\" src=\"http:\/\/www.oarcanjo.net\/site\/wp-content\/uploads\/papa-300x200.jpg\" alt=\"\" width=\"300\" height=\"200\" srcset=\"https:\/\/www.oarcanjo.net\/site\/wp-content\/uploads\/papa-300x200.jpg 300w, https:\/\/www.oarcanjo.net\/site\/wp-content\/uploads\/papa.jpg 600w\" sizes=\"(max-width: 300px) 100vw, 300px\" \/><\/a>Essa pode ser uma forma de descrever recente ren\u00fancia do Papa Bento XVI. S\u00e3o v\u00e1rios e variados os aspectos a serem considerados. De in\u00edcio surpreende sua coragem, ao mesmo tempo grandiosa e humilde, de romper com uma tradi\u00e7\u00e3o secular. Quanto a isso, certamente o te\u00f3logo Joseph Ratzinger permanecer\u00e1 na hist\u00f3ria da Igreja mais por sua forma de deixar a cadeira de Pedro do que por seu pontificado. De fato, nestes quase oito anos \u00e0 frente da Santa S\u00e9, sua forma de governar se contrap\u00f5e \u00e0 de seu predecessor, Jo\u00e3o Paulo II, pela timidez, pondera\u00e7\u00e3o e lentid\u00e3o. E por seu conservadorismo, acrescentariam apressadamente alguns. \u00c0 parte esse tipo de avalia\u00e7\u00e3o talvez precoce e ideol\u00f3gica, a verdade \u00e9 que o pont\u00edfice renunciante passa a representar um marco hist\u00f3rico no ato mesmo de deixar a hist\u00f3ria.<\/p>\n<p style=\"text-align: justify;\">Com isso transforma tamb\u00e9m o conceito teol\u00f3gico da a\u00e7\u00e3o do Esp\u00edrito Santo na Igreja. N\u00e3o raramente essa a\u00e7\u00e3o carrega certo grau de magia, como se estivesse acima ou fora das coordenadas da hist\u00f3ria da humanidade, ou isenta de qualquer julgamento hist\u00f3rico-social. Com sua ren\u00fancia, Bento XVI nos diz, pura e simplesmente, que o Esp\u00edrito Santo age na hist\u00f3ria, sim, mas atrav\u00e9s da pr\u00f3pria a\u00e7\u00e3o humana. N\u00e3o tolhe a liberdade de cada homem ou mulher, mas lhe confere um significado espiritual e mais profundo. O Esp\u00edrito n\u00e3o age al\u00e9m ou indiferentemente da pr\u00e1xis hist\u00f3rica A a\u00e7\u00e3o divina na trajet\u00f3ria humana, longe de desconhecer o dom intransfer\u00edvel da liberdade, leva-o \u00e0s \u00faltimas consequ\u00eancias, silenciando nos momentos mais dif\u00edceis e obscuros que o ser humano atravessa, como o Filho no alto da cruz: \u201cMeu Deus, meu Deus, por que me abandonaste!\u201d. As op\u00e7\u00f5es e consequ\u00eancias de nossa trajet\u00f3ria recaem sobre nossos pr\u00f3prios ombros, o que n\u00e3o significa indiferen\u00e7a por parte de Deus, apenas sali\u00eancio e espera amorosa.<\/p>\n<p style=\"text-align: justify;\">Quem ama, de resto, pode pouco al\u00e9m de amar! O amor \u00e9 uma flor fr\u00e1gil exposta ao vento. Na cruz o Pai revela um amor presente-ausente. A \u00fanica arma de que disp\u00f5e \u00e9 o amor, porque abdicou de antem\u00e3o de toda for\u00e7a e autoritarismo. E o amor perdoa e se compadece, tem miseric\u00f3rdia e compaix\u00e3o, aben\u00e7oa e salva, mas jamais interv\u00e9m nas decis\u00f5es de cada ser humano. Este, quem quer que seja, abre uma vereda \u00fanica e irrepet\u00edvel no terreno \u00e1rido da hist\u00f3ria. Que faz ent\u00e3o a a\u00e7\u00e3o do Esp\u00edrito Santo? Nada mais nada menos do que revestir a pr\u00f3pria a\u00e7\u00e3o humana com a luz divina, conferindo com isso um sentido oculto e transcendente \u00e0 exist\u00eancia. Costura os feitos humanos de tal forma que vento ou tempestade alguma ser\u00e1 capaz de varrer as marcas de amor e de bem que o homem tenha deixado no pergaminho da hist\u00f3ria. Ou seja, pela a\u00e7\u00e3o divina, os fatos tornam-se eternos. Eternidade, neste caso, n\u00e3o significa a vida ap\u00f3s a morte, mas a passagem pela terra revestida de um car\u00e1ter imorredouro. S\u00e3o eternos o gesto, o olhar, o toque, a palavra, o sorriso&#8230; de quem ama. Escritos com caracteres de um fogo que jamais de apaga. \u201cPassou pela vida fazendo o bem\u201d, dizem os escritos sagrados sobre o itiner\u00e1rio de Jesus.<\/p>\n<p style=\"text-align: justify;\">Joseph Ratzinger vem nos lembrar, portanto, que o Esp\u00edrito Santo n\u00e3o imuniza seus ministros contra as fraquezas e debilidades da doen\u00e7a e da idade. Todos estamos sujeitos \u00e0s feridas e cicatrizes que o tempo vai cavando no corpo e na alma. Mas a li\u00e7\u00e3o \u00e9 bem mais profunda: a cadeira de Pedro n\u00e3o \u00e9 um posto misterioso e sagrado, protegido das tormentas e turbul\u00eancias humanas. Ao contr\u00e1rio, sofre-as de uma forma bem mais pesada, como capit\u00e3o de uma barca extremamente d\u00e9bil num mundo cujas inova\u00e7\u00f5es e mudan\u00e7as criam ondas cada vez mais carregadas e amea\u00e7adoras. Aqui reside a coragem de revelar a pr\u00f3pria fragilidade e de passar a outro o comando da nave. Numa palavra, o minist\u00e9rio pontif\u00edcio, como qualquer outro, n\u00e3o passa de um servi\u00e7o a Deus, \u00e0 Igreja e aos pobres. Quando o organismo se debilita, seja pela enfermidade ou pelos anos, tal servi\u00e7o pede bra\u00e7os mais jovens e vigorosos.<\/p>\n<p style=\"text-align: justify;\">Semelhante decis\u00e3o, dir\u00edamos, contradiz a de seu antecessor, o qual permaneceu no cargo mesmo em condi\u00e7\u00f5es humanas de extrema debilidade! Talvez n\u00e3o seja essa a forma correta de ver as coisas. A meu ver, est\u00e3o diante de duas formas distintas de oferecer a vida por amor ao Reino e \u00e0 Igreja. Duas formas diferentes em duas personalidades igualmente diferentes. Se Jo\u00e3o Paulo II decide ir at\u00e9 o \u00faltimo limite impulsionado pelo esse amor, Bento XVI escolhe outra via, a de ceder a cadeira petrina por lhe faltarem as for\u00e7as. Nem por isso revela um amor menor. Apenas uma maneira distinta de levar adiante o seu \u201csim\u201d, que passa \u00e0 sombra sem deixar de servir. Se h\u00e1 resist\u00eancia e total doa\u00e7\u00e3o de um lado, n\u00e3o faltam sabedoria e humildade do outro. Em ambos os testemunhos, uma nota comum: a de um sacrif\u00edcio em nome de uma voca\u00e7\u00e3o de entrega e gratuidade total.<\/p>\n<p style=\"text-align: justify;\">O gesto de Joseph Ratinger, por outro lado, abre novos horizontes \u00e0 trajet\u00f3ria da Igreja Cat\u00f3lica. Jamais esta ser\u00e1 a mesma: seus sucessores herdar\u00e3o uma corajosa e inusitada liberdade. Uma vez mais, a a\u00e7\u00e3o de Deus na hist\u00f3ria n\u00e3o tem aplica\u00e7\u00e3o autom\u00e1tica, mas passa pelas decis\u00f5es daqueles se se abrem ao sopro vivo e ativo do Esp\u00edrito. Ao revelar sua fragilidade humana, talvez Bento XVI esteja aproximando a Igreja do mundo contempor\u00e2neo em alguns s\u00e9culos. Como todas as formas de poder, tamb\u00e9m essa \u00e9 marcada pela condi\u00e7\u00e3o humana sobre a face da terra, estando sujeita \u00e0 fraqueza e \u00e0s falhas. Com isso, o poder e o servi\u00e7o se entrela\u00e7am de forma inextrinc\u00e1vel. O poder pontif\u00edcio, como todas as outras formas de poder, \u00e9 tamb\u00e9m um servi\u00e7o a uma institui\u00e7\u00e3o que n\u00e3o est\u00e1 nas nuvens, acima dos seres mortais, mas tem suas ra\u00edzes bem fincadas no ch\u00e3o da hist\u00f3ria. Ra\u00edzes, diga-se de passagem, com mais de dois mil anos de experi\u00eancia tanto no pecado quanto na gra\u00e7a.<\/p>\n<p style=\"text-align: justify;\">Vale lembrar que Bento XVI foi o papa em cujas m\u00e3os explodiram uma s\u00e9rie de esc\u00e2ndalos no interior mesmo da Igreja. Tudo isso pesa, e pesa muito, sobre os ombros de uma s\u00f3 pessoa. Debilita qualquer organismo por mais forte que seja. Mas tudo isso, quem sabe, possa novamente abrir as janelas do Vaticano aos ares do mundo contempor\u00e2neo, como ocorreu com Jo\u00e3o XXIII ao convocar o Conc\u00edlio Ecum\u00eanico Vaticano II. Fragilizado pelo combate, o Papa deixa um legado para n\u00e3o pouca reflex\u00e3o, talvez um s\u00e9rio convite quaresmal \u00e0 convers\u00e3o. Converter \u00e9 mudar o rumo dos pr\u00f3prios passos e do pr\u00f3prio comportamento. Quem sabe, com esse gesto simultaneamente humilde e grandioso, a Igreja n\u00e3o esteja sendo convidada a modificar sua forma de governo diante de uma sociedade que avan\u00e7a a passos largos! Quem sabe o seu \u201cn\u00e3o\u201d seja t\u00e3o grande e t\u00e3o s\u00e1bio quanto o seu \u201csim\u201d! S\u00f3 a hist\u00f3ria e o Esp\u00edrito que age em suas coordenadas o poder\u00e3o julgar.<\/p>\n<div id=\"themify_builder_content-20962\" data-postid=\"20962\" class=\"themify_builder_content themify_builder_content-20962 themify_builder themify_builder_front\">\n\t<\/div>\n<!-- \/themify_builder_content -->","protected":false},"excerpt":{"rendered":"<p>Pe. Alfredo J. Gon\u00e7alves, CS Essa pode ser uma forma de descrever recente ren\u00fancia do Papa Bento XVI. S\u00e3o v\u00e1rios e variados os aspectos a serem considerados. De in\u00edcio surpreende sua coragem, ao mesmo tempo grandiosa e humilde, de romper com uma tradi\u00e7\u00e3o secular. Quanto a isso, certamente o te\u00f3logo Joseph Ratzinger permanecer\u00e1 na hist\u00f3ria [&hellip;]<\/p>\n","protected":false},"author":15,"featured_media":0,"comment_status":"open","ping_status":"open","sticky":false,"template":"","format":"standard","meta":{"ngg_post_thumbnail":0,"footnotes":""},"categories":[9],"tags":[],"yoast_head":"<!-- This site is optimized with the Yoast SEO plugin v23.5 - https:\/\/yoast.com\/wordpress\/plugins\/seo\/ -->\n<title>Um n\u00e3o maior que um sim - O Arcanjo no ar<\/title>\n<meta name=\"robots\" content=\"index, follow, max-snippet:-1, max-image-preview:large, max-video-preview:-1\" \/>\n<link rel=\"canonical\" href=\"https:\/\/www.oarcanjo.net\/site\/um-nao-maior-que-um-sim\/\" \/>\n<meta property=\"og:locale\" content=\"pt_BR\" \/>\n<meta property=\"og:type\" content=\"article\" \/>\n<meta property=\"og:title\" content=\"Um n\u00e3o maior que um sim - O Arcanjo no ar\" \/>\n<meta property=\"og:description\" content=\"Pe. Alfredo J. Gon\u00e7alves, CS Essa pode ser uma forma de descrever recente ren\u00fancia do Papa Bento XVI. S\u00e3o v\u00e1rios e variados os aspectos a serem considerados. De in\u00edcio surpreende sua coragem, ao mesmo tempo grandiosa e humilde, de romper com uma tradi\u00e7\u00e3o secular. Quanto a isso, certamente o te\u00f3logo Joseph Ratzinger permanecer\u00e1 na hist\u00f3ria [&hellip;]\" \/>\n<meta property=\"og:url\" content=\"https:\/\/www.oarcanjo.net\/site\/um-nao-maior-que-um-sim\/\" \/>\n<meta property=\"og:site_name\" content=\"O Arcanjo no ar\" \/>\n<meta property=\"article:publisher\" content=\"https:\/\/www.facebook.com\/OArcanjoNoAr\/\" \/>\n<meta property=\"article:published_time\" content=\"2013-02-13T12:04:14+00:00\" \/>\n<meta property=\"article:modified_time\" content=\"2013-02-13T12:04:37+00:00\" \/>\n<meta property=\"og:image\" content=\"http:\/\/www.oarcanjo.net\/site\/wp-content\/uploads\/papa-300x200.jpg\" \/>\n<meta name=\"author\" content=\"Alexandre Nunes\" \/>\n<meta name=\"twitter:card\" content=\"summary_large_image\" \/>\n<meta name=\"twitter:label1\" content=\"Escrito por\" \/>\n\t<meta name=\"twitter:data1\" content=\"Alexandre Nunes\" \/>\n\t<meta name=\"twitter:label2\" content=\"Est. tempo de leitura\" \/>\n\t<meta name=\"twitter:data2\" content=\"6 minutos\" \/>\n<script type=\"application\/ld+json\" class=\"yoast-schema-graph\">{\"@context\":\"https:\/\/schema.org\",\"@graph\":[{\"@type\":\"Article\",\"@id\":\"https:\/\/www.oarcanjo.net\/site\/um-nao-maior-que-um-sim\/#article\",\"isPartOf\":{\"@id\":\"https:\/\/www.oarcanjo.net\/site\/um-nao-maior-que-um-sim\/\"},\"author\":{\"name\":\"Alexandre Nunes\",\"@id\":\"https:\/\/www.oarcanjo.net\/site\/#\/schema\/person\/0a2ae077c1a09b69d29928e3b9f1c0d1\"},\"headline\":\"Um n\u00e3o maior que um sim\",\"datePublished\":\"2013-02-13T12:04:14+00:00\",\"dateModified\":\"2013-02-13T12:04:37+00:00\",\"mainEntityOfPage\":{\"@id\":\"https:\/\/www.oarcanjo.net\/site\/um-nao-maior-que-um-sim\/\"},\"wordCount\":1293,\"commentCount\":1,\"publisher\":{\"@id\":\"https:\/\/www.oarcanjo.net\/site\/#organization\"},\"image\":{\"@id\":\"https:\/\/www.oarcanjo.net\/site\/um-nao-maior-que-um-sim\/#primaryimage\"},\"thumbnailUrl\":\"http:\/\/www.oarcanjo.net\/site\/wp-content\/uploads\/papa-300x200.jpg\",\"articleSection\":[\"Reflex\u00f5es\"],\"inLanguage\":\"pt-BR\",\"potentialAction\":[{\"@type\":\"CommentAction\",\"name\":\"Comment\",\"target\":[\"https:\/\/www.oarcanjo.net\/site\/um-nao-maior-que-um-sim\/#respond\"]}]},{\"@type\":\"WebPage\",\"@id\":\"https:\/\/www.oarcanjo.net\/site\/um-nao-maior-que-um-sim\/\",\"url\":\"https:\/\/www.oarcanjo.net\/site\/um-nao-maior-que-um-sim\/\",\"name\":\"Um n\u00e3o maior que um sim - O Arcanjo no ar\",\"isPartOf\":{\"@id\":\"https:\/\/www.oarcanjo.net\/site\/#website\"},\"primaryImageOfPage\":{\"@id\":\"https:\/\/www.oarcanjo.net\/site\/um-nao-maior-que-um-sim\/#primaryimage\"},\"image\":{\"@id\":\"https:\/\/www.oarcanjo.net\/site\/um-nao-maior-que-um-sim\/#primaryimage\"},\"thumbnailUrl\":\"http:\/\/www.oarcanjo.net\/site\/wp-content\/uploads\/papa-300x200.jpg\",\"datePublished\":\"2013-02-13T12:04:14+00:00\",\"dateModified\":\"2013-02-13T12:04:37+00:00\",\"breadcrumb\":{\"@id\":\"https:\/\/www.oarcanjo.net\/site\/um-nao-maior-que-um-sim\/#breadcrumb\"},\"inLanguage\":\"pt-BR\",\"potentialAction\":[{\"@type\":\"ReadAction\",\"target\":[\"https:\/\/www.oarcanjo.net\/site\/um-nao-maior-que-um-sim\/\"]}]},{\"@type\":\"ImageObject\",\"inLanguage\":\"pt-BR\",\"@id\":\"https:\/\/www.oarcanjo.net\/site\/um-nao-maior-que-um-sim\/#primaryimage\",\"url\":\"https:\/\/www.oarcanjo.net\/site\/wp-content\/uploads\/papa.jpg\",\"contentUrl\":\"https:\/\/www.oarcanjo.net\/site\/wp-content\/uploads\/papa.jpg\",\"width\":\"600\",\"height\":\"400\"},{\"@type\":\"BreadcrumbList\",\"@id\":\"https:\/\/www.oarcanjo.net\/site\/um-nao-maior-que-um-sim\/#breadcrumb\",\"itemListElement\":[{\"@type\":\"ListItem\",\"position\":1,\"name\":\"In\u00edcio\",\"item\":\"https:\/\/www.oarcanjo.net\/site\/\"},{\"@type\":\"ListItem\",\"position\":2,\"name\":\"Um n\u00e3o maior que um sim\"}]},{\"@type\":\"WebSite\",\"@id\":\"https:\/\/www.oarcanjo.net\/site\/#website\",\"url\":\"https:\/\/www.oarcanjo.net\/site\/\",\"name\":\"O Arcanjo no ar\",\"description\":\"Site da Par\u00f3quia S\u00e3o Miguel Arcanjo (Arquidiocese de SP)\",\"publisher\":{\"@id\":\"https:\/\/www.oarcanjo.net\/site\/#organization\"},\"potentialAction\":[{\"@type\":\"SearchAction\",\"target\":{\"@type\":\"EntryPoint\",\"urlTemplate\":\"https:\/\/www.oarcanjo.net\/site\/?s={search_term_string}\"},\"query-input\":{\"@type\":\"PropertyValueSpecification\",\"valueRequired\":true,\"valueName\":\"search_term_string\"}}],\"inLanguage\":\"pt-BR\"},{\"@type\":\"Organization\",\"@id\":\"https:\/\/www.oarcanjo.net\/site\/#organization\",\"name\":\"Par\u00f3quia S\u00e3o Miguel Arcanjo\",\"url\":\"https:\/\/www.oarcanjo.net\/site\/\",\"logo\":{\"@type\":\"ImageObject\",\"inLanguage\":\"pt-BR\",\"@id\":\"https:\/\/www.oarcanjo.net\/site\/#\/schema\/logo\/image\/\",\"url\":\"https:\/\/www.oarcanjo.net\/site\/wp-content\/uploads\/LogoOArcanjo.png\",\"contentUrl\":\"https:\/\/www.oarcanjo.net\/site\/wp-content\/uploads\/LogoOArcanjo.png\",\"width\":319,\"height\":99,\"caption\":\"Par\u00f3quia S\u00e3o Miguel Arcanjo\"},\"image\":{\"@id\":\"https:\/\/www.oarcanjo.net\/site\/#\/schema\/logo\/image\/\"},\"sameAs\":[\"https:\/\/www.facebook.com\/OArcanjoNoAr\/\"]},{\"@type\":\"Person\",\"@id\":\"https:\/\/www.oarcanjo.net\/site\/#\/schema\/person\/0a2ae077c1a09b69d29928e3b9f1c0d1\",\"name\":\"Alexandre Nunes\",\"sameAs\":[\"http:\/\/alexandrenu.com\"]}]}<\/script>\n<!-- \/ Yoast SEO plugin. -->","yoast_head_json":{"title":"Um n\u00e3o maior que um sim - O Arcanjo no ar","robots":{"index":"index","follow":"follow","max-snippet":"max-snippet:-1","max-image-preview":"max-image-preview:large","max-video-preview":"max-video-preview:-1"},"canonical":"https:\/\/www.oarcanjo.net\/site\/um-nao-maior-que-um-sim\/","og_locale":"pt_BR","og_type":"article","og_title":"Um n\u00e3o maior que um sim - O Arcanjo no ar","og_description":"Pe. Alfredo J. Gon\u00e7alves, CS Essa pode ser uma forma de descrever recente ren\u00fancia do Papa Bento XVI. S\u00e3o v\u00e1rios e variados os aspectos a serem considerados. De in\u00edcio surpreende sua coragem, ao mesmo tempo grandiosa e humilde, de romper com uma tradi\u00e7\u00e3o secular. Quanto a isso, certamente o te\u00f3logo Joseph Ratzinger permanecer\u00e1 na hist\u00f3ria [&hellip;]","og_url":"https:\/\/www.oarcanjo.net\/site\/um-nao-maior-que-um-sim\/","og_site_name":"O Arcanjo no ar","article_publisher":"https:\/\/www.facebook.com\/OArcanjoNoAr\/","article_published_time":"2013-02-13T12:04:14+00:00","article_modified_time":"2013-02-13T12:04:37+00:00","og_image":[{"url":"http:\/\/www.oarcanjo.net\/site\/wp-content\/uploads\/papa-300x200.jpg"}],"author":"Alexandre Nunes","twitter_card":"summary_large_image","twitter_misc":{"Escrito por":"Alexandre Nunes","Est. tempo de leitura":"6 minutos"},"schema":{"@context":"https:\/\/schema.org","@graph":[{"@type":"Article","@id":"https:\/\/www.oarcanjo.net\/site\/um-nao-maior-que-um-sim\/#article","isPartOf":{"@id":"https:\/\/www.oarcanjo.net\/site\/um-nao-maior-que-um-sim\/"},"author":{"name":"Alexandre Nunes","@id":"https:\/\/www.oarcanjo.net\/site\/#\/schema\/person\/0a2ae077c1a09b69d29928e3b9f1c0d1"},"headline":"Um n\u00e3o maior que um sim","datePublished":"2013-02-13T12:04:14+00:00","dateModified":"2013-02-13T12:04:37+00:00","mainEntityOfPage":{"@id":"https:\/\/www.oarcanjo.net\/site\/um-nao-maior-que-um-sim\/"},"wordCount":1293,"commentCount":1,"publisher":{"@id":"https:\/\/www.oarcanjo.net\/site\/#organization"},"image":{"@id":"https:\/\/www.oarcanjo.net\/site\/um-nao-maior-que-um-sim\/#primaryimage"},"thumbnailUrl":"http:\/\/www.oarcanjo.net\/site\/wp-content\/uploads\/papa-300x200.jpg","articleSection":["Reflex\u00f5es"],"inLanguage":"pt-BR","potentialAction":[{"@type":"CommentAction","name":"Comment","target":["https:\/\/www.oarcanjo.net\/site\/um-nao-maior-que-um-sim\/#respond"]}]},{"@type":"WebPage","@id":"https:\/\/www.oarcanjo.net\/site\/um-nao-maior-que-um-sim\/","url":"https:\/\/www.oarcanjo.net\/site\/um-nao-maior-que-um-sim\/","name":"Um n\u00e3o maior que um sim - O Arcanjo no ar","isPartOf":{"@id":"https:\/\/www.oarcanjo.net\/site\/#website"},"primaryImageOfPage":{"@id":"https:\/\/www.oarcanjo.net\/site\/um-nao-maior-que-um-sim\/#primaryimage"},"image":{"@id":"https:\/\/www.oarcanjo.net\/site\/um-nao-maior-que-um-sim\/#primaryimage"},"thumbnailUrl":"http:\/\/www.oarcanjo.net\/site\/wp-content\/uploads\/papa-300x200.jpg","datePublished":"2013-02-13T12:04:14+00:00","dateModified":"2013-02-13T12:04:37+00:00","breadcrumb":{"@id":"https:\/\/www.oarcanjo.net\/site\/um-nao-maior-que-um-sim\/#breadcrumb"},"inLanguage":"pt-BR","potentialAction":[{"@type":"ReadAction","target":["https:\/\/www.oarcanjo.net\/site\/um-nao-maior-que-um-sim\/"]}]},{"@type":"ImageObject","inLanguage":"pt-BR","@id":"https:\/\/www.oarcanjo.net\/site\/um-nao-maior-que-um-sim\/#primaryimage","url":"https:\/\/www.oarcanjo.net\/site\/wp-content\/uploads\/papa.jpg","contentUrl":"https:\/\/www.oarcanjo.net\/site\/wp-content\/uploads\/papa.jpg","width":"600","height":"400"},{"@type":"BreadcrumbList","@id":"https:\/\/www.oarcanjo.net\/site\/um-nao-maior-que-um-sim\/#breadcrumb","itemListElement":[{"@type":"ListItem","position":1,"name":"In\u00edcio","item":"https:\/\/www.oarcanjo.net\/site\/"},{"@type":"ListItem","position":2,"name":"Um n\u00e3o maior que um sim"}]},{"@type":"WebSite","@id":"https:\/\/www.oarcanjo.net\/site\/#website","url":"https:\/\/www.oarcanjo.net\/site\/","name":"O Arcanjo no ar","description":"Site da Par\u00f3quia S\u00e3o Miguel Arcanjo (Arquidiocese de SP)","publisher":{"@id":"https:\/\/www.oarcanjo.net\/site\/#organization"},"potentialAction":[{"@type":"SearchAction","target":{"@type":"EntryPoint","urlTemplate":"https:\/\/www.oarcanjo.net\/site\/?s={search_term_string}"},"query-input":{"@type":"PropertyValueSpecification","valueRequired":true,"valueName":"search_term_string"}}],"inLanguage":"pt-BR"},{"@type":"Organization","@id":"https:\/\/www.oarcanjo.net\/site\/#organization","name":"Par\u00f3quia S\u00e3o Miguel Arcanjo","url":"https:\/\/www.oarcanjo.net\/site\/","logo":{"@type":"ImageObject","inLanguage":"pt-BR","@id":"https:\/\/www.oarcanjo.net\/site\/#\/schema\/logo\/image\/","url":"https:\/\/www.oarcanjo.net\/site\/wp-content\/uploads\/LogoOArcanjo.png","contentUrl":"https:\/\/www.oarcanjo.net\/site\/wp-content\/uploads\/LogoOArcanjo.png","width":319,"height":99,"caption":"Par\u00f3quia S\u00e3o Miguel Arcanjo"},"image":{"@id":"https:\/\/www.oarcanjo.net\/site\/#\/schema\/logo\/image\/"},"sameAs":["https:\/\/www.facebook.com\/OArcanjoNoAr\/"]},{"@type":"Person","@id":"https:\/\/www.oarcanjo.net\/site\/#\/schema\/person\/0a2ae077c1a09b69d29928e3b9f1c0d1","name":"Alexandre Nunes","sameAs":["http:\/\/alexandrenu.com"]}]}},"publishpress_future_action":{"enabled":false,"date":"2026-05-07 11:36:16","action":"category","newStatus":"draft","terms":[],"taxonomy":"category"},"publishpress_future_workflow_manual_trigger":{"enabledWorkflows":[]},"_links":{"self":[{"href":"https:\/\/www.oarcanjo.net\/site\/wp-json\/wp\/v2\/posts\/20962"}],"collection":[{"href":"https:\/\/www.oarcanjo.net\/site\/wp-json\/wp\/v2\/posts"}],"about":[{"href":"https:\/\/www.oarcanjo.net\/site\/wp-json\/wp\/v2\/types\/post"}],"author":[{"embeddable":true,"href":"https:\/\/www.oarcanjo.net\/site\/wp-json\/wp\/v2\/users\/15"}],"replies":[{"embeddable":true,"href":"https:\/\/www.oarcanjo.net\/site\/wp-json\/wp\/v2\/comments?post=20962"}],"version-history":[{"count":0,"href":"https:\/\/www.oarcanjo.net\/site\/wp-json\/wp\/v2\/posts\/20962\/revisions"}],"wp:attachment":[{"href":"https:\/\/www.oarcanjo.net\/site\/wp-json\/wp\/v2\/media?parent=20962"}],"wp:term":[{"taxonomy":"category","embeddable":true,"href":"https:\/\/www.oarcanjo.net\/site\/wp-json\/wp\/v2\/categories?post=20962"},{"taxonomy":"post_tag","embeddable":true,"href":"https:\/\/www.oarcanjo.net\/site\/wp-json\/wp\/v2\/tags?post=20962"}],"curies":[{"name":"wp","href":"https:\/\/api.w.org\/{rel}","templated":true}]}}