
{"id":2098,"date":"2009-02-27T21:03:38","date_gmt":"2009-02-28T00:03:38","guid":{"rendered":"http:\/\/www.oarcanjo.net\/site\/?p=2098"},"modified":"2009-02-27T21:12:46","modified_gmt":"2009-02-28T00:12:46","slug":"o-que-a-midia-nao-mostra-a-sociedade-nao-ve","status":"publish","type":"post","link":"https:\/\/www.oarcanjo.net\/site\/o-que-a-midia-nao-mostra-a-sociedade-nao-ve\/","title":{"rendered":"O que a m\u00eddia n\u00e3o mostra a sociedade n\u00e3o v\u00ea"},"content":{"rendered":"<p>Maria Rosa de Miranda Coutinho<\/p>\n<p>Temos acompanhado nos \u00faltimos dias, atrav\u00e9s da imprensa, uma antiga discuss\u00e3o sobre as ocupa\u00e7\u00f5es dos sem-terra em fazendas de gado ou improdutivas muito bem maquiadas.<\/p>\n<p>Como j\u00e1 estamos acostumados a ver, as maiores cr\u00edticas caem sobre este movimento considerado desde os seus primeiros passos como invasores fora da lei e desordeiros.<\/p>\n<p>\u00c9 impressionante como a elite brasileira define um movimento leg\u00edtimo que h\u00e1 mais ou menos quatro d\u00e9cadas reivindica uma a\u00e7\u00e3o respons\u00e1vel e comprometida das autoridades governamentais quanto \u00e0 quest\u00e3o da reforma agr\u00e1ria. Mais impressionante s\u00e3o as narra\u00e7\u00f5es pouco verdadeiras e muitas vezes maldosas que partem da m\u00eddia em nosso pa\u00eds.<\/p>\n<p>As not\u00edcias a respeito de ocupa\u00e7\u00f5es por parte dos sem terra, cujas institui\u00e7\u00f5es s\u00e9rias dos direitos humanos est\u00e3o a\u00ed para confirmar, tentam convencer a sociedade, t\u00e3o v\u00edtima das injusti\u00e7as quanto os ocupantes sem terra que se trata, simplesmente, de bandidos arruaceiros.<\/p>\n<p>A m\u00eddia convence a Igreja velha descomprometida, as fam\u00edlias burguesas e at\u00e9 quem deveria ter discernimento e senso de justi\u00e7a social suficiente como, por exemplo, o presidente do Supremo Tribunal Federal, para n\u00e3o acentuar a puni\u00e7\u00e3o a essas pessoas que j\u00e1 foram economicamente punidas.<br \/>\nCom exce\u00e7\u00e3o de algumas lideran\u00e7as interesseiras e ileg\u00edtimas, do ponto de vista da necessidade da terra, o movimento dos sem terra consegue imprimir sua marca de inconformidade e coragem para pressionar um setor do governo que prometeu reforma agr\u00e1ria e transforma\u00e7\u00e3o no campo, mas est\u00e1 paralisado.<\/p>\n<p>Na verdade, a Justi\u00e7a enquanto institui\u00e7\u00e3o deveria estar menos preocupada em conceder liberdade \u00e0 elite corrupta, aos assassinos de Irm\u00e3 Doroth, defensora dos direitos do pequeno agricultor e de \u00e1reas preservadas, e entender, finalmente, que o grande entrave do desenvolvimento social e econ\u00f4mico do pa\u00eds e, consequentemente, da reforma agr\u00e1ria, s\u00e3o os grandes propriet\u00e1rios de terra que circulam inclusive pelo congresso para exercer a fun\u00e7\u00e3o de lobistas e defender seus pastos. Ali\u00e1s, feliz de quem n\u00e3o tem boi para criar e assim contribuir com o aquecimento global.<\/p>\n<p>Infelizmente, os sem terra e o restante da camada pobre da sociedade est\u00e3o nas m\u00e3os de uma burguesia que n\u00e3o quer perder, n\u00e3o quer fazer parte do processo de mudan\u00e7a social e muito menos consegue entender a transforma\u00e7\u00e3o pol\u00edtica, social e econ\u00f4mica que a maioria deseja.<\/p>\n<p>Portanto, \u00e9 preciso pensarmos na dignidade do campo e da cidade como projeto pol\u00edtico e tamb\u00e9m pessoal. Para isso \u00e9 necess\u00e1rio, sobretudo, rediscutirmos o que \u00e9 direito constitucional, bem como nossos papeis nessa sociedade.<\/p>\n<p><em>Leia tamb\u00e9m o <a href=\"http:\/\/www.oarcanjo.net\/site\/index.php\/noticias\/repudio-as-declaracoes-do-ministro-do-stf\/\">manifesto do F\u00f3rum Nacional pela Reforma Agr\u00e1ria e Justi\u00e7a no campo sobre o caso<\/a><\/em><\/p>\n<div id=\"themify_builder_content-2098\" data-postid=\"2098\" class=\"themify_builder_content themify_builder_content-2098 themify_builder themify_builder_front\">\n\t<\/div>\n<!-- \/themify_builder_content -->","protected":false},"excerpt":{"rendered":"<p>Maria Rosa de Miranda Coutinho Temos acompanhado nos \u00faltimos dias, atrav\u00e9s da imprensa, uma antiga discuss\u00e3o sobre as ocupa\u00e7\u00f5es dos sem-terra em fazendas de gado ou improdutivas muito bem maquiadas. Como j\u00e1 estamos acostumados a ver, as maiores cr\u00edticas caem sobre este movimento considerado desde os seus primeiros passos como invasores fora da lei e [&hellip;]<\/p>\n","protected":false},"author":5,"featured_media":0,"comment_status":"open","ping_status":"open","sticky":false,"template":"","format":"standard","meta":{"ngg_post_thumbnail":0,"footnotes":""},"categories":[9],"tags":[182,196,292],"yoast_head":"<!-- This site is optimized with the Yoast SEO plugin v23.5 - https:\/\/yoast.com\/wordpress\/plugins\/seo\/ -->\n<title>O que a m\u00eddia n\u00e3o mostra a sociedade n\u00e3o v\u00ea - O Arcanjo no ar<\/title>\n<meta name=\"robots\" content=\"index, follow, max-snippet:-1, max-image-preview:large, max-video-preview:-1\" \/>\n<link rel=\"canonical\" href=\"https:\/\/www.oarcanjo.net\/site\/o-que-a-midia-nao-mostra-a-sociedade-nao-ve\/\" \/>\n<meta property=\"og:locale\" content=\"pt_BR\" \/>\n<meta property=\"og:type\" content=\"article\" \/>\n<meta property=\"og:title\" content=\"O que a m\u00eddia n\u00e3o mostra a sociedade n\u00e3o v\u00ea - O Arcanjo no ar\" \/>\n<meta property=\"og:description\" content=\"Maria Rosa de Miranda Coutinho Temos acompanhado nos \u00faltimos dias, atrav\u00e9s da imprensa, uma antiga discuss\u00e3o sobre as ocupa\u00e7\u00f5es dos sem-terra em fazendas de gado ou improdutivas muito bem maquiadas. Como j\u00e1 estamos acostumados a ver, as maiores cr\u00edticas caem sobre este movimento considerado desde os seus primeiros passos como invasores fora da lei e [&hellip;]\" \/>\n<meta property=\"og:url\" content=\"https:\/\/www.oarcanjo.net\/site\/o-que-a-midia-nao-mostra-a-sociedade-nao-ve\/\" \/>\n<meta property=\"og:site_name\" content=\"O Arcanjo no ar\" \/>\n<meta property=\"article:publisher\" content=\"https:\/\/www.facebook.com\/OArcanjoNoAr\/\" \/>\n<meta property=\"article:published_time\" content=\"2009-02-28T00:03:38+00:00\" \/>\n<meta property=\"article:modified_time\" content=\"2009-02-28T00:12:46+00:00\" \/>\n<meta property=\"og:image\" content=\"https:\/\/www.oarcanjo.net\/site\/wp-content\/uploads\/logo-o-arcanjo-no-ar-facebook.png\" \/>\n\t<meta property=\"og:image:width\" content=\"300\" \/>\n\t<meta property=\"og:image:height\" content=\"300\" \/>\n\t<meta property=\"og:image:type\" content=\"image\/png\" \/>\n<meta name=\"author\" content=\"editor\" \/>\n<meta name=\"twitter:card\" content=\"summary_large_image\" \/>\n<meta name=\"twitter:label1\" content=\"Escrito por\" \/>\n\t<meta name=\"twitter:data1\" content=\"editor\" \/>\n\t<meta name=\"twitter:label2\" content=\"Est. tempo de leitura\" \/>\n\t<meta name=\"twitter:data2\" content=\"2 minutos\" \/>\n<script type=\"application\/ld+json\" class=\"yoast-schema-graph\">{\"@context\":\"https:\/\/schema.org\",\"@graph\":[{\"@type\":\"Article\",\"@id\":\"https:\/\/www.oarcanjo.net\/site\/o-que-a-midia-nao-mostra-a-sociedade-nao-ve\/#article\",\"isPartOf\":{\"@id\":\"https:\/\/www.oarcanjo.net\/site\/o-que-a-midia-nao-mostra-a-sociedade-nao-ve\/\"},\"author\":{\"name\":\"editor\",\"@id\":\"https:\/\/www.oarcanjo.net\/site\/#\/schema\/person\/f7024d007863202483a31326673a0838\"},\"headline\":\"O que a m\u00eddia n\u00e3o mostra a sociedade n\u00e3o v\u00ea\",\"datePublished\":\"2009-02-28T00:03:38+00:00\",\"dateModified\":\"2009-02-28T00:12:46+00:00\",\"mainEntityOfPage\":{\"@id\":\"https:\/\/www.oarcanjo.net\/site\/o-que-a-midia-nao-mostra-a-sociedade-nao-ve\/\"},\"wordCount\":485,\"commentCount\":1,\"publisher\":{\"@id\":\"https:\/\/www.oarcanjo.net\/site\/#organization\"},\"keywords\":[\"meios de comunica\u00e7\u00e3o\",\"m\u00eddia\",\"MST\"],\"articleSection\":[\"Reflex\u00f5es\"],\"inLanguage\":\"pt-BR\",\"potentialAction\":[{\"@type\":\"CommentAction\",\"name\":\"Comment\",\"target\":[\"https:\/\/www.oarcanjo.net\/site\/o-que-a-midia-nao-mostra-a-sociedade-nao-ve\/#respond\"]}]},{\"@type\":\"WebPage\",\"@id\":\"https:\/\/www.oarcanjo.net\/site\/o-que-a-midia-nao-mostra-a-sociedade-nao-ve\/\",\"url\":\"https:\/\/www.oarcanjo.net\/site\/o-que-a-midia-nao-mostra-a-sociedade-nao-ve\/\",\"name\":\"O que a m\u00eddia n\u00e3o mostra a sociedade n\u00e3o v\u00ea - O Arcanjo no ar\",\"isPartOf\":{\"@id\":\"https:\/\/www.oarcanjo.net\/site\/#website\"},\"datePublished\":\"2009-02-28T00:03:38+00:00\",\"dateModified\":\"2009-02-28T00:12:46+00:00\",\"breadcrumb\":{\"@id\":\"https:\/\/www.oarcanjo.net\/site\/o-que-a-midia-nao-mostra-a-sociedade-nao-ve\/#breadcrumb\"},\"inLanguage\":\"pt-BR\",\"potentialAction\":[{\"@type\":\"ReadAction\",\"target\":[\"https:\/\/www.oarcanjo.net\/site\/o-que-a-midia-nao-mostra-a-sociedade-nao-ve\/\"]}]},{\"@type\":\"BreadcrumbList\",\"@id\":\"https:\/\/www.oarcanjo.net\/site\/o-que-a-midia-nao-mostra-a-sociedade-nao-ve\/#breadcrumb\",\"itemListElement\":[{\"@type\":\"ListItem\",\"position\":1,\"name\":\"In\u00edcio\",\"item\":\"https:\/\/www.oarcanjo.net\/site\/\"},{\"@type\":\"ListItem\",\"position\":2,\"name\":\"O que a m\u00eddia n\u00e3o mostra a sociedade n\u00e3o v\u00ea\"}]},{\"@type\":\"WebSite\",\"@id\":\"https:\/\/www.oarcanjo.net\/site\/#website\",\"url\":\"https:\/\/www.oarcanjo.net\/site\/\",\"name\":\"O Arcanjo no ar\",\"description\":\"Site da Par\u00f3quia S\u00e3o Miguel Arcanjo (Arquidiocese de SP)\",\"publisher\":{\"@id\":\"https:\/\/www.oarcanjo.net\/site\/#organization\"},\"potentialAction\":[{\"@type\":\"SearchAction\",\"target\":{\"@type\":\"EntryPoint\",\"urlTemplate\":\"https:\/\/www.oarcanjo.net\/site\/?s={search_term_string}\"},\"query-input\":{\"@type\":\"PropertyValueSpecification\",\"valueRequired\":true,\"valueName\":\"search_term_string\"}}],\"inLanguage\":\"pt-BR\"},{\"@type\":\"Organization\",\"@id\":\"https:\/\/www.oarcanjo.net\/site\/#organization\",\"name\":\"Par\u00f3quia S\u00e3o Miguel Arcanjo\",\"url\":\"https:\/\/www.oarcanjo.net\/site\/\",\"logo\":{\"@type\":\"ImageObject\",\"inLanguage\":\"pt-BR\",\"@id\":\"https:\/\/www.oarcanjo.net\/site\/#\/schema\/logo\/image\/\",\"url\":\"https:\/\/www.oarcanjo.net\/site\/wp-content\/uploads\/LogoOArcanjo.png\",\"contentUrl\":\"https:\/\/www.oarcanjo.net\/site\/wp-content\/uploads\/LogoOArcanjo.png\",\"width\":319,\"height\":99,\"caption\":\"Par\u00f3quia S\u00e3o Miguel Arcanjo\"},\"image\":{\"@id\":\"https:\/\/www.oarcanjo.net\/site\/#\/schema\/logo\/image\/\"},\"sameAs\":[\"https:\/\/www.facebook.com\/OArcanjoNoAr\/\"]},{\"@type\":\"Person\",\"@id\":\"https:\/\/www.oarcanjo.net\/site\/#\/schema\/person\/f7024d007863202483a31326673a0838\",\"name\":\"editor\",\"sameAs\":[\"http:\/\/www.oarcanjo.net\"]}]}<\/script>\n<!-- \/ Yoast SEO plugin. -->","yoast_head_json":{"title":"O que a m\u00eddia n\u00e3o mostra a sociedade n\u00e3o v\u00ea - O Arcanjo no ar","robots":{"index":"index","follow":"follow","max-snippet":"max-snippet:-1","max-image-preview":"max-image-preview:large","max-video-preview":"max-video-preview:-1"},"canonical":"https:\/\/www.oarcanjo.net\/site\/o-que-a-midia-nao-mostra-a-sociedade-nao-ve\/","og_locale":"pt_BR","og_type":"article","og_title":"O que a m\u00eddia n\u00e3o mostra a sociedade n\u00e3o v\u00ea - O Arcanjo no ar","og_description":"Maria Rosa de Miranda Coutinho Temos acompanhado nos \u00faltimos dias, atrav\u00e9s da imprensa, uma antiga discuss\u00e3o sobre as ocupa\u00e7\u00f5es dos sem-terra em fazendas de gado ou improdutivas muito bem maquiadas. Como j\u00e1 estamos acostumados a ver, as maiores cr\u00edticas caem sobre este movimento considerado desde os seus primeiros passos como invasores fora da lei e [&hellip;]","og_url":"https:\/\/www.oarcanjo.net\/site\/o-que-a-midia-nao-mostra-a-sociedade-nao-ve\/","og_site_name":"O Arcanjo no ar","article_publisher":"https:\/\/www.facebook.com\/OArcanjoNoAr\/","article_published_time":"2009-02-28T00:03:38+00:00","article_modified_time":"2009-02-28T00:12:46+00:00","og_image":[{"width":300,"height":300,"url":"https:\/\/www.oarcanjo.net\/site\/wp-content\/uploads\/logo-o-arcanjo-no-ar-facebook.png","type":"image\/png"}],"author":"editor","twitter_card":"summary_large_image","twitter_misc":{"Escrito por":"editor","Est. tempo de leitura":"2 minutos"},"schema":{"@context":"https:\/\/schema.org","@graph":[{"@type":"Article","@id":"https:\/\/www.oarcanjo.net\/site\/o-que-a-midia-nao-mostra-a-sociedade-nao-ve\/#article","isPartOf":{"@id":"https:\/\/www.oarcanjo.net\/site\/o-que-a-midia-nao-mostra-a-sociedade-nao-ve\/"},"author":{"name":"editor","@id":"https:\/\/www.oarcanjo.net\/site\/#\/schema\/person\/f7024d007863202483a31326673a0838"},"headline":"O que a m\u00eddia n\u00e3o mostra a sociedade n\u00e3o v\u00ea","datePublished":"2009-02-28T00:03:38+00:00","dateModified":"2009-02-28T00:12:46+00:00","mainEntityOfPage":{"@id":"https:\/\/www.oarcanjo.net\/site\/o-que-a-midia-nao-mostra-a-sociedade-nao-ve\/"},"wordCount":485,"commentCount":1,"publisher":{"@id":"https:\/\/www.oarcanjo.net\/site\/#organization"},"keywords":["meios de comunica\u00e7\u00e3o","m\u00eddia","MST"],"articleSection":["Reflex\u00f5es"],"inLanguage":"pt-BR","potentialAction":[{"@type":"CommentAction","name":"Comment","target":["https:\/\/www.oarcanjo.net\/site\/o-que-a-midia-nao-mostra-a-sociedade-nao-ve\/#respond"]}]},{"@type":"WebPage","@id":"https:\/\/www.oarcanjo.net\/site\/o-que-a-midia-nao-mostra-a-sociedade-nao-ve\/","url":"https:\/\/www.oarcanjo.net\/site\/o-que-a-midia-nao-mostra-a-sociedade-nao-ve\/","name":"O que a m\u00eddia n\u00e3o mostra a sociedade n\u00e3o v\u00ea - O Arcanjo no ar","isPartOf":{"@id":"https:\/\/www.oarcanjo.net\/site\/#website"},"datePublished":"2009-02-28T00:03:38+00:00","dateModified":"2009-02-28T00:12:46+00:00","breadcrumb":{"@id":"https:\/\/www.oarcanjo.net\/site\/o-que-a-midia-nao-mostra-a-sociedade-nao-ve\/#breadcrumb"},"inLanguage":"pt-BR","potentialAction":[{"@type":"ReadAction","target":["https:\/\/www.oarcanjo.net\/site\/o-que-a-midia-nao-mostra-a-sociedade-nao-ve\/"]}]},{"@type":"BreadcrumbList","@id":"https:\/\/www.oarcanjo.net\/site\/o-que-a-midia-nao-mostra-a-sociedade-nao-ve\/#breadcrumb","itemListElement":[{"@type":"ListItem","position":1,"name":"In\u00edcio","item":"https:\/\/www.oarcanjo.net\/site\/"},{"@type":"ListItem","position":2,"name":"O que a m\u00eddia n\u00e3o mostra a sociedade n\u00e3o v\u00ea"}]},{"@type":"WebSite","@id":"https:\/\/www.oarcanjo.net\/site\/#website","url":"https:\/\/www.oarcanjo.net\/site\/","name":"O Arcanjo no ar","description":"Site da Par\u00f3quia S\u00e3o Miguel Arcanjo (Arquidiocese de SP)","publisher":{"@id":"https:\/\/www.oarcanjo.net\/site\/#organization"},"potentialAction":[{"@type":"SearchAction","target":{"@type":"EntryPoint","urlTemplate":"https:\/\/www.oarcanjo.net\/site\/?s={search_term_string}"},"query-input":{"@type":"PropertyValueSpecification","valueRequired":true,"valueName":"search_term_string"}}],"inLanguage":"pt-BR"},{"@type":"Organization","@id":"https:\/\/www.oarcanjo.net\/site\/#organization","name":"Par\u00f3quia S\u00e3o Miguel Arcanjo","url":"https:\/\/www.oarcanjo.net\/site\/","logo":{"@type":"ImageObject","inLanguage":"pt-BR","@id":"https:\/\/www.oarcanjo.net\/site\/#\/schema\/logo\/image\/","url":"https:\/\/www.oarcanjo.net\/site\/wp-content\/uploads\/LogoOArcanjo.png","contentUrl":"https:\/\/www.oarcanjo.net\/site\/wp-content\/uploads\/LogoOArcanjo.png","width":319,"height":99,"caption":"Par\u00f3quia S\u00e3o Miguel Arcanjo"},"image":{"@id":"https:\/\/www.oarcanjo.net\/site\/#\/schema\/logo\/image\/"},"sameAs":["https:\/\/www.facebook.com\/OArcanjoNoAr\/"]},{"@type":"Person","@id":"https:\/\/www.oarcanjo.net\/site\/#\/schema\/person\/f7024d007863202483a31326673a0838","name":"editor","sameAs":["http:\/\/www.oarcanjo.net"]}]}},"publishpress_future_action":{"enabled":false,"date":"2026-05-08 21:10:16","action":"category","newStatus":"draft","terms":[],"taxonomy":"category"},"publishpress_future_workflow_manual_trigger":{"enabledWorkflows":[]},"_links":{"self":[{"href":"https:\/\/www.oarcanjo.net\/site\/wp-json\/wp\/v2\/posts\/2098"}],"collection":[{"href":"https:\/\/www.oarcanjo.net\/site\/wp-json\/wp\/v2\/posts"}],"about":[{"href":"https:\/\/www.oarcanjo.net\/site\/wp-json\/wp\/v2\/types\/post"}],"author":[{"embeddable":true,"href":"https:\/\/www.oarcanjo.net\/site\/wp-json\/wp\/v2\/users\/5"}],"replies":[{"embeddable":true,"href":"https:\/\/www.oarcanjo.net\/site\/wp-json\/wp\/v2\/comments?post=2098"}],"version-history":[{"count":0,"href":"https:\/\/www.oarcanjo.net\/site\/wp-json\/wp\/v2\/posts\/2098\/revisions"}],"wp:attachment":[{"href":"https:\/\/www.oarcanjo.net\/site\/wp-json\/wp\/v2\/media?parent=2098"}],"wp:term":[{"taxonomy":"category","embeddable":true,"href":"https:\/\/www.oarcanjo.net\/site\/wp-json\/wp\/v2\/categories?post=2098"},{"taxonomy":"post_tag","embeddable":true,"href":"https:\/\/www.oarcanjo.net\/site\/wp-json\/wp\/v2\/tags?post=2098"}],"curies":[{"name":"wp","href":"https:\/\/api.w.org\/{rel}","templated":true}]}}