
{"id":20983,"date":"2013-02-13T21:11:49","date_gmt":"2013-02-13T23:11:49","guid":{"rendered":"http:\/\/www.oarcanjo.net\/site\/?p=20983"},"modified":"2013-02-13T21:11:49","modified_gmt":"2013-02-13T23:11:49","slug":"mensagem-de-d-odilo-sobre-a-renuncia-do-papa-bento-xvi","status":"publish","type":"post","link":"https:\/\/www.oarcanjo.net\/site\/mensagem-de-d-odilo-sobre-a-renuncia-do-papa-bento-xvi\/","title":{"rendered":"Mensagem de D. Odilo sobre a ren\u00fancia do Papa Bento XVI"},"content":{"rendered":"<p>Car\u00edssimos Bispos Auxiliares,<br \/>\nPadres, di\u00e1conos, consagrados\/as,<br \/>\nQueridos leigos e leigas<br \/>\nda Arquidiocese de S\u00e3o Paulo<\/p>\n<p>No dia 11 de fevereiro passado, como j\u00e1 foi amplamente divulgado, o Papa Bento XVI anunciou a sua ren\u00fancia ao minist\u00e9rio de Sucessor de S\u00e3o Pedro, diante de um grupo de Cardeais que havia convocado para um Consist\u00f3rio Ordin\u00e1rio em vista de algumas novas canoniza\u00e7\u00f5es de santos.<\/p>\n<p>Portanto, no pr\u00f3ximo dia 28 de fevereiro, \u00e0s 20h de Roma, a C\u00e1tedra de Pedro, em Roma, se tornar\u00e1 vacante; Bento XVI se recolher\u00e1 num convento, dentro do Vaticano e, portanto, o Col\u00e9gio dos Cardeais dever\u00e1 reunir-se em Conclave para escolher um novo Papa para suceder a Bento XVI no governo da \u201cbarca de Pedro\u201d, a Igreja.<\/p>\n<p>O pr\u00f3prio Papa explicou os motivos desse seu gesto surpreendente: a idade avan\u00e7ada (quase 86 anos) e a diminui\u00e7\u00e3o de suas for\u00e7as, que n\u00e3o lhe permitiam mais exercer de maneira adequada a exigente miss\u00e3o do Papa. Com grande realismo e humildade, Bento XVI reconheceu que seu vigor diminuiu nos \u00faltimos meses a ponto de j\u00e1 n\u00e3o se sentir mais em condi\u00e7\u00f5es de administrar o minist\u00e9rio que lhe foi confiado, como Sumo Pont\u00edfice.<\/p>\n<p>Assim, agradecendo a colabora\u00e7\u00e3o recebida dos Cardeais, Bento XVI usou uma express\u00e3o bel\u00edssima e de profundo significado: \u201cagora entregamos a Santa Igreja aos cuidados do seu Supremo Pastor, Nosso Senhor Jesus Cristo\u201d; indicava, assim, para a verdadeira natureza do minist\u00e9rio do Papa, dos Bispos e de todos os sacerdotes, colocados a servi\u00e7o da Igreja: todos eles, de fato, est\u00e3o a servi\u00e7o da Igreja em nome de Jesus Cristo e por encargo seu. Ele \u00e9 o verdadeiro e \u00fanico Senhor e Pastor da Igreja, que cuida dela e quer o seu bem.<\/p>\n<p>Como \u00e9 bem compreens\u00edvel, a decis\u00e3o do Papa, num primeiro momento, deixou muitas pessoas perplexas e sem saber o que dizer. A surpresa foi grande, pois ningu\u00e9m est\u00e1 acostumado com a id\u00e9ia da ren\u00fancia de um papa e, na hist\u00f3ria da Igreja, conhecemos apenas um caso de papa que renunciou, depois de ter sido eleito regularmente: trata-se do Papa Celestino V, um monge eremita eleito papa j\u00e1 com idade avan\u00e7ada e que renunciou em 13 de dezembro de 1294. Portanto, este \u00e9 o segundo caso de ren\u00fancia do Papa, eleito em condi\u00e7\u00f5es regulares, em cerca de 2 mil anos de hist\u00f3ria. No entanto, o Direito Can\u00f4nico, que \u00e9 o c\u00f3digo das leis da Igreja, prev\u00ea a possibilidade de ren\u00fancia do Papa (cf c\u00e2n. 332 \u00a72).<\/p>\n<p>A decis\u00e3o do Papa Bento XVI, merece toda nossa compreens\u00e3o, respeito e admira\u00e7\u00e3o pela sua humildade e coragem e pelo ensinamento de f\u00e9 que nos deixa no servi\u00e7o a Jesus Cristo e \u00e0 Igreja. N\u00e3o devemos estar apegados a cargos e posi\u00e7\u00f5es, quando est\u00e1 em jogo o bem maior da Igreja, \u00e0 qual servimos.<\/p>\n<p>No Ano da F\u00e9, neste momento, tamb\u00e9m somos levados a fazer um profundo ato de f\u00e9 na pr\u00f3pria Igreja: por um lado, ela \u00e9 feita de pessoas e institui\u00e7\u00f5es humanas que passam, por mais importantes que elas sejam; por outro lado, a Igreja \u00e9 uma realidade de f\u00e9, edificada sobre Jesus Cristo e animada pelo Esp\u00edrito Santo. Por isso mesmo a Igreja \u00e9 mais do que vemos e constatamos humanamente. Ela \u00e9 o Corpo do qual Cristo \u00e9 a Cabe\u00e7a e o Esp\u00edrito Santo \u00e9 a alma vivificante; ela \u00e9 o rebanho, do qual o pr\u00f3prio Jesus continua a ser o Supremo Pastor; ela \u00e9 ainda o povo que Deus re\u00fane e conduz pela hist\u00f3ria para a P\u00e1tria celeste, enquanto o envia para testemunhar a Vida Nova, tornada poss\u00edvel mediante a viv\u00eancia do Evangelho e o seguimento de Jesus.<\/p>\n<p>Mais do que nunca, este \u00e9 o momento de reafirmarmos nossa f\u00e9 na \u201cIgreja Una, santa, Cat\u00f3lica e Apost\u00f3lica\u201d e de confiar na a\u00e7\u00e3o do Esp\u00edrito Santo, que a assiste, e na palavra de Cristo, que prometeu: \u201cas portas do inferno nunca prevalecer\u00e3o contra ela\u201d (cf. Mt 16,18)&#8230; E ainda: \u201cEu estarei convosco at\u00e9 a consuma\u00e7\u00e3o dos s\u00e9culos\u201d (cf. Mt 28,20).<\/p>\n<p>Ao Papa Bento XVI, nossa admira\u00e7\u00e3o e nosso agradecimento pelo bem que fez \u00e0 Igreja, mesmo em meio a tantos sofrimentos e at\u00e9 incompreens\u00f5es. Somos gratos ao Papa Bento XVI por seus numerosos, ricos e profundos ensinamentos, pelas suas catequeses e documentos magisteriais, pelas suas enc\u00edclicas sobre a caridade, a esperan\u00e7a e a enc\u00edclica social &#8211; Caritas in Veritate -, sobre as novas quest\u00f5es que o mundo e a Igreja enfrentam. Somos gratos, especialmente, pela visita do Papa ao Brasil, em 2007, aqui em S\u00e3o Paulo e Aparecida, pela canoniza\u00e7\u00e3o de Santo Antonio de Sant\u2019Ana Galv\u00e3o, 1\u00ba brasileiro nascido no Brasil. Somos gratos pelo est\u00edmulo dado \u00e0 Igreja para renovar-se na f\u00e9, mediante o Ano da F\u00e9, que estamos vivendo. Por ele, continuemos a rezar, para que Deus o conserve com sa\u00fade e serenidade.<\/p>\n<p>E agora, ponhamo-nos em ora\u00e7\u00e3o ao Esp\u00edrito Santo, para que fortale\u00e7a a f\u00e9 na Igreja e a renove na fidelidade a Cristo e na dedica\u00e7\u00e3o \u00e0 miss\u00e3o. Ao mesmo tempo, pe\u00e7amos que o mesmo Esp\u00edrito de sabedoria e discernimento oriente os cardeais que dever\u00e3o escolher o novo Sucessor de Pedro. Que ele seja fortalecido com todos os dons do Alto para exercer t\u00e3o importante e pesada miss\u00e3o, para o bem de todo o povo de Deus e para que as ovelhas do rebanho do Bom Pastor tenham vida em abund\u00e2ncia.<\/p>\n<p>Cardeal Dom Odilo Pedro Scherer<br \/>\nArcebispo de S\u00e3o Paulo<\/p>\n<div id=\"themify_builder_content-20983\" data-postid=\"20983\" class=\"themify_builder_content themify_builder_content-20983 themify_builder themify_builder_front\">\n\t<\/div>\n<!-- \/themify_builder_content -->","protected":false},"excerpt":{"rendered":"<p>Car\u00edssimos Bispos Auxiliares, Padres, di\u00e1conos, consagrados\/as, Queridos leigos e leigas da Arquidiocese de S\u00e3o Paulo No dia 11 de fevereiro passado, como j\u00e1 foi amplamente divulgado, o Papa Bento XVI anunciou a sua ren\u00fancia ao minist\u00e9rio de Sucessor de S\u00e3o Pedro, diante de um grupo de Cardeais que havia convocado para um Consist\u00f3rio Ordin\u00e1rio em [&hellip;]<\/p>\n","protected":false},"author":5,"featured_media":0,"comment_status":"open","ping_status":"open","sticky":false,"template":"","format":"standard","meta":{"ngg_post_thumbnail":0,"footnotes":""},"categories":[8],"tags":[2289,899,2045],"yoast_head":"<!-- This site is optimized with the Yoast SEO plugin v23.5 - https:\/\/yoast.com\/wordpress\/plugins\/seo\/ -->\n<title>Mensagem de D. Odilo sobre a ren\u00fancia do Papa Bento XVI - O Arcanjo no ar<\/title>\n<meta name=\"robots\" content=\"index, follow, max-snippet:-1, max-image-preview:large, max-video-preview:-1\" \/>\n<link rel=\"canonical\" href=\"https:\/\/www.oarcanjo.net\/site\/mensagem-de-d-odilo-sobre-a-renuncia-do-papa-bento-xvi\/\" \/>\n<meta property=\"og:locale\" content=\"pt_BR\" \/>\n<meta property=\"og:type\" content=\"article\" \/>\n<meta property=\"og:title\" content=\"Mensagem de D. Odilo sobre a ren\u00fancia do Papa Bento XVI - O Arcanjo no ar\" \/>\n<meta property=\"og:description\" content=\"Car\u00edssimos Bispos Auxiliares, Padres, di\u00e1conos, consagrados\/as, Queridos leigos e leigas da Arquidiocese de S\u00e3o Paulo No dia 11 de fevereiro passado, como j\u00e1 foi amplamente divulgado, o Papa Bento XVI anunciou a sua ren\u00fancia ao minist\u00e9rio de Sucessor de S\u00e3o Pedro, diante de um grupo de Cardeais que havia convocado para um Consist\u00f3rio Ordin\u00e1rio em [&hellip;]\" \/>\n<meta property=\"og:url\" content=\"https:\/\/www.oarcanjo.net\/site\/mensagem-de-d-odilo-sobre-a-renuncia-do-papa-bento-xvi\/\" \/>\n<meta property=\"og:site_name\" content=\"O Arcanjo no ar\" \/>\n<meta property=\"article:publisher\" content=\"https:\/\/www.facebook.com\/OArcanjoNoAr\/\" \/>\n<meta property=\"article:published_time\" content=\"2013-02-13T23:11:49+00:00\" \/>\n<meta property=\"og:image\" content=\"https:\/\/www.oarcanjo.net\/site\/wp-content\/uploads\/logo-o-arcanjo-no-ar-facebook.png\" \/>\n\t<meta property=\"og:image:width\" content=\"300\" \/>\n\t<meta property=\"og:image:height\" content=\"300\" \/>\n\t<meta property=\"og:image:type\" content=\"image\/png\" \/>\n<meta name=\"author\" content=\"editor\" \/>\n<meta name=\"twitter:card\" content=\"summary_large_image\" \/>\n<meta name=\"twitter:label1\" content=\"Escrito por\" \/>\n\t<meta name=\"twitter:data1\" content=\"editor\" \/>\n\t<meta name=\"twitter:label2\" content=\"Est. tempo de leitura\" \/>\n\t<meta name=\"twitter:data2\" content=\"5 minutos\" \/>\n<script type=\"application\/ld+json\" class=\"yoast-schema-graph\">{\"@context\":\"https:\/\/schema.org\",\"@graph\":[{\"@type\":\"Article\",\"@id\":\"https:\/\/www.oarcanjo.net\/site\/mensagem-de-d-odilo-sobre-a-renuncia-do-papa-bento-xvi\/#article\",\"isPartOf\":{\"@id\":\"https:\/\/www.oarcanjo.net\/site\/mensagem-de-d-odilo-sobre-a-renuncia-do-papa-bento-xvi\/\"},\"author\":{\"name\":\"editor\",\"@id\":\"https:\/\/www.oarcanjo.net\/site\/#\/schema\/person\/f7024d007863202483a31326673a0838\"},\"headline\":\"Mensagem de D. Odilo sobre a ren\u00fancia do Papa Bento XVI\",\"datePublished\":\"2013-02-13T23:11:49+00:00\",\"dateModified\":\"2013-02-13T23:11:49+00:00\",\"mainEntityOfPage\":{\"@id\":\"https:\/\/www.oarcanjo.net\/site\/mensagem-de-d-odilo-sobre-a-renuncia-do-papa-bento-xvi\/\"},\"wordCount\":969,\"commentCount\":0,\"publisher\":{\"@id\":\"https:\/\/www.oarcanjo.net\/site\/#organization\"},\"keywords\":[\"Cardeal Dom Odilo Pedro Scherer\",\"Papa Bento XVI\",\"ren\u00fancia\"],\"articleSection\":[\"Not\u00edcias\"],\"inLanguage\":\"pt-BR\",\"potentialAction\":[{\"@type\":\"CommentAction\",\"name\":\"Comment\",\"target\":[\"https:\/\/www.oarcanjo.net\/site\/mensagem-de-d-odilo-sobre-a-renuncia-do-papa-bento-xvi\/#respond\"]}]},{\"@type\":\"WebPage\",\"@id\":\"https:\/\/www.oarcanjo.net\/site\/mensagem-de-d-odilo-sobre-a-renuncia-do-papa-bento-xvi\/\",\"url\":\"https:\/\/www.oarcanjo.net\/site\/mensagem-de-d-odilo-sobre-a-renuncia-do-papa-bento-xvi\/\",\"name\":\"Mensagem de D. Odilo sobre a ren\u00fancia do Papa Bento XVI - O Arcanjo no ar\",\"isPartOf\":{\"@id\":\"https:\/\/www.oarcanjo.net\/site\/#website\"},\"datePublished\":\"2013-02-13T23:11:49+00:00\",\"dateModified\":\"2013-02-13T23:11:49+00:00\",\"breadcrumb\":{\"@id\":\"https:\/\/www.oarcanjo.net\/site\/mensagem-de-d-odilo-sobre-a-renuncia-do-papa-bento-xvi\/#breadcrumb\"},\"inLanguage\":\"pt-BR\",\"potentialAction\":[{\"@type\":\"ReadAction\",\"target\":[\"https:\/\/www.oarcanjo.net\/site\/mensagem-de-d-odilo-sobre-a-renuncia-do-papa-bento-xvi\/\"]}]},{\"@type\":\"BreadcrumbList\",\"@id\":\"https:\/\/www.oarcanjo.net\/site\/mensagem-de-d-odilo-sobre-a-renuncia-do-papa-bento-xvi\/#breadcrumb\",\"itemListElement\":[{\"@type\":\"ListItem\",\"position\":1,\"name\":\"In\u00edcio\",\"item\":\"https:\/\/www.oarcanjo.net\/site\/\"},{\"@type\":\"ListItem\",\"position\":2,\"name\":\"Mensagem de D. Odilo sobre a ren\u00fancia do Papa Bento XVI\"}]},{\"@type\":\"WebSite\",\"@id\":\"https:\/\/www.oarcanjo.net\/site\/#website\",\"url\":\"https:\/\/www.oarcanjo.net\/site\/\",\"name\":\"O Arcanjo no ar\",\"description\":\"Site da Par\u00f3quia S\u00e3o Miguel Arcanjo (Arquidiocese de SP)\",\"publisher\":{\"@id\":\"https:\/\/www.oarcanjo.net\/site\/#organization\"},\"potentialAction\":[{\"@type\":\"SearchAction\",\"target\":{\"@type\":\"EntryPoint\",\"urlTemplate\":\"https:\/\/www.oarcanjo.net\/site\/?s={search_term_string}\"},\"query-input\":{\"@type\":\"PropertyValueSpecification\",\"valueRequired\":true,\"valueName\":\"search_term_string\"}}],\"inLanguage\":\"pt-BR\"},{\"@type\":\"Organization\",\"@id\":\"https:\/\/www.oarcanjo.net\/site\/#organization\",\"name\":\"Par\u00f3quia S\u00e3o Miguel Arcanjo\",\"url\":\"https:\/\/www.oarcanjo.net\/site\/\",\"logo\":{\"@type\":\"ImageObject\",\"inLanguage\":\"pt-BR\",\"@id\":\"https:\/\/www.oarcanjo.net\/site\/#\/schema\/logo\/image\/\",\"url\":\"https:\/\/www.oarcanjo.net\/site\/wp-content\/uploads\/LogoOArcanjo.png\",\"contentUrl\":\"https:\/\/www.oarcanjo.net\/site\/wp-content\/uploads\/LogoOArcanjo.png\",\"width\":319,\"height\":99,\"caption\":\"Par\u00f3quia S\u00e3o Miguel Arcanjo\"},\"image\":{\"@id\":\"https:\/\/www.oarcanjo.net\/site\/#\/schema\/logo\/image\/\"},\"sameAs\":[\"https:\/\/www.facebook.com\/OArcanjoNoAr\/\"]},{\"@type\":\"Person\",\"@id\":\"https:\/\/www.oarcanjo.net\/site\/#\/schema\/person\/f7024d007863202483a31326673a0838\",\"name\":\"editor\",\"sameAs\":[\"http:\/\/www.oarcanjo.net\"]}]}<\/script>\n<!-- \/ Yoast SEO plugin. -->","yoast_head_json":{"title":"Mensagem de D. Odilo sobre a ren\u00fancia do Papa Bento XVI - O Arcanjo no ar","robots":{"index":"index","follow":"follow","max-snippet":"max-snippet:-1","max-image-preview":"max-image-preview:large","max-video-preview":"max-video-preview:-1"},"canonical":"https:\/\/www.oarcanjo.net\/site\/mensagem-de-d-odilo-sobre-a-renuncia-do-papa-bento-xvi\/","og_locale":"pt_BR","og_type":"article","og_title":"Mensagem de D. Odilo sobre a ren\u00fancia do Papa Bento XVI - O Arcanjo no ar","og_description":"Car\u00edssimos Bispos Auxiliares, Padres, di\u00e1conos, consagrados\/as, Queridos leigos e leigas da Arquidiocese de S\u00e3o Paulo No dia 11 de fevereiro passado, como j\u00e1 foi amplamente divulgado, o Papa Bento XVI anunciou a sua ren\u00fancia ao minist\u00e9rio de Sucessor de S\u00e3o Pedro, diante de um grupo de Cardeais que havia convocado para um Consist\u00f3rio Ordin\u00e1rio em [&hellip;]","og_url":"https:\/\/www.oarcanjo.net\/site\/mensagem-de-d-odilo-sobre-a-renuncia-do-papa-bento-xvi\/","og_site_name":"O Arcanjo no ar","article_publisher":"https:\/\/www.facebook.com\/OArcanjoNoAr\/","article_published_time":"2013-02-13T23:11:49+00:00","og_image":[{"width":300,"height":300,"url":"https:\/\/www.oarcanjo.net\/site\/wp-content\/uploads\/logo-o-arcanjo-no-ar-facebook.png","type":"image\/png"}],"author":"editor","twitter_card":"summary_large_image","twitter_misc":{"Escrito por":"editor","Est. tempo de leitura":"5 minutos"},"schema":{"@context":"https:\/\/schema.org","@graph":[{"@type":"Article","@id":"https:\/\/www.oarcanjo.net\/site\/mensagem-de-d-odilo-sobre-a-renuncia-do-papa-bento-xvi\/#article","isPartOf":{"@id":"https:\/\/www.oarcanjo.net\/site\/mensagem-de-d-odilo-sobre-a-renuncia-do-papa-bento-xvi\/"},"author":{"name":"editor","@id":"https:\/\/www.oarcanjo.net\/site\/#\/schema\/person\/f7024d007863202483a31326673a0838"},"headline":"Mensagem de D. Odilo sobre a ren\u00fancia do Papa Bento XVI","datePublished":"2013-02-13T23:11:49+00:00","dateModified":"2013-02-13T23:11:49+00:00","mainEntityOfPage":{"@id":"https:\/\/www.oarcanjo.net\/site\/mensagem-de-d-odilo-sobre-a-renuncia-do-papa-bento-xvi\/"},"wordCount":969,"commentCount":0,"publisher":{"@id":"https:\/\/www.oarcanjo.net\/site\/#organization"},"keywords":["Cardeal Dom Odilo Pedro Scherer","Papa Bento XVI","ren\u00fancia"],"articleSection":["Not\u00edcias"],"inLanguage":"pt-BR","potentialAction":[{"@type":"CommentAction","name":"Comment","target":["https:\/\/www.oarcanjo.net\/site\/mensagem-de-d-odilo-sobre-a-renuncia-do-papa-bento-xvi\/#respond"]}]},{"@type":"WebPage","@id":"https:\/\/www.oarcanjo.net\/site\/mensagem-de-d-odilo-sobre-a-renuncia-do-papa-bento-xvi\/","url":"https:\/\/www.oarcanjo.net\/site\/mensagem-de-d-odilo-sobre-a-renuncia-do-papa-bento-xvi\/","name":"Mensagem de D. Odilo sobre a ren\u00fancia do Papa Bento XVI - O Arcanjo no ar","isPartOf":{"@id":"https:\/\/www.oarcanjo.net\/site\/#website"},"datePublished":"2013-02-13T23:11:49+00:00","dateModified":"2013-02-13T23:11:49+00:00","breadcrumb":{"@id":"https:\/\/www.oarcanjo.net\/site\/mensagem-de-d-odilo-sobre-a-renuncia-do-papa-bento-xvi\/#breadcrumb"},"inLanguage":"pt-BR","potentialAction":[{"@type":"ReadAction","target":["https:\/\/www.oarcanjo.net\/site\/mensagem-de-d-odilo-sobre-a-renuncia-do-papa-bento-xvi\/"]}]},{"@type":"BreadcrumbList","@id":"https:\/\/www.oarcanjo.net\/site\/mensagem-de-d-odilo-sobre-a-renuncia-do-papa-bento-xvi\/#breadcrumb","itemListElement":[{"@type":"ListItem","position":1,"name":"In\u00edcio","item":"https:\/\/www.oarcanjo.net\/site\/"},{"@type":"ListItem","position":2,"name":"Mensagem de D. Odilo sobre a ren\u00fancia do Papa Bento XVI"}]},{"@type":"WebSite","@id":"https:\/\/www.oarcanjo.net\/site\/#website","url":"https:\/\/www.oarcanjo.net\/site\/","name":"O Arcanjo no ar","description":"Site da Par\u00f3quia S\u00e3o Miguel Arcanjo (Arquidiocese de SP)","publisher":{"@id":"https:\/\/www.oarcanjo.net\/site\/#organization"},"potentialAction":[{"@type":"SearchAction","target":{"@type":"EntryPoint","urlTemplate":"https:\/\/www.oarcanjo.net\/site\/?s={search_term_string}"},"query-input":{"@type":"PropertyValueSpecification","valueRequired":true,"valueName":"search_term_string"}}],"inLanguage":"pt-BR"},{"@type":"Organization","@id":"https:\/\/www.oarcanjo.net\/site\/#organization","name":"Par\u00f3quia S\u00e3o Miguel Arcanjo","url":"https:\/\/www.oarcanjo.net\/site\/","logo":{"@type":"ImageObject","inLanguage":"pt-BR","@id":"https:\/\/www.oarcanjo.net\/site\/#\/schema\/logo\/image\/","url":"https:\/\/www.oarcanjo.net\/site\/wp-content\/uploads\/LogoOArcanjo.png","contentUrl":"https:\/\/www.oarcanjo.net\/site\/wp-content\/uploads\/LogoOArcanjo.png","width":319,"height":99,"caption":"Par\u00f3quia S\u00e3o Miguel Arcanjo"},"image":{"@id":"https:\/\/www.oarcanjo.net\/site\/#\/schema\/logo\/image\/"},"sameAs":["https:\/\/www.facebook.com\/OArcanjoNoAr\/"]},{"@type":"Person","@id":"https:\/\/www.oarcanjo.net\/site\/#\/schema\/person\/f7024d007863202483a31326673a0838","name":"editor","sameAs":["http:\/\/www.oarcanjo.net"]}]}},"publishpress_future_action":{"enabled":false,"date":"2026-05-07 13:04:00","action":"category","newStatus":"draft","terms":[],"taxonomy":"category"},"publishpress_future_workflow_manual_trigger":{"enabledWorkflows":[]},"_links":{"self":[{"href":"https:\/\/www.oarcanjo.net\/site\/wp-json\/wp\/v2\/posts\/20983"}],"collection":[{"href":"https:\/\/www.oarcanjo.net\/site\/wp-json\/wp\/v2\/posts"}],"about":[{"href":"https:\/\/www.oarcanjo.net\/site\/wp-json\/wp\/v2\/types\/post"}],"author":[{"embeddable":true,"href":"https:\/\/www.oarcanjo.net\/site\/wp-json\/wp\/v2\/users\/5"}],"replies":[{"embeddable":true,"href":"https:\/\/www.oarcanjo.net\/site\/wp-json\/wp\/v2\/comments?post=20983"}],"version-history":[{"count":0,"href":"https:\/\/www.oarcanjo.net\/site\/wp-json\/wp\/v2\/posts\/20983\/revisions"}],"wp:attachment":[{"href":"https:\/\/www.oarcanjo.net\/site\/wp-json\/wp\/v2\/media?parent=20983"}],"wp:term":[{"taxonomy":"category","embeddable":true,"href":"https:\/\/www.oarcanjo.net\/site\/wp-json\/wp\/v2\/categories?post=20983"},{"taxonomy":"post_tag","embeddable":true,"href":"https:\/\/www.oarcanjo.net\/site\/wp-json\/wp\/v2\/tags?post=20983"}],"curies":[{"name":"wp","href":"https:\/\/api.w.org\/{rel}","templated":true}]}}