
{"id":2100,"date":"2009-03-02T06:03:41","date_gmt":"2009-03-02T09:03:41","guid":{"rendered":"http:\/\/www.oarcanjo.net\/site\/?p=2100"},"modified":"2009-02-27T21:05:59","modified_gmt":"2009-02-28T00:05:59","slug":"pascoa-e-seguranca","status":"publish","type":"post","link":"https:\/\/www.oarcanjo.net\/site\/pascoa-e-seguranca\/","title":{"rendered":"P\u00e1scoa e Seguran\u00e7a"},"content":{"rendered":"<p>Marcelo Barros *<\/p>\n<p>Com esta quarta-feira (25 fevereiro 2009), os crist\u00e3os de Igrejas antigas (cat\u00f3licos, anglicanos, luteranos, etc) iniciam o per\u00edodo da Quaresma, em prepara\u00e7\u00e3o mais intensa para as festas pascais.<\/p>\n<p>Cada ano, a Campanha da Fraternidade prop\u00f5e um assunto social para comprometer os crist\u00e3os em um processo de mudan\u00e7a interior e social. Celebrar n\u00e3o \u00e9 s\u00f3 cultuar. Neste ano, o tema escolhido pelos bispos cat\u00f3licos \u00e9 o problema terr\u00edvel da seguran\u00e7a p\u00fablica, um assunto que parece quase in\u00fatil ou ut\u00f3pico querer mudar no Brasil. Parece at\u00e9 algo imposs\u00edvel de superar, desde a viol\u00eancia dom\u00e9stica (voc\u00eas sabem ainda qual a percentagem de marido que mata mulher ou amante?), at\u00e9 a viol\u00eancia do tr\u00e2nsito e o n\u00edvel que todos conhecem na sociedade de criminalidade, como agress\u00f5es, assassinatos e seq\u00fcestros. Hist\u00f3rias exploradas e superexplorada pelos meios de comunica\u00e7\u00e3o de crian\u00e7as jogadas de edif\u00edcio e menino arrastado por \u00f4nibus ou, sei l\u00e1, carro de traficante. Uma calamidade quase epid\u00eamica e mortal. Entretanto, a Campanha da Fraternidade est\u00e1 apostando que muda isso. A frase lema da Campanha \u00e9 &#8220;A Paz \u00e9 fruto da Justi\u00e7a&#8221; (Isa\u00edas 33, 17). V\u00e1rias outras Igrejas est\u00e3o dispostas a colaborar.<\/p>\n<p>Para quem \u00e9 cidad\u00e3o, a mudan\u00e7a s\u00f3 ocorre por uma transforma\u00e7\u00e3o cultural. Temos de nos educar para a conviv\u00eancia n\u00e3o violenta e pac\u00edfica. A paz n\u00e3o \u00e9 natural. Estabelece-se como a\u00e7\u00e3o e op\u00e7\u00e3o humana. A campanha quer atingir escolas, meios de comunica\u00e7\u00e3o e a sociedade em geral e n\u00e3o s\u00f3 ambientes de Igreja. V\u00e1rias empresas j\u00e1 se dispuseram em colaborar. \u00c9 claro que um elemento importante da quest\u00e3o da viol\u00eancia \u00e9 a forma\u00e7\u00e3o que nossos policiais ainda recebem, o racismo espalhado pelas ruas e a situa\u00e7\u00e3o do tr\u00e1fego de drogas. Quantos problemas. No Esp\u00edrito Santo, n\u00e3o faz muito tempo, policiais civis faziam curso de n\u00e3o viol\u00eancia ativa em um mosteiro budista. Em Goi\u00e1s, se multiplicam encontros e grupos de educa\u00e7\u00e3o para a Paz. E A UNIPAZ (Universidade da Paz) mant\u00e9m em Goi\u00e2nia uma atividade permanente e excelente. Podemos ter esperan\u00e7a e entrarmos n\u00f3s tamb\u00e9m neste mutir\u00e3o.<\/p>\n<p>A escolha deste tema da CF 2009 tem a ver diretamente com a P\u00e1scoa, memorial da morte e ressurrei\u00e7\u00e3o de Jesus.<\/p>\n<p>Na tradi\u00e7\u00e3o judaica, a festa pascal se chama &#8220;Pezah zeman herutenu&#8221;: &#8220;a esta\u00e7\u00e3o da nossa liberta\u00e7\u00e3o&#8221;. Os crist\u00e3os herdaram a P\u00e1scoa das comunidades judaicas e estas a receberam de antigas religi\u00f5es que festejavam a primavera. A P\u00e1scoa nasceu com as comemora\u00e7\u00f5es dos antigos em torno da primeira lua cheia da primavera. Conforme a B\u00edblia, foi numa noite de P\u00e1scoa da natureza que Deus fez o povo hebreu passar da escravid\u00e3o \u00e0 liberdade. Foi tamb\u00e9m quando se celebrava a P\u00e1scoa que Jesus de Nazar\u00e9 foi preso e assassinado. Morreu na cruz, supl\u00edcio com o qual os romanos matavam os escravos rebeldes, na tarde da sexta feira, exatamente na hora em que as fam\u00edlias de Israel sacrificavam o cordeiro pascal para recordar a sua liberta\u00e7\u00e3o.<\/p>\n<p>Na madrugada do domingo que seguia o grande s\u00e1bado da festa, Jesus deixou-se ver, vivo e vencedor da morte. Ser disc\u00edpulo(a) de Jesus \u00e9 testemunhar ao mundo essa energia da ressurrei\u00e7\u00e3o, atuante nele e, por seu Esp\u00edrito, em todas as pessoas que acolhem sua proposta de viver o reino de Deus. Neste ano, fazemos isso nos comprometendo com uma vida segura para todos e mais feliz.<\/p>\n<p>* Monge beneditino e escritor<\/p>\n<div id=\"themify_builder_content-2100\" data-postid=\"2100\" class=\"themify_builder_content themify_builder_content-2100 themify_builder themify_builder_front\">\n\t<\/div>\n<!-- \/themify_builder_content -->","protected":false},"excerpt":{"rendered":"<p>Marcelo Barros * Com esta quarta-feira (25 fevereiro 2009), os crist\u00e3os de Igrejas antigas (cat\u00f3licos, anglicanos, luteranos, etc) iniciam o per\u00edodo da Quaresma, em prepara\u00e7\u00e3o mais intensa para as festas pascais. Cada ano, a Campanha da Fraternidade prop\u00f5e um assunto social para comprometer os crist\u00e3os em um processo de mudan\u00e7a interior e social. Celebrar n\u00e3o [&hellip;]<\/p>\n","protected":false},"author":5,"featured_media":0,"comment_status":"open","ping_status":"open","sticky":false,"template":"","format":"standard","meta":{"ngg_post_thumbnail":0,"footnotes":""},"categories":[241],"tags":[229,230,242,167,231,20],"yoast_head":"<!-- This site is optimized with the Yoast SEO plugin v23.5 - https:\/\/yoast.com\/wordpress\/plugins\/seo\/ -->\n<title>P\u00e1scoa e Seguran\u00e7a - O Arcanjo no ar<\/title>\n<meta name=\"robots\" content=\"index, follow, max-snippet:-1, max-image-preview:large, max-video-preview:-1\" \/>\n<link rel=\"canonical\" href=\"https:\/\/www.oarcanjo.net\/site\/pascoa-e-seguranca\/\" \/>\n<meta property=\"og:locale\" content=\"pt_BR\" \/>\n<meta property=\"og:type\" content=\"article\" \/>\n<meta property=\"og:title\" content=\"P\u00e1scoa e Seguran\u00e7a - O Arcanjo no ar\" \/>\n<meta property=\"og:description\" content=\"Marcelo Barros * Com esta quarta-feira (25 fevereiro 2009), os crist\u00e3os de Igrejas antigas (cat\u00f3licos, anglicanos, luteranos, etc) iniciam o per\u00edodo da Quaresma, em prepara\u00e7\u00e3o mais intensa para as festas pascais. Cada ano, a Campanha da Fraternidade prop\u00f5e um assunto social para comprometer os crist\u00e3os em um processo de mudan\u00e7a interior e social. Celebrar n\u00e3o [&hellip;]\" \/>\n<meta property=\"og:url\" content=\"https:\/\/www.oarcanjo.net\/site\/pascoa-e-seguranca\/\" \/>\n<meta property=\"og:site_name\" content=\"O Arcanjo no ar\" \/>\n<meta property=\"article:publisher\" content=\"https:\/\/www.facebook.com\/OArcanjoNoAr\/\" \/>\n<meta property=\"article:published_time\" content=\"2009-03-02T09:03:41+00:00\" \/>\n<meta property=\"article:modified_time\" content=\"2009-02-28T00:05:59+00:00\" \/>\n<meta property=\"og:image\" content=\"https:\/\/www.oarcanjo.net\/site\/wp-content\/uploads\/logo-o-arcanjo-no-ar-facebook.png\" \/>\n\t<meta property=\"og:image:width\" content=\"300\" \/>\n\t<meta property=\"og:image:height\" content=\"300\" \/>\n\t<meta property=\"og:image:type\" content=\"image\/png\" \/>\n<meta name=\"author\" content=\"editor\" \/>\n<meta name=\"twitter:card\" content=\"summary_large_image\" \/>\n<meta name=\"twitter:label1\" content=\"Escrito por\" \/>\n\t<meta name=\"twitter:data1\" content=\"editor\" \/>\n\t<meta name=\"twitter:label2\" content=\"Est. tempo de leitura\" \/>\n\t<meta name=\"twitter:data2\" content=\"3 minutos\" \/>\n<script type=\"application\/ld+json\" class=\"yoast-schema-graph\">{\"@context\":\"https:\/\/schema.org\",\"@graph\":[{\"@type\":\"Article\",\"@id\":\"https:\/\/www.oarcanjo.net\/site\/pascoa-e-seguranca\/#article\",\"isPartOf\":{\"@id\":\"https:\/\/www.oarcanjo.net\/site\/pascoa-e-seguranca\/\"},\"author\":{\"name\":\"editor\",\"@id\":\"https:\/\/www.oarcanjo.net\/site\/#\/schema\/person\/f7024d007863202483a31326673a0838\"},\"headline\":\"P\u00e1scoa e Seguran\u00e7a\",\"datePublished\":\"2009-03-02T09:03:41+00:00\",\"dateModified\":\"2009-02-28T00:05:59+00:00\",\"mainEntityOfPage\":{\"@id\":\"https:\/\/www.oarcanjo.net\/site\/pascoa-e-seguranca\/\"},\"wordCount\":623,\"commentCount\":0,\"publisher\":{\"@id\":\"https:\/\/www.oarcanjo.net\/site\/#organization\"},\"keywords\":[\"Campanha da Fraternidade\",\"justi\u00e7a\",\"P\u00e1scoa\",\"paz\",\"seguran\u00e7a\",\"viol\u00eancia\"],\"articleSection\":[\"CF\"],\"inLanguage\":\"pt-BR\",\"potentialAction\":[{\"@type\":\"CommentAction\",\"name\":\"Comment\",\"target\":[\"https:\/\/www.oarcanjo.net\/site\/pascoa-e-seguranca\/#respond\"]}]},{\"@type\":\"WebPage\",\"@id\":\"https:\/\/www.oarcanjo.net\/site\/pascoa-e-seguranca\/\",\"url\":\"https:\/\/www.oarcanjo.net\/site\/pascoa-e-seguranca\/\",\"name\":\"P\u00e1scoa e Seguran\u00e7a - O Arcanjo no ar\",\"isPartOf\":{\"@id\":\"https:\/\/www.oarcanjo.net\/site\/#website\"},\"datePublished\":\"2009-03-02T09:03:41+00:00\",\"dateModified\":\"2009-02-28T00:05:59+00:00\",\"breadcrumb\":{\"@id\":\"https:\/\/www.oarcanjo.net\/site\/pascoa-e-seguranca\/#breadcrumb\"},\"inLanguage\":\"pt-BR\",\"potentialAction\":[{\"@type\":\"ReadAction\",\"target\":[\"https:\/\/www.oarcanjo.net\/site\/pascoa-e-seguranca\/\"]}]},{\"@type\":\"BreadcrumbList\",\"@id\":\"https:\/\/www.oarcanjo.net\/site\/pascoa-e-seguranca\/#breadcrumb\",\"itemListElement\":[{\"@type\":\"ListItem\",\"position\":1,\"name\":\"In\u00edcio\",\"item\":\"https:\/\/www.oarcanjo.net\/site\/\"},{\"@type\":\"ListItem\",\"position\":2,\"name\":\"P\u00e1scoa e Seguran\u00e7a\"}]},{\"@type\":\"WebSite\",\"@id\":\"https:\/\/www.oarcanjo.net\/site\/#website\",\"url\":\"https:\/\/www.oarcanjo.net\/site\/\",\"name\":\"O Arcanjo no ar\",\"description\":\"Site da Par\u00f3quia S\u00e3o Miguel Arcanjo (Arquidiocese de SP)\",\"publisher\":{\"@id\":\"https:\/\/www.oarcanjo.net\/site\/#organization\"},\"potentialAction\":[{\"@type\":\"SearchAction\",\"target\":{\"@type\":\"EntryPoint\",\"urlTemplate\":\"https:\/\/www.oarcanjo.net\/site\/?s={search_term_string}\"},\"query-input\":{\"@type\":\"PropertyValueSpecification\",\"valueRequired\":true,\"valueName\":\"search_term_string\"}}],\"inLanguage\":\"pt-BR\"},{\"@type\":\"Organization\",\"@id\":\"https:\/\/www.oarcanjo.net\/site\/#organization\",\"name\":\"Par\u00f3quia S\u00e3o Miguel Arcanjo\",\"url\":\"https:\/\/www.oarcanjo.net\/site\/\",\"logo\":{\"@type\":\"ImageObject\",\"inLanguage\":\"pt-BR\",\"@id\":\"https:\/\/www.oarcanjo.net\/site\/#\/schema\/logo\/image\/\",\"url\":\"https:\/\/www.oarcanjo.net\/site\/wp-content\/uploads\/LogoOArcanjo.png\",\"contentUrl\":\"https:\/\/www.oarcanjo.net\/site\/wp-content\/uploads\/LogoOArcanjo.png\",\"width\":319,\"height\":99,\"caption\":\"Par\u00f3quia S\u00e3o Miguel Arcanjo\"},\"image\":{\"@id\":\"https:\/\/www.oarcanjo.net\/site\/#\/schema\/logo\/image\/\"},\"sameAs\":[\"https:\/\/www.facebook.com\/OArcanjoNoAr\/\"]},{\"@type\":\"Person\",\"@id\":\"https:\/\/www.oarcanjo.net\/site\/#\/schema\/person\/f7024d007863202483a31326673a0838\",\"name\":\"editor\",\"sameAs\":[\"http:\/\/www.oarcanjo.net\"]}]}<\/script>\n<!-- \/ Yoast SEO plugin. -->","yoast_head_json":{"title":"P\u00e1scoa e Seguran\u00e7a - O Arcanjo no ar","robots":{"index":"index","follow":"follow","max-snippet":"max-snippet:-1","max-image-preview":"max-image-preview:large","max-video-preview":"max-video-preview:-1"},"canonical":"https:\/\/www.oarcanjo.net\/site\/pascoa-e-seguranca\/","og_locale":"pt_BR","og_type":"article","og_title":"P\u00e1scoa e Seguran\u00e7a - O Arcanjo no ar","og_description":"Marcelo Barros * Com esta quarta-feira (25 fevereiro 2009), os crist\u00e3os de Igrejas antigas (cat\u00f3licos, anglicanos, luteranos, etc) iniciam o per\u00edodo da Quaresma, em prepara\u00e7\u00e3o mais intensa para as festas pascais. Cada ano, a Campanha da Fraternidade prop\u00f5e um assunto social para comprometer os crist\u00e3os em um processo de mudan\u00e7a interior e social. Celebrar n\u00e3o [&hellip;]","og_url":"https:\/\/www.oarcanjo.net\/site\/pascoa-e-seguranca\/","og_site_name":"O Arcanjo no ar","article_publisher":"https:\/\/www.facebook.com\/OArcanjoNoAr\/","article_published_time":"2009-03-02T09:03:41+00:00","article_modified_time":"2009-02-28T00:05:59+00:00","og_image":[{"width":300,"height":300,"url":"https:\/\/www.oarcanjo.net\/site\/wp-content\/uploads\/logo-o-arcanjo-no-ar-facebook.png","type":"image\/png"}],"author":"editor","twitter_card":"summary_large_image","twitter_misc":{"Escrito por":"editor","Est. tempo de leitura":"3 minutos"},"schema":{"@context":"https:\/\/schema.org","@graph":[{"@type":"Article","@id":"https:\/\/www.oarcanjo.net\/site\/pascoa-e-seguranca\/#article","isPartOf":{"@id":"https:\/\/www.oarcanjo.net\/site\/pascoa-e-seguranca\/"},"author":{"name":"editor","@id":"https:\/\/www.oarcanjo.net\/site\/#\/schema\/person\/f7024d007863202483a31326673a0838"},"headline":"P\u00e1scoa e Seguran\u00e7a","datePublished":"2009-03-02T09:03:41+00:00","dateModified":"2009-02-28T00:05:59+00:00","mainEntityOfPage":{"@id":"https:\/\/www.oarcanjo.net\/site\/pascoa-e-seguranca\/"},"wordCount":623,"commentCount":0,"publisher":{"@id":"https:\/\/www.oarcanjo.net\/site\/#organization"},"keywords":["Campanha da Fraternidade","justi\u00e7a","P\u00e1scoa","paz","seguran\u00e7a","viol\u00eancia"],"articleSection":["CF"],"inLanguage":"pt-BR","potentialAction":[{"@type":"CommentAction","name":"Comment","target":["https:\/\/www.oarcanjo.net\/site\/pascoa-e-seguranca\/#respond"]}]},{"@type":"WebPage","@id":"https:\/\/www.oarcanjo.net\/site\/pascoa-e-seguranca\/","url":"https:\/\/www.oarcanjo.net\/site\/pascoa-e-seguranca\/","name":"P\u00e1scoa e Seguran\u00e7a - O Arcanjo no ar","isPartOf":{"@id":"https:\/\/www.oarcanjo.net\/site\/#website"},"datePublished":"2009-03-02T09:03:41+00:00","dateModified":"2009-02-28T00:05:59+00:00","breadcrumb":{"@id":"https:\/\/www.oarcanjo.net\/site\/pascoa-e-seguranca\/#breadcrumb"},"inLanguage":"pt-BR","potentialAction":[{"@type":"ReadAction","target":["https:\/\/www.oarcanjo.net\/site\/pascoa-e-seguranca\/"]}]},{"@type":"BreadcrumbList","@id":"https:\/\/www.oarcanjo.net\/site\/pascoa-e-seguranca\/#breadcrumb","itemListElement":[{"@type":"ListItem","position":1,"name":"In\u00edcio","item":"https:\/\/www.oarcanjo.net\/site\/"},{"@type":"ListItem","position":2,"name":"P\u00e1scoa e Seguran\u00e7a"}]},{"@type":"WebSite","@id":"https:\/\/www.oarcanjo.net\/site\/#website","url":"https:\/\/www.oarcanjo.net\/site\/","name":"O Arcanjo no ar","description":"Site da Par\u00f3quia S\u00e3o Miguel Arcanjo (Arquidiocese de SP)","publisher":{"@id":"https:\/\/www.oarcanjo.net\/site\/#organization"},"potentialAction":[{"@type":"SearchAction","target":{"@type":"EntryPoint","urlTemplate":"https:\/\/www.oarcanjo.net\/site\/?s={search_term_string}"},"query-input":{"@type":"PropertyValueSpecification","valueRequired":true,"valueName":"search_term_string"}}],"inLanguage":"pt-BR"},{"@type":"Organization","@id":"https:\/\/www.oarcanjo.net\/site\/#organization","name":"Par\u00f3quia S\u00e3o Miguel Arcanjo","url":"https:\/\/www.oarcanjo.net\/site\/","logo":{"@type":"ImageObject","inLanguage":"pt-BR","@id":"https:\/\/www.oarcanjo.net\/site\/#\/schema\/logo\/image\/","url":"https:\/\/www.oarcanjo.net\/site\/wp-content\/uploads\/LogoOArcanjo.png","contentUrl":"https:\/\/www.oarcanjo.net\/site\/wp-content\/uploads\/LogoOArcanjo.png","width":319,"height":99,"caption":"Par\u00f3quia S\u00e3o Miguel Arcanjo"},"image":{"@id":"https:\/\/www.oarcanjo.net\/site\/#\/schema\/logo\/image\/"},"sameAs":["https:\/\/www.facebook.com\/OArcanjoNoAr\/"]},{"@type":"Person","@id":"https:\/\/www.oarcanjo.net\/site\/#\/schema\/person\/f7024d007863202483a31326673a0838","name":"editor","sameAs":["http:\/\/www.oarcanjo.net"]}]}},"publishpress_future_action":{"enabled":false,"date":"2026-05-08 22:29:23","action":"category","newStatus":"draft","terms":[],"taxonomy":"category"},"publishpress_future_workflow_manual_trigger":{"enabledWorkflows":[]},"_links":{"self":[{"href":"https:\/\/www.oarcanjo.net\/site\/wp-json\/wp\/v2\/posts\/2100"}],"collection":[{"href":"https:\/\/www.oarcanjo.net\/site\/wp-json\/wp\/v2\/posts"}],"about":[{"href":"https:\/\/www.oarcanjo.net\/site\/wp-json\/wp\/v2\/types\/post"}],"author":[{"embeddable":true,"href":"https:\/\/www.oarcanjo.net\/site\/wp-json\/wp\/v2\/users\/5"}],"replies":[{"embeddable":true,"href":"https:\/\/www.oarcanjo.net\/site\/wp-json\/wp\/v2\/comments?post=2100"}],"version-history":[{"count":0,"href":"https:\/\/www.oarcanjo.net\/site\/wp-json\/wp\/v2\/posts\/2100\/revisions"}],"wp:attachment":[{"href":"https:\/\/www.oarcanjo.net\/site\/wp-json\/wp\/v2\/media?parent=2100"}],"wp:term":[{"taxonomy":"category","embeddable":true,"href":"https:\/\/www.oarcanjo.net\/site\/wp-json\/wp\/v2\/categories?post=2100"},{"taxonomy":"post_tag","embeddable":true,"href":"https:\/\/www.oarcanjo.net\/site\/wp-json\/wp\/v2\/tags?post=2100"}],"curies":[{"name":"wp","href":"https:\/\/api.w.org\/{rel}","templated":true}]}}