
{"id":21005,"date":"2013-02-15T11:27:02","date_gmt":"2013-02-15T13:27:02","guid":{"rendered":"http:\/\/www.oarcanjo.net\/site\/?p=21005"},"modified":"2013-02-25T11:27:21","modified_gmt":"2013-02-25T14:27:21","slug":"bento-xvi-e-a-v-conferencia","status":"publish","type":"post","link":"https:\/\/www.oarcanjo.net\/site\/bento-xvi-e-a-v-conferencia\/","title":{"rendered":"Bento XVI e a V Confer\u00eancia"},"content":{"rendered":"<p>Padre Geovane Saraiva*<\/p>\n<p>Papa \u00e9 o nome mais comum e mais usado, que em grego quer dizer \u201cPai\u201d. Pai dos amigos de Jesus e de todos aqueles que abra\u00e7am a f\u00e9, no desejo viver e ser coerente com seu batismo, realizando a vontade do Pai, numa bela e rica experi\u00eancia do amor de Deus, no seguimento de Jesus de Nazar\u00e9.<\/p>\n<p>Podemos chamar o Papa de Vig\u00e1rio de Cristo na terra, Pastor Universal, Romano Pont\u00edfice, Sumo Pont\u00edfice, Augusto Pont\u00edfice. Sucessor de Pedro, Pr\u00edncipe dos Ap\u00f3stolos, Santo Padre, Sua Santidade, Chefe Vis\u00edvel da Igreja, Patriarca do Ocidente, Primaz da It\u00e1lia e ainda Servos dos Servos de Deus.<\/p>\n<p>A Igreja da Am\u00e9rica Latina e do Caribe ficou marcada com as quatro confer\u00eancias do episcopado, ganhando um rosto bem pr\u00f3prio, bem claro e bem definido. A Confer\u00eancia do Rio de Janeiro em l955 preocupou-se com a ignor\u00e2ncia religiosa do povo de Deus. J\u00e1 em Medell\u00edn, na Col\u00f4mbia em l968, com toda anima\u00e7\u00e3o e entusiasmo do Vaticano II, enfocou a liberta\u00e7\u00e3o, marcando a caminhada da Igreja, diante de uma realidade subumana, gerando assim um grande otimismo. Em Puebla, em l779, o tema da Confer\u00eancia foi evangeliza\u00e7\u00e3o no presente e no futuro da Am\u00e9rica Latina, querendo esse S\u00ednodo agir, buscando meios de ser fiel a boa nova da salva\u00e7\u00e3o, na comunh\u00e3o e na participa\u00e7\u00e3o. Por \u00faltimo, em l992 realizou-se a Confer\u00eancia de Santo Domingos, na Rep\u00fablica Dominicana. A palavra que prevaleceu foi incultura\u00e7\u00e3o, com aten\u00e7\u00e3o especial para a promo\u00e7\u00e3o humana, pegando liberta\u00e7\u00e3o de Medell\u00edn e comunh\u00e3o e participa\u00e7\u00e3o de Puebla.<\/p>\n<p>A visita do Papa Bento XVI ao Brasil de 09 a 13 de maio de 2007, por ocasi\u00e3o da V Confer\u00eancia, foi de uma import\u00e2ncia incomensur\u00e1vel, com sua voz e sua palavra amiga na aula inaugural, foi uma ben\u00e7\u00e3o de Deus para o povo brasileiro e para toda a Am\u00e9rica Latina e o Caribe. \u201cAgradou de forma ampla a maioria do povo brasileiro, embora grupos de pessoas tenham ficado inconformado com sua presen\u00e7a. Essa maioria, conforme as pesquisas, concorda com a defesa dos princ\u00edpios \u00e9ticos pelos quais se bate a Igreja Cat\u00f3lica, sobretudo, na defesa da vida, desde a concep\u00e7\u00e3o at\u00e9 seu fim natural\u201d (Valdemar Menezes, O Povo, 20.05.2007).<\/p>\n<p>No nosso mundo de hoje, com uma consci\u00eancia subjetiva, marcado pela inseguran\u00e7a e incerteza, o povo se dirigiu ao Romano Pont\u00edfice porque viu nele um Pai e, ao mesmo tempo, como o Vig\u00e1rio do Cristo na terra. Foi com a convic\u00e7\u00e3o de que nele encontraria gentileza, uma voz mansa, firme e segura. Tendo a certeza dos valores anunciados pelo Sucessor de Pedro transcendem, indo al\u00e9m dos valores terrenos.<\/p>\n<p>Acreditamos numa Igreja verdadeiramente pascal, com os p\u00e9s no ch\u00e3o, m\u00e3os elevadas e os olhos na realidade, sonhando, evidentemente, com uma Igreja que olha com profundo amor, para causa dos que sofrem: mulheres, ind\u00edgenas, negros, camponeses e sofredores de toda sorte, que s\u00e3o no dizer de Dom Helder, \u201cas minorias abra\u00e2micas\u201d.<\/p>\n<p>Foi por isso mesmo que a nossa boa gente se dirigiu ao encontro do Papa Bento XVI, na sua visita como um todo, vendo nele o Bom Pastor: \u201cA ti corremos, Ang\u00e9lico Pastor, Em ti n\u00f3s vemos o doce Redentor. A voz de Pedro na tua o mundo escuta, n\u00e3o vencer\u00e3o as for\u00e7as do inferno, mas a verdade, o doce amor fraterno!\u201d (Hino do Vaticano).<\/p>\n<p>*Padre da Arquidiocese de Fortaleza, Escritor, Membro da Academia de Letras dos Munic\u00edpios do Estado Cear\u00e1 (ALMECE), da Academia Metropolitana de Letras de Fortaleza, vice-presidente da Previd\u00eancia Sacerdotal.<br \/>\nP\u00e1roco de Santo Afonso<br \/>\ngeovanesaraiva@gmail.com<\/p>\n<p>Autor dos livros:<br \/>\n\u201cO peregrino da Paz\u201d e \u201cNascido Para as Coisas Maiores\u201d (centen\u00e1rio de Dom Helder C\u00e2mara);<br \/>\n\u201cA Ternura de um Pastor\u201d &#8211; 2\u00aa Edi\u00e7\u00e3o (homenagem ao Cardeal Lorscheider);<br \/>\n\u201cA Esperan\u00e7a Tem Nome\u201d (espiritualidade e compromisso);<br \/>\n&#8220;Dom Helder: sonhos e utopias&#8221; (o pastor dos empobrecidos).<\/p>\n<div id=\"themify_builder_content-21005\" data-postid=\"21005\" class=\"themify_builder_content themify_builder_content-21005 themify_builder themify_builder_front\">\n\t<\/div>\n<!-- \/themify_builder_content -->","protected":false},"excerpt":{"rendered":"<p>Padre Geovane Saraiva* Papa \u00e9 o nome mais comum e mais usado, que em grego quer dizer \u201cPai\u201d. Pai dos amigos de Jesus e de todos aqueles que abra\u00e7am a f\u00e9, no desejo viver e ser coerente com seu batismo, realizando a vontade do Pai, numa bela e rica experi\u00eancia do amor de Deus, no [&hellip;]<\/p>\n","protected":false},"author":17,"featured_media":0,"comment_status":"open","ping_status":"open","sticky":false,"template":"","format":"standard","meta":{"ngg_post_thumbnail":0,"footnotes":""},"categories":[9],"tags":[],"yoast_head":"<!-- This site is optimized with the Yoast SEO plugin v23.5 - https:\/\/yoast.com\/wordpress\/plugins\/seo\/ -->\n<title>Bento XVI e a V Confer\u00eancia - O Arcanjo no ar<\/title>\n<meta name=\"robots\" content=\"index, follow, max-snippet:-1, max-image-preview:large, max-video-preview:-1\" \/>\n<link rel=\"canonical\" href=\"https:\/\/www.oarcanjo.net\/site\/bento-xvi-e-a-v-conferencia\/\" \/>\n<meta property=\"og:locale\" content=\"pt_BR\" \/>\n<meta property=\"og:type\" content=\"article\" \/>\n<meta property=\"og:title\" content=\"Bento XVI e a V Confer\u00eancia - O Arcanjo no ar\" \/>\n<meta property=\"og:description\" content=\"Padre Geovane Saraiva* Papa \u00e9 o nome mais comum e mais usado, que em grego quer dizer \u201cPai\u201d. Pai dos amigos de Jesus e de todos aqueles que abra\u00e7am a f\u00e9, no desejo viver e ser coerente com seu batismo, realizando a vontade do Pai, numa bela e rica experi\u00eancia do amor de Deus, no [&hellip;]\" \/>\n<meta property=\"og:url\" content=\"https:\/\/www.oarcanjo.net\/site\/bento-xvi-e-a-v-conferencia\/\" \/>\n<meta property=\"og:site_name\" content=\"O Arcanjo no ar\" \/>\n<meta property=\"article:publisher\" content=\"https:\/\/www.facebook.com\/OArcanjoNoAr\/\" \/>\n<meta property=\"article:published_time\" content=\"2013-02-15T13:27:02+00:00\" \/>\n<meta property=\"article:modified_time\" content=\"2013-02-25T14:27:21+00:00\" \/>\n<meta property=\"og:image\" content=\"https:\/\/www.oarcanjo.net\/site\/wp-content\/uploads\/logo-o-arcanjo-no-ar-facebook.png\" \/>\n\t<meta property=\"og:image:width\" content=\"300\" \/>\n\t<meta property=\"og:image:height\" content=\"300\" \/>\n\t<meta property=\"og:image:type\" content=\"image\/png\" \/>\n<meta name=\"author\" content=\"pe.geovane\" \/>\n<meta name=\"twitter:card\" content=\"summary_large_image\" \/>\n<meta name=\"twitter:label1\" content=\"Escrito por\" \/>\n\t<meta name=\"twitter:data1\" content=\"pe.geovane\" \/>\n\t<meta name=\"twitter:label2\" content=\"Est. tempo de leitura\" \/>\n\t<meta name=\"twitter:data2\" content=\"3 minutos\" \/>\n<script type=\"application\/ld+json\" class=\"yoast-schema-graph\">{\"@context\":\"https:\/\/schema.org\",\"@graph\":[{\"@type\":\"Article\",\"@id\":\"https:\/\/www.oarcanjo.net\/site\/bento-xvi-e-a-v-conferencia\/#article\",\"isPartOf\":{\"@id\":\"https:\/\/www.oarcanjo.net\/site\/bento-xvi-e-a-v-conferencia\/\"},\"author\":{\"name\":\"pe.geovane\",\"@id\":\"https:\/\/www.oarcanjo.net\/site\/#\/schema\/person\/58d7f78850a973b8e467c7ae4a7eb4ad\"},\"headline\":\"Bento XVI e a V Confer\u00eancia\",\"datePublished\":\"2013-02-15T13:27:02+00:00\",\"dateModified\":\"2013-02-25T14:27:21+00:00\",\"mainEntityOfPage\":{\"@id\":\"https:\/\/www.oarcanjo.net\/site\/bento-xvi-e-a-v-conferencia\/\"},\"wordCount\":698,\"commentCount\":0,\"publisher\":{\"@id\":\"https:\/\/www.oarcanjo.net\/site\/#organization\"},\"articleSection\":[\"Reflex\u00f5es\"],\"inLanguage\":\"pt-BR\",\"potentialAction\":[{\"@type\":\"CommentAction\",\"name\":\"Comment\",\"target\":[\"https:\/\/www.oarcanjo.net\/site\/bento-xvi-e-a-v-conferencia\/#respond\"]}]},{\"@type\":\"WebPage\",\"@id\":\"https:\/\/www.oarcanjo.net\/site\/bento-xvi-e-a-v-conferencia\/\",\"url\":\"https:\/\/www.oarcanjo.net\/site\/bento-xvi-e-a-v-conferencia\/\",\"name\":\"Bento XVI e a V Confer\u00eancia - O Arcanjo no ar\",\"isPartOf\":{\"@id\":\"https:\/\/www.oarcanjo.net\/site\/#website\"},\"datePublished\":\"2013-02-15T13:27:02+00:00\",\"dateModified\":\"2013-02-25T14:27:21+00:00\",\"breadcrumb\":{\"@id\":\"https:\/\/www.oarcanjo.net\/site\/bento-xvi-e-a-v-conferencia\/#breadcrumb\"},\"inLanguage\":\"pt-BR\",\"potentialAction\":[{\"@type\":\"ReadAction\",\"target\":[\"https:\/\/www.oarcanjo.net\/site\/bento-xvi-e-a-v-conferencia\/\"]}]},{\"@type\":\"BreadcrumbList\",\"@id\":\"https:\/\/www.oarcanjo.net\/site\/bento-xvi-e-a-v-conferencia\/#breadcrumb\",\"itemListElement\":[{\"@type\":\"ListItem\",\"position\":1,\"name\":\"In\u00edcio\",\"item\":\"https:\/\/www.oarcanjo.net\/site\/\"},{\"@type\":\"ListItem\",\"position\":2,\"name\":\"Bento XVI e a V Confer\u00eancia\"}]},{\"@type\":\"WebSite\",\"@id\":\"https:\/\/www.oarcanjo.net\/site\/#website\",\"url\":\"https:\/\/www.oarcanjo.net\/site\/\",\"name\":\"O Arcanjo no ar\",\"description\":\"Site da Par\u00f3quia S\u00e3o Miguel Arcanjo (Arquidiocese de SP)\",\"publisher\":{\"@id\":\"https:\/\/www.oarcanjo.net\/site\/#organization\"},\"potentialAction\":[{\"@type\":\"SearchAction\",\"target\":{\"@type\":\"EntryPoint\",\"urlTemplate\":\"https:\/\/www.oarcanjo.net\/site\/?s={search_term_string}\"},\"query-input\":{\"@type\":\"PropertyValueSpecification\",\"valueRequired\":true,\"valueName\":\"search_term_string\"}}],\"inLanguage\":\"pt-BR\"},{\"@type\":\"Organization\",\"@id\":\"https:\/\/www.oarcanjo.net\/site\/#organization\",\"name\":\"Par\u00f3quia S\u00e3o Miguel Arcanjo\",\"url\":\"https:\/\/www.oarcanjo.net\/site\/\",\"logo\":{\"@type\":\"ImageObject\",\"inLanguage\":\"pt-BR\",\"@id\":\"https:\/\/www.oarcanjo.net\/site\/#\/schema\/logo\/image\/\",\"url\":\"https:\/\/www.oarcanjo.net\/site\/wp-content\/uploads\/LogoOArcanjo.png\",\"contentUrl\":\"https:\/\/www.oarcanjo.net\/site\/wp-content\/uploads\/LogoOArcanjo.png\",\"width\":319,\"height\":99,\"caption\":\"Par\u00f3quia S\u00e3o Miguel Arcanjo\"},\"image\":{\"@id\":\"https:\/\/www.oarcanjo.net\/site\/#\/schema\/logo\/image\/\"},\"sameAs\":[\"https:\/\/www.facebook.com\/OArcanjoNoAr\/\"]},{\"@type\":\"Person\",\"@id\":\"https:\/\/www.oarcanjo.net\/site\/#\/schema\/person\/58d7f78850a973b8e467c7ae4a7eb4ad\",\"name\":\"pe.geovane\"}]}<\/script>\n<!-- \/ Yoast SEO plugin. -->","yoast_head_json":{"title":"Bento XVI e a V Confer\u00eancia - O Arcanjo no ar","robots":{"index":"index","follow":"follow","max-snippet":"max-snippet:-1","max-image-preview":"max-image-preview:large","max-video-preview":"max-video-preview:-1"},"canonical":"https:\/\/www.oarcanjo.net\/site\/bento-xvi-e-a-v-conferencia\/","og_locale":"pt_BR","og_type":"article","og_title":"Bento XVI e a V Confer\u00eancia - O Arcanjo no ar","og_description":"Padre Geovane Saraiva* Papa \u00e9 o nome mais comum e mais usado, que em grego quer dizer \u201cPai\u201d. Pai dos amigos de Jesus e de todos aqueles que abra\u00e7am a f\u00e9, no desejo viver e ser coerente com seu batismo, realizando a vontade do Pai, numa bela e rica experi\u00eancia do amor de Deus, no [&hellip;]","og_url":"https:\/\/www.oarcanjo.net\/site\/bento-xvi-e-a-v-conferencia\/","og_site_name":"O Arcanjo no ar","article_publisher":"https:\/\/www.facebook.com\/OArcanjoNoAr\/","article_published_time":"2013-02-15T13:27:02+00:00","article_modified_time":"2013-02-25T14:27:21+00:00","og_image":[{"width":300,"height":300,"url":"https:\/\/www.oarcanjo.net\/site\/wp-content\/uploads\/logo-o-arcanjo-no-ar-facebook.png","type":"image\/png"}],"author":"pe.geovane","twitter_card":"summary_large_image","twitter_misc":{"Escrito por":"pe.geovane","Est. tempo de leitura":"3 minutos"},"schema":{"@context":"https:\/\/schema.org","@graph":[{"@type":"Article","@id":"https:\/\/www.oarcanjo.net\/site\/bento-xvi-e-a-v-conferencia\/#article","isPartOf":{"@id":"https:\/\/www.oarcanjo.net\/site\/bento-xvi-e-a-v-conferencia\/"},"author":{"name":"pe.geovane","@id":"https:\/\/www.oarcanjo.net\/site\/#\/schema\/person\/58d7f78850a973b8e467c7ae4a7eb4ad"},"headline":"Bento XVI e a V Confer\u00eancia","datePublished":"2013-02-15T13:27:02+00:00","dateModified":"2013-02-25T14:27:21+00:00","mainEntityOfPage":{"@id":"https:\/\/www.oarcanjo.net\/site\/bento-xvi-e-a-v-conferencia\/"},"wordCount":698,"commentCount":0,"publisher":{"@id":"https:\/\/www.oarcanjo.net\/site\/#organization"},"articleSection":["Reflex\u00f5es"],"inLanguage":"pt-BR","potentialAction":[{"@type":"CommentAction","name":"Comment","target":["https:\/\/www.oarcanjo.net\/site\/bento-xvi-e-a-v-conferencia\/#respond"]}]},{"@type":"WebPage","@id":"https:\/\/www.oarcanjo.net\/site\/bento-xvi-e-a-v-conferencia\/","url":"https:\/\/www.oarcanjo.net\/site\/bento-xvi-e-a-v-conferencia\/","name":"Bento XVI e a V Confer\u00eancia - O Arcanjo no ar","isPartOf":{"@id":"https:\/\/www.oarcanjo.net\/site\/#website"},"datePublished":"2013-02-15T13:27:02+00:00","dateModified":"2013-02-25T14:27:21+00:00","breadcrumb":{"@id":"https:\/\/www.oarcanjo.net\/site\/bento-xvi-e-a-v-conferencia\/#breadcrumb"},"inLanguage":"pt-BR","potentialAction":[{"@type":"ReadAction","target":["https:\/\/www.oarcanjo.net\/site\/bento-xvi-e-a-v-conferencia\/"]}]},{"@type":"BreadcrumbList","@id":"https:\/\/www.oarcanjo.net\/site\/bento-xvi-e-a-v-conferencia\/#breadcrumb","itemListElement":[{"@type":"ListItem","position":1,"name":"In\u00edcio","item":"https:\/\/www.oarcanjo.net\/site\/"},{"@type":"ListItem","position":2,"name":"Bento XVI e a V Confer\u00eancia"}]},{"@type":"WebSite","@id":"https:\/\/www.oarcanjo.net\/site\/#website","url":"https:\/\/www.oarcanjo.net\/site\/","name":"O Arcanjo no ar","description":"Site da Par\u00f3quia S\u00e3o Miguel Arcanjo (Arquidiocese de SP)","publisher":{"@id":"https:\/\/www.oarcanjo.net\/site\/#organization"},"potentialAction":[{"@type":"SearchAction","target":{"@type":"EntryPoint","urlTemplate":"https:\/\/www.oarcanjo.net\/site\/?s={search_term_string}"},"query-input":{"@type":"PropertyValueSpecification","valueRequired":true,"valueName":"search_term_string"}}],"inLanguage":"pt-BR"},{"@type":"Organization","@id":"https:\/\/www.oarcanjo.net\/site\/#organization","name":"Par\u00f3quia S\u00e3o Miguel Arcanjo","url":"https:\/\/www.oarcanjo.net\/site\/","logo":{"@type":"ImageObject","inLanguage":"pt-BR","@id":"https:\/\/www.oarcanjo.net\/site\/#\/schema\/logo\/image\/","url":"https:\/\/www.oarcanjo.net\/site\/wp-content\/uploads\/LogoOArcanjo.png","contentUrl":"https:\/\/www.oarcanjo.net\/site\/wp-content\/uploads\/LogoOArcanjo.png","width":319,"height":99,"caption":"Par\u00f3quia S\u00e3o Miguel Arcanjo"},"image":{"@id":"https:\/\/www.oarcanjo.net\/site\/#\/schema\/logo\/image\/"},"sameAs":["https:\/\/www.facebook.com\/OArcanjoNoAr\/"]},{"@type":"Person","@id":"https:\/\/www.oarcanjo.net\/site\/#\/schema\/person\/58d7f78850a973b8e467c7ae4a7eb4ad","name":"pe.geovane"}]}},"publishpress_future_action":{"enabled":false,"date":"2026-05-09 05:53:39","action":"category","newStatus":"draft","terms":[],"taxonomy":"category"},"publishpress_future_workflow_manual_trigger":{"enabledWorkflows":[]},"_links":{"self":[{"href":"https:\/\/www.oarcanjo.net\/site\/wp-json\/wp\/v2\/posts\/21005"}],"collection":[{"href":"https:\/\/www.oarcanjo.net\/site\/wp-json\/wp\/v2\/posts"}],"about":[{"href":"https:\/\/www.oarcanjo.net\/site\/wp-json\/wp\/v2\/types\/post"}],"author":[{"embeddable":true,"href":"https:\/\/www.oarcanjo.net\/site\/wp-json\/wp\/v2\/users\/17"}],"replies":[{"embeddable":true,"href":"https:\/\/www.oarcanjo.net\/site\/wp-json\/wp\/v2\/comments?post=21005"}],"version-history":[{"count":0,"href":"https:\/\/www.oarcanjo.net\/site\/wp-json\/wp\/v2\/posts\/21005\/revisions"}],"wp:attachment":[{"href":"https:\/\/www.oarcanjo.net\/site\/wp-json\/wp\/v2\/media?parent=21005"}],"wp:term":[{"taxonomy":"category","embeddable":true,"href":"https:\/\/www.oarcanjo.net\/site\/wp-json\/wp\/v2\/categories?post=21005"},{"taxonomy":"post_tag","embeddable":true,"href":"https:\/\/www.oarcanjo.net\/site\/wp-json\/wp\/v2\/tags?post=21005"}],"curies":[{"name":"wp","href":"https:\/\/api.w.org\/{rel}","templated":true}]}}