
{"id":2102,"date":"2009-02-27T21:09:07","date_gmt":"2009-02-28T00:09:07","guid":{"rendered":"http:\/\/www.oarcanjo.net\/site\/?p=2102"},"modified":"2009-02-27T21:11:09","modified_gmt":"2009-02-28T00:11:09","slug":"repudio-as-declaracoes-do-ministro-do-stf","status":"publish","type":"post","link":"https:\/\/www.oarcanjo.net\/site\/repudio-as-declaracoes-do-ministro-do-stf\/","title":{"rendered":"Rep\u00fadio \u00e0s declara\u00e7\u00f5es do Ministro do STF"},"content":{"rendered":"<p>FNRA &#8211; F\u00f3rum Nacional pela Reforma Agr\u00e1ria e Justi\u00e7a no Campo *<\/p>\n<p>O F\u00f3rum Nacional pela Reforma Agr\u00e1ria e Justi\u00e7a no Campo &#8211; FNRA, vem contestar as declara\u00e7\u00f5es carregadas de preconceito e rancor de classe do presidente do Supremo Tribunal Federal &#8211; STF, Gilmar Mendes, e apoiadas pelos Presidentes do Senado Federal, e da C\u00e2mara dos Deputados, contra os movimentos sociais e sindicais do campo. Ao longo da historia da luta pela terra no Brasil, a atua\u00e7\u00e3o dos movimentos tem sido inspirada pela garantia dos direitos humanos, em especial o direito \u00e0 vida, \u00e0 dignidade dos homens e mulheres do campo e o direito e a necessidade de realiza\u00e7\u00e3o de uma reforma agr\u00e1ria massiva, que contemple uma ampla e justa distribui\u00e7\u00e3o de terras.<\/p>\n<p>Lastimamos que o Presidente do STF, que \u00e9 o guardi\u00e3o da Constitui\u00e7\u00e3o Federal, n\u00e3o tenha incorporado \u00e0 hist\u00f3ria de luta das classes populares nacionais. Em declara\u00e7\u00e3o recente a imprensa, o Ministro, em uma atitude revoltosa, coloca no mesmo patamar diferentes situa\u00e7\u00f5es como as ocupa\u00e7\u00f5es de terras, conv\u00eanios e contratos assinados entre organiza\u00e7\u00f5es e governo, questiona as autoridades respons\u00e1veis pelo repasse de verbas e pede a puni\u00e7\u00e3o por crime de responsabilidade. Nunca a sociedade brasileira ouviu do Ministro uma condena\u00e7\u00e3o aos grupos de latifundi\u00e1rios armados no campo ou a concess\u00e3o de financiamentos p\u00fablicos aos grandes grupos econ\u00f4micos, que tem provocado o trabalho escravo, chacinas contra popula\u00e7\u00f5es tradicionais e crimes ambientais.   Dessa forma, o senhor Ministro Gilmar Mendes, estimula o processo de criminaliza\u00e7\u00e3o dos movimentos sociais e sindicais, unindo e fortalecendo politicamente os setores que atuam no sentido contrario \u00e0 consolida\u00e7\u00e3o de uma sociedade livre, organizada e democr\u00e1tica.<\/p>\n<p>A luta pela reforma agr\u00e1ria n\u00e3o vai recuar diante de declara\u00e7\u00f5es imponderadas como esta do ministro Gilmar Mendes. Ao contrario, fortalece a luta do FNRA contra as legisla\u00e7\u00f5es que institucionalizam a criminaliza\u00e7\u00e3o das organiza\u00e7\u00f5es, contra as leis que impedem as legitimas ocupa\u00e7\u00f5es e A FAVOR da emenda constitucional que limita o tamanho da propriedade rural e pela assinatura da Portaria que atualiza os \u00edndices de produtividade.<\/p>\n<p>Atualmente existem cerca de 250 mil fam\u00edlias de sem-terras acampadas nas beiras das estradas. Os recursos or\u00e7ament\u00e1rios da Uni\u00e3o destinados para a reforma agr\u00e1ria n\u00e3o d\u00e3o conta desta demanda, apesar de estar comprovado que o Estado possui recursos suficientes para realizar a reforma agr\u00e1ria em menos de tr\u00eas anos. Adiar este processo significa promover e estimular a viol\u00eancia no campo, colocando em risco a vida de milhares de fam\u00edlias brasileiras.<\/p>\n<p>E lament\u00e1vel quando lemos e ouvimos o Presidente do Supremo Tribunal Federal apelar para Medidas Provis\u00f3rias e legisla\u00e7\u00f5es recentes sobre a reforma agr\u00e1ria, quando a Constitui\u00e7\u00e3o Federal assegura aos cidad\u00e3os e cidad\u00e3s o direito \u00e0 terra aos que nela trabalham, a moradia e a uma vida digna. O papel do FNRA \u00e9 exigir do Estado o efetivo cumprimento da fun\u00e7\u00e3o social da propriedade da terra, para que dela os brasileiros e brasileiras tirem seu sustento.<\/p>\n<p>As lideran\u00e7as dos diferentes movimentos reunidos em Salvador durante o Semin\u00e1rio Nacional pela Campanha do Limite da Propriedade da Terra n\u00e3o se sentem amea\u00e7adas pelas palavras do Ministro Gilmar Mendes. Pelo contrario, se sentem desafiadas e estimuladas a renovar suas alian\u00e7as e dar continuidade \u00e0 luta hist\u00f3rica em nome dos companheiros e companheiras que tombaram nesta caminhada.<\/p>\n<p>Pela Reforma Agr\u00e1ria e Justi\u00e7a no Campo, j\u00e1!<\/p>\n<p>* ENTIDADES QUE COMP\u00d5EM O FNRA:<br \/>\nCONTAG &#8211; MST &#8211; FETRAF Brasil &#8211; CUT &#8211; CPT &#8211; C\u00c1RITAS BRASILEIRA &#8211; MMC &#8211; MPA &#8211; MAB &#8211; CMP &#8211; CONIC &#8211; CONDSEF &#8211; Pastorais Sociais da CNBB &#8211; MNDH &#8211; MTL &#8211; ABRA &#8211; ABONG &#8211; APR &#8211; ASPTA &#8211; ANDES &#8211; Centro de Justi\u00e7a Global &#8211; CESE &#8211; CIMI &#8211; CNASI &#8211; DESER &#8211; ESPLAR &#8211; FASE &#8211; FASER &#8211; FEAB &#8211; FIAN-Brasil &#8211; FISENGE &#8211; IBASE &#8211; IBRADES &#8211; IDACO &#8211; IECLB &#8211; IFAS &#8211; INESC &#8211; MLST &#8211; PJR &#8211; REDE BRASIL sobre Institui\u00e7\u00f5es Financeiras Multilaterais &#8211; Rede Social de Justi\u00e7a e Direitos Humanos &#8211; RENAP &#8211; SINPAF &#8211; TERRA DE DIREITOS &#8211; EMP\u00d3RIO DO CERRADO &#8211; COIABE &#8211; ABRANDH &#8211; ABEEF &#8211; Comiss\u00e3o de Justi\u00e7a e PAZ &#8211; Grito dos Exclu\u00eddos &#8211; Jubileu Sul\/Brasil &#8211; Mutir\u00e3o Nacional pela Supera\u00e7\u00e3o da Mis\u00e9ria e da Fome.<\/p>\n<p><em>Leia tamb\u00e9m o <a href=\"http:\/\/www.oarcanjo.net\/site\/index.php\/reflexao\/o-que-a-midia-nao-mostra-a-sociedade-nao-ve\/\">artigo da professora Maria Rosa de Miranda Coutinho sobre a cobertura tendenciosa da m\u00eddia<\/a><\/em><\/p>\n<div id=\"themify_builder_content-2102\" data-postid=\"2102\" class=\"themify_builder_content themify_builder_content-2102 themify_builder themify_builder_front\">\n\t<\/div>\n<!-- \/themify_builder_content -->","protected":false},"excerpt":{"rendered":"<p>FNRA &#8211; F\u00f3rum Nacional pela Reforma Agr\u00e1ria e Justi\u00e7a no Campo * O F\u00f3rum Nacional pela Reforma Agr\u00e1ria e Justi\u00e7a no Campo &#8211; FNRA, vem contestar as declara\u00e7\u00f5es carregadas de preconceito e rancor de classe do presidente do Supremo Tribunal Federal &#8211; STF, Gilmar Mendes, e apoiadas pelos Presidentes do Senado Federal, e da C\u00e2mara [&hellip;]<\/p>\n","protected":false},"author":5,"featured_media":0,"comment_status":"open","ping_status":"open","sticky":false,"template":"","format":"standard","meta":{"ngg_post_thumbnail":0,"footnotes":""},"categories":[8],"tags":[292,293,172],"yoast_head":"<!-- This site is optimized with the Yoast SEO plugin v23.5 - https:\/\/yoast.com\/wordpress\/plugins\/seo\/ -->\n<title>Rep\u00fadio \u00e0s declara\u00e7\u00f5es do Ministro do STF - O Arcanjo no ar<\/title>\n<meta name=\"robots\" content=\"index, follow, max-snippet:-1, max-image-preview:large, max-video-preview:-1\" \/>\n<link rel=\"canonical\" href=\"https:\/\/www.oarcanjo.net\/site\/repudio-as-declaracoes-do-ministro-do-stf\/\" \/>\n<meta property=\"og:locale\" content=\"pt_BR\" \/>\n<meta property=\"og:type\" content=\"article\" \/>\n<meta property=\"og:title\" content=\"Rep\u00fadio \u00e0s declara\u00e7\u00f5es do Ministro do STF - O Arcanjo no ar\" \/>\n<meta property=\"og:description\" content=\"FNRA &#8211; F\u00f3rum Nacional pela Reforma Agr\u00e1ria e Justi\u00e7a no Campo * O F\u00f3rum Nacional pela Reforma Agr\u00e1ria e Justi\u00e7a no Campo &#8211; FNRA, vem contestar as declara\u00e7\u00f5es carregadas de preconceito e rancor de classe do presidente do Supremo Tribunal Federal &#8211; STF, Gilmar Mendes, e apoiadas pelos Presidentes do Senado Federal, e da C\u00e2mara [&hellip;]\" \/>\n<meta property=\"og:url\" content=\"https:\/\/www.oarcanjo.net\/site\/repudio-as-declaracoes-do-ministro-do-stf\/\" \/>\n<meta property=\"og:site_name\" content=\"O Arcanjo no ar\" \/>\n<meta property=\"article:publisher\" content=\"https:\/\/www.facebook.com\/OArcanjoNoAr\/\" \/>\n<meta property=\"article:published_time\" content=\"2009-02-28T00:09:07+00:00\" \/>\n<meta property=\"article:modified_time\" content=\"2009-02-28T00:11:09+00:00\" \/>\n<meta property=\"og:image\" content=\"https:\/\/www.oarcanjo.net\/site\/wp-content\/uploads\/logo-o-arcanjo-no-ar-facebook.png\" \/>\n\t<meta property=\"og:image:width\" content=\"300\" \/>\n\t<meta property=\"og:image:height\" content=\"300\" \/>\n\t<meta property=\"og:image:type\" content=\"image\/png\" \/>\n<meta name=\"author\" content=\"editor\" \/>\n<meta name=\"twitter:card\" content=\"summary_large_image\" \/>\n<meta name=\"twitter:label1\" content=\"Escrito por\" \/>\n\t<meta name=\"twitter:data1\" content=\"editor\" \/>\n\t<meta name=\"twitter:label2\" content=\"Est. tempo de leitura\" \/>\n\t<meta name=\"twitter:data2\" content=\"4 minutos\" \/>\n<script type=\"application\/ld+json\" class=\"yoast-schema-graph\">{\"@context\":\"https:\/\/schema.org\",\"@graph\":[{\"@type\":\"Article\",\"@id\":\"https:\/\/www.oarcanjo.net\/site\/repudio-as-declaracoes-do-ministro-do-stf\/#article\",\"isPartOf\":{\"@id\":\"https:\/\/www.oarcanjo.net\/site\/repudio-as-declaracoes-do-ministro-do-stf\/\"},\"author\":{\"name\":\"editor\",\"@id\":\"https:\/\/www.oarcanjo.net\/site\/#\/schema\/person\/f7024d007863202483a31326673a0838\"},\"headline\":\"Rep\u00fadio \u00e0s declara\u00e7\u00f5es do Ministro do STF\",\"datePublished\":\"2009-02-28T00:09:07+00:00\",\"dateModified\":\"2009-02-28T00:11:09+00:00\",\"mainEntityOfPage\":{\"@id\":\"https:\/\/www.oarcanjo.net\/site\/repudio-as-declaracoes-do-ministro-do-stf\/\"},\"wordCount\":788,\"commentCount\":0,\"publisher\":{\"@id\":\"https:\/\/www.oarcanjo.net\/site\/#organization\"},\"keywords\":[\"MST\",\"Reforma agr\u00e1ria\",\"Terra\"],\"articleSection\":[\"Not\u00edcias\"],\"inLanguage\":\"pt-BR\",\"potentialAction\":[{\"@type\":\"CommentAction\",\"name\":\"Comment\",\"target\":[\"https:\/\/www.oarcanjo.net\/site\/repudio-as-declaracoes-do-ministro-do-stf\/#respond\"]}]},{\"@type\":\"WebPage\",\"@id\":\"https:\/\/www.oarcanjo.net\/site\/repudio-as-declaracoes-do-ministro-do-stf\/\",\"url\":\"https:\/\/www.oarcanjo.net\/site\/repudio-as-declaracoes-do-ministro-do-stf\/\",\"name\":\"Rep\u00fadio \u00e0s declara\u00e7\u00f5es do Ministro do STF - O Arcanjo no ar\",\"isPartOf\":{\"@id\":\"https:\/\/www.oarcanjo.net\/site\/#website\"},\"datePublished\":\"2009-02-28T00:09:07+00:00\",\"dateModified\":\"2009-02-28T00:11:09+00:00\",\"breadcrumb\":{\"@id\":\"https:\/\/www.oarcanjo.net\/site\/repudio-as-declaracoes-do-ministro-do-stf\/#breadcrumb\"},\"inLanguage\":\"pt-BR\",\"potentialAction\":[{\"@type\":\"ReadAction\",\"target\":[\"https:\/\/www.oarcanjo.net\/site\/repudio-as-declaracoes-do-ministro-do-stf\/\"]}]},{\"@type\":\"BreadcrumbList\",\"@id\":\"https:\/\/www.oarcanjo.net\/site\/repudio-as-declaracoes-do-ministro-do-stf\/#breadcrumb\",\"itemListElement\":[{\"@type\":\"ListItem\",\"position\":1,\"name\":\"In\u00edcio\",\"item\":\"https:\/\/www.oarcanjo.net\/site\/\"},{\"@type\":\"ListItem\",\"position\":2,\"name\":\"Rep\u00fadio \u00e0s declara\u00e7\u00f5es do Ministro do STF\"}]},{\"@type\":\"WebSite\",\"@id\":\"https:\/\/www.oarcanjo.net\/site\/#website\",\"url\":\"https:\/\/www.oarcanjo.net\/site\/\",\"name\":\"O Arcanjo no ar\",\"description\":\"Site da Par\u00f3quia S\u00e3o Miguel Arcanjo (Arquidiocese de SP)\",\"publisher\":{\"@id\":\"https:\/\/www.oarcanjo.net\/site\/#organization\"},\"potentialAction\":[{\"@type\":\"SearchAction\",\"target\":{\"@type\":\"EntryPoint\",\"urlTemplate\":\"https:\/\/www.oarcanjo.net\/site\/?s={search_term_string}\"},\"query-input\":{\"@type\":\"PropertyValueSpecification\",\"valueRequired\":true,\"valueName\":\"search_term_string\"}}],\"inLanguage\":\"pt-BR\"},{\"@type\":\"Organization\",\"@id\":\"https:\/\/www.oarcanjo.net\/site\/#organization\",\"name\":\"Par\u00f3quia S\u00e3o Miguel Arcanjo\",\"url\":\"https:\/\/www.oarcanjo.net\/site\/\",\"logo\":{\"@type\":\"ImageObject\",\"inLanguage\":\"pt-BR\",\"@id\":\"https:\/\/www.oarcanjo.net\/site\/#\/schema\/logo\/image\/\",\"url\":\"https:\/\/www.oarcanjo.net\/site\/wp-content\/uploads\/LogoOArcanjo.png\",\"contentUrl\":\"https:\/\/www.oarcanjo.net\/site\/wp-content\/uploads\/LogoOArcanjo.png\",\"width\":319,\"height\":99,\"caption\":\"Par\u00f3quia S\u00e3o Miguel Arcanjo\"},\"image\":{\"@id\":\"https:\/\/www.oarcanjo.net\/site\/#\/schema\/logo\/image\/\"},\"sameAs\":[\"https:\/\/www.facebook.com\/OArcanjoNoAr\/\"]},{\"@type\":\"Person\",\"@id\":\"https:\/\/www.oarcanjo.net\/site\/#\/schema\/person\/f7024d007863202483a31326673a0838\",\"name\":\"editor\",\"sameAs\":[\"http:\/\/www.oarcanjo.net\"]}]}<\/script>\n<!-- \/ Yoast SEO plugin. -->","yoast_head_json":{"title":"Rep\u00fadio \u00e0s declara\u00e7\u00f5es do Ministro do STF - O Arcanjo no ar","robots":{"index":"index","follow":"follow","max-snippet":"max-snippet:-1","max-image-preview":"max-image-preview:large","max-video-preview":"max-video-preview:-1"},"canonical":"https:\/\/www.oarcanjo.net\/site\/repudio-as-declaracoes-do-ministro-do-stf\/","og_locale":"pt_BR","og_type":"article","og_title":"Rep\u00fadio \u00e0s declara\u00e7\u00f5es do Ministro do STF - O Arcanjo no ar","og_description":"FNRA &#8211; F\u00f3rum Nacional pela Reforma Agr\u00e1ria e Justi\u00e7a no Campo * O F\u00f3rum Nacional pela Reforma Agr\u00e1ria e Justi\u00e7a no Campo &#8211; FNRA, vem contestar as declara\u00e7\u00f5es carregadas de preconceito e rancor de classe do presidente do Supremo Tribunal Federal &#8211; STF, Gilmar Mendes, e apoiadas pelos Presidentes do Senado Federal, e da C\u00e2mara [&hellip;]","og_url":"https:\/\/www.oarcanjo.net\/site\/repudio-as-declaracoes-do-ministro-do-stf\/","og_site_name":"O Arcanjo no ar","article_publisher":"https:\/\/www.facebook.com\/OArcanjoNoAr\/","article_published_time":"2009-02-28T00:09:07+00:00","article_modified_time":"2009-02-28T00:11:09+00:00","og_image":[{"width":300,"height":300,"url":"https:\/\/www.oarcanjo.net\/site\/wp-content\/uploads\/logo-o-arcanjo-no-ar-facebook.png","type":"image\/png"}],"author":"editor","twitter_card":"summary_large_image","twitter_misc":{"Escrito por":"editor","Est. tempo de leitura":"4 minutos"},"schema":{"@context":"https:\/\/schema.org","@graph":[{"@type":"Article","@id":"https:\/\/www.oarcanjo.net\/site\/repudio-as-declaracoes-do-ministro-do-stf\/#article","isPartOf":{"@id":"https:\/\/www.oarcanjo.net\/site\/repudio-as-declaracoes-do-ministro-do-stf\/"},"author":{"name":"editor","@id":"https:\/\/www.oarcanjo.net\/site\/#\/schema\/person\/f7024d007863202483a31326673a0838"},"headline":"Rep\u00fadio \u00e0s declara\u00e7\u00f5es do Ministro do STF","datePublished":"2009-02-28T00:09:07+00:00","dateModified":"2009-02-28T00:11:09+00:00","mainEntityOfPage":{"@id":"https:\/\/www.oarcanjo.net\/site\/repudio-as-declaracoes-do-ministro-do-stf\/"},"wordCount":788,"commentCount":0,"publisher":{"@id":"https:\/\/www.oarcanjo.net\/site\/#organization"},"keywords":["MST","Reforma agr\u00e1ria","Terra"],"articleSection":["Not\u00edcias"],"inLanguage":"pt-BR","potentialAction":[{"@type":"CommentAction","name":"Comment","target":["https:\/\/www.oarcanjo.net\/site\/repudio-as-declaracoes-do-ministro-do-stf\/#respond"]}]},{"@type":"WebPage","@id":"https:\/\/www.oarcanjo.net\/site\/repudio-as-declaracoes-do-ministro-do-stf\/","url":"https:\/\/www.oarcanjo.net\/site\/repudio-as-declaracoes-do-ministro-do-stf\/","name":"Rep\u00fadio \u00e0s declara\u00e7\u00f5es do Ministro do STF - O Arcanjo no ar","isPartOf":{"@id":"https:\/\/www.oarcanjo.net\/site\/#website"},"datePublished":"2009-02-28T00:09:07+00:00","dateModified":"2009-02-28T00:11:09+00:00","breadcrumb":{"@id":"https:\/\/www.oarcanjo.net\/site\/repudio-as-declaracoes-do-ministro-do-stf\/#breadcrumb"},"inLanguage":"pt-BR","potentialAction":[{"@type":"ReadAction","target":["https:\/\/www.oarcanjo.net\/site\/repudio-as-declaracoes-do-ministro-do-stf\/"]}]},{"@type":"BreadcrumbList","@id":"https:\/\/www.oarcanjo.net\/site\/repudio-as-declaracoes-do-ministro-do-stf\/#breadcrumb","itemListElement":[{"@type":"ListItem","position":1,"name":"In\u00edcio","item":"https:\/\/www.oarcanjo.net\/site\/"},{"@type":"ListItem","position":2,"name":"Rep\u00fadio \u00e0s declara\u00e7\u00f5es do Ministro do STF"}]},{"@type":"WebSite","@id":"https:\/\/www.oarcanjo.net\/site\/#website","url":"https:\/\/www.oarcanjo.net\/site\/","name":"O Arcanjo no ar","description":"Site da Par\u00f3quia S\u00e3o Miguel Arcanjo (Arquidiocese de SP)","publisher":{"@id":"https:\/\/www.oarcanjo.net\/site\/#organization"},"potentialAction":[{"@type":"SearchAction","target":{"@type":"EntryPoint","urlTemplate":"https:\/\/www.oarcanjo.net\/site\/?s={search_term_string}"},"query-input":{"@type":"PropertyValueSpecification","valueRequired":true,"valueName":"search_term_string"}}],"inLanguage":"pt-BR"},{"@type":"Organization","@id":"https:\/\/www.oarcanjo.net\/site\/#organization","name":"Par\u00f3quia S\u00e3o Miguel Arcanjo","url":"https:\/\/www.oarcanjo.net\/site\/","logo":{"@type":"ImageObject","inLanguage":"pt-BR","@id":"https:\/\/www.oarcanjo.net\/site\/#\/schema\/logo\/image\/","url":"https:\/\/www.oarcanjo.net\/site\/wp-content\/uploads\/LogoOArcanjo.png","contentUrl":"https:\/\/www.oarcanjo.net\/site\/wp-content\/uploads\/LogoOArcanjo.png","width":319,"height":99,"caption":"Par\u00f3quia S\u00e3o Miguel Arcanjo"},"image":{"@id":"https:\/\/www.oarcanjo.net\/site\/#\/schema\/logo\/image\/"},"sameAs":["https:\/\/www.facebook.com\/OArcanjoNoAr\/"]},{"@type":"Person","@id":"https:\/\/www.oarcanjo.net\/site\/#\/schema\/person\/f7024d007863202483a31326673a0838","name":"editor","sameAs":["http:\/\/www.oarcanjo.net"]}]}},"publishpress_future_action":{"enabled":false,"date":"2026-05-08 19:33:51","action":"category","newStatus":"draft","terms":[],"taxonomy":"category"},"publishpress_future_workflow_manual_trigger":{"enabledWorkflows":[]},"_links":{"self":[{"href":"https:\/\/www.oarcanjo.net\/site\/wp-json\/wp\/v2\/posts\/2102"}],"collection":[{"href":"https:\/\/www.oarcanjo.net\/site\/wp-json\/wp\/v2\/posts"}],"about":[{"href":"https:\/\/www.oarcanjo.net\/site\/wp-json\/wp\/v2\/types\/post"}],"author":[{"embeddable":true,"href":"https:\/\/www.oarcanjo.net\/site\/wp-json\/wp\/v2\/users\/5"}],"replies":[{"embeddable":true,"href":"https:\/\/www.oarcanjo.net\/site\/wp-json\/wp\/v2\/comments?post=2102"}],"version-history":[{"count":0,"href":"https:\/\/www.oarcanjo.net\/site\/wp-json\/wp\/v2\/posts\/2102\/revisions"}],"wp:attachment":[{"href":"https:\/\/www.oarcanjo.net\/site\/wp-json\/wp\/v2\/media?parent=2102"}],"wp:term":[{"taxonomy":"category","embeddable":true,"href":"https:\/\/www.oarcanjo.net\/site\/wp-json\/wp\/v2\/categories?post=2102"},{"taxonomy":"post_tag","embeddable":true,"href":"https:\/\/www.oarcanjo.net\/site\/wp-json\/wp\/v2\/tags?post=2102"}],"curies":[{"name":"wp","href":"https:\/\/api.w.org\/{rel}","templated":true}]}}