
{"id":21023,"date":"2013-02-18T20:31:55","date_gmt":"2013-02-18T23:31:55","guid":{"rendered":"http:\/\/www.oarcanjo.net\/site\/?p=21023"},"modified":"2013-03-18T23:46:30","modified_gmt":"2013-03-19T02:46:30","slug":"resultados-da-assembleia-paroquial-sobre-o-11-plano-de-pastoral","status":"publish","type":"post","link":"https:\/\/www.oarcanjo.net\/site\/resultados-da-assembleia-paroquial-sobre-o-11-plano-de-pastoral\/","title":{"rendered":"Resultados da Assembleia Paroquial sobre o 11\u00ba Plano de Pastoral"},"content":{"rendered":"<p>A Comunidade S\u00e3o Miguel Arcanjo realizou a sua Assembl\u00e9ia Paroquial no dia 2 de fevereiro de 2013,\u00a0\u00a0com o objetivo de avaliar e propor a\u00e7\u00f5es para os desafios e urg\u00eancias da cidade apontados no\u00a011\u00ba Plano de Pastoral da Arquidiocese de S\u00e3o Paulo. Seguem as\u00a0 principais urg\u00eancias e propostas estabelecidas pelos grupos de discuss\u00e3o:<\/p>\n<p><strong>1) Igreja em permanente miss\u00e3o<\/strong><\/p>\n<p><strong><\/strong>Criar um folheto mensal com texto para reflex\u00e3o e leitura no final das missas de um domingo do m\u00eas. O folheto pode ter outras informa\u00e7\u00f5es, como indica\u00e7\u00e3o de leituras e reflex\u00f5es homil\u00e9ticas. O objetivo \u00e9 compartilhar reflex\u00f5es interessantes que s\u00e3o publicadas no site e nem todos t\u00eam a oportunidade de ler por falta de tempo ou acesso \u00e0 Internet. Ser\u00e3o impressos alguns exemplares para serem distribu\u00eddos no final da missa a quem se interessar em levar para um amigo ou familiar e, desta forma, ampliar o alcance da reflex\u00e3o.<\/p>\n<p>Com o mesmo prop\u00f3sito, de ampliar a forma\u00e7\u00e3o, fazer coleta de e-mail dos participantes das missas e atividades da par\u00f3quia para receber a vers\u00e3o eletr\u00f4nica do folheto e o Boletim semanal. Desta forma, otimizamos os recursos j\u00e1 dispon\u00edveis, e divulgamos ainda mais o site.<\/p>\n<p><strong>2) Igreja, casa de inicia\u00e7\u00e3o<\/strong><\/p>\n<p>Incentivar a participa\u00e7\u00e3o nos cursos e eventos de forma\u00e7\u00e3o.<\/p>\n<p>Dar continuidade \u00e0 catequese de adultos (encontros, cursos e eventos).<\/p>\n<p>Manter a forma\u00e7\u00e3o p\u00f3s Primeira Eucaristia. Refletir sobre como a fam\u00edlia educa os filhos para a f\u00e9.<\/p>\n<p>Constatou-se que a comunidade n\u00e3o tem um grupo de &#8220;perseveran\u00e7a&#8221;. O Pe. Julio falou sobre a dificuldade de se entender o mundo dos adolescentes e jovens. Para isso, prop\u00f4s-se criar uma p\u00e1gina no Facebook, meio conhecido dos jovens, e que seria alimentado por eles. Foram sugeridos os nomes: Miguel Jovem, Arcanjo Jovem. J\u00e1 se definiu, a partir da consulta aos adolescentes da comunidade, que ser\u00e1 Jovens em A\u00e7\u00e3o. Est\u00e1 em processo de cria\u00e7\u00e3o e em breve ser\u00e1 divulgado.<\/p>\n<p><strong>3) Igreja comunidade animada pela Palavra<\/strong><\/p>\n<p><strong><\/strong>Foi sugerido que se tivessem monitores para acompanhar as crian\u00e7as durante as missas. Seria uma oportunidade de forma\u00e7\u00e3o.<\/p>\n<p>Definir uma missa especial para crian\u00e7as e adolescentes.<\/p>\n<p>Tamb\u00e9m neste grupo se prop\u00f4s a cria\u00e7\u00e3o de p\u00e1gina jovem na Internet.<\/p>\n<p>Fazer retiro para jovens.<\/p>\n<p>\u00c9 importante que se pense na forma\u00e7\u00e3o do jovem como um ser humano no mundo, mais do que traz\u00ea-los pra dentro da Igreja.<\/p>\n<p><strong>4) Igreja comunidade de comunidades<\/strong><\/p>\n<p><strong><\/strong>Este grupo discutiu como trazer mais pessoas para a comunidade e como unir mais os participantes. Uma proposta foi preparar um dia para a apresenta\u00e7\u00e3o das atividades realizadas por cada grupo. Posteriormente, divulgar as atividades nos murais.<\/p>\n<p><strong>5) Igreja a servi\u00e7o da vida plena<\/strong><\/p>\n<p>Ter a fam\u00edlia como base.<\/p>\n<p>Repensar a Catequese para jovens. Desafio: forma\u00e7\u00e3o de grupo de jovens.<\/p>\n<p>Cuidar da acolhida dos novos moradores da regi\u00e3o.<\/p>\n<p>Divulgar a\u00e7\u00f5es e grupos que j\u00e1 existem (visita a idosos, encarcerados, Oficina S\u00e3o Jos\u00e9, S\u00e3o Martinho). Aproveitar o pr\u00f3prio site para essa divulga\u00e7\u00e3o, refor\u00e7ando a se\u00e7\u00e3o &#8220;Rosto da comunidade&#8221;.<\/p>\n<p>Cria\u00e7\u00e3o de grupo de apoio \u00e0s casas da Miss\u00e3o Bel\u00e9m.<\/p>\n<p><strong>6) Igreja e a evangeliza\u00e7\u00e3o dos jovens<\/strong><\/p>\n<p><strong><\/strong>A comunidade n\u00e3o tem grupo de jovens hoje. Falta espa\u00e7o espec\u00edfico para os jovens.<\/p>\n<p>Retomar o grupo de Perseveran\u00e7a com acompanhamento de adultos e fam\u00edlia.<\/p>\n<p>Abrir ou manter espa\u00e7o aberto \u00e0 participa\u00e7\u00e3o dos jovens.<\/p>\n<p>Realizar eventos para atrair adolescentes e jovens. Algumas sugest\u00f5es: atividades de relacionamento, show de talentos e outros trabalhos que cativem.<\/p>\n<p>Organizar visitas a asilos e orfanatos.<\/p>\n<p>Convidar os jovens a participar dos encontros da Pastoral da Crian\u00e7a.<\/p>\n<p>Por fim, o Alexandre Nunes lembrou as mudan\u00e7as do Conc\u00edlio Vaticano II e prop\u00f4s encontros de forma\u00e7\u00e3o.<\/p>\n<p>Definiu-se publicar no site a tabela com o Projeto de Evangeliza\u00e7\u00e3o para os anos de 2013 a 2016. A constitui\u00e7\u00e3o de 2013 \u00e9 Lumen Gentium. Segue abaixo.<\/p>\n<p>Se algum participante tiver informa\u00e7\u00f5es complementares sobre os resultados divulgados acima, favor comentar abaixo para que sejam incorporadas ao texto.<\/p>\n<p>Quem n\u00e3o pode estar na assembleia, mas quer fazer sugest\u00f5es, utilize o espa\u00e7o de coment\u00e1rios. Participe!<\/p>\n<p><img loading=\"lazy\" decoding=\"async\" class=\"alignnone size-full wp-image-21032\" title=\"Projeto de Evangeliza\u00e7\u00e3o 2013-2016 - Tabela\" src=\"http:\/\/www.oarcanjo.net\/site\/wp-content\/uploads\/projeto-evagelizacao-tabela-2013-2016.jpg\" alt=\"Projeto de Evangeliza\u00e7\u00e3o 2013-2016 - Tabela\" width=\"600\" height=\"367\" srcset=\"https:\/\/www.oarcanjo.net\/site\/wp-content\/uploads\/projeto-evagelizacao-tabela-2013-2016.jpg 600w, https:\/\/www.oarcanjo.net\/site\/wp-content\/uploads\/projeto-evagelizacao-tabela-2013-2016-300x183.jpg 300w\" sizes=\"(max-width: 600px) 100vw, 600px\" \/><\/p>\n<p><img loading=\"lazy\" decoding=\"async\" class=\"alignnone size-full wp-image-21033\" title=\"Projeto de Evangeliza\u00e7\u00e3o 2013-2016 - Gr\u00e1fico\" src=\"http:\/\/www.oarcanjo.net\/site\/wp-content\/uploads\/projeto-evagelizacao-grafico-2013-2016.jpg\" alt=\"Projeto de Evangeliza\u00e7\u00e3o 2013-2016 - Gr\u00e1fico\" width=\"409\" height=\"600\" srcset=\"https:\/\/www.oarcanjo.net\/site\/wp-content\/uploads\/projeto-evagelizacao-grafico-2013-2016.jpg 409w, https:\/\/www.oarcanjo.net\/site\/wp-content\/uploads\/projeto-evagelizacao-grafico-2013-2016-204x300.jpg 204w\" sizes=\"(max-width: 409px) 100vw, 409px\" \/><\/p>\n<div id=\"themify_builder_content-21023\" data-postid=\"21023\" class=\"themify_builder_content themify_builder_content-21023 themify_builder themify_builder_front\">\n\t<\/div>\n<!-- \/themify_builder_content -->","protected":false},"excerpt":{"rendered":"<p>A Comunidade S\u00e3o Miguel Arcanjo realizou a sua Assembl\u00e9ia Paroquial no dia 2 de fevereiro de 2013,\u00a0\u00a0com o objetivo de avaliar e propor a\u00e7\u00f5es para os desafios e urg\u00eancias da cidade apontados no\u00a011\u00ba Plano de Pastoral da Arquidiocese de S\u00e3o Paulo. Seguem as\u00a0 principais urg\u00eancias e propostas estabelecidas pelos grupos de discuss\u00e3o: 1) Igreja em [&hellip;]<\/p>\n","protected":false},"author":5,"featured_media":0,"comment_status":"open","ping_status":"open","sticky":false,"template":"","format":"standard","meta":{"ngg_post_thumbnail":0,"footnotes":""},"categories":[8,7],"tags":[2379,2404],"yoast_head":"<!-- This site is optimized with the Yoast SEO plugin v23.5 - https:\/\/yoast.com\/wordpress\/plugins\/seo\/ -->\n<title>Resultados da Assembleia Paroquial sobre o 11\u00ba Plano de Pastoral - O Arcanjo no ar<\/title>\n<meta name=\"robots\" content=\"index, follow, max-snippet:-1, max-image-preview:large, max-video-preview:-1\" \/>\n<link rel=\"canonical\" href=\"https:\/\/www.oarcanjo.net\/site\/resultados-da-assembleia-paroquial-sobre-o-11-plano-de-pastoral\/\" \/>\n<meta property=\"og:locale\" content=\"pt_BR\" \/>\n<meta property=\"og:type\" content=\"article\" \/>\n<meta property=\"og:title\" content=\"Resultados da Assembleia Paroquial sobre o 11\u00ba Plano de Pastoral - O Arcanjo no ar\" \/>\n<meta property=\"og:description\" content=\"A Comunidade S\u00e3o Miguel Arcanjo realizou a sua Assembl\u00e9ia Paroquial no dia 2 de fevereiro de 2013,\u00a0\u00a0com o objetivo de avaliar e propor a\u00e7\u00f5es para os desafios e urg\u00eancias da cidade apontados no\u00a011\u00ba Plano de Pastoral da Arquidiocese de S\u00e3o Paulo. Seguem as\u00a0 principais urg\u00eancias e propostas estabelecidas pelos grupos de discuss\u00e3o: 1) Igreja em [&hellip;]\" \/>\n<meta property=\"og:url\" content=\"https:\/\/www.oarcanjo.net\/site\/resultados-da-assembleia-paroquial-sobre-o-11-plano-de-pastoral\/\" \/>\n<meta property=\"og:site_name\" content=\"O Arcanjo no ar\" \/>\n<meta property=\"article:publisher\" content=\"https:\/\/www.facebook.com\/OArcanjoNoAr\/\" \/>\n<meta property=\"article:published_time\" content=\"2013-02-18T23:31:55+00:00\" \/>\n<meta property=\"article:modified_time\" content=\"2013-03-19T02:46:30+00:00\" \/>\n<meta property=\"og:image\" content=\"http:\/\/www.oarcanjo.net\/site\/wp-content\/uploads\/projeto-evagelizacao-tabela-2013-2016.jpg\" \/>\n<meta name=\"author\" content=\"editor\" \/>\n<meta name=\"twitter:card\" content=\"summary_large_image\" \/>\n<meta name=\"twitter:label1\" content=\"Escrito por\" \/>\n\t<meta name=\"twitter:data1\" content=\"editor\" \/>\n\t<meta name=\"twitter:label2\" content=\"Est. tempo de leitura\" \/>\n\t<meta name=\"twitter:data2\" content=\"4 minutos\" \/>\n<script type=\"application\/ld+json\" class=\"yoast-schema-graph\">{\"@context\":\"https:\/\/schema.org\",\"@graph\":[{\"@type\":\"Article\",\"@id\":\"https:\/\/www.oarcanjo.net\/site\/resultados-da-assembleia-paroquial-sobre-o-11-plano-de-pastoral\/#article\",\"isPartOf\":{\"@id\":\"https:\/\/www.oarcanjo.net\/site\/resultados-da-assembleia-paroquial-sobre-o-11-plano-de-pastoral\/\"},\"author\":{\"name\":\"editor\",\"@id\":\"https:\/\/www.oarcanjo.net\/site\/#\/schema\/person\/f7024d007863202483a31326673a0838\"},\"headline\":\"Resultados da Assembleia Paroquial sobre o 11\u00ba Plano de Pastoral\",\"datePublished\":\"2013-02-18T23:31:55+00:00\",\"dateModified\":\"2013-03-19T02:46:30+00:00\",\"mainEntityOfPage\":{\"@id\":\"https:\/\/www.oarcanjo.net\/site\/resultados-da-assembleia-paroquial-sobre-o-11-plano-de-pastoral\/\"},\"wordCount\":726,\"commentCount\":0,\"publisher\":{\"@id\":\"https:\/\/www.oarcanjo.net\/site\/#organization\"},\"image\":{\"@id\":\"https:\/\/www.oarcanjo.net\/site\/resultados-da-assembleia-paroquial-sobre-o-11-plano-de-pastoral\/#primaryimage\"},\"thumbnailUrl\":\"http:\/\/www.oarcanjo.net\/site\/wp-content\/uploads\/projeto-evagelizacao-tabela-2013-2016.jpg\",\"keywords\":[\"11\u00ba Plano de Pastoral\",\"Assembleia Paroquial\"],\"articleSection\":[\"Not\u00edcias\",\"Rosto da comunidade\"],\"inLanguage\":\"pt-BR\",\"potentialAction\":[{\"@type\":\"CommentAction\",\"name\":\"Comment\",\"target\":[\"https:\/\/www.oarcanjo.net\/site\/resultados-da-assembleia-paroquial-sobre-o-11-plano-de-pastoral\/#respond\"]}]},{\"@type\":\"WebPage\",\"@id\":\"https:\/\/www.oarcanjo.net\/site\/resultados-da-assembleia-paroquial-sobre-o-11-plano-de-pastoral\/\",\"url\":\"https:\/\/www.oarcanjo.net\/site\/resultados-da-assembleia-paroquial-sobre-o-11-plano-de-pastoral\/\",\"name\":\"Resultados da Assembleia Paroquial sobre o 11\u00ba Plano de Pastoral - O Arcanjo no ar\",\"isPartOf\":{\"@id\":\"https:\/\/www.oarcanjo.net\/site\/#website\"},\"primaryImageOfPage\":{\"@id\":\"https:\/\/www.oarcanjo.net\/site\/resultados-da-assembleia-paroquial-sobre-o-11-plano-de-pastoral\/#primaryimage\"},\"image\":{\"@id\":\"https:\/\/www.oarcanjo.net\/site\/resultados-da-assembleia-paroquial-sobre-o-11-plano-de-pastoral\/#primaryimage\"},\"thumbnailUrl\":\"http:\/\/www.oarcanjo.net\/site\/wp-content\/uploads\/projeto-evagelizacao-tabela-2013-2016.jpg\",\"datePublished\":\"2013-02-18T23:31:55+00:00\",\"dateModified\":\"2013-03-19T02:46:30+00:00\",\"breadcrumb\":{\"@id\":\"https:\/\/www.oarcanjo.net\/site\/resultados-da-assembleia-paroquial-sobre-o-11-plano-de-pastoral\/#breadcrumb\"},\"inLanguage\":\"pt-BR\",\"potentialAction\":[{\"@type\":\"ReadAction\",\"target\":[\"https:\/\/www.oarcanjo.net\/site\/resultados-da-assembleia-paroquial-sobre-o-11-plano-de-pastoral\/\"]}]},{\"@type\":\"ImageObject\",\"inLanguage\":\"pt-BR\",\"@id\":\"https:\/\/www.oarcanjo.net\/site\/resultados-da-assembleia-paroquial-sobre-o-11-plano-de-pastoral\/#primaryimage\",\"url\":\"https:\/\/www.oarcanjo.net\/site\/wp-content\/uploads\/projeto-evagelizacao-tabela-2013-2016.jpg\",\"contentUrl\":\"https:\/\/www.oarcanjo.net\/site\/wp-content\/uploads\/projeto-evagelizacao-tabela-2013-2016.jpg\",\"width\":\"600\",\"height\":\"367\",\"caption\":\"Projeto de Evangeliza\u00e7\u00e3o 2013-2016 - Tabela\"},{\"@type\":\"BreadcrumbList\",\"@id\":\"https:\/\/www.oarcanjo.net\/site\/resultados-da-assembleia-paroquial-sobre-o-11-plano-de-pastoral\/#breadcrumb\",\"itemListElement\":[{\"@type\":\"ListItem\",\"position\":1,\"name\":\"In\u00edcio\",\"item\":\"https:\/\/www.oarcanjo.net\/site\/\"},{\"@type\":\"ListItem\",\"position\":2,\"name\":\"Resultados da Assembleia Paroquial sobre o 11\u00ba Plano de Pastoral\"}]},{\"@type\":\"WebSite\",\"@id\":\"https:\/\/www.oarcanjo.net\/site\/#website\",\"url\":\"https:\/\/www.oarcanjo.net\/site\/\",\"name\":\"O Arcanjo no ar\",\"description\":\"Site da Par\u00f3quia S\u00e3o Miguel Arcanjo (Arquidiocese de SP)\",\"publisher\":{\"@id\":\"https:\/\/www.oarcanjo.net\/site\/#organization\"},\"potentialAction\":[{\"@type\":\"SearchAction\",\"target\":{\"@type\":\"EntryPoint\",\"urlTemplate\":\"https:\/\/www.oarcanjo.net\/site\/?s={search_term_string}\"},\"query-input\":{\"@type\":\"PropertyValueSpecification\",\"valueRequired\":true,\"valueName\":\"search_term_string\"}}],\"inLanguage\":\"pt-BR\"},{\"@type\":\"Organization\",\"@id\":\"https:\/\/www.oarcanjo.net\/site\/#organization\",\"name\":\"Par\u00f3quia S\u00e3o Miguel Arcanjo\",\"url\":\"https:\/\/www.oarcanjo.net\/site\/\",\"logo\":{\"@type\":\"ImageObject\",\"inLanguage\":\"pt-BR\",\"@id\":\"https:\/\/www.oarcanjo.net\/site\/#\/schema\/logo\/image\/\",\"url\":\"https:\/\/www.oarcanjo.net\/site\/wp-content\/uploads\/LogoOArcanjo.png\",\"contentUrl\":\"https:\/\/www.oarcanjo.net\/site\/wp-content\/uploads\/LogoOArcanjo.png\",\"width\":319,\"height\":99,\"caption\":\"Par\u00f3quia S\u00e3o Miguel Arcanjo\"},\"image\":{\"@id\":\"https:\/\/www.oarcanjo.net\/site\/#\/schema\/logo\/image\/\"},\"sameAs\":[\"https:\/\/www.facebook.com\/OArcanjoNoAr\/\"]},{\"@type\":\"Person\",\"@id\":\"https:\/\/www.oarcanjo.net\/site\/#\/schema\/person\/f7024d007863202483a31326673a0838\",\"name\":\"editor\",\"sameAs\":[\"http:\/\/www.oarcanjo.net\"]}]}<\/script>\n<!-- \/ Yoast SEO plugin. -->","yoast_head_json":{"title":"Resultados da Assembleia Paroquial sobre o 11\u00ba Plano de Pastoral - O Arcanjo no ar","robots":{"index":"index","follow":"follow","max-snippet":"max-snippet:-1","max-image-preview":"max-image-preview:large","max-video-preview":"max-video-preview:-1"},"canonical":"https:\/\/www.oarcanjo.net\/site\/resultados-da-assembleia-paroquial-sobre-o-11-plano-de-pastoral\/","og_locale":"pt_BR","og_type":"article","og_title":"Resultados da Assembleia Paroquial sobre o 11\u00ba Plano de Pastoral - O Arcanjo no ar","og_description":"A Comunidade S\u00e3o Miguel Arcanjo realizou a sua Assembl\u00e9ia Paroquial no dia 2 de fevereiro de 2013,\u00a0\u00a0com o objetivo de avaliar e propor a\u00e7\u00f5es para os desafios e urg\u00eancias da cidade apontados no\u00a011\u00ba Plano de Pastoral da Arquidiocese de S\u00e3o Paulo. Seguem as\u00a0 principais urg\u00eancias e propostas estabelecidas pelos grupos de discuss\u00e3o: 1) Igreja em [&hellip;]","og_url":"https:\/\/www.oarcanjo.net\/site\/resultados-da-assembleia-paroquial-sobre-o-11-plano-de-pastoral\/","og_site_name":"O Arcanjo no ar","article_publisher":"https:\/\/www.facebook.com\/OArcanjoNoAr\/","article_published_time":"2013-02-18T23:31:55+00:00","article_modified_time":"2013-03-19T02:46:30+00:00","og_image":[{"url":"http:\/\/www.oarcanjo.net\/site\/wp-content\/uploads\/projeto-evagelizacao-tabela-2013-2016.jpg"}],"author":"editor","twitter_card":"summary_large_image","twitter_misc":{"Escrito por":"editor","Est. tempo de leitura":"4 minutos"},"schema":{"@context":"https:\/\/schema.org","@graph":[{"@type":"Article","@id":"https:\/\/www.oarcanjo.net\/site\/resultados-da-assembleia-paroquial-sobre-o-11-plano-de-pastoral\/#article","isPartOf":{"@id":"https:\/\/www.oarcanjo.net\/site\/resultados-da-assembleia-paroquial-sobre-o-11-plano-de-pastoral\/"},"author":{"name":"editor","@id":"https:\/\/www.oarcanjo.net\/site\/#\/schema\/person\/f7024d007863202483a31326673a0838"},"headline":"Resultados da Assembleia Paroquial sobre o 11\u00ba Plano de Pastoral","datePublished":"2013-02-18T23:31:55+00:00","dateModified":"2013-03-19T02:46:30+00:00","mainEntityOfPage":{"@id":"https:\/\/www.oarcanjo.net\/site\/resultados-da-assembleia-paroquial-sobre-o-11-plano-de-pastoral\/"},"wordCount":726,"commentCount":0,"publisher":{"@id":"https:\/\/www.oarcanjo.net\/site\/#organization"},"image":{"@id":"https:\/\/www.oarcanjo.net\/site\/resultados-da-assembleia-paroquial-sobre-o-11-plano-de-pastoral\/#primaryimage"},"thumbnailUrl":"http:\/\/www.oarcanjo.net\/site\/wp-content\/uploads\/projeto-evagelizacao-tabela-2013-2016.jpg","keywords":["11\u00ba Plano de Pastoral","Assembleia Paroquial"],"articleSection":["Not\u00edcias","Rosto da comunidade"],"inLanguage":"pt-BR","potentialAction":[{"@type":"CommentAction","name":"Comment","target":["https:\/\/www.oarcanjo.net\/site\/resultados-da-assembleia-paroquial-sobre-o-11-plano-de-pastoral\/#respond"]}]},{"@type":"WebPage","@id":"https:\/\/www.oarcanjo.net\/site\/resultados-da-assembleia-paroquial-sobre-o-11-plano-de-pastoral\/","url":"https:\/\/www.oarcanjo.net\/site\/resultados-da-assembleia-paroquial-sobre-o-11-plano-de-pastoral\/","name":"Resultados da Assembleia Paroquial sobre o 11\u00ba Plano de Pastoral - O Arcanjo no ar","isPartOf":{"@id":"https:\/\/www.oarcanjo.net\/site\/#website"},"primaryImageOfPage":{"@id":"https:\/\/www.oarcanjo.net\/site\/resultados-da-assembleia-paroquial-sobre-o-11-plano-de-pastoral\/#primaryimage"},"image":{"@id":"https:\/\/www.oarcanjo.net\/site\/resultados-da-assembleia-paroquial-sobre-o-11-plano-de-pastoral\/#primaryimage"},"thumbnailUrl":"http:\/\/www.oarcanjo.net\/site\/wp-content\/uploads\/projeto-evagelizacao-tabela-2013-2016.jpg","datePublished":"2013-02-18T23:31:55+00:00","dateModified":"2013-03-19T02:46:30+00:00","breadcrumb":{"@id":"https:\/\/www.oarcanjo.net\/site\/resultados-da-assembleia-paroquial-sobre-o-11-plano-de-pastoral\/#breadcrumb"},"inLanguage":"pt-BR","potentialAction":[{"@type":"ReadAction","target":["https:\/\/www.oarcanjo.net\/site\/resultados-da-assembleia-paroquial-sobre-o-11-plano-de-pastoral\/"]}]},{"@type":"ImageObject","inLanguage":"pt-BR","@id":"https:\/\/www.oarcanjo.net\/site\/resultados-da-assembleia-paroquial-sobre-o-11-plano-de-pastoral\/#primaryimage","url":"https:\/\/www.oarcanjo.net\/site\/wp-content\/uploads\/projeto-evagelizacao-tabela-2013-2016.jpg","contentUrl":"https:\/\/www.oarcanjo.net\/site\/wp-content\/uploads\/projeto-evagelizacao-tabela-2013-2016.jpg","width":"600","height":"367","caption":"Projeto de Evangeliza\u00e7\u00e3o 2013-2016 - Tabela"},{"@type":"BreadcrumbList","@id":"https:\/\/www.oarcanjo.net\/site\/resultados-da-assembleia-paroquial-sobre-o-11-plano-de-pastoral\/#breadcrumb","itemListElement":[{"@type":"ListItem","position":1,"name":"In\u00edcio","item":"https:\/\/www.oarcanjo.net\/site\/"},{"@type":"ListItem","position":2,"name":"Resultados da Assembleia Paroquial sobre o 11\u00ba Plano de Pastoral"}]},{"@type":"WebSite","@id":"https:\/\/www.oarcanjo.net\/site\/#website","url":"https:\/\/www.oarcanjo.net\/site\/","name":"O Arcanjo no ar","description":"Site da Par\u00f3quia S\u00e3o Miguel Arcanjo (Arquidiocese de SP)","publisher":{"@id":"https:\/\/www.oarcanjo.net\/site\/#organization"},"potentialAction":[{"@type":"SearchAction","target":{"@type":"EntryPoint","urlTemplate":"https:\/\/www.oarcanjo.net\/site\/?s={search_term_string}"},"query-input":{"@type":"PropertyValueSpecification","valueRequired":true,"valueName":"search_term_string"}}],"inLanguage":"pt-BR"},{"@type":"Organization","@id":"https:\/\/www.oarcanjo.net\/site\/#organization","name":"Par\u00f3quia S\u00e3o Miguel Arcanjo","url":"https:\/\/www.oarcanjo.net\/site\/","logo":{"@type":"ImageObject","inLanguage":"pt-BR","@id":"https:\/\/www.oarcanjo.net\/site\/#\/schema\/logo\/image\/","url":"https:\/\/www.oarcanjo.net\/site\/wp-content\/uploads\/LogoOArcanjo.png","contentUrl":"https:\/\/www.oarcanjo.net\/site\/wp-content\/uploads\/LogoOArcanjo.png","width":319,"height":99,"caption":"Par\u00f3quia S\u00e3o Miguel Arcanjo"},"image":{"@id":"https:\/\/www.oarcanjo.net\/site\/#\/schema\/logo\/image\/"},"sameAs":["https:\/\/www.facebook.com\/OArcanjoNoAr\/"]},{"@type":"Person","@id":"https:\/\/www.oarcanjo.net\/site\/#\/schema\/person\/f7024d007863202483a31326673a0838","name":"editor","sameAs":["http:\/\/www.oarcanjo.net"]}]}},"publishpress_future_action":{"enabled":false,"date":"2026-05-07 08:07:35","action":"category","newStatus":"draft","terms":[],"taxonomy":"category"},"publishpress_future_workflow_manual_trigger":{"enabledWorkflows":[]},"_links":{"self":[{"href":"https:\/\/www.oarcanjo.net\/site\/wp-json\/wp\/v2\/posts\/21023"}],"collection":[{"href":"https:\/\/www.oarcanjo.net\/site\/wp-json\/wp\/v2\/posts"}],"about":[{"href":"https:\/\/www.oarcanjo.net\/site\/wp-json\/wp\/v2\/types\/post"}],"author":[{"embeddable":true,"href":"https:\/\/www.oarcanjo.net\/site\/wp-json\/wp\/v2\/users\/5"}],"replies":[{"embeddable":true,"href":"https:\/\/www.oarcanjo.net\/site\/wp-json\/wp\/v2\/comments?post=21023"}],"version-history":[{"count":0,"href":"https:\/\/www.oarcanjo.net\/site\/wp-json\/wp\/v2\/posts\/21023\/revisions"}],"wp:attachment":[{"href":"https:\/\/www.oarcanjo.net\/site\/wp-json\/wp\/v2\/media?parent=21023"}],"wp:term":[{"taxonomy":"category","embeddable":true,"href":"https:\/\/www.oarcanjo.net\/site\/wp-json\/wp\/v2\/categories?post=21023"},{"taxonomy":"post_tag","embeddable":true,"href":"https:\/\/www.oarcanjo.net\/site\/wp-json\/wp\/v2\/tags?post=21023"}],"curies":[{"name":"wp","href":"https:\/\/api.w.org\/{rel}","templated":true}]}}