
{"id":21037,"date":"2013-02-22T11:25:50","date_gmt":"2013-02-22T14:25:50","guid":{"rendered":"http:\/\/www.oarcanjo.net\/site\/?p=21037"},"modified":"2013-02-25T11:27:41","modified_gmt":"2013-02-25T14:27:41","slug":"novo-vigario-de-cristo","status":"publish","type":"post","link":"https:\/\/www.oarcanjo.net\/site\/novo-vigario-de-cristo\/","title":{"rendered":"Novo Vig\u00e1rio de Cristo"},"content":{"rendered":"<p>Padre Geovane Saraiva*<\/p>\n<p>No m\u00eas de mar\u00e7o o mundo cat\u00f3lico ter\u00e1 um novo Sumo Pont\u00edfice. Pont\u00edfice quer dizer ponte, que tem a fun\u00e7\u00e3o de ligar uma margem \u00e0 outra de um rio. No caso do Sucessor de Pedro, o m\u00fanus que lhe competir\u00e1 \u00e9 o de fazer a liga\u00e7\u00e3o da terra ao c\u00e9u, numa misteriosa troca de dons. Penso que ser\u00e1 uma feliz ocasi\u00e3o em que o povo de Deus ter\u00e1 para reavivar a sua f\u00e9 e avan\u00e7ar para as \u00e1guas mais profundas, orientados pela palavra segura, fecunda e esperan\u00e7osa do futuro papa, representante vis\u00edvel de Cristo aqui na terra (cf. Lc 5, 4-7; MT 16, 18 ).<\/p>\n<p>Visto pelos olhos da f\u00e9, o gesto de Bento XVI, que surpreendeu o mundo, revela-nos o sopro do Esp\u00edrito Santo e deve ser humildemente acolhido por todos. Ren\u00fancia durante seis s\u00e9culos era tida como um sinal de fraqueza, mas que agora deve ser notado como uma atitude de grandeza.<\/p>\n<p>Num mundo marcado pelo pluralismo, na diversidade de pensamentos e op\u00e7\u00f5es de vida, alimenta-se o sonho de esperan\u00e7a, onde o Esp\u00edrito Santo aja em toda sua plenitude atrav\u00e9s do pr\u00f3ximo papa que logo assumir\u00e1 a fun\u00e7\u00e3o maior na Igreja Cat\u00f3lica. Nossa ardorosa s\u00faplica ao bom Deus, para que diante da miss\u00e3o incomensur\u00e1vel, ele seja fermento, sal e luz para toda a humanidade.<\/p>\n<p>Jesus Cristo continua a afirmar: \u201cO que vos pe\u00e7o \u00e9 que n\u00e3o os tireis do mundo, mas que os guardes do mal\u201d (Jo 17, 15). A Igreja vive inserida num mundo onde h\u00e1 pedofilia, homossexualidade e segunda uni\u00e3o. Mesmo sendo uma organiza\u00e7\u00e3o de volunt\u00e1rios, espera-se de seus membros obriga\u00e7\u00f5es e v\u00ednculos, onde n\u00e3o se prescindem clareza e convic\u00e7\u00e3o. Jamais podemos esquecer que o futuro papa ter\u00e1 a tarefa de fermentar a cria\u00e7\u00e3o, na promo\u00e7\u00e3o do Reino de Deus e sua justi\u00e7a.<\/p>\n<p>Com a chegada do novo Vig\u00e1rio de Cristo na terra, que o planeta possa ser alegremente contemplado, no sentido de que os crist\u00e3os sejam estimulados e fomentados a um compromisso de dialogar e cuidar da cria\u00e7\u00e3o, nas suas mais diversas realidades. O mundo precisa carinhosamente de pr\u00e1ticas ecol\u00f3gicas e ambientais, para que a f\u00e9 da humanidade possa se tornar cada vez mais coerente com aquilo que se acredita.<\/p>\n<p>*Padre da Arquidiocese de Fortaleza, Escritor, Membro da Academia de Letras dos Munic\u00edpios do Estado Cear\u00e1 (ALMECE), da Academia Metropolitana de Letras de Fortaleza e Vice-Presidente da Provid\u00eancia Sacerdotal.<br \/>\nP\u00e1roco de Santo Afonso<br \/>\ngeovanesaraiva@gmail.com<\/p>\n<p>Autor dos livros:<br \/>\n\u201cO peregrino da Paz\u201d e \u201cNascido Para as Coisas Maiores\u201d (centen\u00e1rio de Dom Helder C\u00e2mara);<br \/>\n\u201cA Ternura de um Pastor\u201d &#8211; 2\u00aa Edi\u00e7\u00e3o (homenagem ao Cardeal Lorscheider);<br \/>\n\u201cA Esperan\u00e7a Tem Nome\u201d (espiritualidade e compromisso);<br \/>\n&#8220;Dom Helder: sonhos e utopias&#8221; (o pastor dos empobrecidos).<\/p>\n<div id=\"themify_builder_content-21037\" data-postid=\"21037\" class=\"themify_builder_content themify_builder_content-21037 themify_builder themify_builder_front\">\n\t<\/div>\n<!-- \/themify_builder_content -->","protected":false},"excerpt":{"rendered":"<p>Padre Geovane Saraiva* No m\u00eas de mar\u00e7o o mundo cat\u00f3lico ter\u00e1 um novo Sumo Pont\u00edfice. Pont\u00edfice quer dizer ponte, que tem a fun\u00e7\u00e3o de ligar uma margem \u00e0 outra de um rio. No caso do Sucessor de Pedro, o m\u00fanus que lhe competir\u00e1 \u00e9 o de fazer a liga\u00e7\u00e3o da terra ao c\u00e9u, numa misteriosa [&hellip;]<\/p>\n","protected":false},"author":17,"featured_media":0,"comment_status":"open","ping_status":"open","sticky":false,"template":"","format":"standard","meta":{"ngg_post_thumbnail":0,"footnotes":""},"categories":[9],"tags":[],"yoast_head":"<!-- This site is optimized with the Yoast SEO plugin v23.5 - https:\/\/yoast.com\/wordpress\/plugins\/seo\/ -->\n<title>Novo Vig\u00e1rio de Cristo - O Arcanjo no ar<\/title>\n<meta name=\"robots\" content=\"index, follow, max-snippet:-1, max-image-preview:large, max-video-preview:-1\" \/>\n<link rel=\"canonical\" href=\"https:\/\/www.oarcanjo.net\/site\/novo-vigario-de-cristo\/\" \/>\n<meta property=\"og:locale\" content=\"pt_BR\" \/>\n<meta property=\"og:type\" content=\"article\" \/>\n<meta property=\"og:title\" content=\"Novo Vig\u00e1rio de Cristo - O Arcanjo no ar\" \/>\n<meta property=\"og:description\" content=\"Padre Geovane Saraiva* No m\u00eas de mar\u00e7o o mundo cat\u00f3lico ter\u00e1 um novo Sumo Pont\u00edfice. Pont\u00edfice quer dizer ponte, que tem a fun\u00e7\u00e3o de ligar uma margem \u00e0 outra de um rio. No caso do Sucessor de Pedro, o m\u00fanus que lhe competir\u00e1 \u00e9 o de fazer a liga\u00e7\u00e3o da terra ao c\u00e9u, numa misteriosa [&hellip;]\" \/>\n<meta property=\"og:url\" content=\"https:\/\/www.oarcanjo.net\/site\/novo-vigario-de-cristo\/\" \/>\n<meta property=\"og:site_name\" content=\"O Arcanjo no ar\" \/>\n<meta property=\"article:publisher\" content=\"https:\/\/www.facebook.com\/OArcanjoNoAr\/\" \/>\n<meta property=\"article:published_time\" content=\"2013-02-22T14:25:50+00:00\" \/>\n<meta property=\"article:modified_time\" content=\"2013-02-25T14:27:41+00:00\" \/>\n<meta property=\"og:image\" content=\"https:\/\/www.oarcanjo.net\/site\/wp-content\/uploads\/logo-o-arcanjo-no-ar-facebook.png\" \/>\n\t<meta property=\"og:image:width\" content=\"300\" \/>\n\t<meta property=\"og:image:height\" content=\"300\" \/>\n\t<meta property=\"og:image:type\" content=\"image\/png\" \/>\n<meta name=\"author\" content=\"pe.geovane\" \/>\n<meta name=\"twitter:card\" content=\"summary_large_image\" \/>\n<meta name=\"twitter:label1\" content=\"Escrito por\" \/>\n\t<meta name=\"twitter:data1\" content=\"pe.geovane\" \/>\n\t<meta name=\"twitter:label2\" content=\"Est. tempo de leitura\" \/>\n\t<meta name=\"twitter:data2\" content=\"2 minutos\" \/>\n<script type=\"application\/ld+json\" class=\"yoast-schema-graph\">{\"@context\":\"https:\/\/schema.org\",\"@graph\":[{\"@type\":\"Article\",\"@id\":\"https:\/\/www.oarcanjo.net\/site\/novo-vigario-de-cristo\/#article\",\"isPartOf\":{\"@id\":\"https:\/\/www.oarcanjo.net\/site\/novo-vigario-de-cristo\/\"},\"author\":{\"name\":\"pe.geovane\",\"@id\":\"https:\/\/www.oarcanjo.net\/site\/#\/schema\/person\/58d7f78850a973b8e467c7ae4a7eb4ad\"},\"headline\":\"Novo Vig\u00e1rio de Cristo\",\"datePublished\":\"2013-02-22T14:25:50+00:00\",\"dateModified\":\"2013-02-25T14:27:41+00:00\",\"mainEntityOfPage\":{\"@id\":\"https:\/\/www.oarcanjo.net\/site\/novo-vigario-de-cristo\/\"},\"wordCount\":495,\"commentCount\":0,\"publisher\":{\"@id\":\"https:\/\/www.oarcanjo.net\/site\/#organization\"},\"articleSection\":[\"Reflex\u00f5es\"],\"inLanguage\":\"pt-BR\",\"potentialAction\":[{\"@type\":\"CommentAction\",\"name\":\"Comment\",\"target\":[\"https:\/\/www.oarcanjo.net\/site\/novo-vigario-de-cristo\/#respond\"]}]},{\"@type\":\"WebPage\",\"@id\":\"https:\/\/www.oarcanjo.net\/site\/novo-vigario-de-cristo\/\",\"url\":\"https:\/\/www.oarcanjo.net\/site\/novo-vigario-de-cristo\/\",\"name\":\"Novo Vig\u00e1rio de Cristo - O Arcanjo no ar\",\"isPartOf\":{\"@id\":\"https:\/\/www.oarcanjo.net\/site\/#website\"},\"datePublished\":\"2013-02-22T14:25:50+00:00\",\"dateModified\":\"2013-02-25T14:27:41+00:00\",\"breadcrumb\":{\"@id\":\"https:\/\/www.oarcanjo.net\/site\/novo-vigario-de-cristo\/#breadcrumb\"},\"inLanguage\":\"pt-BR\",\"potentialAction\":[{\"@type\":\"ReadAction\",\"target\":[\"https:\/\/www.oarcanjo.net\/site\/novo-vigario-de-cristo\/\"]}]},{\"@type\":\"BreadcrumbList\",\"@id\":\"https:\/\/www.oarcanjo.net\/site\/novo-vigario-de-cristo\/#breadcrumb\",\"itemListElement\":[{\"@type\":\"ListItem\",\"position\":1,\"name\":\"In\u00edcio\",\"item\":\"https:\/\/www.oarcanjo.net\/site\/\"},{\"@type\":\"ListItem\",\"position\":2,\"name\":\"Novo Vig\u00e1rio de Cristo\"}]},{\"@type\":\"WebSite\",\"@id\":\"https:\/\/www.oarcanjo.net\/site\/#website\",\"url\":\"https:\/\/www.oarcanjo.net\/site\/\",\"name\":\"O Arcanjo no ar\",\"description\":\"Site da Par\u00f3quia S\u00e3o Miguel Arcanjo (Arquidiocese de SP)\",\"publisher\":{\"@id\":\"https:\/\/www.oarcanjo.net\/site\/#organization\"},\"potentialAction\":[{\"@type\":\"SearchAction\",\"target\":{\"@type\":\"EntryPoint\",\"urlTemplate\":\"https:\/\/www.oarcanjo.net\/site\/?s={search_term_string}\"},\"query-input\":{\"@type\":\"PropertyValueSpecification\",\"valueRequired\":true,\"valueName\":\"search_term_string\"}}],\"inLanguage\":\"pt-BR\"},{\"@type\":\"Organization\",\"@id\":\"https:\/\/www.oarcanjo.net\/site\/#organization\",\"name\":\"Par\u00f3quia S\u00e3o Miguel Arcanjo\",\"url\":\"https:\/\/www.oarcanjo.net\/site\/\",\"logo\":{\"@type\":\"ImageObject\",\"inLanguage\":\"pt-BR\",\"@id\":\"https:\/\/www.oarcanjo.net\/site\/#\/schema\/logo\/image\/\",\"url\":\"https:\/\/www.oarcanjo.net\/site\/wp-content\/uploads\/LogoOArcanjo.png\",\"contentUrl\":\"https:\/\/www.oarcanjo.net\/site\/wp-content\/uploads\/LogoOArcanjo.png\",\"width\":319,\"height\":99,\"caption\":\"Par\u00f3quia S\u00e3o Miguel Arcanjo\"},\"image\":{\"@id\":\"https:\/\/www.oarcanjo.net\/site\/#\/schema\/logo\/image\/\"},\"sameAs\":[\"https:\/\/www.facebook.com\/OArcanjoNoAr\/\"]},{\"@type\":\"Person\",\"@id\":\"https:\/\/www.oarcanjo.net\/site\/#\/schema\/person\/58d7f78850a973b8e467c7ae4a7eb4ad\",\"name\":\"pe.geovane\"}]}<\/script>\n<!-- \/ Yoast SEO plugin. -->","yoast_head_json":{"title":"Novo Vig\u00e1rio de Cristo - O Arcanjo no ar","robots":{"index":"index","follow":"follow","max-snippet":"max-snippet:-1","max-image-preview":"max-image-preview:large","max-video-preview":"max-video-preview:-1"},"canonical":"https:\/\/www.oarcanjo.net\/site\/novo-vigario-de-cristo\/","og_locale":"pt_BR","og_type":"article","og_title":"Novo Vig\u00e1rio de Cristo - O Arcanjo no ar","og_description":"Padre Geovane Saraiva* No m\u00eas de mar\u00e7o o mundo cat\u00f3lico ter\u00e1 um novo Sumo Pont\u00edfice. Pont\u00edfice quer dizer ponte, que tem a fun\u00e7\u00e3o de ligar uma margem \u00e0 outra de um rio. No caso do Sucessor de Pedro, o m\u00fanus que lhe competir\u00e1 \u00e9 o de fazer a liga\u00e7\u00e3o da terra ao c\u00e9u, numa misteriosa [&hellip;]","og_url":"https:\/\/www.oarcanjo.net\/site\/novo-vigario-de-cristo\/","og_site_name":"O Arcanjo no ar","article_publisher":"https:\/\/www.facebook.com\/OArcanjoNoAr\/","article_published_time":"2013-02-22T14:25:50+00:00","article_modified_time":"2013-02-25T14:27:41+00:00","og_image":[{"width":300,"height":300,"url":"https:\/\/www.oarcanjo.net\/site\/wp-content\/uploads\/logo-o-arcanjo-no-ar-facebook.png","type":"image\/png"}],"author":"pe.geovane","twitter_card":"summary_large_image","twitter_misc":{"Escrito por":"pe.geovane","Est. tempo de leitura":"2 minutos"},"schema":{"@context":"https:\/\/schema.org","@graph":[{"@type":"Article","@id":"https:\/\/www.oarcanjo.net\/site\/novo-vigario-de-cristo\/#article","isPartOf":{"@id":"https:\/\/www.oarcanjo.net\/site\/novo-vigario-de-cristo\/"},"author":{"name":"pe.geovane","@id":"https:\/\/www.oarcanjo.net\/site\/#\/schema\/person\/58d7f78850a973b8e467c7ae4a7eb4ad"},"headline":"Novo Vig\u00e1rio de Cristo","datePublished":"2013-02-22T14:25:50+00:00","dateModified":"2013-02-25T14:27:41+00:00","mainEntityOfPage":{"@id":"https:\/\/www.oarcanjo.net\/site\/novo-vigario-de-cristo\/"},"wordCount":495,"commentCount":0,"publisher":{"@id":"https:\/\/www.oarcanjo.net\/site\/#organization"},"articleSection":["Reflex\u00f5es"],"inLanguage":"pt-BR","potentialAction":[{"@type":"CommentAction","name":"Comment","target":["https:\/\/www.oarcanjo.net\/site\/novo-vigario-de-cristo\/#respond"]}]},{"@type":"WebPage","@id":"https:\/\/www.oarcanjo.net\/site\/novo-vigario-de-cristo\/","url":"https:\/\/www.oarcanjo.net\/site\/novo-vigario-de-cristo\/","name":"Novo Vig\u00e1rio de Cristo - O Arcanjo no ar","isPartOf":{"@id":"https:\/\/www.oarcanjo.net\/site\/#website"},"datePublished":"2013-02-22T14:25:50+00:00","dateModified":"2013-02-25T14:27:41+00:00","breadcrumb":{"@id":"https:\/\/www.oarcanjo.net\/site\/novo-vigario-de-cristo\/#breadcrumb"},"inLanguage":"pt-BR","potentialAction":[{"@type":"ReadAction","target":["https:\/\/www.oarcanjo.net\/site\/novo-vigario-de-cristo\/"]}]},{"@type":"BreadcrumbList","@id":"https:\/\/www.oarcanjo.net\/site\/novo-vigario-de-cristo\/#breadcrumb","itemListElement":[{"@type":"ListItem","position":1,"name":"In\u00edcio","item":"https:\/\/www.oarcanjo.net\/site\/"},{"@type":"ListItem","position":2,"name":"Novo Vig\u00e1rio de Cristo"}]},{"@type":"WebSite","@id":"https:\/\/www.oarcanjo.net\/site\/#website","url":"https:\/\/www.oarcanjo.net\/site\/","name":"O Arcanjo no ar","description":"Site da Par\u00f3quia S\u00e3o Miguel Arcanjo (Arquidiocese de SP)","publisher":{"@id":"https:\/\/www.oarcanjo.net\/site\/#organization"},"potentialAction":[{"@type":"SearchAction","target":{"@type":"EntryPoint","urlTemplate":"https:\/\/www.oarcanjo.net\/site\/?s={search_term_string}"},"query-input":{"@type":"PropertyValueSpecification","valueRequired":true,"valueName":"search_term_string"}}],"inLanguage":"pt-BR"},{"@type":"Organization","@id":"https:\/\/www.oarcanjo.net\/site\/#organization","name":"Par\u00f3quia S\u00e3o Miguel Arcanjo","url":"https:\/\/www.oarcanjo.net\/site\/","logo":{"@type":"ImageObject","inLanguage":"pt-BR","@id":"https:\/\/www.oarcanjo.net\/site\/#\/schema\/logo\/image\/","url":"https:\/\/www.oarcanjo.net\/site\/wp-content\/uploads\/LogoOArcanjo.png","contentUrl":"https:\/\/www.oarcanjo.net\/site\/wp-content\/uploads\/LogoOArcanjo.png","width":319,"height":99,"caption":"Par\u00f3quia S\u00e3o Miguel Arcanjo"},"image":{"@id":"https:\/\/www.oarcanjo.net\/site\/#\/schema\/logo\/image\/"},"sameAs":["https:\/\/www.facebook.com\/OArcanjoNoAr\/"]},{"@type":"Person","@id":"https:\/\/www.oarcanjo.net\/site\/#\/schema\/person\/58d7f78850a973b8e467c7ae4a7eb4ad","name":"pe.geovane"}]}},"publishpress_future_action":{"enabled":false,"date":"2026-05-09 06:30:52","action":"category","newStatus":"draft","terms":[],"taxonomy":"category"},"publishpress_future_workflow_manual_trigger":{"enabledWorkflows":[]},"_links":{"self":[{"href":"https:\/\/www.oarcanjo.net\/site\/wp-json\/wp\/v2\/posts\/21037"}],"collection":[{"href":"https:\/\/www.oarcanjo.net\/site\/wp-json\/wp\/v2\/posts"}],"about":[{"href":"https:\/\/www.oarcanjo.net\/site\/wp-json\/wp\/v2\/types\/post"}],"author":[{"embeddable":true,"href":"https:\/\/www.oarcanjo.net\/site\/wp-json\/wp\/v2\/users\/17"}],"replies":[{"embeddable":true,"href":"https:\/\/www.oarcanjo.net\/site\/wp-json\/wp\/v2\/comments?post=21037"}],"version-history":[{"count":0,"href":"https:\/\/www.oarcanjo.net\/site\/wp-json\/wp\/v2\/posts\/21037\/revisions"}],"wp:attachment":[{"href":"https:\/\/www.oarcanjo.net\/site\/wp-json\/wp\/v2\/media?parent=21037"}],"wp:term":[{"taxonomy":"category","embeddable":true,"href":"https:\/\/www.oarcanjo.net\/site\/wp-json\/wp\/v2\/categories?post=21037"},{"taxonomy":"post_tag","embeddable":true,"href":"https:\/\/www.oarcanjo.net\/site\/wp-json\/wp\/v2\/tags?post=21037"}],"curies":[{"name":"wp","href":"https:\/\/api.w.org\/{rel}","templated":true}]}}