
{"id":21125,"date":"2013-02-24T21:59:37","date_gmt":"2013-02-25T00:59:37","guid":{"rendered":"http:\/\/www.oarcanjo.net\/site\/?p=21125"},"modified":"2013-02-25T11:24:46","modified_gmt":"2013-02-25T14:24:46","slug":"os-jovens-carregam-a-cruz-e-participam-ativamente","status":"publish","type":"post","link":"https:\/\/www.oarcanjo.net\/site\/os-jovens-carregam-a-cruz-e-participam-ativamente\/","title":{"rendered":"Os jovens carregam a Cruz e participam ativamente"},"content":{"rendered":"<p>Os jovens carregam a Cruz e participam ativamente das celebra\u00e7\u00f5es. \u00c9 o Ano da F\u00e9 e nele toda a prepara\u00e7\u00e3o para a Jornada Mundial da Juventude. Tamb\u00e9m nas fotos o destaque para o vitral da Capela da Universidade S\u00e3o Judas Tadeu, que traz a Transfigura\u00e7\u00e3o.<\/p>\n<p>Neste domingo, a liturgia nos levou ao Monte da Transfigu\u00adra\u00e7\u00e3o, onde Jesus mostrou a ex\u00adtens\u00e3o de sua gl\u00f3ria e o futuro da humanidade redimida. Mostrou tamb\u00e9m o caminho da Cruz como \u00fanica via para se chegar \u00e0 gl\u00f3ria da ressurrei\u00e7\u00e3o, prefigurada no Tabor. \u00a0Aproveitemos o apelo de Cristo e as sugest\u00f5es da Campa\u00adnha da Fraternidade, para instau\u00adramos em nossa Igreja o caminho rejuvenescedor da f\u00e9 e a coragem audaciosa da miss\u00e3o.<\/p>\n<p>Destacamos da Liturgia:<\/p>\n<p>Leitura do Livro do G\u00eanesis.<\/p>\n<p>\u201cNaqueles dias, o Senhor conduziu Abra\u00e3o para fora e disse-lhe: \u201cOlha para o c\u00e9u e conta as estrelas, se fo\u00adres capaz!\u201d E acrescentou: \u201cAssim ser\u00e1 a tua descend\u00eancia\u201d. Abr\u00e3o teve f\u00e9 no Senhor, que considerou isso como justi\u00e7a.\u201d<\/p>\n<p><strong> EVANGELHO (Lc 9, 28b-36) <\/strong><\/p>\n<p>Naquele tempo, Jesus levou consigo Pedro, Jo\u00e3o e Tiago, e subiu \u00e0 montanha para rezar. En\u00adquanto rezava, seu rosto mudou de apar\u00eancia e sua roupa ficou muito branca e brilhante. Eis que dois homens estavam conversando com Jesus: eram Mois\u00e9s e Elias. Eles apareceram revestidos de gl\u00f3ria e conversavam sobre a morte, que Jesus iria sofrer em Jerusal\u00e9m. Pedro e os companheiros esta\u00advam com muito sono. Ao desper\u00adtarem, viram a gl\u00f3ria de Jesus e os dois homens que estavam com ele. E quando estes homens se iam afastando, Pedro disse a Je\u00adsus: \u201cMestre, \u00e9 bom estarmos aqui. Vamos fazer tr\u00eas tendas: uma para ti, outra para Mois\u00e9s e outra para Elias\u201d. Pedro n\u00e3o sabia o que estava dizendo. Ele estava ainda falando, quando apareceu uma nuvem que os cobriu com sua sombra. Os disc\u00edpulos ficaram com medo ao entrarem dentro da nuvem. Da nuvem, por\u00e9m, saiu uma voz que dizia: \u201cEste \u00e9 o meu Filho, o Escolhido. Escutai o que ele diz!\u201d Enquanto a voz resso\u00adava, Jesus encontrou-se sozinho. Os disc\u00edpulos ficaram calados e naqueles dias n\u00e3o contaram a nin\u00adgu\u00e9m nada do que tinham visto.\u201d<\/p>\n<p><strong>No \u00a0CANTO DE COMUNH\u00c3O <\/strong><\/p>\n<p><strong>Ent\u00e3o, da nuvem luminosa dizia uma voz: * \u201cEste \u00e9 meu Filho amado, escutem sempre o que ele diz!\u201d <\/strong><\/p>\n<p>Vejam fotos na Capela Universit\u00e1ria S\u00e3o Judas Tadeu ngg_shortcode_0_placeholder<\/p>\n<div id=\"themify_builder_content-21125\" data-postid=\"21125\" class=\"themify_builder_content themify_builder_content-21125 themify_builder themify_builder_front\">\n\t<\/div>\n<!-- \/themify_builder_content -->","protected":false},"excerpt":{"rendered":"<p>Os jovens carregam a Cruz e participam ativamente das celebra\u00e7\u00f5es. \u00c9 o Ano da F\u00e9 e nele toda a prepara\u00e7\u00e3o para a Jornada Mundial da Juventude. Tamb\u00e9m nas fotos o destaque para o vitral da Capela da Universidade S\u00e3o Judas Tadeu, que traz a Transfigura\u00e7\u00e3o. Neste domingo, a liturgia nos levou ao Monte da Transfigu\u00adra\u00e7\u00e3o, [&hellip;]<\/p>\n","protected":false},"author":10,"featured_media":0,"comment_status":"open","ping_status":"open","sticky":false,"template":"","format":"standard","meta":{"ngg_post_thumbnail":0,"footnotes":""},"categories":[2153,395,8],"tags":[1938,2405],"yoast_head":"<!-- This site is optimized with the Yoast SEO plugin v23.5 - https:\/\/yoast.com\/wordpress\/plugins\/seo\/ -->\n<title>Os jovens carregam a Cruz e participam ativamente  - O Arcanjo no ar<\/title>\n<meta name=\"robots\" content=\"index, follow, max-snippet:-1, max-image-preview:large, max-video-preview:-1\" \/>\n<link rel=\"canonical\" href=\"https:\/\/www.oarcanjo.net\/site\/os-jovens-carregam-a-cruz-e-participam-ativamente\/\" \/>\n<meta property=\"og:locale\" content=\"pt_BR\" \/>\n<meta property=\"og:type\" content=\"article\" \/>\n<meta property=\"og:title\" content=\"Os jovens carregam a Cruz e participam ativamente  - O Arcanjo no ar\" \/>\n<meta property=\"og:description\" content=\"Os jovens carregam a Cruz e participam ativamente das celebra\u00e7\u00f5es. \u00c9 o Ano da F\u00e9 e nele toda a prepara\u00e7\u00e3o para a Jornada Mundial da Juventude. Tamb\u00e9m nas fotos o destaque para o vitral da Capela da Universidade S\u00e3o Judas Tadeu, que traz a Transfigura\u00e7\u00e3o. Neste domingo, a liturgia nos levou ao Monte da Transfigu\u00adra\u00e7\u00e3o, [&hellip;]\" \/>\n<meta property=\"og:url\" content=\"https:\/\/www.oarcanjo.net\/site\/os-jovens-carregam-a-cruz-e-participam-ativamente\/\" \/>\n<meta property=\"og:site_name\" content=\"O Arcanjo no ar\" \/>\n<meta property=\"article:publisher\" content=\"https:\/\/www.facebook.com\/OArcanjoNoAr\/\" \/>\n<meta property=\"article:published_time\" content=\"2013-02-25T00:59:37+00:00\" \/>\n<meta property=\"article:modified_time\" content=\"2013-02-25T14:24:46+00:00\" \/>\n<meta property=\"og:image\" content=\"https:\/\/www.oarcanjo.net\/site\/wp-content\/uploads\/logo-o-arcanjo-no-ar-facebook.png\" \/>\n\t<meta property=\"og:image:width\" content=\"300\" \/>\n\t<meta property=\"og:image:height\" content=\"300\" \/>\n\t<meta property=\"og:image:type\" content=\"image\/png\" \/>\n<meta name=\"author\" content=\"carlos\" \/>\n<meta name=\"twitter:card\" content=\"summary_large_image\" \/>\n<meta name=\"twitter:label1\" content=\"Escrito por\" \/>\n\t<meta name=\"twitter:data1\" content=\"carlos\" \/>\n\t<meta name=\"twitter:label2\" content=\"Est. tempo de leitura\" \/>\n\t<meta name=\"twitter:data2\" content=\"2 minutos\" \/>\n<script type=\"application\/ld+json\" class=\"yoast-schema-graph\">{\"@context\":\"https:\/\/schema.org\",\"@graph\":[{\"@type\":\"Article\",\"@id\":\"https:\/\/www.oarcanjo.net\/site\/os-jovens-carregam-a-cruz-e-participam-ativamente\/#article\",\"isPartOf\":{\"@id\":\"https:\/\/www.oarcanjo.net\/site\/os-jovens-carregam-a-cruz-e-participam-ativamente\/\"},\"author\":{\"name\":\"carlos\",\"@id\":\"https:\/\/www.oarcanjo.net\/site\/#\/schema\/person\/f7870e710d8c8c30673de3a0ac2e451d\"},\"headline\":\"Os jovens carregam a Cruz e participam ativamente\",\"datePublished\":\"2013-02-25T00:59:37+00:00\",\"dateModified\":\"2013-02-25T14:24:46+00:00\",\"mainEntityOfPage\":{\"@id\":\"https:\/\/www.oarcanjo.net\/site\/os-jovens-carregam-a-cruz-e-participam-ativamente\/\"},\"wordCount\":432,\"commentCount\":0,\"publisher\":{\"@id\":\"https:\/\/www.oarcanjo.net\/site\/#organization\"},\"keywords\":[\"Jornada Mundial da Juventude\",\"Jovens carregam a Cruz\"],\"articleSection\":[\"Ano da F\u00e9\",\"Jovens\",\"Not\u00edcias\"],\"inLanguage\":\"pt-BR\",\"potentialAction\":[{\"@type\":\"CommentAction\",\"name\":\"Comment\",\"target\":[\"https:\/\/www.oarcanjo.net\/site\/os-jovens-carregam-a-cruz-e-participam-ativamente\/#respond\"]}]},{\"@type\":\"WebPage\",\"@id\":\"https:\/\/www.oarcanjo.net\/site\/os-jovens-carregam-a-cruz-e-participam-ativamente\/\",\"url\":\"https:\/\/www.oarcanjo.net\/site\/os-jovens-carregam-a-cruz-e-participam-ativamente\/\",\"name\":\"Os jovens carregam a Cruz e participam ativamente - O Arcanjo no ar\",\"isPartOf\":{\"@id\":\"https:\/\/www.oarcanjo.net\/site\/#website\"},\"datePublished\":\"2013-02-25T00:59:37+00:00\",\"dateModified\":\"2013-02-25T14:24:46+00:00\",\"breadcrumb\":{\"@id\":\"https:\/\/www.oarcanjo.net\/site\/os-jovens-carregam-a-cruz-e-participam-ativamente\/#breadcrumb\"},\"inLanguage\":\"pt-BR\",\"potentialAction\":[{\"@type\":\"ReadAction\",\"target\":[\"https:\/\/www.oarcanjo.net\/site\/os-jovens-carregam-a-cruz-e-participam-ativamente\/\"]}]},{\"@type\":\"BreadcrumbList\",\"@id\":\"https:\/\/www.oarcanjo.net\/site\/os-jovens-carregam-a-cruz-e-participam-ativamente\/#breadcrumb\",\"itemListElement\":[{\"@type\":\"ListItem\",\"position\":1,\"name\":\"In\u00edcio\",\"item\":\"https:\/\/www.oarcanjo.net\/site\/\"},{\"@type\":\"ListItem\",\"position\":2,\"name\":\"Os jovens carregam a Cruz e participam ativamente\"}]},{\"@type\":\"WebSite\",\"@id\":\"https:\/\/www.oarcanjo.net\/site\/#website\",\"url\":\"https:\/\/www.oarcanjo.net\/site\/\",\"name\":\"O Arcanjo no ar\",\"description\":\"Site da Par\u00f3quia S\u00e3o Miguel Arcanjo (Arquidiocese de SP)\",\"publisher\":{\"@id\":\"https:\/\/www.oarcanjo.net\/site\/#organization\"},\"potentialAction\":[{\"@type\":\"SearchAction\",\"target\":{\"@type\":\"EntryPoint\",\"urlTemplate\":\"https:\/\/www.oarcanjo.net\/site\/?s={search_term_string}\"},\"query-input\":{\"@type\":\"PropertyValueSpecification\",\"valueRequired\":true,\"valueName\":\"search_term_string\"}}],\"inLanguage\":\"pt-BR\"},{\"@type\":\"Organization\",\"@id\":\"https:\/\/www.oarcanjo.net\/site\/#organization\",\"name\":\"Par\u00f3quia S\u00e3o Miguel Arcanjo\",\"url\":\"https:\/\/www.oarcanjo.net\/site\/\",\"logo\":{\"@type\":\"ImageObject\",\"inLanguage\":\"pt-BR\",\"@id\":\"https:\/\/www.oarcanjo.net\/site\/#\/schema\/logo\/image\/\",\"url\":\"https:\/\/www.oarcanjo.net\/site\/wp-content\/uploads\/LogoOArcanjo.png\",\"contentUrl\":\"https:\/\/www.oarcanjo.net\/site\/wp-content\/uploads\/LogoOArcanjo.png\",\"width\":319,\"height\":99,\"caption\":\"Par\u00f3quia S\u00e3o Miguel Arcanjo\"},\"image\":{\"@id\":\"https:\/\/www.oarcanjo.net\/site\/#\/schema\/logo\/image\/\"},\"sameAs\":[\"https:\/\/www.facebook.com\/OArcanjoNoAr\/\"]},{\"@type\":\"Person\",\"@id\":\"https:\/\/www.oarcanjo.net\/site\/#\/schema\/person\/f7870e710d8c8c30673de3a0ac2e451d\",\"name\":\"carlos\"}]}<\/script>\n<!-- \/ Yoast SEO plugin. -->","yoast_head_json":{"title":"Os jovens carregam a Cruz e participam ativamente  - O Arcanjo no ar","robots":{"index":"index","follow":"follow","max-snippet":"max-snippet:-1","max-image-preview":"max-image-preview:large","max-video-preview":"max-video-preview:-1"},"canonical":"https:\/\/www.oarcanjo.net\/site\/os-jovens-carregam-a-cruz-e-participam-ativamente\/","og_locale":"pt_BR","og_type":"article","og_title":"Os jovens carregam a Cruz e participam ativamente  - O Arcanjo no ar","og_description":"Os jovens carregam a Cruz e participam ativamente das celebra\u00e7\u00f5es. \u00c9 o Ano da F\u00e9 e nele toda a prepara\u00e7\u00e3o para a Jornada Mundial da Juventude. Tamb\u00e9m nas fotos o destaque para o vitral da Capela da Universidade S\u00e3o Judas Tadeu, que traz a Transfigura\u00e7\u00e3o. Neste domingo, a liturgia nos levou ao Monte da Transfigu\u00adra\u00e7\u00e3o, [&hellip;]","og_url":"https:\/\/www.oarcanjo.net\/site\/os-jovens-carregam-a-cruz-e-participam-ativamente\/","og_site_name":"O Arcanjo no ar","article_publisher":"https:\/\/www.facebook.com\/OArcanjoNoAr\/","article_published_time":"2013-02-25T00:59:37+00:00","article_modified_time":"2013-02-25T14:24:46+00:00","og_image":[{"width":300,"height":300,"url":"https:\/\/www.oarcanjo.net\/site\/wp-content\/uploads\/logo-o-arcanjo-no-ar-facebook.png","type":"image\/png"}],"author":"carlos","twitter_card":"summary_large_image","twitter_misc":{"Escrito por":"carlos","Est. tempo de leitura":"2 minutos"},"schema":{"@context":"https:\/\/schema.org","@graph":[{"@type":"Article","@id":"https:\/\/www.oarcanjo.net\/site\/os-jovens-carregam-a-cruz-e-participam-ativamente\/#article","isPartOf":{"@id":"https:\/\/www.oarcanjo.net\/site\/os-jovens-carregam-a-cruz-e-participam-ativamente\/"},"author":{"name":"carlos","@id":"https:\/\/www.oarcanjo.net\/site\/#\/schema\/person\/f7870e710d8c8c30673de3a0ac2e451d"},"headline":"Os jovens carregam a Cruz e participam ativamente","datePublished":"2013-02-25T00:59:37+00:00","dateModified":"2013-02-25T14:24:46+00:00","mainEntityOfPage":{"@id":"https:\/\/www.oarcanjo.net\/site\/os-jovens-carregam-a-cruz-e-participam-ativamente\/"},"wordCount":432,"commentCount":0,"publisher":{"@id":"https:\/\/www.oarcanjo.net\/site\/#organization"},"keywords":["Jornada Mundial da Juventude","Jovens carregam a Cruz"],"articleSection":["Ano da F\u00e9","Jovens","Not\u00edcias"],"inLanguage":"pt-BR","potentialAction":[{"@type":"CommentAction","name":"Comment","target":["https:\/\/www.oarcanjo.net\/site\/os-jovens-carregam-a-cruz-e-participam-ativamente\/#respond"]}]},{"@type":"WebPage","@id":"https:\/\/www.oarcanjo.net\/site\/os-jovens-carregam-a-cruz-e-participam-ativamente\/","url":"https:\/\/www.oarcanjo.net\/site\/os-jovens-carregam-a-cruz-e-participam-ativamente\/","name":"Os jovens carregam a Cruz e participam ativamente - O Arcanjo no ar","isPartOf":{"@id":"https:\/\/www.oarcanjo.net\/site\/#website"},"datePublished":"2013-02-25T00:59:37+00:00","dateModified":"2013-02-25T14:24:46+00:00","breadcrumb":{"@id":"https:\/\/www.oarcanjo.net\/site\/os-jovens-carregam-a-cruz-e-participam-ativamente\/#breadcrumb"},"inLanguage":"pt-BR","potentialAction":[{"@type":"ReadAction","target":["https:\/\/www.oarcanjo.net\/site\/os-jovens-carregam-a-cruz-e-participam-ativamente\/"]}]},{"@type":"BreadcrumbList","@id":"https:\/\/www.oarcanjo.net\/site\/os-jovens-carregam-a-cruz-e-participam-ativamente\/#breadcrumb","itemListElement":[{"@type":"ListItem","position":1,"name":"In\u00edcio","item":"https:\/\/www.oarcanjo.net\/site\/"},{"@type":"ListItem","position":2,"name":"Os jovens carregam a Cruz e participam ativamente"}]},{"@type":"WebSite","@id":"https:\/\/www.oarcanjo.net\/site\/#website","url":"https:\/\/www.oarcanjo.net\/site\/","name":"O Arcanjo no ar","description":"Site da Par\u00f3quia S\u00e3o Miguel Arcanjo (Arquidiocese de SP)","publisher":{"@id":"https:\/\/www.oarcanjo.net\/site\/#organization"},"potentialAction":[{"@type":"SearchAction","target":{"@type":"EntryPoint","urlTemplate":"https:\/\/www.oarcanjo.net\/site\/?s={search_term_string}"},"query-input":{"@type":"PropertyValueSpecification","valueRequired":true,"valueName":"search_term_string"}}],"inLanguage":"pt-BR"},{"@type":"Organization","@id":"https:\/\/www.oarcanjo.net\/site\/#organization","name":"Par\u00f3quia S\u00e3o Miguel Arcanjo","url":"https:\/\/www.oarcanjo.net\/site\/","logo":{"@type":"ImageObject","inLanguage":"pt-BR","@id":"https:\/\/www.oarcanjo.net\/site\/#\/schema\/logo\/image\/","url":"https:\/\/www.oarcanjo.net\/site\/wp-content\/uploads\/LogoOArcanjo.png","contentUrl":"https:\/\/www.oarcanjo.net\/site\/wp-content\/uploads\/LogoOArcanjo.png","width":319,"height":99,"caption":"Par\u00f3quia S\u00e3o Miguel Arcanjo"},"image":{"@id":"https:\/\/www.oarcanjo.net\/site\/#\/schema\/logo\/image\/"},"sameAs":["https:\/\/www.facebook.com\/OArcanjoNoAr\/"]},{"@type":"Person","@id":"https:\/\/www.oarcanjo.net\/site\/#\/schema\/person\/f7870e710d8c8c30673de3a0ac2e451d","name":"carlos"}]}},"publishpress_future_action":{"enabled":false,"date":"2026-05-07 06:29:41","action":"category","newStatus":"draft","terms":[],"taxonomy":"category"},"publishpress_future_workflow_manual_trigger":{"enabledWorkflows":[]},"_links":{"self":[{"href":"https:\/\/www.oarcanjo.net\/site\/wp-json\/wp\/v2\/posts\/21125"}],"collection":[{"href":"https:\/\/www.oarcanjo.net\/site\/wp-json\/wp\/v2\/posts"}],"about":[{"href":"https:\/\/www.oarcanjo.net\/site\/wp-json\/wp\/v2\/types\/post"}],"author":[{"embeddable":true,"href":"https:\/\/www.oarcanjo.net\/site\/wp-json\/wp\/v2\/users\/10"}],"replies":[{"embeddable":true,"href":"https:\/\/www.oarcanjo.net\/site\/wp-json\/wp\/v2\/comments?post=21125"}],"version-history":[{"count":0,"href":"https:\/\/www.oarcanjo.net\/site\/wp-json\/wp\/v2\/posts\/21125\/revisions"}],"wp:attachment":[{"href":"https:\/\/www.oarcanjo.net\/site\/wp-json\/wp\/v2\/media?parent=21125"}],"wp:term":[{"taxonomy":"category","embeddable":true,"href":"https:\/\/www.oarcanjo.net\/site\/wp-json\/wp\/v2\/categories?post=21125"},{"taxonomy":"post_tag","embeddable":true,"href":"https:\/\/www.oarcanjo.net\/site\/wp-json\/wp\/v2\/tags?post=21125"}],"curies":[{"name":"wp","href":"https:\/\/api.w.org\/{rel}","templated":true}]}}