
{"id":21131,"date":"2013-02-25T09:18:04","date_gmt":"2013-02-25T12:18:04","guid":{"rendered":"http:\/\/www.oarcanjo.net\/site\/?p=21131"},"modified":"2013-02-25T11:22:59","modified_gmt":"2013-02-25T14:22:59","slug":"reuniao-de-liturgia-sera-sabado-0203-as-16h","status":"publish","type":"post","link":"https:\/\/www.oarcanjo.net\/site\/reuniao-de-liturgia-sera-sabado-0203-as-16h\/","title":{"rendered":"Reuni\u00e3o de Liturgia ser\u00e1 s\u00e1bado, 02\/03, \u00e0s 16h"},"content":{"rendered":"<p>No s\u00e1bado, 02\/03, a comunidade realiza a reuni\u00e3o mensal de Liturgia a partir das 16h na igreja S\u00e3o Miguel. Na v\u00e9spera, o ter\u00e7o dos homens ser\u00e1 diferente. Veja detalhes nos avisos da semana, em que o Pe. Julio Lancellotti falou tamb\u00e9m sobre o \u00faltimo Angelus celebrado pelo papa Bento XVI e o processo de sucess\u00e3o no Vaticano:<\/p>\n<p><iframe loading=\"lazy\" width=\"560\" height=\"315\" src=\"http:\/\/www.youtube.com\/embed\/niG8zuIiT_M?rel=0\" frameborder=\"0\" allowfullscreen><\/iframe><\/p>\n<p>Antes da b\u00ean\u00e7\u00e3o final, a pedido do Pe. Julio, a Ir. Id\u00ea cantou o mantra &#8220;\u00d3 luz do Senhor&#8221;:<\/p>\n<p><iframe loading=\"lazy\" width=\"560\" height=\"315\" src=\"http:\/\/www.youtube.com\/embed\/urFonoRW7uU?rel=0\" frameborder=\"0\" allowfullscreen><\/iframe><\/p>\n<div id=\"themify_builder_content-21131\" data-postid=\"21131\" class=\"themify_builder_content themify_builder_content-21131 themify_builder themify_builder_front\">\n\t<\/div>\n<!-- \/themify_builder_content -->","protected":false},"excerpt":{"rendered":"<p>No s\u00e1bado, 02\/03, a comunidade realiza a reuni\u00e3o mensal de Liturgia a partir das 16h na igreja S\u00e3o Miguel. Na v\u00e9spera, o ter\u00e7o dos homens ser\u00e1 diferente. Veja detalhes nos avisos da semana, em que o Pe. Julio Lancellotti falou tamb\u00e9m sobre o \u00faltimo Angelus celebrado pelo papa Bento XVI e o processo de sucess\u00e3o [&hellip;]<\/p>\n","protected":false},"author":5,"featured_media":0,"comment_status":"open","ping_status":"open","sticky":false,"template":"","format":"standard","meta":{"ngg_post_thumbnail":0,"footnotes":""},"categories":[476,8],"tags":[2264,206,2406,3204,157,297,34],"yoast_head":"<!-- This site is optimized with the Yoast SEO plugin v23.5 - https:\/\/yoast.com\/wordpress\/plugins\/seo\/ -->\n<title>Reuni\u00e3o de Liturgia ser\u00e1 s\u00e1bado, 02\/03, \u00e0s 16h - O Arcanjo no ar<\/title>\n<meta name=\"robots\" content=\"index, follow, max-snippet:-1, max-image-preview:large, max-video-preview:-1\" \/>\n<link rel=\"canonical\" href=\"https:\/\/www.oarcanjo.net\/site\/reuniao-de-liturgia-sera-sabado-0203-as-16h\/\" \/>\n<meta property=\"og:locale\" content=\"pt_BR\" \/>\n<meta property=\"og:type\" content=\"article\" \/>\n<meta property=\"og:title\" content=\"Reuni\u00e3o de Liturgia ser\u00e1 s\u00e1bado, 02\/03, \u00e0s 16h - O Arcanjo no ar\" \/>\n<meta property=\"og:description\" content=\"No s\u00e1bado, 02\/03, a comunidade realiza a reuni\u00e3o mensal de Liturgia a partir das 16h na igreja S\u00e3o Miguel. Na v\u00e9spera, o ter\u00e7o dos homens ser\u00e1 diferente. Veja detalhes nos avisos da semana, em que o Pe. Julio Lancellotti falou tamb\u00e9m sobre o \u00faltimo Angelus celebrado pelo papa Bento XVI e o processo de sucess\u00e3o [&hellip;]\" \/>\n<meta property=\"og:url\" content=\"https:\/\/www.oarcanjo.net\/site\/reuniao-de-liturgia-sera-sabado-0203-as-16h\/\" \/>\n<meta property=\"og:site_name\" content=\"O Arcanjo no ar\" \/>\n<meta property=\"article:publisher\" content=\"https:\/\/www.facebook.com\/OArcanjoNoAr\/\" \/>\n<meta property=\"article:published_time\" content=\"2013-02-25T12:18:04+00:00\" \/>\n<meta property=\"article:modified_time\" content=\"2013-02-25T14:22:59+00:00\" \/>\n<meta property=\"og:image\" content=\"https:\/\/www.oarcanjo.net\/site\/wp-content\/uploads\/logo-o-arcanjo-no-ar-facebook.png\" \/>\n\t<meta property=\"og:image:width\" content=\"300\" \/>\n\t<meta property=\"og:image:height\" content=\"300\" \/>\n\t<meta property=\"og:image:type\" content=\"image\/png\" \/>\n<meta name=\"author\" content=\"editor\" \/>\n<meta name=\"twitter:card\" content=\"summary_large_image\" \/>\n<meta name=\"twitter:label1\" content=\"Escrito por\" \/>\n\t<meta name=\"twitter:data1\" content=\"editor\" \/>\n<script type=\"application\/ld+json\" class=\"yoast-schema-graph\">{\"@context\":\"https:\/\/schema.org\",\"@graph\":[{\"@type\":\"Article\",\"@id\":\"https:\/\/www.oarcanjo.net\/site\/reuniao-de-liturgia-sera-sabado-0203-as-16h\/#article\",\"isPartOf\":{\"@id\":\"https:\/\/www.oarcanjo.net\/site\/reuniao-de-liturgia-sera-sabado-0203-as-16h\/\"},\"author\":{\"name\":\"editor\",\"@id\":\"https:\/\/www.oarcanjo.net\/site\/#\/schema\/person\/f7024d007863202483a31326673a0838\"},\"headline\":\"Reuni\u00e3o de Liturgia ser\u00e1 s\u00e1bado, 02\/03, \u00e0s 16h\",\"datePublished\":\"2013-02-25T12:18:04+00:00\",\"dateModified\":\"2013-02-25T14:22:59+00:00\",\"mainEntityOfPage\":{\"@id\":\"https:\/\/www.oarcanjo.net\/site\/reuniao-de-liturgia-sera-sabado-0203-as-16h\/\"},\"wordCount\":92,\"commentCount\":0,\"publisher\":{\"@id\":\"https:\/\/www.oarcanjo.net\/site\/#organization\"},\"keywords\":[\"Angelus\",\"Bento XVI\",\"Conclave\",\"Liturgia\",\"papa\",\"ter\u00e7o dos homens\",\"vaticano\"],\"articleSection\":[\"Avisos\",\"Not\u00edcias\"],\"inLanguage\":\"pt-BR\",\"potentialAction\":[{\"@type\":\"CommentAction\",\"name\":\"Comment\",\"target\":[\"https:\/\/www.oarcanjo.net\/site\/reuniao-de-liturgia-sera-sabado-0203-as-16h\/#respond\"]}]},{\"@type\":\"WebPage\",\"@id\":\"https:\/\/www.oarcanjo.net\/site\/reuniao-de-liturgia-sera-sabado-0203-as-16h\/\",\"url\":\"https:\/\/www.oarcanjo.net\/site\/reuniao-de-liturgia-sera-sabado-0203-as-16h\/\",\"name\":\"Reuni\u00e3o de Liturgia ser\u00e1 s\u00e1bado, 02\/03, \u00e0s 16h - O Arcanjo no ar\",\"isPartOf\":{\"@id\":\"https:\/\/www.oarcanjo.net\/site\/#website\"},\"datePublished\":\"2013-02-25T12:18:04+00:00\",\"dateModified\":\"2013-02-25T14:22:59+00:00\",\"breadcrumb\":{\"@id\":\"https:\/\/www.oarcanjo.net\/site\/reuniao-de-liturgia-sera-sabado-0203-as-16h\/#breadcrumb\"},\"inLanguage\":\"pt-BR\",\"potentialAction\":[{\"@type\":\"ReadAction\",\"target\":[\"https:\/\/www.oarcanjo.net\/site\/reuniao-de-liturgia-sera-sabado-0203-as-16h\/\"]}]},{\"@type\":\"BreadcrumbList\",\"@id\":\"https:\/\/www.oarcanjo.net\/site\/reuniao-de-liturgia-sera-sabado-0203-as-16h\/#breadcrumb\",\"itemListElement\":[{\"@type\":\"ListItem\",\"position\":1,\"name\":\"In\u00edcio\",\"item\":\"https:\/\/www.oarcanjo.net\/site\/\"},{\"@type\":\"ListItem\",\"position\":2,\"name\":\"Reuni\u00e3o de Liturgia ser\u00e1 s\u00e1bado, 02\/03, \u00e0s 16h\"}]},{\"@type\":\"WebSite\",\"@id\":\"https:\/\/www.oarcanjo.net\/site\/#website\",\"url\":\"https:\/\/www.oarcanjo.net\/site\/\",\"name\":\"O Arcanjo no ar\",\"description\":\"Site da Par\u00f3quia S\u00e3o Miguel Arcanjo (Arquidiocese de SP)\",\"publisher\":{\"@id\":\"https:\/\/www.oarcanjo.net\/site\/#organization\"},\"potentialAction\":[{\"@type\":\"SearchAction\",\"target\":{\"@type\":\"EntryPoint\",\"urlTemplate\":\"https:\/\/www.oarcanjo.net\/site\/?s={search_term_string}\"},\"query-input\":{\"@type\":\"PropertyValueSpecification\",\"valueRequired\":true,\"valueName\":\"search_term_string\"}}],\"inLanguage\":\"pt-BR\"},{\"@type\":\"Organization\",\"@id\":\"https:\/\/www.oarcanjo.net\/site\/#organization\",\"name\":\"Par\u00f3quia S\u00e3o Miguel Arcanjo\",\"url\":\"https:\/\/www.oarcanjo.net\/site\/\",\"logo\":{\"@type\":\"ImageObject\",\"inLanguage\":\"pt-BR\",\"@id\":\"https:\/\/www.oarcanjo.net\/site\/#\/schema\/logo\/image\/\",\"url\":\"https:\/\/www.oarcanjo.net\/site\/wp-content\/uploads\/LogoOArcanjo.png\",\"contentUrl\":\"https:\/\/www.oarcanjo.net\/site\/wp-content\/uploads\/LogoOArcanjo.png\",\"width\":319,\"height\":99,\"caption\":\"Par\u00f3quia S\u00e3o Miguel Arcanjo\"},\"image\":{\"@id\":\"https:\/\/www.oarcanjo.net\/site\/#\/schema\/logo\/image\/\"},\"sameAs\":[\"https:\/\/www.facebook.com\/OArcanjoNoAr\/\"]},{\"@type\":\"Person\",\"@id\":\"https:\/\/www.oarcanjo.net\/site\/#\/schema\/person\/f7024d007863202483a31326673a0838\",\"name\":\"editor\",\"sameAs\":[\"http:\/\/www.oarcanjo.net\"]}]}<\/script>\n<!-- \/ Yoast SEO plugin. -->","yoast_head_json":{"title":"Reuni\u00e3o de Liturgia ser\u00e1 s\u00e1bado, 02\/03, \u00e0s 16h - O Arcanjo no ar","robots":{"index":"index","follow":"follow","max-snippet":"max-snippet:-1","max-image-preview":"max-image-preview:large","max-video-preview":"max-video-preview:-1"},"canonical":"https:\/\/www.oarcanjo.net\/site\/reuniao-de-liturgia-sera-sabado-0203-as-16h\/","og_locale":"pt_BR","og_type":"article","og_title":"Reuni\u00e3o de Liturgia ser\u00e1 s\u00e1bado, 02\/03, \u00e0s 16h - O Arcanjo no ar","og_description":"No s\u00e1bado, 02\/03, a comunidade realiza a reuni\u00e3o mensal de Liturgia a partir das 16h na igreja S\u00e3o Miguel. Na v\u00e9spera, o ter\u00e7o dos homens ser\u00e1 diferente. Veja detalhes nos avisos da semana, em que o Pe. Julio Lancellotti falou tamb\u00e9m sobre o \u00faltimo Angelus celebrado pelo papa Bento XVI e o processo de sucess\u00e3o [&hellip;]","og_url":"https:\/\/www.oarcanjo.net\/site\/reuniao-de-liturgia-sera-sabado-0203-as-16h\/","og_site_name":"O Arcanjo no ar","article_publisher":"https:\/\/www.facebook.com\/OArcanjoNoAr\/","article_published_time":"2013-02-25T12:18:04+00:00","article_modified_time":"2013-02-25T14:22:59+00:00","og_image":[{"width":300,"height":300,"url":"https:\/\/www.oarcanjo.net\/site\/wp-content\/uploads\/logo-o-arcanjo-no-ar-facebook.png","type":"image\/png"}],"author":"editor","twitter_card":"summary_large_image","twitter_misc":{"Escrito por":"editor"},"schema":{"@context":"https:\/\/schema.org","@graph":[{"@type":"Article","@id":"https:\/\/www.oarcanjo.net\/site\/reuniao-de-liturgia-sera-sabado-0203-as-16h\/#article","isPartOf":{"@id":"https:\/\/www.oarcanjo.net\/site\/reuniao-de-liturgia-sera-sabado-0203-as-16h\/"},"author":{"name":"editor","@id":"https:\/\/www.oarcanjo.net\/site\/#\/schema\/person\/f7024d007863202483a31326673a0838"},"headline":"Reuni\u00e3o de Liturgia ser\u00e1 s\u00e1bado, 02\/03, \u00e0s 16h","datePublished":"2013-02-25T12:18:04+00:00","dateModified":"2013-02-25T14:22:59+00:00","mainEntityOfPage":{"@id":"https:\/\/www.oarcanjo.net\/site\/reuniao-de-liturgia-sera-sabado-0203-as-16h\/"},"wordCount":92,"commentCount":0,"publisher":{"@id":"https:\/\/www.oarcanjo.net\/site\/#organization"},"keywords":["Angelus","Bento XVI","Conclave","Liturgia","papa","ter\u00e7o dos homens","vaticano"],"articleSection":["Avisos","Not\u00edcias"],"inLanguage":"pt-BR","potentialAction":[{"@type":"CommentAction","name":"Comment","target":["https:\/\/www.oarcanjo.net\/site\/reuniao-de-liturgia-sera-sabado-0203-as-16h\/#respond"]}]},{"@type":"WebPage","@id":"https:\/\/www.oarcanjo.net\/site\/reuniao-de-liturgia-sera-sabado-0203-as-16h\/","url":"https:\/\/www.oarcanjo.net\/site\/reuniao-de-liturgia-sera-sabado-0203-as-16h\/","name":"Reuni\u00e3o de Liturgia ser\u00e1 s\u00e1bado, 02\/03, \u00e0s 16h - O Arcanjo no ar","isPartOf":{"@id":"https:\/\/www.oarcanjo.net\/site\/#website"},"datePublished":"2013-02-25T12:18:04+00:00","dateModified":"2013-02-25T14:22:59+00:00","breadcrumb":{"@id":"https:\/\/www.oarcanjo.net\/site\/reuniao-de-liturgia-sera-sabado-0203-as-16h\/#breadcrumb"},"inLanguage":"pt-BR","potentialAction":[{"@type":"ReadAction","target":["https:\/\/www.oarcanjo.net\/site\/reuniao-de-liturgia-sera-sabado-0203-as-16h\/"]}]},{"@type":"BreadcrumbList","@id":"https:\/\/www.oarcanjo.net\/site\/reuniao-de-liturgia-sera-sabado-0203-as-16h\/#breadcrumb","itemListElement":[{"@type":"ListItem","position":1,"name":"In\u00edcio","item":"https:\/\/www.oarcanjo.net\/site\/"},{"@type":"ListItem","position":2,"name":"Reuni\u00e3o de Liturgia ser\u00e1 s\u00e1bado, 02\/03, \u00e0s 16h"}]},{"@type":"WebSite","@id":"https:\/\/www.oarcanjo.net\/site\/#website","url":"https:\/\/www.oarcanjo.net\/site\/","name":"O Arcanjo no ar","description":"Site da Par\u00f3quia S\u00e3o Miguel Arcanjo (Arquidiocese de SP)","publisher":{"@id":"https:\/\/www.oarcanjo.net\/site\/#organization"},"potentialAction":[{"@type":"SearchAction","target":{"@type":"EntryPoint","urlTemplate":"https:\/\/www.oarcanjo.net\/site\/?s={search_term_string}"},"query-input":{"@type":"PropertyValueSpecification","valueRequired":true,"valueName":"search_term_string"}}],"inLanguage":"pt-BR"},{"@type":"Organization","@id":"https:\/\/www.oarcanjo.net\/site\/#organization","name":"Par\u00f3quia S\u00e3o Miguel Arcanjo","url":"https:\/\/www.oarcanjo.net\/site\/","logo":{"@type":"ImageObject","inLanguage":"pt-BR","@id":"https:\/\/www.oarcanjo.net\/site\/#\/schema\/logo\/image\/","url":"https:\/\/www.oarcanjo.net\/site\/wp-content\/uploads\/LogoOArcanjo.png","contentUrl":"https:\/\/www.oarcanjo.net\/site\/wp-content\/uploads\/LogoOArcanjo.png","width":319,"height":99,"caption":"Par\u00f3quia S\u00e3o Miguel Arcanjo"},"image":{"@id":"https:\/\/www.oarcanjo.net\/site\/#\/schema\/logo\/image\/"},"sameAs":["https:\/\/www.facebook.com\/OArcanjoNoAr\/"]},{"@type":"Person","@id":"https:\/\/www.oarcanjo.net\/site\/#\/schema\/person\/f7024d007863202483a31326673a0838","name":"editor","sameAs":["http:\/\/www.oarcanjo.net"]}]}},"publishpress_future_action":{"enabled":false,"date":"2026-05-07 09:56:01","action":"category","newStatus":"draft","terms":[],"taxonomy":"category"},"publishpress_future_workflow_manual_trigger":{"enabledWorkflows":[]},"_links":{"self":[{"href":"https:\/\/www.oarcanjo.net\/site\/wp-json\/wp\/v2\/posts\/21131"}],"collection":[{"href":"https:\/\/www.oarcanjo.net\/site\/wp-json\/wp\/v2\/posts"}],"about":[{"href":"https:\/\/www.oarcanjo.net\/site\/wp-json\/wp\/v2\/types\/post"}],"author":[{"embeddable":true,"href":"https:\/\/www.oarcanjo.net\/site\/wp-json\/wp\/v2\/users\/5"}],"replies":[{"embeddable":true,"href":"https:\/\/www.oarcanjo.net\/site\/wp-json\/wp\/v2\/comments?post=21131"}],"version-history":[{"count":0,"href":"https:\/\/www.oarcanjo.net\/site\/wp-json\/wp\/v2\/posts\/21131\/revisions"}],"wp:attachment":[{"href":"https:\/\/www.oarcanjo.net\/site\/wp-json\/wp\/v2\/media?parent=21131"}],"wp:term":[{"taxonomy":"category","embeddable":true,"href":"https:\/\/www.oarcanjo.net\/site\/wp-json\/wp\/v2\/categories?post=21131"},{"taxonomy":"post_tag","embeddable":true,"href":"https:\/\/www.oarcanjo.net\/site\/wp-json\/wp\/v2\/tags?post=21131"}],"curies":[{"name":"wp","href":"https:\/\/api.w.org\/{rel}","templated":true}]}}