
{"id":21143,"date":"2013-02-27T02:07:11","date_gmt":"2013-02-27T05:07:11","guid":{"rendered":"http:\/\/www.oarcanjo.net\/site\/?p=21143"},"modified":"2013-03-06T14:47:01","modified_gmt":"2013-03-06T17:47:01","slug":"cardeal-dom-odilo-embarca-para-roma-e-deixa-mensagem","status":"publish","type":"post","link":"https:\/\/www.oarcanjo.net\/site\/cardeal-dom-odilo-embarca-para-roma-e-deixa-mensagem\/","title":{"rendered":"Cardeal Dom Odilo embarca para Roma e deixa mensagem"},"content":{"rendered":"<p>Aos irm\u00e3os bispos auxiliares de S\u00e3o Paulo<br \/>\nAos sacerdotes e di\u00e1conos,<br \/>\nreligiosas\/os, consagradas\/os e leigos\/as<br \/>\nda Arquidiocese de S\u00e3o Paulo<\/p>\n<p>Car\u00edssimos\/as,<\/p>\n<p>Antes de partir para Roma, onde participarei da \u201cdespedida\u201d do papa Bento XVI e do Conclave, desejo dirigir-lhes ainda uma breve palavra.<\/p>\n<p>Antes de tudo, convido-os a vivermos com intensa f\u00e9 este momento raro na vida da Igreja. Talvez nem todos v\u00eaem e compreendem a Igreja como n\u00f3s a vemos e compreendemos, a partir da f\u00e9 e da estima que nutrimos por ela; por sermos parte da mesma Igreja, conhecemos que ela \u00e9 mais do que a soma de todos os membros e organiza\u00e7\u00f5es vis\u00edveis que dela fazem parte.<\/p>\n<p>A Igreja faz parte do \u201cMist\u00e9rio\u201d, do des\u00edgnio salvador de Deus, que se serve da fragilidade humana para vir ao encontro dos homens, mostrar-lhes seu amor e para dar-lhes a plenitude da vida. Na base da Igreja, no seu interior e \u00e0 frente est\u00e1 sempre a a\u00e7\u00e3o providente da Trindade Santa. Portanto, tenhamos coragem e fiquemos firmes na nossa f\u00e9, mesmo se as \u00e1guas onde navega a barca de Pedro ficam agitadas. Lembremos sempre de que Jesus vai conosco na barca!<\/p>\n<p>Convido a rezar intensamente pela Igreja nesses dias, para que ela seja sempre mais fiel a Cristo e \u00e0 miss\u00e3o recebida; que todos n\u00f3s, cat\u00f3licos, nos convertamos profundamente \u00e0 verdadeira f\u00e9 e \u00e0 vida crist\u00e3 aut\u00eantica, ouvindo os apelos da Palavra de Deus nesta Quaresma e no Ano da F\u00e9. Rezemos e confiemos n\u2019Aquele que disse: \u201ctende coragem! Eu estarei sempre convosco!\u201d.<\/p>\n<p>Sugiro que, durante o per\u00edodo da \u201csede vacante\u201d, at\u00e9 que seja eleito o novo Papa, em todas as igrejas da Arquidiocese sejam feitas celebra\u00e7\u00f5es e ora\u00e7\u00f5es especiais pela Igreja, pedindo o aumento de nossa f\u00e9; pelo Conclave e pelo que ser\u00e1 eleito Papa, para que tenha toda a assist\u00eancia do Esp\u00edrito Santo no desempenho de sua \u00e1rdua miss\u00e3o \u00e0 frente da Igreja inteira, como Sucessor de Pedro. Poder\u00e3o ser feitas \u201choras santas\u201d, adora\u00e7\u00e3o ao Sant\u00edssimo Sacramento, ora\u00e7\u00e3o do Ros\u00e1rio e Santas Missas nessas mesmas inten\u00e7\u00f5es. Conclamemos o povo \u00e0 ora\u00e7\u00e3o neste momento importante da vida da Igreja.<\/p>\n<p>Esclare\u00e7o que, durante a minha aus\u00eancia da Arquidiocese de S\u00e3o Paulo,<strong> Dom Tarc\u00edsio Scaramussa<\/strong>, bispo auxiliar para a Regi\u00e3o S\u00e9, responder\u00e1 pela Arquidiocese na condi\u00e7\u00e3o de Vig\u00e1rio Geral para toda a Arquidiocese. E o C\u00f4nego Ant\u00f4nio Aparecido Pereira \u00e9 o porta voz da Arquidiocese.<\/p>\n<p>Enfim, respondo a uma pergunta feita por v\u00e1rios sacerdotes: como se deve mencionar o nome do Papa na Ora\u00e7\u00e3o Eucar\u00edstica da Missa durante o per\u00edodo da sede vacante? A resposta simples \u00e9 esta: n\u00e3o se menciona. E nem se substitui pelo \u201cPapa que ser\u00e1 eleito\u201d, nem pelo \u201cCardeal Camerlengo\u201d, nem pelo \u201cConclave\u201d. Simplesmente, omite-se a refer\u00eancia ao Papa durante o per\u00edodo da sede vacante. Explica\u00e7\u00f5es mais detalhadas sobre o mesmo assunto podem ser lidas a seguir, logo abaixo.<\/p>\n<p>Que o ap\u00f3stolo S\u00e3o Paulo interceda por n\u00f3s todos e nos ajude a ser fortes na f\u00e9, alegres na esperan\u00e7a e operosos na caridade! Que o exemplo de f\u00e9 de Nossa Senhora nos ajude!<\/p>\n<p>Aproveito a ocasi\u00e3o saudar a todos e para lhes desejar todo o bem. Deus aben\u00e7oe a todos!<\/p>\n<p>Cardeal Odilo Pedro Scherer<br \/>\nArcebispo de S\u00e3o Paulo<\/p>\n<p>+++++++++++++++++++++++++++++++++++<\/p>\n<p>A MEN\u00c7\u00c3O DO NOME DO BISPO E DO PAPA NA ORA\u00c7\u00c3O EUCAR\u00cdSTICA<\/p>\n<p>A men\u00e7\u00e3o do nome do Bispo e do Papa na ora\u00e7\u00e3o eucar\u00edstica n\u00e3o tem a ver com distin\u00e7\u00e3o, mas para evidenciar que a Missa \u00e9 celebrada em comunh\u00e3o com os Pastores da Igreja. Por isso, <strong>s\u00f3 se menciona o nome daquele que, efetiva e canonicamente, desempenha o cargo de Ordin\u00e1rio tanto na diocese quanto na Sede Apost\u00f3lica, desde a sua posse can\u00f4nica at\u00e9 o fim do exerc\u00edcio de seu governo pastoral<\/strong>.<\/p>\n<p>Ent\u00e3o, <strong>por quem se reza quando n\u00e3o se tem um Papa eleito<\/strong>?<\/p>\n<p>H\u00e1 not\u00edcias de celebrantes que, erroneamente, rezam nas preces eucar\u00edsticas &#8220;pelo Papa que ser\u00e1 eleito&#8221;, &#8220;pelo Col\u00e9gio de Cardeais&#8221;, pelo &#8220;Camerlengo&#8221;. Apesar de o Missal reformado pelo Conc\u00edlio Vaticano II n\u00e3o apresentar nenhuma indica\u00e7\u00e3o a este respeito, o \u201cMissale Romanun\u201d (edi\u00e7\u00e3o t\u00edpica de 1962), \u00e9 uma fonte que pode nos orientar: <em><strong>\u201c&#8217;Una cum Papa nostro&#8230;'[1], expressa o nome do Papa, &#8216;mas estando a Sede vacante, estas palavras sejam omitidas&#8217;\u201d<\/strong><\/em>. Portanto, <strong>omita-se tanto a men\u00e7\u00e3o do nome do nome Papa quanto o pr\u00f3prio texto da ora\u00e7\u00e3o a ele referente, passando logo para o Ordin\u00e1rio do lugar, o Bispo<\/strong>.<\/p>\n<p>A regra geral, por conseguinte, \u00e9 que se omita tudo quanto se refere ao Papa na ora\u00e7\u00e3o eucar\u00edstica. A saber, <strong>as preces eucar\u00edsticas como devem ser rezadas ap\u00f3s a ren\u00fancia de Bento XVI e o in\u00edcio do Pontificado do novo Papa<\/strong>:<\/p>\n<p><span style=\"color: #000080;\"><strong>Ora\u00e7\u00e3o eucar\u00edstica I ou &#8220;C\u00e2non Romano&#8221;<\/strong><\/span><\/p>\n<p>N\u00f3s as oferecemos tamb\u00e9m <span style=\"color: #ff6600;\">[pelo vosso servo o papa N.] <\/span>por nosso bispo N. e por todos os que guardam a f\u00e9 que receberam dos ap\u00f3stolos.<\/p>\n<p><span style=\"color: #000080;\"><strong>Ora\u00e7\u00e3o eucar\u00edstica II<\/strong><\/span><\/p>\n<p>Lembrai-vos, \u00f3 Pai, da vossa Igreja que se faz presente pelo mundo inteiro: que ela cres\u00e7a na caridade <span style=\"color: #ff6600;\">[com o papa N.,] <\/span>com o nosso bispo N. e todos os ministros do vosso povo.<\/p>\n<p><span style=\"color: #000080;\"><strong>Ora\u00e7\u00e3o eucar\u00edstica III<\/strong><\/span><\/p>\n<p>E agora, n\u00f3s vos suplicamos, \u00f3 Pai, que este sacrif\u00edcio da nossa reconcilia\u00e7\u00e3o estenda a paz e a salva\u00e7\u00e3o ao mundo inteiro. Confirmai na f\u00e9 e na caridade a vossa Igreja, enquanto caminha neste mundo: <span style=\"color: #ff6600;\">[o vosso servo o papa N,]<\/span> o nosso bispo N. com os bispos do mundo inteiro, o clero e todo o povo que conquistastes.<\/p>\n<p><span style=\"color: #000080;\"><strong>Ora\u00e7\u00e3o eucar\u00edstica IV<\/strong><\/span><\/p>\n<p>E agora, \u00f3 Pai, lembrai-vos de todos pelos quais vos oferecemos este sacrif\u00edcio: <span style=\"color: #ff6600;\">[o vosso servo o papa N.,] <\/span>o nosso bispo N., os bispos do mundo inteiro, os presb\u00edteros e todos os ministros, os fi\u00e9is que, em torno deste altar, vos oferecem este sacrif\u00edcio, o povo que vos pertence e todos aqueles que vos procuram de cora\u00e7\u00e3o sincero.<\/p>\n<p><span style=\"color: #000080;\"><strong>Ora\u00e7\u00e3o eucar\u00edstica V<\/strong><\/span><\/p>\n<p>Dai <span style=\"color: #ff6600;\">[ao Santo Padre, o Papa N., ser bem firme na f\u00e9 e na caridade, e]<\/span> a N., que \u00e9 bispo desta Igreja, muita luz para guiar o seu rebanho.<\/p>\n<p><span style=\"color: #000080;\"><strong>Ora\u00e7\u00e3o eucar\u00edstica VI-A<\/strong><\/span><\/p>\n<p>Renovai, Senhor, \u00e0 luz do evangelho, a vossa Igreja (que est\u00e1 em N.). Fortalecei o v\u00ednculo da unidade entre os fi\u00e9is leigos e os pastores do vosso povo, em comunh\u00e3o com<span style=\"color: #ff6600;\"> [o nosso papa N. e]<\/span> o nosso bispo N. e os bispos do mundo inteiro, para que o vosso povo, neste mundo dilacerado por disc\u00f3rdias, brilhe como sinal prof\u00e9tico de unidade e de paz.<\/p>\n<p><span style=\"color: #000080;\"><strong>Ora\u00e7\u00e3o eucar\u00edstica VI-B<\/strong><\/span><\/p>\n<p>Fortalecei, Senhor, na unidade os convidados a participar da vossa mesa. Em comunh\u00e3o com<span style=\"color: #ff6600;\"> [o nosso papa N. e] <\/span>o nosso bispo N. com todos os bispos, presb\u00edteros, di\u00e1conos e com todo o vosso povo, possamos irradiar confian\u00e7a e alegria e caminhar com f\u00e9 e esperan\u00e7a pelas estradas da vida.<\/p>\n<p><span style=\"color: #000080;\"><strong>Ora\u00e7\u00e3o eucar\u00edstica VI-C<\/strong><\/span><\/p>\n<p>Pela participa\u00e7\u00e3o neste mist\u00e9rio, \u00f3 Pai todo-poderoso, santificai-nos pelo Esp\u00edrito e concedei que nos tornemos semelhantes \u00e0 imagem de vosso Filho. Fortalecei-nos na unidade, em comunh\u00e3o com<span style=\"color: #ff6600;\"> [o nosso papa N. e] <\/span>o nosso bispo N., com todos os bispos, presb\u00edteros e di\u00e1conos e todo o vosso povo.<\/p>\n<p><span style=\"color: #000080;\"><strong>Ora\u00e7\u00e3o eucar\u00edstica VI-D<\/strong><\/span><\/p>\n<p>Senhor Deus, conduzi a vossa Igreja \u00e0 perfei\u00e7\u00e3o na f\u00e9 e no amor, em comunh\u00e3o com <span style=\"color: #ff6600;\">[o nosso papa N.,] <\/span>o nosso bispo N., com todos os bispos, presb\u00edteros e di\u00e1conos e todo o povo que conquistastes.<\/p>\n<p><span style=\"color: #000080;\"><strong>Ora\u00e7\u00e3o eucar\u00edstica VII<\/strong><\/span><\/p>\n<p>Conservai-nos, em comunh\u00e3o de f\u00e9 e amor, unidos<span style=\"color: #ff6600;\"> [ao papa N. e] <\/span>ao nosso bispo N. Ajudai-nos a trabalhar juntos na constru\u00e7\u00e3o do vosso reino, at\u00e9 o dia em que, diante de v\u00f3s, formos santos com os vossos santos, ao lado da virgem Maria e dos ap\u00f3stolos, com nossos irm\u00e3os e irm\u00e3s j\u00e1 falecidos que confiamos \u00e0 vossa miseric\u00f3rdia. Quando fizermos parte da nova cria\u00e7\u00e3o, enfim libertada de toda maldade e fraqueza, poderemos cantar a a\u00e7\u00e3o de gra\u00e7as de Cristo que vive para sempre.<\/p>\n<p><span style=\"color: #000080;\"><strong>Ora\u00e7\u00e3o eucar\u00edstica VIII<\/strong><\/span><\/p>\n<p>Ele nos conserve em comunh\u00e3o com <span style=\"color: #ff6600;\">[o papa N. e]<\/span> o nosso bispo N. com todos os bispos e o povo que conquistastes. Fazei de vossa Igreja sinal da unidade entre os seres humanos e instrumento da vossa paz!<\/p>\n<div id=\"themify_builder_content-21143\" data-postid=\"21143\" class=\"themify_builder_content themify_builder_content-21143 themify_builder themify_builder_front\">\n\t<\/div>\n<!-- \/themify_builder_content -->","protected":false},"excerpt":{"rendered":"<p>Aos irm\u00e3os bispos auxiliares de S\u00e3o Paulo Aos sacerdotes e di\u00e1conos, religiosas\/os, consagradas\/os e leigos\/as da Arquidiocese de S\u00e3o Paulo Car\u00edssimos\/as, Antes de partir para Roma, onde participarei da \u201cdespedida\u201d do papa Bento XVI e do Conclave, desejo dirigir-lhes ainda uma breve palavra. Antes de tudo, convido-os a vivermos com intensa f\u00e9 este momento raro [&hellip;]<\/p>\n","protected":false},"author":5,"featured_media":0,"comment_status":"open","ping_status":"open","sticky":false,"template":"","format":"standard","meta":{"ngg_post_thumbnail":0,"footnotes":""},"categories":[8],"tags":[2283,2406,2407,2408],"yoast_head":"<!-- This site is optimized with the Yoast SEO plugin v23.5 - https:\/\/yoast.com\/wordpress\/plugins\/seo\/ -->\n<title>Cardeal Dom Odilo embarca para Roma e deixa mensagem - O Arcanjo no ar<\/title>\n<meta name=\"robots\" content=\"index, follow, max-snippet:-1, max-image-preview:large, max-video-preview:-1\" \/>\n<link rel=\"canonical\" href=\"https:\/\/www.oarcanjo.net\/site\/cardeal-dom-odilo-embarca-para-roma-e-deixa-mensagem\/\" \/>\n<meta property=\"og:locale\" content=\"pt_BR\" \/>\n<meta property=\"og:type\" content=\"article\" \/>\n<meta property=\"og:title\" content=\"Cardeal Dom Odilo embarca para Roma e deixa mensagem - O Arcanjo no ar\" \/>\n<meta property=\"og:description\" content=\"Aos irm\u00e3os bispos auxiliares de S\u00e3o Paulo Aos sacerdotes e di\u00e1conos, religiosas\/os, consagradas\/os e leigos\/as da Arquidiocese de S\u00e3o Paulo Car\u00edssimos\/as, Antes de partir para Roma, onde participarei da \u201cdespedida\u201d do papa Bento XVI e do Conclave, desejo dirigir-lhes ainda uma breve palavra. Antes de tudo, convido-os a vivermos com intensa f\u00e9 este momento raro [&hellip;]\" \/>\n<meta property=\"og:url\" content=\"https:\/\/www.oarcanjo.net\/site\/cardeal-dom-odilo-embarca-para-roma-e-deixa-mensagem\/\" \/>\n<meta property=\"og:site_name\" content=\"O Arcanjo no ar\" \/>\n<meta property=\"article:publisher\" content=\"https:\/\/www.facebook.com\/OArcanjoNoAr\/\" \/>\n<meta property=\"article:published_time\" content=\"2013-02-27T05:07:11+00:00\" \/>\n<meta property=\"article:modified_time\" content=\"2013-03-06T17:47:01+00:00\" \/>\n<meta property=\"og:image\" content=\"https:\/\/www.oarcanjo.net\/site\/wp-content\/uploads\/logo-o-arcanjo-no-ar-facebook.png\" \/>\n\t<meta property=\"og:image:width\" content=\"300\" \/>\n\t<meta property=\"og:image:height\" content=\"300\" \/>\n\t<meta property=\"og:image:type\" content=\"image\/png\" \/>\n<meta name=\"author\" content=\"editor\" \/>\n<meta name=\"twitter:card\" content=\"summary_large_image\" \/>\n<meta name=\"twitter:label1\" content=\"Escrito por\" \/>\n\t<meta name=\"twitter:data1\" content=\"editor\" \/>\n\t<meta name=\"twitter:label2\" content=\"Est. tempo de leitura\" \/>\n\t<meta name=\"twitter:data2\" content=\"7 minutos\" \/>\n<script type=\"application\/ld+json\" class=\"yoast-schema-graph\">{\"@context\":\"https:\/\/schema.org\",\"@graph\":[{\"@type\":\"Article\",\"@id\":\"https:\/\/www.oarcanjo.net\/site\/cardeal-dom-odilo-embarca-para-roma-e-deixa-mensagem\/#article\",\"isPartOf\":{\"@id\":\"https:\/\/www.oarcanjo.net\/site\/cardeal-dom-odilo-embarca-para-roma-e-deixa-mensagem\/\"},\"author\":{\"name\":\"editor\",\"@id\":\"https:\/\/www.oarcanjo.net\/site\/#\/schema\/person\/f7024d007863202483a31326673a0838\"},\"headline\":\"Cardeal Dom Odilo embarca para Roma e deixa mensagem\",\"datePublished\":\"2013-02-27T05:07:11+00:00\",\"dateModified\":\"2013-03-06T17:47:01+00:00\",\"mainEntityOfPage\":{\"@id\":\"https:\/\/www.oarcanjo.net\/site\/cardeal-dom-odilo-embarca-para-roma-e-deixa-mensagem\/\"},\"wordCount\":1477,\"commentCount\":1,\"publisher\":{\"@id\":\"https:\/\/www.oarcanjo.net\/site\/#organization\"},\"keywords\":[\"Cardeal Odilo Pedro Scherer\",\"Conclave\",\"Despedida do papa Bento XVI\",\"Dom Tarc\u00edsio Scaramussa\"],\"articleSection\":[\"Not\u00edcias\"],\"inLanguage\":\"pt-BR\",\"potentialAction\":[{\"@type\":\"CommentAction\",\"name\":\"Comment\",\"target\":[\"https:\/\/www.oarcanjo.net\/site\/cardeal-dom-odilo-embarca-para-roma-e-deixa-mensagem\/#respond\"]}]},{\"@type\":\"WebPage\",\"@id\":\"https:\/\/www.oarcanjo.net\/site\/cardeal-dom-odilo-embarca-para-roma-e-deixa-mensagem\/\",\"url\":\"https:\/\/www.oarcanjo.net\/site\/cardeal-dom-odilo-embarca-para-roma-e-deixa-mensagem\/\",\"name\":\"Cardeal Dom Odilo embarca para Roma e deixa mensagem - O Arcanjo no ar\",\"isPartOf\":{\"@id\":\"https:\/\/www.oarcanjo.net\/site\/#website\"},\"datePublished\":\"2013-02-27T05:07:11+00:00\",\"dateModified\":\"2013-03-06T17:47:01+00:00\",\"breadcrumb\":{\"@id\":\"https:\/\/www.oarcanjo.net\/site\/cardeal-dom-odilo-embarca-para-roma-e-deixa-mensagem\/#breadcrumb\"},\"inLanguage\":\"pt-BR\",\"potentialAction\":[{\"@type\":\"ReadAction\",\"target\":[\"https:\/\/www.oarcanjo.net\/site\/cardeal-dom-odilo-embarca-para-roma-e-deixa-mensagem\/\"]}]},{\"@type\":\"BreadcrumbList\",\"@id\":\"https:\/\/www.oarcanjo.net\/site\/cardeal-dom-odilo-embarca-para-roma-e-deixa-mensagem\/#breadcrumb\",\"itemListElement\":[{\"@type\":\"ListItem\",\"position\":1,\"name\":\"In\u00edcio\",\"item\":\"https:\/\/www.oarcanjo.net\/site\/\"},{\"@type\":\"ListItem\",\"position\":2,\"name\":\"Cardeal Dom Odilo embarca para Roma e deixa mensagem\"}]},{\"@type\":\"WebSite\",\"@id\":\"https:\/\/www.oarcanjo.net\/site\/#website\",\"url\":\"https:\/\/www.oarcanjo.net\/site\/\",\"name\":\"O Arcanjo no ar\",\"description\":\"Site da Par\u00f3quia S\u00e3o Miguel Arcanjo (Arquidiocese de SP)\",\"publisher\":{\"@id\":\"https:\/\/www.oarcanjo.net\/site\/#organization\"},\"potentialAction\":[{\"@type\":\"SearchAction\",\"target\":{\"@type\":\"EntryPoint\",\"urlTemplate\":\"https:\/\/www.oarcanjo.net\/site\/?s={search_term_string}\"},\"query-input\":{\"@type\":\"PropertyValueSpecification\",\"valueRequired\":true,\"valueName\":\"search_term_string\"}}],\"inLanguage\":\"pt-BR\"},{\"@type\":\"Organization\",\"@id\":\"https:\/\/www.oarcanjo.net\/site\/#organization\",\"name\":\"Par\u00f3quia S\u00e3o Miguel Arcanjo\",\"url\":\"https:\/\/www.oarcanjo.net\/site\/\",\"logo\":{\"@type\":\"ImageObject\",\"inLanguage\":\"pt-BR\",\"@id\":\"https:\/\/www.oarcanjo.net\/site\/#\/schema\/logo\/image\/\",\"url\":\"https:\/\/www.oarcanjo.net\/site\/wp-content\/uploads\/LogoOArcanjo.png\",\"contentUrl\":\"https:\/\/www.oarcanjo.net\/site\/wp-content\/uploads\/LogoOArcanjo.png\",\"width\":319,\"height\":99,\"caption\":\"Par\u00f3quia S\u00e3o Miguel Arcanjo\"},\"image\":{\"@id\":\"https:\/\/www.oarcanjo.net\/site\/#\/schema\/logo\/image\/\"},\"sameAs\":[\"https:\/\/www.facebook.com\/OArcanjoNoAr\/\"]},{\"@type\":\"Person\",\"@id\":\"https:\/\/www.oarcanjo.net\/site\/#\/schema\/person\/f7024d007863202483a31326673a0838\",\"name\":\"editor\",\"sameAs\":[\"http:\/\/www.oarcanjo.net\"]}]}<\/script>\n<!-- \/ Yoast SEO plugin. -->","yoast_head_json":{"title":"Cardeal Dom Odilo embarca para Roma e deixa mensagem - O Arcanjo no ar","robots":{"index":"index","follow":"follow","max-snippet":"max-snippet:-1","max-image-preview":"max-image-preview:large","max-video-preview":"max-video-preview:-1"},"canonical":"https:\/\/www.oarcanjo.net\/site\/cardeal-dom-odilo-embarca-para-roma-e-deixa-mensagem\/","og_locale":"pt_BR","og_type":"article","og_title":"Cardeal Dom Odilo embarca para Roma e deixa mensagem - O Arcanjo no ar","og_description":"Aos irm\u00e3os bispos auxiliares de S\u00e3o Paulo Aos sacerdotes e di\u00e1conos, religiosas\/os, consagradas\/os e leigos\/as da Arquidiocese de S\u00e3o Paulo Car\u00edssimos\/as, Antes de partir para Roma, onde participarei da \u201cdespedida\u201d do papa Bento XVI e do Conclave, desejo dirigir-lhes ainda uma breve palavra. Antes de tudo, convido-os a vivermos com intensa f\u00e9 este momento raro [&hellip;]","og_url":"https:\/\/www.oarcanjo.net\/site\/cardeal-dom-odilo-embarca-para-roma-e-deixa-mensagem\/","og_site_name":"O Arcanjo no ar","article_publisher":"https:\/\/www.facebook.com\/OArcanjoNoAr\/","article_published_time":"2013-02-27T05:07:11+00:00","article_modified_time":"2013-03-06T17:47:01+00:00","og_image":[{"width":300,"height":300,"url":"https:\/\/www.oarcanjo.net\/site\/wp-content\/uploads\/logo-o-arcanjo-no-ar-facebook.png","type":"image\/png"}],"author":"editor","twitter_card":"summary_large_image","twitter_misc":{"Escrito por":"editor","Est. tempo de leitura":"7 minutos"},"schema":{"@context":"https:\/\/schema.org","@graph":[{"@type":"Article","@id":"https:\/\/www.oarcanjo.net\/site\/cardeal-dom-odilo-embarca-para-roma-e-deixa-mensagem\/#article","isPartOf":{"@id":"https:\/\/www.oarcanjo.net\/site\/cardeal-dom-odilo-embarca-para-roma-e-deixa-mensagem\/"},"author":{"name":"editor","@id":"https:\/\/www.oarcanjo.net\/site\/#\/schema\/person\/f7024d007863202483a31326673a0838"},"headline":"Cardeal Dom Odilo embarca para Roma e deixa mensagem","datePublished":"2013-02-27T05:07:11+00:00","dateModified":"2013-03-06T17:47:01+00:00","mainEntityOfPage":{"@id":"https:\/\/www.oarcanjo.net\/site\/cardeal-dom-odilo-embarca-para-roma-e-deixa-mensagem\/"},"wordCount":1477,"commentCount":1,"publisher":{"@id":"https:\/\/www.oarcanjo.net\/site\/#organization"},"keywords":["Cardeal Odilo Pedro Scherer","Conclave","Despedida do papa Bento XVI","Dom Tarc\u00edsio Scaramussa"],"articleSection":["Not\u00edcias"],"inLanguage":"pt-BR","potentialAction":[{"@type":"CommentAction","name":"Comment","target":["https:\/\/www.oarcanjo.net\/site\/cardeal-dom-odilo-embarca-para-roma-e-deixa-mensagem\/#respond"]}]},{"@type":"WebPage","@id":"https:\/\/www.oarcanjo.net\/site\/cardeal-dom-odilo-embarca-para-roma-e-deixa-mensagem\/","url":"https:\/\/www.oarcanjo.net\/site\/cardeal-dom-odilo-embarca-para-roma-e-deixa-mensagem\/","name":"Cardeal Dom Odilo embarca para Roma e deixa mensagem - O Arcanjo no ar","isPartOf":{"@id":"https:\/\/www.oarcanjo.net\/site\/#website"},"datePublished":"2013-02-27T05:07:11+00:00","dateModified":"2013-03-06T17:47:01+00:00","breadcrumb":{"@id":"https:\/\/www.oarcanjo.net\/site\/cardeal-dom-odilo-embarca-para-roma-e-deixa-mensagem\/#breadcrumb"},"inLanguage":"pt-BR","potentialAction":[{"@type":"ReadAction","target":["https:\/\/www.oarcanjo.net\/site\/cardeal-dom-odilo-embarca-para-roma-e-deixa-mensagem\/"]}]},{"@type":"BreadcrumbList","@id":"https:\/\/www.oarcanjo.net\/site\/cardeal-dom-odilo-embarca-para-roma-e-deixa-mensagem\/#breadcrumb","itemListElement":[{"@type":"ListItem","position":1,"name":"In\u00edcio","item":"https:\/\/www.oarcanjo.net\/site\/"},{"@type":"ListItem","position":2,"name":"Cardeal Dom Odilo embarca para Roma e deixa mensagem"}]},{"@type":"WebSite","@id":"https:\/\/www.oarcanjo.net\/site\/#website","url":"https:\/\/www.oarcanjo.net\/site\/","name":"O Arcanjo no ar","description":"Site da Par\u00f3quia S\u00e3o Miguel Arcanjo (Arquidiocese de SP)","publisher":{"@id":"https:\/\/www.oarcanjo.net\/site\/#organization"},"potentialAction":[{"@type":"SearchAction","target":{"@type":"EntryPoint","urlTemplate":"https:\/\/www.oarcanjo.net\/site\/?s={search_term_string}"},"query-input":{"@type":"PropertyValueSpecification","valueRequired":true,"valueName":"search_term_string"}}],"inLanguage":"pt-BR"},{"@type":"Organization","@id":"https:\/\/www.oarcanjo.net\/site\/#organization","name":"Par\u00f3quia S\u00e3o Miguel Arcanjo","url":"https:\/\/www.oarcanjo.net\/site\/","logo":{"@type":"ImageObject","inLanguage":"pt-BR","@id":"https:\/\/www.oarcanjo.net\/site\/#\/schema\/logo\/image\/","url":"https:\/\/www.oarcanjo.net\/site\/wp-content\/uploads\/LogoOArcanjo.png","contentUrl":"https:\/\/www.oarcanjo.net\/site\/wp-content\/uploads\/LogoOArcanjo.png","width":319,"height":99,"caption":"Par\u00f3quia S\u00e3o Miguel Arcanjo"},"image":{"@id":"https:\/\/www.oarcanjo.net\/site\/#\/schema\/logo\/image\/"},"sameAs":["https:\/\/www.facebook.com\/OArcanjoNoAr\/"]},{"@type":"Person","@id":"https:\/\/www.oarcanjo.net\/site\/#\/schema\/person\/f7024d007863202483a31326673a0838","name":"editor","sameAs":["http:\/\/www.oarcanjo.net"]}]}},"publishpress_future_action":{"enabled":false,"date":"2026-05-07 08:07:22","action":"category","newStatus":"draft","terms":[],"taxonomy":"category"},"publishpress_future_workflow_manual_trigger":{"enabledWorkflows":[]},"_links":{"self":[{"href":"https:\/\/www.oarcanjo.net\/site\/wp-json\/wp\/v2\/posts\/21143"}],"collection":[{"href":"https:\/\/www.oarcanjo.net\/site\/wp-json\/wp\/v2\/posts"}],"about":[{"href":"https:\/\/www.oarcanjo.net\/site\/wp-json\/wp\/v2\/types\/post"}],"author":[{"embeddable":true,"href":"https:\/\/www.oarcanjo.net\/site\/wp-json\/wp\/v2\/users\/5"}],"replies":[{"embeddable":true,"href":"https:\/\/www.oarcanjo.net\/site\/wp-json\/wp\/v2\/comments?post=21143"}],"version-history":[{"count":0,"href":"https:\/\/www.oarcanjo.net\/site\/wp-json\/wp\/v2\/posts\/21143\/revisions"}],"wp:attachment":[{"href":"https:\/\/www.oarcanjo.net\/site\/wp-json\/wp\/v2\/media?parent=21143"}],"wp:term":[{"taxonomy":"category","embeddable":true,"href":"https:\/\/www.oarcanjo.net\/site\/wp-json\/wp\/v2\/categories?post=21143"},{"taxonomy":"post_tag","embeddable":true,"href":"https:\/\/www.oarcanjo.net\/site\/wp-json\/wp\/v2\/tags?post=21143"}],"curies":[{"name":"wp","href":"https:\/\/api.w.org\/{rel}","templated":true}]}}