
{"id":21148,"date":"2013-02-28T10:21:53","date_gmt":"2013-02-28T13:21:53","guid":{"rendered":"http:\/\/www.oarcanjo.net\/site\/?p=21148"},"modified":"2013-03-06T14:46:50","modified_gmt":"2013-03-06T17:46:50","slug":"catequese-de-bento-xvi-27022013","status":"publish","type":"post","link":"https:\/\/www.oarcanjo.net\/site\/catequese-de-bento-xvi-27022013\/","title":{"rendered":"Catequese de Bento XVI &#8211; 27\/02\/2013"},"content":{"rendered":"<p><em>Venerados Irm\u00e3os no Episcopado e no Presbiterado!<br \/>\nIlustres Autoridades!<br \/>\nAmados irm\u00e3os e irm\u00e3s!<\/em><\/p>\n<p>Agrade\u00e7o-vos por terdes vindo em t\u00e3o grande n\u00famero a esta minha \u00faltima Audi\u00eancia Geral.<\/p>\n<p>De cora\u00e7\u00e3o, obrigado! Sinto-me verdadeiramente comovido e vejo a Igreja viva! E acho que devemos dizer obrigado tamb\u00e9m ao Criador pelo bom tempo que nos d\u00e1 agora, ainda no Inverno.<\/p>\n<p>Como fez o Ap\u00f3stolo Paulo no texto b\u00edblico que ouvimos, tamb\u00e9m eu sinto em meu cora\u00e7\u00e3o que devo sobretudo agradecer a Deus, que guia e faz crescer a Igreja, que semeia a sua Palavra e assim alimenta a f\u00e9 no seu Povo. Neste momento, alarga-se o horizonte do meu esp\u00edrito e abra\u00e7a toda a Igreja espalhada pelo mundo; e dou gra\u00e7as a Deus pelas \u00abnot\u00edcias\u00bb que pude receber, nestes anos de minist\u00e9rio petrino, acerca da f\u00e9 no Senhor Jesus Cristo, da caridade que circula realmente no Corpo da Igreja e o faz viver no amor, e da esperan\u00e7a que nos abre e orienta para a vida em plenitude, para a p\u00e1tria do C\u00e9u.<\/p>\n<p>Sinto que tenho a todos comigo na ora\u00e7\u00e3o, num presente que \u00e9 o de Deus, onde re\u00fano cada encontro, cada viagem, cada visita pastoral. Re\u00fano tudo e todos na ora\u00e7\u00e3o, para os confiar ao Senhor, pedindo-Lhe que tenhamos pleno conhecimento da sua vontade, com toda a sabedoria e intelig\u00eancia espiritual, e possamos comportar-nos de maneira digna d\u2019Ele, do seu amor, dando frutos em toda a boa obra (cf. <em>Col <\/em>1, 9-10).<\/p>\n<p>Neste momento, reina em mim uma grande confian\u00e7a, porque sei, sabemos todos n\u00f3s, que a Palavra de verdade do Evangelho \u00e9 a for\u00e7a da Igreja, \u00e9 a sua vida. O Evangelho purifica e renova, d\u00e1 frutos por todo o lado onde a comunidade dos fi\u00e9is o escuta e acolhe a gra\u00e7a de Deus na verdade e na caridade. Esta \u00e9 a minha confian\u00e7a, esta \u00e9 a minha alegria.<\/p>\n<p>Quando, no dia <a href=\"http:\/\/www.vatican.va\/holy_father\/benedict_xvi\/elezione\/index_po.htm\" target=\"_blank\">19 de Abril de quase oito anos atr\u00e1s<\/a>, aceitei assumir o minist\u00e9rio petrino, uma certeza firme se apoderou de mim e sempre me acompanhou: esta certeza de que a Igreja vive da Palavra de Deus. Naquele momento, como j\u00e1 disse v\u00e1rias vezes, as palavras que ressoaram no meu cora\u00e7\u00e3o foram: Senhor, porque me pedis isto\u2026, uma coisa imensa!? Este \u00e9 um grande peso que me colocais sobre os ombros, mas se V\u00f3s mo pedis, \u00e0 vossa palavra lan\u00e7arei as redes, seguro de que me guiareis, mesmo com todas as minhas fraquezas. E, oito anos depois, posso dizer que o Senhor me guiou verdadeiramente, permaneceu junto de mim, pude diariamente notar a sua presen\u00e7a. Foi um peda\u00e7o de caminho da Igreja que teve momentos de alegria e luz, mas tamb\u00e9m momentos n\u00e3o f\u00e1ceis; senti-me como S\u00e3o Pedro com os Ap\u00f3stolos na barca no lago da Galileia: o Senhor deu-nos muitos dias de sol e brisa suave, dias em que a pesca foi abundante; mas houve tamb\u00e9m momentos em que as \u00e1guas estavam agitadas e o vento contr\u00e1rio \u2013 como, ali\u00e1s, em toda a hist\u00f3ria da Igreja \u2013 e o Senhor parecia dormir. Contudo sempre soube que, naquela barca, est\u00e1 o Senhor; e sempre soube que a barca da Igreja n\u00e3o \u00e9 minha, n\u00e3o \u00e9 nossa, mas \u00e9 d\u2019Ele. E o Senhor n\u00e3o a deixa afundar; \u00e9 Ele que a conduz, certamente tamb\u00e9m por meio dos homens que escolheu, porque assim quis. Esta foi e \u00e9 uma certeza que nada pode ofuscar. E \u00e9 por isso que, hoje, o meu cora\u00e7\u00e3o transborda de gratid\u00e3o a Deus, porque nunca deixou faltar a toda a Igreja e tamb\u00e9m a mim a sua consola\u00e7\u00e3o, a sua luz, o seu amor.<\/p>\n<p>Estamos no <a href=\"http:\/\/www.vatican.va\/special\/annus_fidei\/index_po.htm\" target=\"_blank\"><em>Ano da F\u00e9<\/em><\/a>, que desejei precisamente para refor\u00e7ar a nossa f\u00e9 em Deus, num contexto que parece coloc\u00e1-Lo cada vez mais de lado. Queria convidar todos a renovarem a confian\u00e7a firme no Senhor, a entregarem-se como crian\u00e7as nos bra\u00e7os de Deus, seguros de que aqueles bra\u00e7os nos sustentam sempre e nos permitem caminhar todos os dias, mesmo no cansa\u00e7o. Queria que cada um se sentisse amado por aquele Deus que entregou o seu Filho por n\u00f3s e nos mostrou o seu amor sem limites. Queria que cada um sentisse a alegria de ser crist\u00e3o. Numa bela ora\u00e7\u00e3o, que se recita diariamente pela manh\u00e3, diz-se: \u00abEu Vos adoro, meu Deus, e Vos amo com todo o cora\u00e7\u00e3o. Agrade\u00e7o-Vos por me terdes criado, feito crist\u00e3o&#8230;\u00bb. Sim! Estamos contentes pelo dom da f\u00e9; \u00e9 o bem mais precioso, que ningu\u00e9m nos pode tirar! Agrade\u00e7amos ao Senhor por isso mesmo todos os dias, com a ora\u00e7\u00e3o e com uma vida crist\u00e3 coerente. Deus nos ama, mas espera que tamb\u00e9m n\u00f3s O amemos!<\/p>\n<p>Mas n\u00e3o \u00e9 s\u00f3 a Deus que quero agradecer neste momento. Um Papa n\u00e3o est\u00e1 sozinho na condu\u00e7\u00e3o da barca de Pedro, embora recaia sobre ele a primeira responsabilidade. Eu nunca me senti sozinho, ao carregar as alegrias e o peso do minist\u00e9rio petrino; o Senhor colocou junto de mim tantas pessoas que, com generosidade e amor a Deus e \u00e0 Igreja, me ajudaram e estiveram ao meu lado. E em primeiro lugar v\u00f3s, amados Irm\u00e3os Cardeais: a vossa sabedoria, os vossos conselhos, a vossa amizade foram preciosos para mim; os meus Colaboradores, a come\u00e7ar pelo meu Secret\u00e1rio de Estado que me acompanhou fielmente ao longo destes anos; a Secretaria de Estado e a C\u00faria Romana inteira, bem como todos aqueles que, nos mais variados sectores, prestam o seu servi\u00e7o \u00e0 Santa S\u00e9: s\u00e3o muitos rostos que n\u00e3o sobressaem, permanecem na sombra, mas precisamente no sil\u00eancio, na dedica\u00e7\u00e3o quotidiana, com esp\u00edrito de f\u00e9 e humildade, foram para mim um apoio seguro e fi\u00e1vel. Um pensamento especial para a Igreja de Roma, a minha diocese! N\u00e3o posso esquecer os Irm\u00e3os no Episcopado e no Presbiterado, as pessoas consagradas e todo o Povo de Deus: nas visitas pastorais, nos encontros, nas audi\u00eancias, nas viagens, sempre senti grande solicitude e profundo afecto; mas tamb\u00e9m eu amei a todos e cada um sem distin\u00e7\u00e3o, com aquela caridade pastoral que \u00e9 o cora\u00e7\u00e3o de cada Pastor, sobretudo do Bispo de Roma, do Sucessor do Ap\u00f3stolo Pedro. Todos os dias tinha presente cada um de v\u00f3s na ora\u00e7\u00e3o, com o cora\u00e7\u00e3o de pai.<\/p>\n<p>Depois, queria que a minha sauda\u00e7\u00e3o e o meu agradecimento chegassem a todos: o cora\u00e7\u00e3o de um Papa abra\u00e7a o mundo inteiro. E queria expressar a minha gratid\u00e3o ao Corpo Diplom\u00e1tico junto da Santa S\u00e9, tornando presente a grande fam\u00edlia das na\u00e7\u00f5es. Aqui penso tamb\u00e9m a todos aqueles que trabalham por uma boa comunica\u00e7\u00e3o, e agrade\u00e7o-lhes o seu servi\u00e7o importante.<\/p>\n<p>Neste momento, queria agradecer verdadeiramente do cora\u00e7\u00e3o tamb\u00e9m \u00e0s in\u00fameras pessoas, de todo o mundo, que nas \u00faltimas semanas me enviaram comoventes sinais de aten\u00e7\u00e3o, amizade e ora\u00e7\u00e3o. Sim! O Papa nunca est\u00e1 sozinho, pude experiment\u00e1-lo agora mais uma vez e duma maneira t\u00e3o grande que toca o cora\u00e7\u00e3o. O Papa pertence a todos, e muit\u00edssimas pessoas se sentem estreitamente unidas a ele. \u00c9 verdade que recebo cartas dos grandes do mundo \u2013 dos Chefes de Estado, dos l\u00edderes religiosos, dos representantes do mundo da cultura, etc. \u2013, mas recebo tamb\u00e9m muit\u00edssimas cartas de pessoas simples que me escrevem simplesmente com o seu cora\u00e7\u00e3o e me fazem sentir o seu afecto, que brota do facto de estarmos unidos com Jesus Cristo, na Igreja. Estas pessoas n\u00e3o me escrevem como se faz, por exemplo, a um pr\u00edncipe ou a um grande que n\u00e3o se conhece; mas escrevem-me como irm\u00e3os e irm\u00e3s ou como filhos e filhas, com o sentido de um v\u00ednculo familiar muito afectuoso. Aqui pode-se tocar com a m\u00e3o o que \u00e9 a Igreja: n\u00e3o uma organiza\u00e7\u00e3o, uma associa\u00e7\u00e3o para fins religiosos ou humanit\u00e1rios, mas um corpo vivo, uma comunh\u00e3o de irm\u00e3os e irm\u00e3s no Corpo de Jesus Cristo, que nos une a todos. Poder experimentar a Igreja deste modo e quase tocar com as m\u00e3os a for\u00e7a da sua verdade e do seu amor \u00e9 motivo de alegria, num tempo em que muitos falam do seu decl\u00ednio. Mas vejamos como a Igreja est\u00e1 viva hoje!<\/p>\n<p>Nestes \u00faltimos meses, senti que as minhas for\u00e7as tinham diminu\u00eddo, e pedi a Deus com insist\u00eancia, na ora\u00e7\u00e3o, que me iluminasse com a sua luz para me fazer tomar a decis\u00e3o mais justa, n\u00e3o para o meu bem, mas para o bem da Igreja . Dei este passo com plena consci\u00eancia da sua gravidade e tamb\u00e9m novidade, mas com uma profunda serenidade de esp\u00edrito. Amar a Igreja significa tamb\u00e9m ter a coragem de fazer escolhas dif\u00edceis, dolorosas, tendo sempre diante dos olhos o bem da Igreja e n\u00e3o a n\u00f3s mesmos.<\/p>\n<p>Permiti-me, aqui, voltar mais uma vez \u00e0quele <a href=\"http:\/\/www.vatican.va\/holy_father\/benedict_xvi\/elezione\/index_po.htm\" target=\"_blank\">19 de Abril de 2005<\/a>. A gravidade da decis\u00e3o esteve precisamente no facto de que, daquele momento em diante, me comprometera sempre e para sempre com o Senhor. Sempre: quem assume o minist\u00e9rio petrino deixa de ter qualquer vida privada. Pertence sempre e totalmente a todos, a toda a Igreja. A sua vida fica, por assim dizer, totalmente despojada da dimens\u00e3o privada. Pude experimentar, e estou a experiment\u00e1-lo precisamente agora, que um recebe a vida precisamente quando a d\u00e1. Eu disse, antes, que muitas pessoas que amam o Senhor, amam tamb\u00e9m o Sucessor de S\u00e3o Pedro e est\u00e3o-lhe afei\u00e7oadas; que o Papa tem verdadeiramente irm\u00e3os e irm\u00e3s, filhos e filhas em todo o mundo, e que se sente seguro no abra\u00e7o da vossa comunh\u00e3o; \u00e9 assim, porque deixou de se pertencer a si mesmo, pertence a todos e todos pertencem a ele.<\/p>\n<p>Mas o \u00absempre\u00bb \u00e9 tamb\u00e9m um \u00abpara sempre\u00bb: n\u00e3o haver\u00e1 mais um regresso \u00e0 vida privada. E a minha decis\u00e3o de renunciar ao exerc\u00edcio activo do minist\u00e9rio n\u00e3o revoga isto; n\u00e3o volto \u00e0 vida privada, a uma vida de viagens, encontros, recep\u00e7\u00f5es, confer\u00eancias, etc. N\u00e3o abandono a cruz, mas permane\u00e7o de forma nova junto do Senhor Crucificado. Deixo de trazer a potestade do of\u00edcio em prol do governo da Igreja, mas no servi\u00e7o da ora\u00e7\u00e3o permane\u00e7o, por assim dizer, no recinto de S\u00e3o Pedro. Nisto, ser-me-\u00e1 de grande exemplo S\u00e3o Bento, cujo nome adoptei como Papa. Ele mostrou-nos o caminho para uma vida, que, activa ou passiva, est\u00e1 votada totalmente \u00e0 obra de Deus.<\/p>\n<p>Agrade\u00e7o a todos e cada um ainda pelo respeito e compreens\u00e3o com que acolhestes esta decis\u00e3o t\u00e3o importante. Continuarei a acompanhar o caminho da Igreja, atrav\u00e9s da ora\u00e7\u00e3o e da reflex\u00e3o, com aquela dedica\u00e7\u00e3o ao Senhor e \u00e0 sua Esposa que procurei diariamente viver at\u00e9 agora, e quero viver sempre. Pe\u00e7o que me recordeis diante de Deus, e sobretudo que rezeis pelos Cardeais, chamados a uma tarefa t\u00e3o relevante, e pelo novo Sucessor do Ap\u00f3stolo Pedro. Que o Senhor o acompanhe com a luz e a for\u00e7a do seu Esp\u00edrito!<\/p>\n<p>Invocamos a materna intercess\u00e3o da Virgem Maria, M\u00e3e de Deus e da Igreja, pedindo-Lhe que acompanhe cada um de n\u00f3s e toda a comunidade eclesial; a Ela nos entregamos, com profunda confian\u00e7a.<\/p>\n<p>Queridos amigos! Deus guia a sua Igreja; sempre a sustenta mesmo e sobretudo nos momentos dif\u00edceis. Nunca percamos esta vis\u00e3o de f\u00e9, que \u00e9 a \u00fanica vis\u00e3o verdadeira do caminho da Igreja e do mundo. No nosso cora\u00e7\u00e3o, no cora\u00e7\u00e3o de cada um de v\u00f3s, habite sempre a jubilosa certeza de que o Senhor est\u00e1 ao nosso lado, n\u00e3o nos abandona, est\u00e1 perto de n\u00f3s e nos envolve com o seu amor. Obrigado!<br \/>\n&#8212;&#8212;&#8212;&#8212;&#8212;&#8212;&#8212;&#8212;&#8212;&#8212;&#8212;&#8212;&#8212;&#8212;&#8212;&#8212;&#8212;&#8212;&#8212;&#8212;-<\/p>\n<p><strong>Sauda\u00e7\u00e3o<\/strong><\/p>\n<p>Amados peregrinos de l\u00edngua portuguesa, agrade\u00e7o-vos o respeito e a compreens\u00e3o com que acolhestes a minha decis\u00e3o. Continuarei a acompanhar o caminho da Igreja, na ora\u00e7\u00e3o e na reflex\u00e3o, com a mesma dedica\u00e7\u00e3o ao Senhor e \u00e0 sua Esposa que vivi at\u00e9 agora e quero viver sempre. Pe\u00e7o que vos recordeis de mim diante de Deus e sobretudo que rezeis pelos Cardeais chamados a escolher o novo Sucessor do Ap\u00f3stolo Pedro. Confio-vos ao Senhor, e a todos concedo a B\u00ean\u00e7\u00e3o Apost\u00f3lica.<\/p>\n<p><img loading=\"lazy\" decoding=\"async\" class=\"alignnone size-full wp-image-19876\" title=\"BENTO XVI\" src=\"http:\/\/www.oarcanjo.net\/site\/wp-content\/uploads\/assinatura-BENTOXVI.png\" alt=\"BENTO XVI\" width=\"200\" height=\"51\" \/><\/p>\n<p>&nbsp;<\/p>\n<p><em>\u00a9 Copyright 2013 &#8211; Libreria Editrice Vaticana<\/em><\/p>\n<div id=\"themify_builder_content-21148\" data-postid=\"21148\" class=\"themify_builder_content themify_builder_content-21148 themify_builder themify_builder_front\">\n\t<\/div>\n<!-- \/themify_builder_content -->","protected":false},"excerpt":{"rendered":"<p>Venerados Irm\u00e3os no Episcopado e no Presbiterado! Ilustres Autoridades! Amados irm\u00e3os e irm\u00e3s! Agrade\u00e7o-vos por terdes vindo em t\u00e3o grande n\u00famero a esta minha \u00faltima Audi\u00eancia Geral. De cora\u00e7\u00e3o, obrigado! Sinto-me verdadeiramente comovido e vejo a Igreja viva! E acho que devemos dizer obrigado tamb\u00e9m ao Criador pelo bom tempo que nos d\u00e1 agora, ainda [&hellip;]<\/p>\n","protected":false},"author":5,"featured_media":0,"comment_status":"open","ping_status":"open","sticky":false,"template":"","format":"standard","meta":{"ngg_post_thumbnail":0,"footnotes":""},"categories":[2153],"tags":[3213,2312,2311],"yoast_head":"<!-- This site is optimized with the Yoast SEO plugin v23.5 - https:\/\/yoast.com\/wordpress\/plugins\/seo\/ -->\n<title>Catequese de Bento XVI - 27\/02\/2013 - O Arcanjo no ar<\/title>\n<meta name=\"robots\" content=\"index, follow, max-snippet:-1, max-image-preview:large, max-video-preview:-1\" \/>\n<link rel=\"canonical\" href=\"https:\/\/www.oarcanjo.net\/site\/catequese-de-bento-xvi-27022013\/\" \/>\n<meta property=\"og:locale\" content=\"pt_BR\" \/>\n<meta property=\"og:type\" content=\"article\" \/>\n<meta property=\"og:title\" content=\"Catequese de Bento XVI - 27\/02\/2013 - O Arcanjo no ar\" \/>\n<meta property=\"og:description\" content=\"Venerados Irm\u00e3os no Episcopado e no Presbiterado! Ilustres Autoridades! Amados irm\u00e3os e irm\u00e3s! Agrade\u00e7o-vos por terdes vindo em t\u00e3o grande n\u00famero a esta minha \u00faltima Audi\u00eancia Geral. De cora\u00e7\u00e3o, obrigado! Sinto-me verdadeiramente comovido e vejo a Igreja viva! E acho que devemos dizer obrigado tamb\u00e9m ao Criador pelo bom tempo que nos d\u00e1 agora, ainda [&hellip;]\" \/>\n<meta property=\"og:url\" content=\"https:\/\/www.oarcanjo.net\/site\/catequese-de-bento-xvi-27022013\/\" \/>\n<meta property=\"og:site_name\" content=\"O Arcanjo no ar\" \/>\n<meta property=\"article:publisher\" content=\"https:\/\/www.facebook.com\/OArcanjoNoAr\/\" \/>\n<meta property=\"article:published_time\" content=\"2013-02-28T13:21:53+00:00\" \/>\n<meta property=\"article:modified_time\" content=\"2013-03-06T17:46:50+00:00\" \/>\n<meta property=\"og:image\" content=\"http:\/\/www.oarcanjo.net\/site\/wp-content\/uploads\/assinatura-BENTOXVI.png\" \/>\n<meta name=\"author\" content=\"editor\" \/>\n<meta name=\"twitter:card\" content=\"summary_large_image\" \/>\n<meta name=\"twitter:label1\" content=\"Escrito por\" \/>\n\t<meta name=\"twitter:data1\" content=\"editor\" \/>\n\t<meta name=\"twitter:label2\" content=\"Est. tempo de leitura\" \/>\n\t<meta name=\"twitter:data2\" content=\"11 minutos\" \/>\n<script type=\"application\/ld+json\" class=\"yoast-schema-graph\">{\"@context\":\"https:\/\/schema.org\",\"@graph\":[{\"@type\":\"Article\",\"@id\":\"https:\/\/www.oarcanjo.net\/site\/catequese-de-bento-xvi-27022013\/#article\",\"isPartOf\":{\"@id\":\"https:\/\/www.oarcanjo.net\/site\/catequese-de-bento-xvi-27022013\/\"},\"author\":{\"name\":\"editor\",\"@id\":\"https:\/\/www.oarcanjo.net\/site\/#\/schema\/person\/f7024d007863202483a31326673a0838\"},\"headline\":\"Catequese de Bento XVI &#8211; 27\/02\/2013\",\"datePublished\":\"2013-02-28T13:21:53+00:00\",\"dateModified\":\"2013-03-06T17:46:50+00:00\",\"mainEntityOfPage\":{\"@id\":\"https:\/\/www.oarcanjo.net\/site\/catequese-de-bento-xvi-27022013\/\"},\"wordCount\":2160,\"commentCount\":0,\"publisher\":{\"@id\":\"https:\/\/www.oarcanjo.net\/site\/#organization\"},\"image\":{\"@id\":\"https:\/\/www.oarcanjo.net\/site\/catequese-de-bento-xvi-27022013\/#primaryimage\"},\"thumbnailUrl\":\"http:\/\/www.oarcanjo.net\/site\/wp-content\/uploads\/assinatura-BENTOXVI.png\",\"keywords\":[\"Ano da F\u00e9\",\"Catequese de Bento 16\",\"Catequese de Bento XVI\"],\"articleSection\":[\"Ano da F\u00e9\"],\"inLanguage\":\"pt-BR\",\"potentialAction\":[{\"@type\":\"CommentAction\",\"name\":\"Comment\",\"target\":[\"https:\/\/www.oarcanjo.net\/site\/catequese-de-bento-xvi-27022013\/#respond\"]}]},{\"@type\":\"WebPage\",\"@id\":\"https:\/\/www.oarcanjo.net\/site\/catequese-de-bento-xvi-27022013\/\",\"url\":\"https:\/\/www.oarcanjo.net\/site\/catequese-de-bento-xvi-27022013\/\",\"name\":\"Catequese de Bento XVI - 27\/02\/2013 - O Arcanjo no ar\",\"isPartOf\":{\"@id\":\"https:\/\/www.oarcanjo.net\/site\/#website\"},\"primaryImageOfPage\":{\"@id\":\"https:\/\/www.oarcanjo.net\/site\/catequese-de-bento-xvi-27022013\/#primaryimage\"},\"image\":{\"@id\":\"https:\/\/www.oarcanjo.net\/site\/catequese-de-bento-xvi-27022013\/#primaryimage\"},\"thumbnailUrl\":\"http:\/\/www.oarcanjo.net\/site\/wp-content\/uploads\/assinatura-BENTOXVI.png\",\"datePublished\":\"2013-02-28T13:21:53+00:00\",\"dateModified\":\"2013-03-06T17:46:50+00:00\",\"breadcrumb\":{\"@id\":\"https:\/\/www.oarcanjo.net\/site\/catequese-de-bento-xvi-27022013\/#breadcrumb\"},\"inLanguage\":\"pt-BR\",\"potentialAction\":[{\"@type\":\"ReadAction\",\"target\":[\"https:\/\/www.oarcanjo.net\/site\/catequese-de-bento-xvi-27022013\/\"]}]},{\"@type\":\"ImageObject\",\"inLanguage\":\"pt-BR\",\"@id\":\"https:\/\/www.oarcanjo.net\/site\/catequese-de-bento-xvi-27022013\/#primaryimage\",\"url\":\"http:\/\/www.oarcanjo.net\/site\/wp-content\/uploads\/assinatura-BENTOXVI.png\",\"contentUrl\":\"http:\/\/www.oarcanjo.net\/site\/wp-content\/uploads\/assinatura-BENTOXVI.png\"},{\"@type\":\"BreadcrumbList\",\"@id\":\"https:\/\/www.oarcanjo.net\/site\/catequese-de-bento-xvi-27022013\/#breadcrumb\",\"itemListElement\":[{\"@type\":\"ListItem\",\"position\":1,\"name\":\"In\u00edcio\",\"item\":\"https:\/\/www.oarcanjo.net\/site\/\"},{\"@type\":\"ListItem\",\"position\":2,\"name\":\"Catequese de Bento XVI &#8211; 27\/02\/2013\"}]},{\"@type\":\"WebSite\",\"@id\":\"https:\/\/www.oarcanjo.net\/site\/#website\",\"url\":\"https:\/\/www.oarcanjo.net\/site\/\",\"name\":\"O Arcanjo no ar\",\"description\":\"Site da Par\u00f3quia S\u00e3o Miguel Arcanjo (Arquidiocese de SP)\",\"publisher\":{\"@id\":\"https:\/\/www.oarcanjo.net\/site\/#organization\"},\"potentialAction\":[{\"@type\":\"SearchAction\",\"target\":{\"@type\":\"EntryPoint\",\"urlTemplate\":\"https:\/\/www.oarcanjo.net\/site\/?s={search_term_string}\"},\"query-input\":{\"@type\":\"PropertyValueSpecification\",\"valueRequired\":true,\"valueName\":\"search_term_string\"}}],\"inLanguage\":\"pt-BR\"},{\"@type\":\"Organization\",\"@id\":\"https:\/\/www.oarcanjo.net\/site\/#organization\",\"name\":\"Par\u00f3quia S\u00e3o Miguel Arcanjo\",\"url\":\"https:\/\/www.oarcanjo.net\/site\/\",\"logo\":{\"@type\":\"ImageObject\",\"inLanguage\":\"pt-BR\",\"@id\":\"https:\/\/www.oarcanjo.net\/site\/#\/schema\/logo\/image\/\",\"url\":\"https:\/\/www.oarcanjo.net\/site\/wp-content\/uploads\/LogoOArcanjo.png\",\"contentUrl\":\"https:\/\/www.oarcanjo.net\/site\/wp-content\/uploads\/LogoOArcanjo.png\",\"width\":319,\"height\":99,\"caption\":\"Par\u00f3quia S\u00e3o Miguel Arcanjo\"},\"image\":{\"@id\":\"https:\/\/www.oarcanjo.net\/site\/#\/schema\/logo\/image\/\"},\"sameAs\":[\"https:\/\/www.facebook.com\/OArcanjoNoAr\/\"]},{\"@type\":\"Person\",\"@id\":\"https:\/\/www.oarcanjo.net\/site\/#\/schema\/person\/f7024d007863202483a31326673a0838\",\"name\":\"editor\",\"sameAs\":[\"http:\/\/www.oarcanjo.net\"]}]}<\/script>\n<!-- \/ Yoast SEO plugin. -->","yoast_head_json":{"title":"Catequese de Bento XVI - 27\/02\/2013 - O Arcanjo no ar","robots":{"index":"index","follow":"follow","max-snippet":"max-snippet:-1","max-image-preview":"max-image-preview:large","max-video-preview":"max-video-preview:-1"},"canonical":"https:\/\/www.oarcanjo.net\/site\/catequese-de-bento-xvi-27022013\/","og_locale":"pt_BR","og_type":"article","og_title":"Catequese de Bento XVI - 27\/02\/2013 - O Arcanjo no ar","og_description":"Venerados Irm\u00e3os no Episcopado e no Presbiterado! Ilustres Autoridades! Amados irm\u00e3os e irm\u00e3s! Agrade\u00e7o-vos por terdes vindo em t\u00e3o grande n\u00famero a esta minha \u00faltima Audi\u00eancia Geral. De cora\u00e7\u00e3o, obrigado! Sinto-me verdadeiramente comovido e vejo a Igreja viva! E acho que devemos dizer obrigado tamb\u00e9m ao Criador pelo bom tempo que nos d\u00e1 agora, ainda [&hellip;]","og_url":"https:\/\/www.oarcanjo.net\/site\/catequese-de-bento-xvi-27022013\/","og_site_name":"O Arcanjo no ar","article_publisher":"https:\/\/www.facebook.com\/OArcanjoNoAr\/","article_published_time":"2013-02-28T13:21:53+00:00","article_modified_time":"2013-03-06T17:46:50+00:00","og_image":[{"url":"http:\/\/www.oarcanjo.net\/site\/wp-content\/uploads\/assinatura-BENTOXVI.png"}],"author":"editor","twitter_card":"summary_large_image","twitter_misc":{"Escrito por":"editor","Est. tempo de leitura":"11 minutos"},"schema":{"@context":"https:\/\/schema.org","@graph":[{"@type":"Article","@id":"https:\/\/www.oarcanjo.net\/site\/catequese-de-bento-xvi-27022013\/#article","isPartOf":{"@id":"https:\/\/www.oarcanjo.net\/site\/catequese-de-bento-xvi-27022013\/"},"author":{"name":"editor","@id":"https:\/\/www.oarcanjo.net\/site\/#\/schema\/person\/f7024d007863202483a31326673a0838"},"headline":"Catequese de Bento XVI &#8211; 27\/02\/2013","datePublished":"2013-02-28T13:21:53+00:00","dateModified":"2013-03-06T17:46:50+00:00","mainEntityOfPage":{"@id":"https:\/\/www.oarcanjo.net\/site\/catequese-de-bento-xvi-27022013\/"},"wordCount":2160,"commentCount":0,"publisher":{"@id":"https:\/\/www.oarcanjo.net\/site\/#organization"},"image":{"@id":"https:\/\/www.oarcanjo.net\/site\/catequese-de-bento-xvi-27022013\/#primaryimage"},"thumbnailUrl":"http:\/\/www.oarcanjo.net\/site\/wp-content\/uploads\/assinatura-BENTOXVI.png","keywords":["Ano da F\u00e9","Catequese de Bento 16","Catequese de Bento XVI"],"articleSection":["Ano da F\u00e9"],"inLanguage":"pt-BR","potentialAction":[{"@type":"CommentAction","name":"Comment","target":["https:\/\/www.oarcanjo.net\/site\/catequese-de-bento-xvi-27022013\/#respond"]}]},{"@type":"WebPage","@id":"https:\/\/www.oarcanjo.net\/site\/catequese-de-bento-xvi-27022013\/","url":"https:\/\/www.oarcanjo.net\/site\/catequese-de-bento-xvi-27022013\/","name":"Catequese de Bento XVI - 27\/02\/2013 - O Arcanjo no ar","isPartOf":{"@id":"https:\/\/www.oarcanjo.net\/site\/#website"},"primaryImageOfPage":{"@id":"https:\/\/www.oarcanjo.net\/site\/catequese-de-bento-xvi-27022013\/#primaryimage"},"image":{"@id":"https:\/\/www.oarcanjo.net\/site\/catequese-de-bento-xvi-27022013\/#primaryimage"},"thumbnailUrl":"http:\/\/www.oarcanjo.net\/site\/wp-content\/uploads\/assinatura-BENTOXVI.png","datePublished":"2013-02-28T13:21:53+00:00","dateModified":"2013-03-06T17:46:50+00:00","breadcrumb":{"@id":"https:\/\/www.oarcanjo.net\/site\/catequese-de-bento-xvi-27022013\/#breadcrumb"},"inLanguage":"pt-BR","potentialAction":[{"@type":"ReadAction","target":["https:\/\/www.oarcanjo.net\/site\/catequese-de-bento-xvi-27022013\/"]}]},{"@type":"ImageObject","inLanguage":"pt-BR","@id":"https:\/\/www.oarcanjo.net\/site\/catequese-de-bento-xvi-27022013\/#primaryimage","url":"http:\/\/www.oarcanjo.net\/site\/wp-content\/uploads\/assinatura-BENTOXVI.png","contentUrl":"http:\/\/www.oarcanjo.net\/site\/wp-content\/uploads\/assinatura-BENTOXVI.png"},{"@type":"BreadcrumbList","@id":"https:\/\/www.oarcanjo.net\/site\/catequese-de-bento-xvi-27022013\/#breadcrumb","itemListElement":[{"@type":"ListItem","position":1,"name":"In\u00edcio","item":"https:\/\/www.oarcanjo.net\/site\/"},{"@type":"ListItem","position":2,"name":"Catequese de Bento XVI &#8211; 27\/02\/2013"}]},{"@type":"WebSite","@id":"https:\/\/www.oarcanjo.net\/site\/#website","url":"https:\/\/www.oarcanjo.net\/site\/","name":"O Arcanjo no ar","description":"Site da Par\u00f3quia S\u00e3o Miguel Arcanjo (Arquidiocese de SP)","publisher":{"@id":"https:\/\/www.oarcanjo.net\/site\/#organization"},"potentialAction":[{"@type":"SearchAction","target":{"@type":"EntryPoint","urlTemplate":"https:\/\/www.oarcanjo.net\/site\/?s={search_term_string}"},"query-input":{"@type":"PropertyValueSpecification","valueRequired":true,"valueName":"search_term_string"}}],"inLanguage":"pt-BR"},{"@type":"Organization","@id":"https:\/\/www.oarcanjo.net\/site\/#organization","name":"Par\u00f3quia S\u00e3o Miguel Arcanjo","url":"https:\/\/www.oarcanjo.net\/site\/","logo":{"@type":"ImageObject","inLanguage":"pt-BR","@id":"https:\/\/www.oarcanjo.net\/site\/#\/schema\/logo\/image\/","url":"https:\/\/www.oarcanjo.net\/site\/wp-content\/uploads\/LogoOArcanjo.png","contentUrl":"https:\/\/www.oarcanjo.net\/site\/wp-content\/uploads\/LogoOArcanjo.png","width":319,"height":99,"caption":"Par\u00f3quia S\u00e3o Miguel Arcanjo"},"image":{"@id":"https:\/\/www.oarcanjo.net\/site\/#\/schema\/logo\/image\/"},"sameAs":["https:\/\/www.facebook.com\/OArcanjoNoAr\/"]},{"@type":"Person","@id":"https:\/\/www.oarcanjo.net\/site\/#\/schema\/person\/f7024d007863202483a31326673a0838","name":"editor","sameAs":["http:\/\/www.oarcanjo.net"]}]}},"publishpress_future_action":{"enabled":false,"date":"2026-05-07 09:36:27","action":"category","newStatus":"draft","terms":[],"taxonomy":"category"},"publishpress_future_workflow_manual_trigger":{"enabledWorkflows":[]},"_links":{"self":[{"href":"https:\/\/www.oarcanjo.net\/site\/wp-json\/wp\/v2\/posts\/21148"}],"collection":[{"href":"https:\/\/www.oarcanjo.net\/site\/wp-json\/wp\/v2\/posts"}],"about":[{"href":"https:\/\/www.oarcanjo.net\/site\/wp-json\/wp\/v2\/types\/post"}],"author":[{"embeddable":true,"href":"https:\/\/www.oarcanjo.net\/site\/wp-json\/wp\/v2\/users\/5"}],"replies":[{"embeddable":true,"href":"https:\/\/www.oarcanjo.net\/site\/wp-json\/wp\/v2\/comments?post=21148"}],"version-history":[{"count":0,"href":"https:\/\/www.oarcanjo.net\/site\/wp-json\/wp\/v2\/posts\/21148\/revisions"}],"wp:attachment":[{"href":"https:\/\/www.oarcanjo.net\/site\/wp-json\/wp\/v2\/media?parent=21148"}],"wp:term":[{"taxonomy":"category","embeddable":true,"href":"https:\/\/www.oarcanjo.net\/site\/wp-json\/wp\/v2\/categories?post=21148"},{"taxonomy":"post_tag","embeddable":true,"href":"https:\/\/www.oarcanjo.net\/site\/wp-json\/wp\/v2\/tags?post=21148"}],"curies":[{"name":"wp","href":"https:\/\/api.w.org\/{rel}","templated":true}]}}