
{"id":21152,"date":"2013-02-28T10:27:06","date_gmt":"2013-02-28T13:27:06","guid":{"rendered":"http:\/\/www.oarcanjo.net\/site\/?p=21152"},"modified":"2013-03-15T22:54:35","modified_gmt":"2013-03-16T01:54:35","slug":"5-semana-social-brasileira-lanca-video-enfocando-a-forca-da-juventude-nos-processos-de-mudancas-do-pais","status":"publish","type":"post","link":"https:\/\/www.oarcanjo.net\/site\/5-semana-social-brasileira-lanca-video-enfocando-a-forca-da-juventude-nos-processos-de-mudancas-do-pais\/","title":{"rendered":"5\u00aa Semana Social Brasileira lan\u00e7a v\u00eddeo enfocando a for\u00e7a da juventude nos processos de mudan\u00e7as do pa\u00eds"},"content":{"rendered":"<p><em>A coordena\u00e7\u00e3o da 5\u00aa Semana Social Brasileira divulga mais um v\u00eddeo com o objetivo de mostrar o rosto jovem do Brasil.<\/em><\/p>\n<p><iframe loading=\"lazy\" frameborder=\"0\" height=\"315\" src=\"http:\/\/www.youtube.com\/embed\/3d9TSQWO3cQ?rel=0\" width=\"560\"><\/iframe><\/p>\n<p>Com uma popula\u00e7\u00e3o estimada em cerca de 53 milh\u00f5es de habitantes, a juventude brasileira \u00e9 parte essencial para a mudan\u00e7a das realidades que se buscam para um mundo melhor e mais justo.<\/p>\n<p>&#8220;Muitos de n\u00f3s estamos inseridos\/as em diversas frentes de luta por quest\u00f5es relevantes para a juventude brasileira, mas \u00e9 necess\u00e1rio provocar nos jovens o desejo especial por participar desta 5\u00aa SSB, pois ela nos ajuda a aprofundar o que parece ser mais essencial, que \u00e9 a discuss\u00e3o e a possibilidade de constru\u00e7\u00e3o de um novo Estado. Precisamos compreender nosso papel fundamental no futuro, mas tamb\u00e9m no presente da sociedadebrasileira, construindo juntos\/as este novo jeito\u201d, convoca o folder da Semana.<\/p>\n<p>Com base nos problemas enfrentados pelos jovens de todo o Brasil \u00e9 que a 5\u00aa SSB quer trazer para o debate o que vem sendo constru\u00eddo nos mais variados campos de organiza\u00e7\u00e3o promovidos pelas juventudes. Neste sentido, o v\u00eddeo quer mostrar a cara dos jovens, como eles se organizam e o que fazem participar de processos pol\u00edticos e de transforma\u00e7\u00e3o dos modelos que geram a morte de jovens.<\/p>\n<p>De acordo com a organiza\u00e7\u00e3o da 5\u00aa SSB os\/as jovens devem ser entendidos\/as tamb\u00e9m como sujeitos\/as protagonistas da constru\u00e7\u00e3o de uma sociedade de fato fraterna, justa e solid\u00e1ria. A parcela que mais sofre \u00e9 a juventude, pois vive uma situa\u00e7\u00e3o de desemprego, precariza\u00e7\u00e3o do trabalho, educa\u00e7\u00e3o prec\u00e1ria, viol\u00eancia e exterm\u00ednio, predominantemente a negra.<\/p>\n<p>Nesse contexto, o maior respons\u00e1vel por essa situa\u00e7\u00e3o que se encontra a juventude \u00e9 o modelo desenvolvimentista implantado no Brasil, cujas bases encontram-se no modelo de produ\u00e7\u00e3o e consumo capitalista-imperialista.<\/p>\n<p>&#8220;Este modelo est\u00e1 baseado na acumula\u00e7\u00e3o do capital, especialmente pelos bancos e multinacionais, que aliados aos governos, promovem voraz ataque \u00e0s riquezas e ao territ\u00f3rio, provocando injusti\u00e7as socioambientais e o empobrecimento da juventude rural e urbana, em especial os jovens negros, mulheres e ind\u00edgenas. Sabemos que o governo brasileiro tem avan\u00e7ado quando se trata de Juventude. Conseguimos, ao longo dos \u00faltimos anos, grandes conquistas, que s\u00f3 foram poss\u00edveis com a mobiliza\u00e7\u00e3o das organiza\u00e7\u00f5es juvenis de todo o pa\u00eds\u201d, expressa o material da Semana.<\/p>\n<h3>5\u00aa Semana Social Brasileira<\/h3>\n<p>A 5\u00aa SSB \u00e9 um processo nacional que est\u00e1 em curso desde 2011 em todo o Brasil e promove a participa\u00e7\u00e3o ampla de pessoas e entidades, a abertura ao ecumenismo e di\u00e1logo inter-religioso, o pluralismo de ideias e valores, o exerc\u00edcio do debate democr\u00e1tico em todas as inst\u00e2ncias e o ensaio coletivo de iniciativas transformadoras.<\/p>\n<h3>Agenda Juventude<\/h3>\n<p>\u2022 2013: Campanha da Fraternidade &#8220;Fraternidade e Juventude\u201d;<\/p>\n<p>\u2022 Primeiro semestre de 2013: Semin\u00e1rios e Semanas Sociais Regionais;<\/p>\n<p>\u2022 23 a 28 de julho: Jornada Mundial da Juventude no Rio de Janeiro;<\/p>\n<p>\u2022 02 a 05 de setembro de 2013: Semana Social Brasileira, a n\u00edvel nacional.<\/p>\n<p>Mais informa\u00e7\u00f5es acessar <a title=\"www.semanasocialbrasileira.org.br\" href=\"http:\/\/www.semanasocialbrasileira.org.br\" target=\"_blank\">www.semanasocialbrasileira.org.br<\/a>.<\/p>\n<div id=\"themify_builder_content-21152\" data-postid=\"21152\" class=\"themify_builder_content themify_builder_content-21152 themify_builder themify_builder_front\">\n\t<\/div>\n<!-- \/themify_builder_content -->","protected":false},"excerpt":{"rendered":"<p>A coordena\u00e7\u00e3o da 5\u00aa Semana Social Brasileira divulga mais um v\u00eddeo com o objetivo de mostrar o rosto jovem do Brasil. Com uma popula\u00e7\u00e3o estimada em cerca de 53 milh\u00f5es de habitantes, a juventude brasileira \u00e9 parte essencial para a mudan\u00e7a das realidades que se buscam para um mundo melhor e mais justo. &#8220;Muitos de [&hellip;]<\/p>\n","protected":false},"author":5,"featured_media":0,"comment_status":"open","ping_status":"open","sticky":false,"template":"","format":"standard","meta":{"ngg_post_thumbnail":0,"footnotes":""},"categories":[241,395,8,280],"tags":[3207,225,2409,2410],"yoast_head":"<!-- This site is optimized with the Yoast SEO plugin v23.5 - https:\/\/yoast.com\/wordpress\/plugins\/seo\/ -->\n<title>5\u00aa Semana Social Brasileira lan\u00e7a v\u00eddeo enfocando a for\u00e7a da juventude nos processos de mudan\u00e7as do pa\u00eds - O Arcanjo no ar<\/title>\n<meta name=\"robots\" content=\"index, follow, max-snippet:-1, max-image-preview:large, max-video-preview:-1\" \/>\n<link rel=\"canonical\" href=\"https:\/\/www.oarcanjo.net\/site\/5-semana-social-brasileira-lanca-video-enfocando-a-forca-da-juventude-nos-processos-de-mudancas-do-pais\/\" \/>\n<meta property=\"og:locale\" content=\"pt_BR\" \/>\n<meta property=\"og:type\" content=\"article\" \/>\n<meta property=\"og:title\" content=\"5\u00aa Semana Social Brasileira lan\u00e7a v\u00eddeo enfocando a for\u00e7a da juventude nos processos de mudan\u00e7as do pa\u00eds - O Arcanjo no ar\" \/>\n<meta property=\"og:description\" content=\"A coordena\u00e7\u00e3o da 5\u00aa Semana Social Brasileira divulga mais um v\u00eddeo com o objetivo de mostrar o rosto jovem do Brasil. Com uma popula\u00e7\u00e3o estimada em cerca de 53 milh\u00f5es de habitantes, a juventude brasileira \u00e9 parte essencial para a mudan\u00e7a das realidades que se buscam para um mundo melhor e mais justo. &#8220;Muitos de [&hellip;]\" \/>\n<meta property=\"og:url\" content=\"https:\/\/www.oarcanjo.net\/site\/5-semana-social-brasileira-lanca-video-enfocando-a-forca-da-juventude-nos-processos-de-mudancas-do-pais\/\" \/>\n<meta property=\"og:site_name\" content=\"O Arcanjo no ar\" \/>\n<meta property=\"article:publisher\" content=\"https:\/\/www.facebook.com\/OArcanjoNoAr\/\" \/>\n<meta property=\"article:published_time\" content=\"2013-02-28T13:27:06+00:00\" \/>\n<meta property=\"article:modified_time\" content=\"2013-03-16T01:54:35+00:00\" \/>\n<meta property=\"og:image\" content=\"https:\/\/www.oarcanjo.net\/site\/wp-content\/uploads\/logo-o-arcanjo-no-ar-facebook.png\" \/>\n\t<meta property=\"og:image:width\" content=\"300\" \/>\n\t<meta property=\"og:image:height\" content=\"300\" \/>\n\t<meta property=\"og:image:type\" content=\"image\/png\" \/>\n<meta name=\"author\" content=\"editor\" \/>\n<meta name=\"twitter:card\" content=\"summary_large_image\" \/>\n<meta name=\"twitter:label1\" content=\"Escrito por\" \/>\n\t<meta name=\"twitter:data1\" content=\"editor\" \/>\n\t<meta name=\"twitter:label2\" content=\"Est. tempo de leitura\" \/>\n\t<meta name=\"twitter:data2\" content=\"3 minutos\" \/>\n<script type=\"application\/ld+json\" class=\"yoast-schema-graph\">{\"@context\":\"https:\/\/schema.org\",\"@graph\":[{\"@type\":\"Article\",\"@id\":\"https:\/\/www.oarcanjo.net\/site\/5-semana-social-brasileira-lanca-video-enfocando-a-forca-da-juventude-nos-processos-de-mudancas-do-pais\/#article\",\"isPartOf\":{\"@id\":\"https:\/\/www.oarcanjo.net\/site\/5-semana-social-brasileira-lanca-video-enfocando-a-forca-da-juventude-nos-processos-de-mudancas-do-pais\/\"},\"author\":{\"name\":\"editor\",\"@id\":\"https:\/\/www.oarcanjo.net\/site\/#\/schema\/person\/f7024d007863202483a31326673a0838\"},\"headline\":\"5\u00aa Semana Social Brasileira lan\u00e7a v\u00eddeo enfocando a for\u00e7a da juventude nos processos de mudan\u00e7as do pa\u00eds\",\"datePublished\":\"2013-02-28T13:27:06+00:00\",\"dateModified\":\"2013-03-16T01:54:35+00:00\",\"mainEntityOfPage\":{\"@id\":\"https:\/\/www.oarcanjo.net\/site\/5-semana-social-brasileira-lanca-video-enfocando-a-forca-da-juventude-nos-processos-de-mudancas-do-pais\/\"},\"wordCount\":526,\"commentCount\":0,\"publisher\":{\"@id\":\"https:\/\/www.oarcanjo.net\/site\/#organization\"},\"keywords\":[\"Jovens\",\"juventude\",\"Rosto do jovem\",\"Rosto Jovem do Brasil\"],\"articleSection\":[\"CF\",\"Jovens\",\"Not\u00edcias\",\"V\u00eddeos\"],\"inLanguage\":\"pt-BR\",\"potentialAction\":[{\"@type\":\"CommentAction\",\"name\":\"Comment\",\"target\":[\"https:\/\/www.oarcanjo.net\/site\/5-semana-social-brasileira-lanca-video-enfocando-a-forca-da-juventude-nos-processos-de-mudancas-do-pais\/#respond\"]}]},{\"@type\":\"WebPage\",\"@id\":\"https:\/\/www.oarcanjo.net\/site\/5-semana-social-brasileira-lanca-video-enfocando-a-forca-da-juventude-nos-processos-de-mudancas-do-pais\/\",\"url\":\"https:\/\/www.oarcanjo.net\/site\/5-semana-social-brasileira-lanca-video-enfocando-a-forca-da-juventude-nos-processos-de-mudancas-do-pais\/\",\"name\":\"5\u00aa Semana Social Brasileira lan\u00e7a v\u00eddeo enfocando a for\u00e7a da juventude nos processos de mudan\u00e7as do pa\u00eds - O Arcanjo no ar\",\"isPartOf\":{\"@id\":\"https:\/\/www.oarcanjo.net\/site\/#website\"},\"datePublished\":\"2013-02-28T13:27:06+00:00\",\"dateModified\":\"2013-03-16T01:54:35+00:00\",\"breadcrumb\":{\"@id\":\"https:\/\/www.oarcanjo.net\/site\/5-semana-social-brasileira-lanca-video-enfocando-a-forca-da-juventude-nos-processos-de-mudancas-do-pais\/#breadcrumb\"},\"inLanguage\":\"pt-BR\",\"potentialAction\":[{\"@type\":\"ReadAction\",\"target\":[\"https:\/\/www.oarcanjo.net\/site\/5-semana-social-brasileira-lanca-video-enfocando-a-forca-da-juventude-nos-processos-de-mudancas-do-pais\/\"]}]},{\"@type\":\"BreadcrumbList\",\"@id\":\"https:\/\/www.oarcanjo.net\/site\/5-semana-social-brasileira-lanca-video-enfocando-a-forca-da-juventude-nos-processos-de-mudancas-do-pais\/#breadcrumb\",\"itemListElement\":[{\"@type\":\"ListItem\",\"position\":1,\"name\":\"In\u00edcio\",\"item\":\"https:\/\/www.oarcanjo.net\/site\/\"},{\"@type\":\"ListItem\",\"position\":2,\"name\":\"5\u00aa Semana Social Brasileira lan\u00e7a v\u00eddeo enfocando a for\u00e7a da juventude nos processos de mudan\u00e7as do pa\u00eds\"}]},{\"@type\":\"WebSite\",\"@id\":\"https:\/\/www.oarcanjo.net\/site\/#website\",\"url\":\"https:\/\/www.oarcanjo.net\/site\/\",\"name\":\"O Arcanjo no ar\",\"description\":\"Site da Par\u00f3quia S\u00e3o Miguel Arcanjo (Arquidiocese de SP)\",\"publisher\":{\"@id\":\"https:\/\/www.oarcanjo.net\/site\/#organization\"},\"potentialAction\":[{\"@type\":\"SearchAction\",\"target\":{\"@type\":\"EntryPoint\",\"urlTemplate\":\"https:\/\/www.oarcanjo.net\/site\/?s={search_term_string}\"},\"query-input\":{\"@type\":\"PropertyValueSpecification\",\"valueRequired\":true,\"valueName\":\"search_term_string\"}}],\"inLanguage\":\"pt-BR\"},{\"@type\":\"Organization\",\"@id\":\"https:\/\/www.oarcanjo.net\/site\/#organization\",\"name\":\"Par\u00f3quia S\u00e3o Miguel Arcanjo\",\"url\":\"https:\/\/www.oarcanjo.net\/site\/\",\"logo\":{\"@type\":\"ImageObject\",\"inLanguage\":\"pt-BR\",\"@id\":\"https:\/\/www.oarcanjo.net\/site\/#\/schema\/logo\/image\/\",\"url\":\"https:\/\/www.oarcanjo.net\/site\/wp-content\/uploads\/LogoOArcanjo.png\",\"contentUrl\":\"https:\/\/www.oarcanjo.net\/site\/wp-content\/uploads\/LogoOArcanjo.png\",\"width\":319,\"height\":99,\"caption\":\"Par\u00f3quia S\u00e3o Miguel Arcanjo\"},\"image\":{\"@id\":\"https:\/\/www.oarcanjo.net\/site\/#\/schema\/logo\/image\/\"},\"sameAs\":[\"https:\/\/www.facebook.com\/OArcanjoNoAr\/\"]},{\"@type\":\"Person\",\"@id\":\"https:\/\/www.oarcanjo.net\/site\/#\/schema\/person\/f7024d007863202483a31326673a0838\",\"name\":\"editor\",\"sameAs\":[\"http:\/\/www.oarcanjo.net\"]}]}<\/script>\n<!-- \/ Yoast SEO plugin. -->","yoast_head_json":{"title":"5\u00aa Semana Social Brasileira lan\u00e7a v\u00eddeo enfocando a for\u00e7a da juventude nos processos de mudan\u00e7as do pa\u00eds - O Arcanjo no ar","robots":{"index":"index","follow":"follow","max-snippet":"max-snippet:-1","max-image-preview":"max-image-preview:large","max-video-preview":"max-video-preview:-1"},"canonical":"https:\/\/www.oarcanjo.net\/site\/5-semana-social-brasileira-lanca-video-enfocando-a-forca-da-juventude-nos-processos-de-mudancas-do-pais\/","og_locale":"pt_BR","og_type":"article","og_title":"5\u00aa Semana Social Brasileira lan\u00e7a v\u00eddeo enfocando a for\u00e7a da juventude nos processos de mudan\u00e7as do pa\u00eds - O Arcanjo no ar","og_description":"A coordena\u00e7\u00e3o da 5\u00aa Semana Social Brasileira divulga mais um v\u00eddeo com o objetivo de mostrar o rosto jovem do Brasil. Com uma popula\u00e7\u00e3o estimada em cerca de 53 milh\u00f5es de habitantes, a juventude brasileira \u00e9 parte essencial para a mudan\u00e7a das realidades que se buscam para um mundo melhor e mais justo. &#8220;Muitos de [&hellip;]","og_url":"https:\/\/www.oarcanjo.net\/site\/5-semana-social-brasileira-lanca-video-enfocando-a-forca-da-juventude-nos-processos-de-mudancas-do-pais\/","og_site_name":"O Arcanjo no ar","article_publisher":"https:\/\/www.facebook.com\/OArcanjoNoAr\/","article_published_time":"2013-02-28T13:27:06+00:00","article_modified_time":"2013-03-16T01:54:35+00:00","og_image":[{"width":300,"height":300,"url":"https:\/\/www.oarcanjo.net\/site\/wp-content\/uploads\/logo-o-arcanjo-no-ar-facebook.png","type":"image\/png"}],"author":"editor","twitter_card":"summary_large_image","twitter_misc":{"Escrito por":"editor","Est. tempo de leitura":"3 minutos"},"schema":{"@context":"https:\/\/schema.org","@graph":[{"@type":"Article","@id":"https:\/\/www.oarcanjo.net\/site\/5-semana-social-brasileira-lanca-video-enfocando-a-forca-da-juventude-nos-processos-de-mudancas-do-pais\/#article","isPartOf":{"@id":"https:\/\/www.oarcanjo.net\/site\/5-semana-social-brasileira-lanca-video-enfocando-a-forca-da-juventude-nos-processos-de-mudancas-do-pais\/"},"author":{"name":"editor","@id":"https:\/\/www.oarcanjo.net\/site\/#\/schema\/person\/f7024d007863202483a31326673a0838"},"headline":"5\u00aa Semana Social Brasileira lan\u00e7a v\u00eddeo enfocando a for\u00e7a da juventude nos processos de mudan\u00e7as do pa\u00eds","datePublished":"2013-02-28T13:27:06+00:00","dateModified":"2013-03-16T01:54:35+00:00","mainEntityOfPage":{"@id":"https:\/\/www.oarcanjo.net\/site\/5-semana-social-brasileira-lanca-video-enfocando-a-forca-da-juventude-nos-processos-de-mudancas-do-pais\/"},"wordCount":526,"commentCount":0,"publisher":{"@id":"https:\/\/www.oarcanjo.net\/site\/#organization"},"keywords":["Jovens","juventude","Rosto do jovem","Rosto Jovem do Brasil"],"articleSection":["CF","Jovens","Not\u00edcias","V\u00eddeos"],"inLanguage":"pt-BR","potentialAction":[{"@type":"CommentAction","name":"Comment","target":["https:\/\/www.oarcanjo.net\/site\/5-semana-social-brasileira-lanca-video-enfocando-a-forca-da-juventude-nos-processos-de-mudancas-do-pais\/#respond"]}]},{"@type":"WebPage","@id":"https:\/\/www.oarcanjo.net\/site\/5-semana-social-brasileira-lanca-video-enfocando-a-forca-da-juventude-nos-processos-de-mudancas-do-pais\/","url":"https:\/\/www.oarcanjo.net\/site\/5-semana-social-brasileira-lanca-video-enfocando-a-forca-da-juventude-nos-processos-de-mudancas-do-pais\/","name":"5\u00aa Semana Social Brasileira lan\u00e7a v\u00eddeo enfocando a for\u00e7a da juventude nos processos de mudan\u00e7as do pa\u00eds - O Arcanjo no ar","isPartOf":{"@id":"https:\/\/www.oarcanjo.net\/site\/#website"},"datePublished":"2013-02-28T13:27:06+00:00","dateModified":"2013-03-16T01:54:35+00:00","breadcrumb":{"@id":"https:\/\/www.oarcanjo.net\/site\/5-semana-social-brasileira-lanca-video-enfocando-a-forca-da-juventude-nos-processos-de-mudancas-do-pais\/#breadcrumb"},"inLanguage":"pt-BR","potentialAction":[{"@type":"ReadAction","target":["https:\/\/www.oarcanjo.net\/site\/5-semana-social-brasileira-lanca-video-enfocando-a-forca-da-juventude-nos-processos-de-mudancas-do-pais\/"]}]},{"@type":"BreadcrumbList","@id":"https:\/\/www.oarcanjo.net\/site\/5-semana-social-brasileira-lanca-video-enfocando-a-forca-da-juventude-nos-processos-de-mudancas-do-pais\/#breadcrumb","itemListElement":[{"@type":"ListItem","position":1,"name":"In\u00edcio","item":"https:\/\/www.oarcanjo.net\/site\/"},{"@type":"ListItem","position":2,"name":"5\u00aa Semana Social Brasileira lan\u00e7a v\u00eddeo enfocando a for\u00e7a da juventude nos processos de mudan\u00e7as do pa\u00eds"}]},{"@type":"WebSite","@id":"https:\/\/www.oarcanjo.net\/site\/#website","url":"https:\/\/www.oarcanjo.net\/site\/","name":"O Arcanjo no ar","description":"Site da Par\u00f3quia S\u00e3o Miguel Arcanjo (Arquidiocese de SP)","publisher":{"@id":"https:\/\/www.oarcanjo.net\/site\/#organization"},"potentialAction":[{"@type":"SearchAction","target":{"@type":"EntryPoint","urlTemplate":"https:\/\/www.oarcanjo.net\/site\/?s={search_term_string}"},"query-input":{"@type":"PropertyValueSpecification","valueRequired":true,"valueName":"search_term_string"}}],"inLanguage":"pt-BR"},{"@type":"Organization","@id":"https:\/\/www.oarcanjo.net\/site\/#organization","name":"Par\u00f3quia S\u00e3o Miguel Arcanjo","url":"https:\/\/www.oarcanjo.net\/site\/","logo":{"@type":"ImageObject","inLanguage":"pt-BR","@id":"https:\/\/www.oarcanjo.net\/site\/#\/schema\/logo\/image\/","url":"https:\/\/www.oarcanjo.net\/site\/wp-content\/uploads\/LogoOArcanjo.png","contentUrl":"https:\/\/www.oarcanjo.net\/site\/wp-content\/uploads\/LogoOArcanjo.png","width":319,"height":99,"caption":"Par\u00f3quia S\u00e3o Miguel Arcanjo"},"image":{"@id":"https:\/\/www.oarcanjo.net\/site\/#\/schema\/logo\/image\/"},"sameAs":["https:\/\/www.facebook.com\/OArcanjoNoAr\/"]},{"@type":"Person","@id":"https:\/\/www.oarcanjo.net\/site\/#\/schema\/person\/f7024d007863202483a31326673a0838","name":"editor","sameAs":["http:\/\/www.oarcanjo.net"]}]}},"publishpress_future_action":{"enabled":false,"date":"2026-05-07 06:29:42","action":"category","newStatus":"draft","terms":[],"taxonomy":"category"},"publishpress_future_workflow_manual_trigger":{"enabledWorkflows":[]},"_links":{"self":[{"href":"https:\/\/www.oarcanjo.net\/site\/wp-json\/wp\/v2\/posts\/21152"}],"collection":[{"href":"https:\/\/www.oarcanjo.net\/site\/wp-json\/wp\/v2\/posts"}],"about":[{"href":"https:\/\/www.oarcanjo.net\/site\/wp-json\/wp\/v2\/types\/post"}],"author":[{"embeddable":true,"href":"https:\/\/www.oarcanjo.net\/site\/wp-json\/wp\/v2\/users\/5"}],"replies":[{"embeddable":true,"href":"https:\/\/www.oarcanjo.net\/site\/wp-json\/wp\/v2\/comments?post=21152"}],"version-history":[{"count":0,"href":"https:\/\/www.oarcanjo.net\/site\/wp-json\/wp\/v2\/posts\/21152\/revisions"}],"wp:attachment":[{"href":"https:\/\/www.oarcanjo.net\/site\/wp-json\/wp\/v2\/media?parent=21152"}],"wp:term":[{"taxonomy":"category","embeddable":true,"href":"https:\/\/www.oarcanjo.net\/site\/wp-json\/wp\/v2\/categories?post=21152"},{"taxonomy":"post_tag","embeddable":true,"href":"https:\/\/www.oarcanjo.net\/site\/wp-json\/wp\/v2\/tags?post=21152"}],"curies":[{"name":"wp","href":"https:\/\/api.w.org\/{rel}","templated":true}]}}