
{"id":21161,"date":"2013-02-28T11:25:02","date_gmt":"2013-02-28T14:25:02","guid":{"rendered":"http:\/\/www.oarcanjo.net\/site\/?p=21161"},"modified":"2013-02-28T11:25:02","modified_gmt":"2013-02-28T14:25:02","slug":"quaresma-que-eu-procure-mais-amar-que-ser-amado","status":"publish","type":"post","link":"https:\/\/www.oarcanjo.net\/site\/quaresma-que-eu-procure-mais-amar-que-ser-amado\/","title":{"rendered":"Quaresma: que eu procure mais amar, que ser amado"},"content":{"rendered":"<p><em><strong>Leonardo Boff<\/strong><\/em><\/p>\n<p><em>Fazei com que eu procure mais amar, que ser amado.<\/em><\/p>\n<p>Sentir-se amado \u00e9 mais gratificante que amar, pois basta apenas acolher o amor gratuito do outro, sem ser necess\u00e1rio conquist\u00e1-lo ou dar-lhe provas de amor. Sentir-se amado \u00e9 sentir-se importante e precioso para algu\u00e9m. Aumenta a autoestima e refor\u00e7a o sentido de ser.<\/p>\n<p>De repente, sei que estou no cora\u00e7\u00e3o e na mente de outra pessoa. Sou para ela um valor inestim\u00e1vel. Acompanha-me em cada gesto, procura saber cada pormenor da minha hist\u00f3ria, valoriza cada palavra minha e intui amorosamente cada inten\u00e7\u00e3o, por mais secreta que seja.<\/p>\n<p>Aquele que ama vive num estado de consci\u00eancia alterado. Perde o interesse por si mesmo e entrega-se a for\u00e7as que o arrastam irrefreavelmente na dire\u00e7\u00e3o da pessoa amada. Esta aparece aos seus olhos como \u00fanica e diferente de todas as demais no Universo. Experimenta um estado de arrebatamento e de potencializa\u00e7\u00e3o de sentido que, em fun\u00e7\u00e3o da pessoa amada, reorganiza toda a vida.<\/p>\n<p>Todos querem ser amados; pois todos anseiam ser \u00fanicos para algu\u00e9m. A frase mais triste que ouvi foi de uma jovem assistente social, mulher simples do povo, sem grandes dotes de beleza, segundo as pobres conven\u00e7\u00f5es da nossa cultura material: &#8220;Eu nunca fui amada; nunca fui interessante para ningu\u00e9m; ningu\u00e9m at\u00e9 hoje olhou para mim.&#8221; E os seus olhos tra\u00edam uma tristeza infinita. Uma m\u00e1goa profunda com a vida ingrata e cruel pesava em cada uma das suas palavras. O Universo parecia ter desabado sobre ela.<\/p>\n<p>Sem amor, a vida perde significado e densidade. Tudo fica irrelevante e sem valor. \u00c9 fundamental para o brilho da exist\u00eancia sentirmo-nos amados e acolhidos com enternecimento por aqueles que nos cercam. Por detr\u00e1s do ate\u00edsmo, do gnosticismo e do indiferentismo talvez esteja essa experi\u00eancia devastadora: a incapacidade de algu\u00e9m se sentir acolhido como num \u00fatero, aceito como no seio de uma fam\u00edlia e amado incondicionalmente por uma pessoa.<\/p>\n<p>Porque temos esta necessidade inarred\u00e1vel de sermos amados? Porque n\u00f3s, seres humanos, desde que nascemos mostramos a tend\u00eancia para nos unirmos a algo que nos realize, a algo que nos transcenda. As ci\u00eancias da Terra dizem que esse algo representa a a\u00e7\u00e3o da seta do tempo e do impulso da evolu\u00e7\u00e3o a empurrar-nos sempre para a frente e para cima, de converg\u00eancia em converg\u00eancia, na dire\u00e7\u00e3o de uma culmin\u00e2ncia suprema. Os especialistas da psique humana aventam a ideia de que esse desejo de uni\u00e3o representa a mem\u00f3ria ancestral da nossa vida no \u00fatero materno. As religi\u00f5es ensinam que esse algo \u00e9 a \u00e2nsia por Deus como Alfa e \u00d4mega da nossa vida. Seja como for, o ser humano, ao sentir-se amado, vive a experi\u00eancia de ter resgatado o para\u00edso terrestre ou ter chegado \u00e0 Terra da Promiss\u00e3o.<\/p>\n<p>Que significa procurar mais amar, que ser amado? \u00c9 o convite para darmos o salto por cima de n\u00f3s mesmos, para podermos propiciar amor ao outro e aos outros. Ao amar o outro, queremos que ele experimente uma absoluta realiza\u00e7\u00e3o &#8211; ser amado &#8211; e se sinta existencialmente o centro afetivo do nosso universo. Pois \u00e9 exatamente essa a experi\u00eancia que o amor nos permite fazer.<\/p>\n<p>Amar mais do que ser amado \u00e9, ent\u00e3o, a for\u00e7a de sairmos de n\u00f3s mesmos e de nos centrarmos no outro por causa do outro &#8211; dando-lhe valor, cuidado, ternura, cordialidade e convivialidade. S\u00e3o Francisco conseguiu amar os leprosos e todas as criaturas como irm\u00e3os e irm\u00e3s muito queridos. Por isso o seu universo \u00e9 cheio de un\u00e7\u00e3o, enternecimento e respeito, porque permite que todos se sintam amados.<\/p>\n<p>Esta atitude de um amor maior pode resgatar a humanidade amea\u00e7ada e salvar a vida do planeta Terra. Quem tem este tipo de amor superabundante conquista tudo: o pr\u00f3prio cora\u00e7\u00e3o, a salva\u00e7\u00e3o eterna e Deus mesmo.<\/p>\n<p><em>\u00d3 Mestre, fazei que eu procure mais amar, que ser amado. Que eu acolha com generosidade e alegria o amor que me \u00e9 dado, mas que me empenhe sobretudo em fazer com que os que me cercam se sintam amados. Fazei que nos sintamos amados por V\u00f3s para experimentarmos a suprema felicidade concedida nesta vida. Am\u00e9m.<\/em><\/p>\n<div id=\"themify_builder_content-21161\" data-postid=\"21161\" class=\"themify_builder_content themify_builder_content-21161 themify_builder themify_builder_front\">\n\t<\/div>\n<!-- \/themify_builder_content -->","protected":false},"excerpt":{"rendered":"<p>Leonardo Boff Fazei com que eu procure mais amar, que ser amado. Sentir-se amado \u00e9 mais gratificante que amar, pois basta apenas acolher o amor gratuito do outro, sem ser necess\u00e1rio conquist\u00e1-lo ou dar-lhe provas de amor. Sentir-se amado \u00e9 sentir-se importante e precioso para algu\u00e9m. Aumenta a autoestima e refor\u00e7a o sentido de ser. [&hellip;]<\/p>\n","protected":false},"author":5,"featured_media":0,"comment_status":"open","ping_status":"open","sticky":false,"template":"","format":"standard","meta":{"ngg_post_thumbnail":0,"footnotes":""},"categories":[9],"tags":[2411,227],"yoast_head":"<!-- This site is optimized with the Yoast SEO plugin v23.5 - https:\/\/yoast.com\/wordpress\/plugins\/seo\/ -->\n<title>Quaresma: que eu procure mais amar, que ser amado - O Arcanjo no ar<\/title>\n<meta name=\"robots\" content=\"index, follow, max-snippet:-1, max-image-preview:large, max-video-preview:-1\" \/>\n<link rel=\"canonical\" href=\"https:\/\/www.oarcanjo.net\/site\/quaresma-que-eu-procure-mais-amar-que-ser-amado\/\" \/>\n<meta property=\"og:locale\" content=\"pt_BR\" \/>\n<meta property=\"og:type\" content=\"article\" \/>\n<meta property=\"og:title\" content=\"Quaresma: que eu procure mais amar, que ser amado - O Arcanjo no ar\" \/>\n<meta property=\"og:description\" content=\"Leonardo Boff Fazei com que eu procure mais amar, que ser amado. Sentir-se amado \u00e9 mais gratificante que amar, pois basta apenas acolher o amor gratuito do outro, sem ser necess\u00e1rio conquist\u00e1-lo ou dar-lhe provas de amor. Sentir-se amado \u00e9 sentir-se importante e precioso para algu\u00e9m. Aumenta a autoestima e refor\u00e7a o sentido de ser. [&hellip;]\" \/>\n<meta property=\"og:url\" content=\"https:\/\/www.oarcanjo.net\/site\/quaresma-que-eu-procure-mais-amar-que-ser-amado\/\" \/>\n<meta property=\"og:site_name\" content=\"O Arcanjo no ar\" \/>\n<meta property=\"article:publisher\" content=\"https:\/\/www.facebook.com\/OArcanjoNoAr\/\" \/>\n<meta property=\"article:published_time\" content=\"2013-02-28T14:25:02+00:00\" \/>\n<meta property=\"og:image\" content=\"https:\/\/www.oarcanjo.net\/site\/wp-content\/uploads\/logo-o-arcanjo-no-ar-facebook.png\" \/>\n\t<meta property=\"og:image:width\" content=\"300\" \/>\n\t<meta property=\"og:image:height\" content=\"300\" \/>\n\t<meta property=\"og:image:type\" content=\"image\/png\" \/>\n<meta name=\"author\" content=\"editor\" \/>\n<meta name=\"twitter:card\" content=\"summary_large_image\" \/>\n<meta name=\"twitter:label1\" content=\"Escrito por\" \/>\n\t<meta name=\"twitter:data1\" content=\"editor\" \/>\n\t<meta name=\"twitter:label2\" content=\"Est. tempo de leitura\" \/>\n\t<meta name=\"twitter:data2\" content=\"4 minutos\" \/>\n<script type=\"application\/ld+json\" class=\"yoast-schema-graph\">{\"@context\":\"https:\/\/schema.org\",\"@graph\":[{\"@type\":\"Article\",\"@id\":\"https:\/\/www.oarcanjo.net\/site\/quaresma-que-eu-procure-mais-amar-que-ser-amado\/#article\",\"isPartOf\":{\"@id\":\"https:\/\/www.oarcanjo.net\/site\/quaresma-que-eu-procure-mais-amar-que-ser-amado\/\"},\"author\":{\"name\":\"editor\",\"@id\":\"https:\/\/www.oarcanjo.net\/site\/#\/schema\/person\/f7024d007863202483a31326673a0838\"},\"headline\":\"Quaresma: que eu procure mais amar, que ser amado\",\"datePublished\":\"2013-02-28T14:25:02+00:00\",\"dateModified\":\"2013-02-28T14:25:02+00:00\",\"mainEntityOfPage\":{\"@id\":\"https:\/\/www.oarcanjo.net\/site\/quaresma-que-eu-procure-mais-amar-que-ser-amado\/\"},\"wordCount\":735,\"commentCount\":1,\"publisher\":{\"@id\":\"https:\/\/www.oarcanjo.net\/site\/#organization\"},\"keywords\":[\"Amar\",\"Quaresma\"],\"articleSection\":[\"Reflex\u00f5es\"],\"inLanguage\":\"pt-BR\",\"potentialAction\":[{\"@type\":\"CommentAction\",\"name\":\"Comment\",\"target\":[\"https:\/\/www.oarcanjo.net\/site\/quaresma-que-eu-procure-mais-amar-que-ser-amado\/#respond\"]}]},{\"@type\":\"WebPage\",\"@id\":\"https:\/\/www.oarcanjo.net\/site\/quaresma-que-eu-procure-mais-amar-que-ser-amado\/\",\"url\":\"https:\/\/www.oarcanjo.net\/site\/quaresma-que-eu-procure-mais-amar-que-ser-amado\/\",\"name\":\"Quaresma: que eu procure mais amar, que ser amado - O Arcanjo no ar\",\"isPartOf\":{\"@id\":\"https:\/\/www.oarcanjo.net\/site\/#website\"},\"datePublished\":\"2013-02-28T14:25:02+00:00\",\"dateModified\":\"2013-02-28T14:25:02+00:00\",\"breadcrumb\":{\"@id\":\"https:\/\/www.oarcanjo.net\/site\/quaresma-que-eu-procure-mais-amar-que-ser-amado\/#breadcrumb\"},\"inLanguage\":\"pt-BR\",\"potentialAction\":[{\"@type\":\"ReadAction\",\"target\":[\"https:\/\/www.oarcanjo.net\/site\/quaresma-que-eu-procure-mais-amar-que-ser-amado\/\"]}]},{\"@type\":\"BreadcrumbList\",\"@id\":\"https:\/\/www.oarcanjo.net\/site\/quaresma-que-eu-procure-mais-amar-que-ser-amado\/#breadcrumb\",\"itemListElement\":[{\"@type\":\"ListItem\",\"position\":1,\"name\":\"In\u00edcio\",\"item\":\"https:\/\/www.oarcanjo.net\/site\/\"},{\"@type\":\"ListItem\",\"position\":2,\"name\":\"Quaresma: que eu procure mais amar, que ser amado\"}]},{\"@type\":\"WebSite\",\"@id\":\"https:\/\/www.oarcanjo.net\/site\/#website\",\"url\":\"https:\/\/www.oarcanjo.net\/site\/\",\"name\":\"O Arcanjo no ar\",\"description\":\"Site da Par\u00f3quia S\u00e3o Miguel Arcanjo (Arquidiocese de SP)\",\"publisher\":{\"@id\":\"https:\/\/www.oarcanjo.net\/site\/#organization\"},\"potentialAction\":[{\"@type\":\"SearchAction\",\"target\":{\"@type\":\"EntryPoint\",\"urlTemplate\":\"https:\/\/www.oarcanjo.net\/site\/?s={search_term_string}\"},\"query-input\":{\"@type\":\"PropertyValueSpecification\",\"valueRequired\":true,\"valueName\":\"search_term_string\"}}],\"inLanguage\":\"pt-BR\"},{\"@type\":\"Organization\",\"@id\":\"https:\/\/www.oarcanjo.net\/site\/#organization\",\"name\":\"Par\u00f3quia S\u00e3o Miguel Arcanjo\",\"url\":\"https:\/\/www.oarcanjo.net\/site\/\",\"logo\":{\"@type\":\"ImageObject\",\"inLanguage\":\"pt-BR\",\"@id\":\"https:\/\/www.oarcanjo.net\/site\/#\/schema\/logo\/image\/\",\"url\":\"https:\/\/www.oarcanjo.net\/site\/wp-content\/uploads\/LogoOArcanjo.png\",\"contentUrl\":\"https:\/\/www.oarcanjo.net\/site\/wp-content\/uploads\/LogoOArcanjo.png\",\"width\":319,\"height\":99,\"caption\":\"Par\u00f3quia S\u00e3o Miguel Arcanjo\"},\"image\":{\"@id\":\"https:\/\/www.oarcanjo.net\/site\/#\/schema\/logo\/image\/\"},\"sameAs\":[\"https:\/\/www.facebook.com\/OArcanjoNoAr\/\"]},{\"@type\":\"Person\",\"@id\":\"https:\/\/www.oarcanjo.net\/site\/#\/schema\/person\/f7024d007863202483a31326673a0838\",\"name\":\"editor\",\"sameAs\":[\"http:\/\/www.oarcanjo.net\"]}]}<\/script>\n<!-- \/ Yoast SEO plugin. -->","yoast_head_json":{"title":"Quaresma: que eu procure mais amar, que ser amado - O Arcanjo no ar","robots":{"index":"index","follow":"follow","max-snippet":"max-snippet:-1","max-image-preview":"max-image-preview:large","max-video-preview":"max-video-preview:-1"},"canonical":"https:\/\/www.oarcanjo.net\/site\/quaresma-que-eu-procure-mais-amar-que-ser-amado\/","og_locale":"pt_BR","og_type":"article","og_title":"Quaresma: que eu procure mais amar, que ser amado - O Arcanjo no ar","og_description":"Leonardo Boff Fazei com que eu procure mais amar, que ser amado. Sentir-se amado \u00e9 mais gratificante que amar, pois basta apenas acolher o amor gratuito do outro, sem ser necess\u00e1rio conquist\u00e1-lo ou dar-lhe provas de amor. Sentir-se amado \u00e9 sentir-se importante e precioso para algu\u00e9m. Aumenta a autoestima e refor\u00e7a o sentido de ser. [&hellip;]","og_url":"https:\/\/www.oarcanjo.net\/site\/quaresma-que-eu-procure-mais-amar-que-ser-amado\/","og_site_name":"O Arcanjo no ar","article_publisher":"https:\/\/www.facebook.com\/OArcanjoNoAr\/","article_published_time":"2013-02-28T14:25:02+00:00","og_image":[{"width":300,"height":300,"url":"https:\/\/www.oarcanjo.net\/site\/wp-content\/uploads\/logo-o-arcanjo-no-ar-facebook.png","type":"image\/png"}],"author":"editor","twitter_card":"summary_large_image","twitter_misc":{"Escrito por":"editor","Est. tempo de leitura":"4 minutos"},"schema":{"@context":"https:\/\/schema.org","@graph":[{"@type":"Article","@id":"https:\/\/www.oarcanjo.net\/site\/quaresma-que-eu-procure-mais-amar-que-ser-amado\/#article","isPartOf":{"@id":"https:\/\/www.oarcanjo.net\/site\/quaresma-que-eu-procure-mais-amar-que-ser-amado\/"},"author":{"name":"editor","@id":"https:\/\/www.oarcanjo.net\/site\/#\/schema\/person\/f7024d007863202483a31326673a0838"},"headline":"Quaresma: que eu procure mais amar, que ser amado","datePublished":"2013-02-28T14:25:02+00:00","dateModified":"2013-02-28T14:25:02+00:00","mainEntityOfPage":{"@id":"https:\/\/www.oarcanjo.net\/site\/quaresma-que-eu-procure-mais-amar-que-ser-amado\/"},"wordCount":735,"commentCount":1,"publisher":{"@id":"https:\/\/www.oarcanjo.net\/site\/#organization"},"keywords":["Amar","Quaresma"],"articleSection":["Reflex\u00f5es"],"inLanguage":"pt-BR","potentialAction":[{"@type":"CommentAction","name":"Comment","target":["https:\/\/www.oarcanjo.net\/site\/quaresma-que-eu-procure-mais-amar-que-ser-amado\/#respond"]}]},{"@type":"WebPage","@id":"https:\/\/www.oarcanjo.net\/site\/quaresma-que-eu-procure-mais-amar-que-ser-amado\/","url":"https:\/\/www.oarcanjo.net\/site\/quaresma-que-eu-procure-mais-amar-que-ser-amado\/","name":"Quaresma: que eu procure mais amar, que ser amado - O Arcanjo no ar","isPartOf":{"@id":"https:\/\/www.oarcanjo.net\/site\/#website"},"datePublished":"2013-02-28T14:25:02+00:00","dateModified":"2013-02-28T14:25:02+00:00","breadcrumb":{"@id":"https:\/\/www.oarcanjo.net\/site\/quaresma-que-eu-procure-mais-amar-que-ser-amado\/#breadcrumb"},"inLanguage":"pt-BR","potentialAction":[{"@type":"ReadAction","target":["https:\/\/www.oarcanjo.net\/site\/quaresma-que-eu-procure-mais-amar-que-ser-amado\/"]}]},{"@type":"BreadcrumbList","@id":"https:\/\/www.oarcanjo.net\/site\/quaresma-que-eu-procure-mais-amar-que-ser-amado\/#breadcrumb","itemListElement":[{"@type":"ListItem","position":1,"name":"In\u00edcio","item":"https:\/\/www.oarcanjo.net\/site\/"},{"@type":"ListItem","position":2,"name":"Quaresma: que eu procure mais amar, que ser amado"}]},{"@type":"WebSite","@id":"https:\/\/www.oarcanjo.net\/site\/#website","url":"https:\/\/www.oarcanjo.net\/site\/","name":"O Arcanjo no ar","description":"Site da Par\u00f3quia S\u00e3o Miguel Arcanjo (Arquidiocese de SP)","publisher":{"@id":"https:\/\/www.oarcanjo.net\/site\/#organization"},"potentialAction":[{"@type":"SearchAction","target":{"@type":"EntryPoint","urlTemplate":"https:\/\/www.oarcanjo.net\/site\/?s={search_term_string}"},"query-input":{"@type":"PropertyValueSpecification","valueRequired":true,"valueName":"search_term_string"}}],"inLanguage":"pt-BR"},{"@type":"Organization","@id":"https:\/\/www.oarcanjo.net\/site\/#organization","name":"Par\u00f3quia S\u00e3o Miguel Arcanjo","url":"https:\/\/www.oarcanjo.net\/site\/","logo":{"@type":"ImageObject","inLanguage":"pt-BR","@id":"https:\/\/www.oarcanjo.net\/site\/#\/schema\/logo\/image\/","url":"https:\/\/www.oarcanjo.net\/site\/wp-content\/uploads\/LogoOArcanjo.png","contentUrl":"https:\/\/www.oarcanjo.net\/site\/wp-content\/uploads\/LogoOArcanjo.png","width":319,"height":99,"caption":"Par\u00f3quia S\u00e3o Miguel Arcanjo"},"image":{"@id":"https:\/\/www.oarcanjo.net\/site\/#\/schema\/logo\/image\/"},"sameAs":["https:\/\/www.facebook.com\/OArcanjoNoAr\/"]},{"@type":"Person","@id":"https:\/\/www.oarcanjo.net\/site\/#\/schema\/person\/f7024d007863202483a31326673a0838","name":"editor","sameAs":["http:\/\/www.oarcanjo.net"]}]}},"publishpress_future_action":{"enabled":false,"date":"2026-05-09 05:55:18","action":"category","newStatus":"draft","terms":[],"taxonomy":"category"},"publishpress_future_workflow_manual_trigger":{"enabledWorkflows":[]},"_links":{"self":[{"href":"https:\/\/www.oarcanjo.net\/site\/wp-json\/wp\/v2\/posts\/21161"}],"collection":[{"href":"https:\/\/www.oarcanjo.net\/site\/wp-json\/wp\/v2\/posts"}],"about":[{"href":"https:\/\/www.oarcanjo.net\/site\/wp-json\/wp\/v2\/types\/post"}],"author":[{"embeddable":true,"href":"https:\/\/www.oarcanjo.net\/site\/wp-json\/wp\/v2\/users\/5"}],"replies":[{"embeddable":true,"href":"https:\/\/www.oarcanjo.net\/site\/wp-json\/wp\/v2\/comments?post=21161"}],"version-history":[{"count":0,"href":"https:\/\/www.oarcanjo.net\/site\/wp-json\/wp\/v2\/posts\/21161\/revisions"}],"wp:attachment":[{"href":"https:\/\/www.oarcanjo.net\/site\/wp-json\/wp\/v2\/media?parent=21161"}],"wp:term":[{"taxonomy":"category","embeddable":true,"href":"https:\/\/www.oarcanjo.net\/site\/wp-json\/wp\/v2\/categories?post=21161"},{"taxonomy":"post_tag","embeddable":true,"href":"https:\/\/www.oarcanjo.net\/site\/wp-json\/wp\/v2\/tags?post=21161"}],"curies":[{"name":"wp","href":"https:\/\/api.w.org\/{rel}","templated":true}]}}