
{"id":2118,"date":"2009-03-01T01:53:38","date_gmt":"2009-03-01T04:53:38","guid":{"rendered":"http:\/\/www.oarcanjo.net\/site\/?p=2118"},"modified":"2012-03-18T01:58:39","modified_gmt":"2012-03-18T04:58:39","slug":"via-sacra","status":"publish","type":"post","link":"https:\/\/www.oarcanjo.net\/site\/via-sacra\/","title":{"rendered":"Via Sacra"},"content":{"rendered":"<p>Ou\u00e7a abaixo a Via Sacra da <strong>Voz do Arcanjo<\/strong> com a participa\u00e7\u00e3o dos padres J\u00falio Lancellotti, da par\u00f3quia S\u00e3o Miguel Arcanjo, Dervile Alon\u00e7o, da S\u00e3o Pedro Ap\u00f3stolo do Jardim Independ\u00eancia, e Tarc\u00edsio Marques Mesquita, da Santa Isabel Rainha:<\/p>\n<p><img loading=\"lazy\" decoding=\"async\" title=\"Via Sacra - 1\u00aa Esta\u00e7\u00e3o\" src=\"http:\/\/www.oarcanjo.net\/site\/wp-content\/uploads\/via-sacra-1-estacao.gif\" alt=\"Via Sacra - 1\u00aa Esta\u00e7\u00e3o\" width=\"100\" height=\"130\" \/><br \/>\n[audio:ViaSacra2009-01.mp3]<br \/>\n<img loading=\"lazy\" decoding=\"async\" src=\"http:\/\/www.oarcanjo.net\/site\/wp-content\/uploads\/espaco-50.gif\" alt=\"\" width=\"20\" height=\"30\" \/><\/p>\n<p><img loading=\"lazy\" decoding=\"async\" title=\"Via Sacra - 2\u00aa Esta\u00e7\u00e3o\" src=\"http:\/\/www.oarcanjo.net\/site\/wp-content\/uploads\/via-sacra-2-estacao.gif\" alt=\"Via Sacra - 2\u00aa Esta\u00e7\u00e3o\" width=\"100\" height=\"130\" \/><br \/>\n[audio:ViaSacra2009-02.mp3]<br \/>\n<img loading=\"lazy\" decoding=\"async\" src=\"http:\/\/www.oarcanjo.net\/site\/wp-content\/uploads\/espaco-50.gif\" alt=\"\" width=\"20\" height=\"30\" \/><\/p>\n<p><img loading=\"lazy\" decoding=\"async\" title=\"Via Sacra - 3\u00aa Esta\u00e7\u00e3o\" src=\"http:\/\/www.oarcanjo.net\/site\/wp-content\/uploads\/via-sacra-3-estacao.gif\" alt=\"Via Sacra - 3\u00aa Esta\u00e7\u00e3o\" width=\"100\" height=\"130\" \/><br \/>\n[audio:ViaSacra2009-03.mp3]<br \/>\n<img loading=\"lazy\" decoding=\"async\" src=\"http:\/\/www.oarcanjo.net\/site\/wp-content\/uploads\/espaco-50.gif\" alt=\"\" width=\"20\" height=\"30\" \/><\/p>\n<p><img loading=\"lazy\" decoding=\"async\" title=\"Via Sacra - 4\u00aa Esta\u00e7\u00e3o\" src=\"http:\/\/www.oarcanjo.net\/site\/wp-content\/uploads\/via-sacra-4-estacao.gif\" alt=\"Via Sacra - 4\u00aa Esta\u00e7\u00e3o\" width=\"100\" height=\"130\" \/><br \/>\n[audio:ViaSacra2009-04.mp3]<br \/>\n<img loading=\"lazy\" decoding=\"async\" src=\"http:\/\/www.oarcanjo.net\/site\/wp-content\/uploads\/espaco-50.gif\" alt=\"\" width=\"20\" height=\"30\" \/><\/p>\n<p><img loading=\"lazy\" decoding=\"async\" title=\"Via Sacra - 5\u00aa Esta\u00e7\u00e3o\" src=\"http:\/\/www.oarcanjo.net\/site\/wp-content\/uploads\/via-sacra-5-estacao.gif\" alt=\"Via Sacra - 5\u00aa Esta\u00e7\u00e3o\" width=\"100\" height=\"130\" \/><br \/>\n[audio:ViaSacra2009-05.mp3]<br \/>\n<img loading=\"lazy\" decoding=\"async\" src=\"http:\/\/www.oarcanjo.net\/site\/wp-content\/uploads\/espaco-50.gif\" alt=\"\" width=\"20\" height=\"30\" \/><\/p>\n<p><img loading=\"lazy\" decoding=\"async\" title=\"Via Sacra - 6\u00aa Esta\u00e7\u00e3o\" src=\"http:\/\/www.oarcanjo.net\/site\/wp-content\/uploads\/via-sacra-6-estacao.gif\" alt=\"Via Sacra - 6\u00aa Esta\u00e7\u00e3o\" width=\"100\" height=\"130\" \/><br \/>\n[audio:ViaSacra2009-06.mp3]<br \/>\n<img loading=\"lazy\" decoding=\"async\" src=\"http:\/\/www.oarcanjo.net\/site\/wp-content\/uploads\/espaco-50.gif\" alt=\"\" width=\"20\" height=\"30\" \/><\/p>\n<p><img loading=\"lazy\" decoding=\"async\" title=\"Via Sacra - 7\u00aa Esta\u00e7\u00e3o\" src=\"http:\/\/www.oarcanjo.net\/site\/wp-content\/uploads\/via-sacra-7-estacao.gif\" alt=\"Via Sacra - 7\u00aa Esta\u00e7\u00e3o\" width=\"100\" height=\"130\" \/><br \/>\n[audio:ViaSacra2009-07.mp3]<br \/>\n<img loading=\"lazy\" decoding=\"async\" src=\"http:\/\/www.oarcanjo.net\/site\/wp-content\/uploads\/espaco-50.gif\" alt=\"\" width=\"20\" height=\"30\" \/><\/p>\n<p><img loading=\"lazy\" decoding=\"async\" title=\"Via Sacra - 8\u00aa Esta\u00e7\u00e3o\" src=\"http:\/\/www.oarcanjo.net\/site\/wp-content\/uploads\/via-sacra-8-estacao.gif\" alt=\"Via Sacra - 8\u00aa Esta\u00e7\u00e3o\" width=\"100\" height=\"130\" \/><br \/>\n[audio:ViaSacra2009-08.mp3]<br \/>\n<img loading=\"lazy\" decoding=\"async\" src=\"http:\/\/www.oarcanjo.net\/site\/wp-content\/uploads\/espaco-50.gif\" alt=\"\" width=\"20\" height=\"30\" \/><\/p>\n<p><img loading=\"lazy\" decoding=\"async\" title=\"Via Sacra - 9\u00aa Esta\u00e7\u00e3o\" src=\"http:\/\/www.oarcanjo.net\/site\/wp-content\/uploads\/via-sacra-9-estacao.gif\" alt=\"Via Sacra - 9\u00aa Esta\u00e7\u00e3o\" width=\"100\" height=\"130\" \/><br \/>\n[audio:ViaSacra2009-09.mp3]<br \/>\n<img loading=\"lazy\" decoding=\"async\" src=\"http:\/\/www.oarcanjo.net\/site\/wp-content\/uploads\/espaco-50.gif\" alt=\"\" width=\"20\" height=\"30\" \/><\/p>\n<p><img loading=\"lazy\" decoding=\"async\" title=\"Via Sacra - 10\u00aa Esta\u00e7\u00e3o\" src=\"http:\/\/www.oarcanjo.net\/site\/wp-content\/uploads\/via-sacra-10-estacao.gif\" alt=\"Via Sacra - 10\u00aa Esta\u00e7\u00e3o\" width=\"100\" height=\"130\" \/><br \/>\n[audio:ViaSacra2009-10.mp3]<br \/>\n<img loading=\"lazy\" decoding=\"async\" src=\"http:\/\/www.oarcanjo.net\/site\/wp-content\/uploads\/espaco-50.gif\" alt=\"\" width=\"20\" height=\"30\" \/><\/p>\n<p><img loading=\"lazy\" decoding=\"async\" title=\"Via Sacra - 11\u00aa Esta\u00e7\u00e3o\" src=\"http:\/\/www.oarcanjo.net\/site\/wp-content\/uploads\/via-sacra-11-estacao.gif\" alt=\"Via Sacra - 11\u00aa Esta\u00e7\u00e3o\" width=\"100\" height=\"130\" \/><br \/>\n[audio:ViaSacra2009-11.mp3]<br \/>\n<img loading=\"lazy\" decoding=\"async\" src=\"http:\/\/www.oarcanjo.net\/site\/wp-content\/uploads\/espaco-50.gif\" alt=\"\" width=\"20\" height=\"30\" \/><\/p>\n<p><img loading=\"lazy\" decoding=\"async\" title=\"Via Sacra - 12\u00aa Esta\u00e7\u00e3o\" src=\"http:\/\/www.oarcanjo.net\/site\/wp-content\/uploads\/via-sacra-12-estacao.gif\" alt=\"Via Sacra - 12\u00aa Esta\u00e7\u00e3o\" width=\"100\" height=\"130\" \/><br \/>\n[audio:ViaSacra2009-12.mp3]<br \/>\n<img loading=\"lazy\" decoding=\"async\" src=\"http:\/\/www.oarcanjo.net\/site\/wp-content\/uploads\/espaco-50.gif\" alt=\"\" width=\"20\" height=\"30\" \/><\/p>\n<p><img loading=\"lazy\" decoding=\"async\" title=\"Via Sacra - 13\u00aa Esta\u00e7\u00e3o\" src=\"http:\/\/www.oarcanjo.net\/site\/wp-content\/uploads\/via-sacra-13-estacao.gif\" alt=\"Via Sacra - 13\u00aa Esta\u00e7\u00e3o\" width=\"100\" height=\"130\" \/><br \/>\n[audio:ViaSacra2009-13.mp3]<br \/>\n<img loading=\"lazy\" decoding=\"async\" src=\"http:\/\/www.oarcanjo.net\/site\/wp-content\/uploads\/espaco-50.gif\" alt=\"\" width=\"20\" height=\"30\" \/><\/p>\n<p><img loading=\"lazy\" decoding=\"async\" title=\"Via Sacra - 14\u00aa Esta\u00e7\u00e3o\" src=\"http:\/\/www.oarcanjo.net\/site\/wp-content\/uploads\/via-sacra-14-estacao.gif\" alt=\"Via Sacra - 14\u00aa Esta\u00e7\u00e3o\" width=\"100\" height=\"130\" \/><br \/>\n[audio:ViaSacra2009-14.mp3]<br \/>\n<img loading=\"lazy\" decoding=\"async\" src=\"http:\/\/www.oarcanjo.net\/site\/wp-content\/uploads\/espaco-50.gif\" alt=\"\" width=\"20\" height=\"30\" \/><\/p>\n<p><img loading=\"lazy\" decoding=\"async\" title=\"Via Sacra - 15\u00aa Esta\u00e7\u00e3o\" src=\"http:\/\/www.oarcanjo.net\/site\/wp-content\/uploads\/via-sacra-15-estacao2.gif\" alt=\"Via Sacra - 15\u00aa Esta\u00e7\u00e3o\" width=\"100\" height=\"130\" \/><br \/>\n[audio:ViaSacra2009-15.mp3]<\/p>\n<hr \/>\n<p><strong>Cr\u00e9ditos:<\/strong><\/p>\n<p>&nbsp;<\/p>\n<p>Esta mensagem e a Via Sacra foram produzidas nos est\u00fadios da Universidade S\u00e3o Judas Tadeu e contaram com os trabalhos de:<\/p>\n<p><strong>Locu\u00e7\u00e3o<\/strong><br \/>\nArlete Taboada<br \/>\nEduardo Maciel<br \/>\nLilian Mesquita<br \/>\nLucas Cangelli<br \/>\nMarcelo Aprille<br \/>\nMarcelo Fernandes<\/p>\n<p><strong>Vozes<\/strong><br \/>\nBeatriz Dion\u00edsio<br \/>\nD\u00e9bora Rangel<br \/>\nDaniel Tavares<br \/>\nFelipe Vilhena<br \/>\nLet\u00edcia Castilho<br \/>\nLet\u00edcia Ribeiro<br \/>\nLeandro Furtado<br \/>\nMariana Fernandes<br \/>\nVanessa Coelho<br \/>\nPe. Dervile Alon\u00e7o<br \/>\nPe. J\u00falio Lancellotti<br \/>\nPe. Tarc\u00edsio Marques Mesquita<\/p>\n<p><strong>Roteiro e produ\u00e7\u00e3o<\/strong><br \/>\nCarmen L\u00facia Jos\u00e9<\/p>\n<p><strong>Trilha musical<\/strong><br \/>\nLiliana Furrier Marchesi<\/p>\n<p><strong>\u00c1udio<\/strong><br \/>\nMarcelo Fernandes<\/p>\n<div id=\"themify_builder_content-2118\" data-postid=\"2118\" class=\"themify_builder_content themify_builder_content-2118 themify_builder themify_builder_front\">\n\t<\/div>\n<!-- \/themify_builder_content -->","protected":false},"excerpt":{"rendered":"<p>Ou\u00e7a abaixo a Via Sacra da Voz do Arcanjo com a participa\u00e7\u00e3o dos padres J\u00falio Lancellotti, da par\u00f3quia S\u00e3o Miguel Arcanjo, Dervile Alon\u00e7o, da S\u00e3o Pedro Ap\u00f3stolo do Jardim Independ\u00eancia, e Tarc\u00edsio Marques Mesquita, da Santa Isabel Rainha: [audio:ViaSacra2009-01.mp3] [audio:ViaSacra2009-02.mp3] [audio:ViaSacra2009-03.mp3] [audio:ViaSacra2009-04.mp3] [audio:ViaSacra2009-05.mp3] [audio:ViaSacra2009-06.mp3] [audio:ViaSacra2009-07.mp3] [audio:ViaSacra2009-08.mp3] [audio:ViaSacra2009-09.mp3] [audio:ViaSacra2009-10.mp3] [audio:ViaSacra2009-11.mp3] [audio:ViaSacra2009-12.mp3] [audio:ViaSacra2009-13.mp3] [audio:ViaSacra2009-14.mp3] [audio:ViaSacra2009-15.mp3] Cr\u00e9ditos: &nbsp; [&hellip;]<\/p>\n","protected":false},"author":5,"featured_media":0,"comment_status":"open","ping_status":"open","sticky":false,"template":"","format":"standard","meta":{"ngg_post_thumbnail":0,"footnotes":""},"categories":[5],"tags":[294],"yoast_head":"<!-- This site is optimized with the Yoast SEO plugin v23.5 - https:\/\/yoast.com\/wordpress\/plugins\/seo\/ -->\n<title>Via Sacra - O Arcanjo no ar<\/title>\n<meta name=\"robots\" content=\"index, follow, max-snippet:-1, max-image-preview:large, max-video-preview:-1\" \/>\n<link rel=\"canonical\" href=\"https:\/\/www.oarcanjo.net\/site\/via-sacra\/\" \/>\n<meta property=\"og:locale\" content=\"pt_BR\" \/>\n<meta property=\"og:type\" content=\"article\" \/>\n<meta property=\"og:title\" content=\"Via Sacra - O Arcanjo no ar\" \/>\n<meta property=\"og:description\" content=\"Ou\u00e7a abaixo a Via Sacra da Voz do Arcanjo com a participa\u00e7\u00e3o dos padres J\u00falio Lancellotti, da par\u00f3quia S\u00e3o Miguel Arcanjo, Dervile Alon\u00e7o, da S\u00e3o Pedro Ap\u00f3stolo do Jardim Independ\u00eancia, e Tarc\u00edsio Marques Mesquita, da Santa Isabel Rainha: [audio:ViaSacra2009-01.mp3] [audio:ViaSacra2009-02.mp3] [audio:ViaSacra2009-03.mp3] [audio:ViaSacra2009-04.mp3] [audio:ViaSacra2009-05.mp3] [audio:ViaSacra2009-06.mp3] [audio:ViaSacra2009-07.mp3] [audio:ViaSacra2009-08.mp3] [audio:ViaSacra2009-09.mp3] [audio:ViaSacra2009-10.mp3] [audio:ViaSacra2009-11.mp3] [audio:ViaSacra2009-12.mp3] [audio:ViaSacra2009-13.mp3] [audio:ViaSacra2009-14.mp3] [audio:ViaSacra2009-15.mp3] Cr\u00e9ditos: &nbsp; [&hellip;]\" \/>\n<meta property=\"og:url\" content=\"https:\/\/www.oarcanjo.net\/site\/via-sacra\/\" \/>\n<meta property=\"og:site_name\" content=\"O Arcanjo no ar\" \/>\n<meta property=\"article:publisher\" content=\"https:\/\/www.facebook.com\/OArcanjoNoAr\/\" \/>\n<meta property=\"article:published_time\" content=\"2009-03-01T04:53:38+00:00\" \/>\n<meta property=\"article:modified_time\" content=\"2012-03-18T04:58:39+00:00\" \/>\n<meta property=\"og:image\" content=\"http:\/\/www.oarcanjo.net\/site\/wp-content\/uploads\/via-sacra-1-estacao.gif\" \/>\n<meta name=\"author\" content=\"editor\" \/>\n<meta name=\"twitter:card\" content=\"summary_large_image\" \/>\n<meta name=\"twitter:label1\" content=\"Escrito por\" \/>\n\t<meta name=\"twitter:data1\" content=\"editor\" \/>\n\t<meta name=\"twitter:label2\" content=\"Est. tempo de leitura\" \/>\n\t<meta name=\"twitter:data2\" content=\"1 minuto\" \/>\n<script type=\"application\/ld+json\" class=\"yoast-schema-graph\">{\"@context\":\"https:\/\/schema.org\",\"@graph\":[{\"@type\":\"Article\",\"@id\":\"https:\/\/www.oarcanjo.net\/site\/via-sacra\/#article\",\"isPartOf\":{\"@id\":\"https:\/\/www.oarcanjo.net\/site\/via-sacra\/\"},\"author\":{\"name\":\"editor\",\"@id\":\"https:\/\/www.oarcanjo.net\/site\/#\/schema\/person\/f7024d007863202483a31326673a0838\"},\"headline\":\"Via Sacra\",\"datePublished\":\"2009-03-01T04:53:38+00:00\",\"dateModified\":\"2012-03-18T04:58:39+00:00\",\"mainEntityOfPage\":{\"@id\":\"https:\/\/www.oarcanjo.net\/site\/via-sacra\/\"},\"wordCount\":202,\"commentCount\":46,\"publisher\":{\"@id\":\"https:\/\/www.oarcanjo.net\/site\/#organization\"},\"image\":{\"@id\":\"https:\/\/www.oarcanjo.net\/site\/via-sacra\/#primaryimage\"},\"thumbnailUrl\":\"http:\/\/www.oarcanjo.net\/site\/wp-content\/uploads\/via-sacra-1-estacao.gif\",\"keywords\":[\"Via Sacra\"],\"articleSection\":[\"Voz do Arcanjo\"],\"inLanguage\":\"pt-BR\",\"potentialAction\":[{\"@type\":\"CommentAction\",\"name\":\"Comment\",\"target\":[\"https:\/\/www.oarcanjo.net\/site\/via-sacra\/#respond\"]}]},{\"@type\":\"WebPage\",\"@id\":\"https:\/\/www.oarcanjo.net\/site\/via-sacra\/\",\"url\":\"https:\/\/www.oarcanjo.net\/site\/via-sacra\/\",\"name\":\"Via Sacra - O Arcanjo no ar\",\"isPartOf\":{\"@id\":\"https:\/\/www.oarcanjo.net\/site\/#website\"},\"primaryImageOfPage\":{\"@id\":\"https:\/\/www.oarcanjo.net\/site\/via-sacra\/#primaryimage\"},\"image\":{\"@id\":\"https:\/\/www.oarcanjo.net\/site\/via-sacra\/#primaryimage\"},\"thumbnailUrl\":\"http:\/\/www.oarcanjo.net\/site\/wp-content\/uploads\/via-sacra-1-estacao.gif\",\"datePublished\":\"2009-03-01T04:53:38+00:00\",\"dateModified\":\"2012-03-18T04:58:39+00:00\",\"breadcrumb\":{\"@id\":\"https:\/\/www.oarcanjo.net\/site\/via-sacra\/#breadcrumb\"},\"inLanguage\":\"pt-BR\",\"potentialAction\":[{\"@type\":\"ReadAction\",\"target\":[\"https:\/\/www.oarcanjo.net\/site\/via-sacra\/\"]}]},{\"@type\":\"ImageObject\",\"inLanguage\":\"pt-BR\",\"@id\":\"https:\/\/www.oarcanjo.net\/site\/via-sacra\/#primaryimage\",\"url\":\"http:\/\/www.oarcanjo.net\/site\/wp-content\/uploads\/via-sacra-1-estacao.gif\",\"contentUrl\":\"http:\/\/www.oarcanjo.net\/site\/wp-content\/uploads\/via-sacra-1-estacao.gif\"},{\"@type\":\"BreadcrumbList\",\"@id\":\"https:\/\/www.oarcanjo.net\/site\/via-sacra\/#breadcrumb\",\"itemListElement\":[{\"@type\":\"ListItem\",\"position\":1,\"name\":\"In\u00edcio\",\"item\":\"https:\/\/www.oarcanjo.net\/site\/\"},{\"@type\":\"ListItem\",\"position\":2,\"name\":\"Via Sacra\"}]},{\"@type\":\"WebSite\",\"@id\":\"https:\/\/www.oarcanjo.net\/site\/#website\",\"url\":\"https:\/\/www.oarcanjo.net\/site\/\",\"name\":\"O Arcanjo no ar\",\"description\":\"Site da Par\u00f3quia S\u00e3o Miguel Arcanjo (Arquidiocese de SP)\",\"publisher\":{\"@id\":\"https:\/\/www.oarcanjo.net\/site\/#organization\"},\"potentialAction\":[{\"@type\":\"SearchAction\",\"target\":{\"@type\":\"EntryPoint\",\"urlTemplate\":\"https:\/\/www.oarcanjo.net\/site\/?s={search_term_string}\"},\"query-input\":{\"@type\":\"PropertyValueSpecification\",\"valueRequired\":true,\"valueName\":\"search_term_string\"}}],\"inLanguage\":\"pt-BR\"},{\"@type\":\"Organization\",\"@id\":\"https:\/\/www.oarcanjo.net\/site\/#organization\",\"name\":\"Par\u00f3quia S\u00e3o Miguel Arcanjo\",\"url\":\"https:\/\/www.oarcanjo.net\/site\/\",\"logo\":{\"@type\":\"ImageObject\",\"inLanguage\":\"pt-BR\",\"@id\":\"https:\/\/www.oarcanjo.net\/site\/#\/schema\/logo\/image\/\",\"url\":\"https:\/\/www.oarcanjo.net\/site\/wp-content\/uploads\/LogoOArcanjo.png\",\"contentUrl\":\"https:\/\/www.oarcanjo.net\/site\/wp-content\/uploads\/LogoOArcanjo.png\",\"width\":319,\"height\":99,\"caption\":\"Par\u00f3quia S\u00e3o Miguel Arcanjo\"},\"image\":{\"@id\":\"https:\/\/www.oarcanjo.net\/site\/#\/schema\/logo\/image\/\"},\"sameAs\":[\"https:\/\/www.facebook.com\/OArcanjoNoAr\/\"]},{\"@type\":\"Person\",\"@id\":\"https:\/\/www.oarcanjo.net\/site\/#\/schema\/person\/f7024d007863202483a31326673a0838\",\"name\":\"editor\",\"sameAs\":[\"http:\/\/www.oarcanjo.net\"]}]}<\/script>\n<!-- \/ Yoast SEO plugin. -->","yoast_head_json":{"title":"Via Sacra - O Arcanjo no ar","robots":{"index":"index","follow":"follow","max-snippet":"max-snippet:-1","max-image-preview":"max-image-preview:large","max-video-preview":"max-video-preview:-1"},"canonical":"https:\/\/www.oarcanjo.net\/site\/via-sacra\/","og_locale":"pt_BR","og_type":"article","og_title":"Via Sacra - O Arcanjo no ar","og_description":"Ou\u00e7a abaixo a Via Sacra da Voz do Arcanjo com a participa\u00e7\u00e3o dos padres J\u00falio Lancellotti, da par\u00f3quia S\u00e3o Miguel Arcanjo, Dervile Alon\u00e7o, da S\u00e3o Pedro Ap\u00f3stolo do Jardim Independ\u00eancia, e Tarc\u00edsio Marques Mesquita, da Santa Isabel Rainha: [audio:ViaSacra2009-01.mp3] [audio:ViaSacra2009-02.mp3] [audio:ViaSacra2009-03.mp3] [audio:ViaSacra2009-04.mp3] [audio:ViaSacra2009-05.mp3] [audio:ViaSacra2009-06.mp3] [audio:ViaSacra2009-07.mp3] [audio:ViaSacra2009-08.mp3] [audio:ViaSacra2009-09.mp3] [audio:ViaSacra2009-10.mp3] [audio:ViaSacra2009-11.mp3] [audio:ViaSacra2009-12.mp3] [audio:ViaSacra2009-13.mp3] [audio:ViaSacra2009-14.mp3] [audio:ViaSacra2009-15.mp3] Cr\u00e9ditos: &nbsp; [&hellip;]","og_url":"https:\/\/www.oarcanjo.net\/site\/via-sacra\/","og_site_name":"O Arcanjo no ar","article_publisher":"https:\/\/www.facebook.com\/OArcanjoNoAr\/","article_published_time":"2009-03-01T04:53:38+00:00","article_modified_time":"2012-03-18T04:58:39+00:00","og_image":[{"url":"http:\/\/www.oarcanjo.net\/site\/wp-content\/uploads\/via-sacra-1-estacao.gif"}],"author":"editor","twitter_card":"summary_large_image","twitter_misc":{"Escrito por":"editor","Est. tempo de leitura":"1 minuto"},"schema":{"@context":"https:\/\/schema.org","@graph":[{"@type":"Article","@id":"https:\/\/www.oarcanjo.net\/site\/via-sacra\/#article","isPartOf":{"@id":"https:\/\/www.oarcanjo.net\/site\/via-sacra\/"},"author":{"name":"editor","@id":"https:\/\/www.oarcanjo.net\/site\/#\/schema\/person\/f7024d007863202483a31326673a0838"},"headline":"Via Sacra","datePublished":"2009-03-01T04:53:38+00:00","dateModified":"2012-03-18T04:58:39+00:00","mainEntityOfPage":{"@id":"https:\/\/www.oarcanjo.net\/site\/via-sacra\/"},"wordCount":202,"commentCount":46,"publisher":{"@id":"https:\/\/www.oarcanjo.net\/site\/#organization"},"image":{"@id":"https:\/\/www.oarcanjo.net\/site\/via-sacra\/#primaryimage"},"thumbnailUrl":"http:\/\/www.oarcanjo.net\/site\/wp-content\/uploads\/via-sacra-1-estacao.gif","keywords":["Via Sacra"],"articleSection":["Voz do Arcanjo"],"inLanguage":"pt-BR","potentialAction":[{"@type":"CommentAction","name":"Comment","target":["https:\/\/www.oarcanjo.net\/site\/via-sacra\/#respond"]}]},{"@type":"WebPage","@id":"https:\/\/www.oarcanjo.net\/site\/via-sacra\/","url":"https:\/\/www.oarcanjo.net\/site\/via-sacra\/","name":"Via Sacra - O Arcanjo no ar","isPartOf":{"@id":"https:\/\/www.oarcanjo.net\/site\/#website"},"primaryImageOfPage":{"@id":"https:\/\/www.oarcanjo.net\/site\/via-sacra\/#primaryimage"},"image":{"@id":"https:\/\/www.oarcanjo.net\/site\/via-sacra\/#primaryimage"},"thumbnailUrl":"http:\/\/www.oarcanjo.net\/site\/wp-content\/uploads\/via-sacra-1-estacao.gif","datePublished":"2009-03-01T04:53:38+00:00","dateModified":"2012-03-18T04:58:39+00:00","breadcrumb":{"@id":"https:\/\/www.oarcanjo.net\/site\/via-sacra\/#breadcrumb"},"inLanguage":"pt-BR","potentialAction":[{"@type":"ReadAction","target":["https:\/\/www.oarcanjo.net\/site\/via-sacra\/"]}]},{"@type":"ImageObject","inLanguage":"pt-BR","@id":"https:\/\/www.oarcanjo.net\/site\/via-sacra\/#primaryimage","url":"http:\/\/www.oarcanjo.net\/site\/wp-content\/uploads\/via-sacra-1-estacao.gif","contentUrl":"http:\/\/www.oarcanjo.net\/site\/wp-content\/uploads\/via-sacra-1-estacao.gif"},{"@type":"BreadcrumbList","@id":"https:\/\/www.oarcanjo.net\/site\/via-sacra\/#breadcrumb","itemListElement":[{"@type":"ListItem","position":1,"name":"In\u00edcio","item":"https:\/\/www.oarcanjo.net\/site\/"},{"@type":"ListItem","position":2,"name":"Via Sacra"}]},{"@type":"WebSite","@id":"https:\/\/www.oarcanjo.net\/site\/#website","url":"https:\/\/www.oarcanjo.net\/site\/","name":"O Arcanjo no ar","description":"Site da Par\u00f3quia S\u00e3o Miguel Arcanjo (Arquidiocese de SP)","publisher":{"@id":"https:\/\/www.oarcanjo.net\/site\/#organization"},"potentialAction":[{"@type":"SearchAction","target":{"@type":"EntryPoint","urlTemplate":"https:\/\/www.oarcanjo.net\/site\/?s={search_term_string}"},"query-input":{"@type":"PropertyValueSpecification","valueRequired":true,"valueName":"search_term_string"}}],"inLanguage":"pt-BR"},{"@type":"Organization","@id":"https:\/\/www.oarcanjo.net\/site\/#organization","name":"Par\u00f3quia S\u00e3o Miguel Arcanjo","url":"https:\/\/www.oarcanjo.net\/site\/","logo":{"@type":"ImageObject","inLanguage":"pt-BR","@id":"https:\/\/www.oarcanjo.net\/site\/#\/schema\/logo\/image\/","url":"https:\/\/www.oarcanjo.net\/site\/wp-content\/uploads\/LogoOArcanjo.png","contentUrl":"https:\/\/www.oarcanjo.net\/site\/wp-content\/uploads\/LogoOArcanjo.png","width":319,"height":99,"caption":"Par\u00f3quia S\u00e3o Miguel Arcanjo"},"image":{"@id":"https:\/\/www.oarcanjo.net\/site\/#\/schema\/logo\/image\/"},"sameAs":["https:\/\/www.facebook.com\/OArcanjoNoAr\/"]},{"@type":"Person","@id":"https:\/\/www.oarcanjo.net\/site\/#\/schema\/person\/f7024d007863202483a31326673a0838","name":"editor","sameAs":["http:\/\/www.oarcanjo.net"]}]}},"publishpress_future_action":{"enabled":false,"date":"2026-05-07 09:36:54","action":"category","newStatus":"draft","terms":[],"taxonomy":"category"},"publishpress_future_workflow_manual_trigger":{"enabledWorkflows":[]},"_links":{"self":[{"href":"https:\/\/www.oarcanjo.net\/site\/wp-json\/wp\/v2\/posts\/2118"}],"collection":[{"href":"https:\/\/www.oarcanjo.net\/site\/wp-json\/wp\/v2\/posts"}],"about":[{"href":"https:\/\/www.oarcanjo.net\/site\/wp-json\/wp\/v2\/types\/post"}],"author":[{"embeddable":true,"href":"https:\/\/www.oarcanjo.net\/site\/wp-json\/wp\/v2\/users\/5"}],"replies":[{"embeddable":true,"href":"https:\/\/www.oarcanjo.net\/site\/wp-json\/wp\/v2\/comments?post=2118"}],"version-history":[{"count":0,"href":"https:\/\/www.oarcanjo.net\/site\/wp-json\/wp\/v2\/posts\/2118\/revisions"}],"wp:attachment":[{"href":"https:\/\/www.oarcanjo.net\/site\/wp-json\/wp\/v2\/media?parent=2118"}],"wp:term":[{"taxonomy":"category","embeddable":true,"href":"https:\/\/www.oarcanjo.net\/site\/wp-json\/wp\/v2\/categories?post=2118"},{"taxonomy":"post_tag","embeddable":true,"href":"https:\/\/www.oarcanjo.net\/site\/wp-json\/wp\/v2\/tags?post=2118"}],"curies":[{"name":"wp","href":"https:\/\/api.w.org\/{rel}","templated":true}]}}