
{"id":21191,"date":"2013-03-05T08:45:11","date_gmt":"2013-03-05T11:45:11","guid":{"rendered":"http:\/\/www.oarcanjo.net\/site\/?p=21191"},"modified":"2013-03-14T09:54:11","modified_gmt":"2013-03-14T12:54:11","slug":"entrevista-exclusiva-com-dom-odilo-renuncia-foi-aula-de-eclesiologia","status":"publish","type":"post","link":"https:\/\/www.oarcanjo.net\/site\/entrevista-exclusiva-com-dom-odilo-renuncia-foi-aula-de-eclesiologia\/","title":{"rendered":"Entrevista exclusiva com Dom Odilo: ren\u00fancia foi aula de eclesiologia"},"content":{"rendered":"<p><em>Para arcebispo de S\u00e3o Paulo, Bento 16 ser\u00e1 lembrado como um dos grandes papas te\u00f3logos; dom Odilo est\u00e1 em Roma desde quarta-feira, 27\/2<\/em><\/p>\n<div id=\"attachment_21193\" style=\"width: 610px\" class=\"wp-caption alignnone\"><a href=\"http:\/\/www.oarcanjo.net\/site\/wp-content\/uploads\/dom-odilo-com-bento-16.jpg\"><img loading=\"lazy\" decoding=\"async\" aria-describedby=\"caption-attachment-21193\" class=\"size-full wp-image-21193\" title=\"Dom Odilo se despede do Papa Bento 16, ap\u00f3s \u00faltimo encontro do pont\u00edfice com o Col\u00e9gio Cardinal\u00edcio, no dia 28\/02\" src=\"http:\/\/www.oarcanjo.net\/site\/wp-content\/uploads\/dom-odilo-com-bento-16.jpg\" alt=\"Dom Odilo se despede do Papa Bento 16, ap\u00f3s \u00faltimo encontro do pont\u00edfice com o Col\u00e9gio Cardinal\u00edcio, no dia 28\/02\" width=\"600\" height=\"359\" srcset=\"https:\/\/www.oarcanjo.net\/site\/wp-content\/uploads\/dom-odilo-com-bento-16.jpg 600w, https:\/\/www.oarcanjo.net\/site\/wp-content\/uploads\/dom-odilo-com-bento-16-300x179.jpg 300w\" sizes=\"(max-width: 600px) 100vw, 600px\" \/><\/a><p id=\"caption-attachment-21193\" class=\"wp-caption-text\">Dom Odilo se despede do Papa Bento 16, ap\u00f3s \u00faltimo encontro do pont\u00edfice<br \/>com o Col\u00e9gio Cardinal\u00edcio, no dia 28\/02<\/p><\/div>\n<p><em>Rafael Alberto<\/em><br \/>\n<em>Especial para <strong>O S\u00c3O PAULO<\/strong><\/em><\/p>\n<p>Por e-mail, diretamente de Roma, o cardeal dom Odilo Pedro Scherer, arcebispo metropolitano de S\u00e3o Paulo, falou com exclusividade sobre suas percep\u00e7\u00f5es a respeito dos quase oito anos do pontificado de Bento 16. Dom Odilo, que participar\u00e1 pela primeira vez de um Conclave, tamb\u00e9m orientou os cat\u00f3licos sobre como viver este tempo t\u00e3o importante para a vida da Igreja. Veja a \u00edntegra:<\/p>\n<p><em><strong>O S\u00c3O PAULO \u2013 O que significou o pontificado de Bento 16 para a Igreja e quais foram suas principais contribui\u00e7\u00f5es?<\/strong><\/em><\/p>\n<p><strong>Dom Odilo Pedro Scherer \u2013 <\/strong>Bento 16 deixa um legado importante para a Igreja e ser\u00e1 certamente recordado na hist\u00f3ria da Igreja como um dos grandes papas te\u00f3logos; tanto pelo que escreveu e falou quando j\u00e1 era Sumo Pont\u00edfice, quanto pelo que escreveu antes disso. Ser\u00e1 recordado tamb\u00e9m pelo seu esfor\u00e7o em ajudar a Igreja a voltar-se para a ess\u00eancia de sua f\u00e9 e de sua miss\u00e3o. Mostram isso suas enc\u00edclicas sobre a esperan\u00e7a e a caridade, as Exorta\u00e7\u00f5es Apost\u00f3licas sobre a Eucaristia e a Palavra de Deus. Mas ser\u00e1 recordado, tamb\u00e9m, por ter estimulado o clero a buscar a autenticidade na viv\u00eancia de sua voca\u00e7\u00e3o e toda a Igreja, na revaloriza\u00e7\u00e3o de sua f\u00e9 e no esfor\u00e7o renovado para transmiti-la aos outros. Enfim, a pr\u00f3pria ren\u00fancia \u00e9 um gesto que ajudar\u00e1 a Igreja a voltar-se mais para o essencial de sua vida e miss\u00e3o, a partir de um renovado encontro com sua pr\u00f3pria raz\u00e3o de ser e existir; um professor de teologia, em Roma, observou: a ren\u00fancia foi sua \u00faltima aula de eclesiologia&#8230;<\/p>\n<p><em><strong>O S\u00c3O PAULO \u2013 E o que significou a atua\u00e7\u00e3o de Bento 16 para a humanidade?<\/strong><\/em><\/p>\n<p><strong>Dom Odilo Scherer \u2013 <\/strong>Isso ainda ser\u00e1 melhor avaliado com o passar do tempo. De toda forma, continuando a tradi\u00e7\u00e3o de seus predecessores, Bento 16 manifestou-se sobre todos os assuntos e fatos relevantes deste momento da vida e da hist\u00f3ria humanas. Sua contribui\u00e7\u00e3o para a cultura, a filosofia, a busca da verdade e do bem s\u00e3o extraordin\u00e1rias; como te\u00f3logo e humanista tem largos horizontes e teve sua palavra geralmente acolhida com respeito e considera\u00e7\u00e3o; estimulou o mundo a pensar e a ir al\u00e9m das superficialidades de uma cultura consumista e imediatista. Sua enc\u00edclica social \u2013 Caritas in veritate \u2013 \u00e9 uma contribui\u00e7\u00e3o importante para o discernimento s\u00e9rio sobre as quest\u00f5es que atualmente afligem a humanidade. Estimulou muito, tamb\u00e9m, o di\u00e1logo entre as religi\u00f5es e as culturas. Teve sempre a preocupa\u00e7\u00e3o da justi\u00e7a, da paz e da solidariedade entre os povos.<\/p>\n<p><em><strong>O S\u00c3O PAULO \u2013 Como os cat\u00f3licos devem encarar as cr\u00edticas e este clima de \u201cdenuncismo\u201d que se instaurou na m\u00eddia ap\u00f3s o an\u00fancio de que o papa iria renunciar?<\/strong><\/em><\/p>\n<p><strong>Dom Odilo Scherer \u2013 <\/strong>Com muita serenidade e discernimento. \u00c9 um fato interessante que, de um momento a outro, todos come\u00e7aram de novo a falar da Igreja, mesmo sem conhecer bem as quest\u00f5es abordadas. Muita mat\u00e9ria produzida foi sensacionalista ou simplesmente marcada pelo preconceito contra a Igreja, sem o interesse de conhecer ou comunicar a verdade. \u00c9 sempre importante tentar saber de qual p\u00falpito vem o serm\u00e3o e perguntar se merecem cr\u00e9dito certas afirma\u00e7\u00f5es bomb\u00e1sticas, de efeito ret\u00f3rico (ex. \u201cguerra civil no Vaticano\u201d&#8230;), que n\u00e3o se sustentam em fatos, mas em suposi\u00e7\u00f5es e conjecturas que visam jogar no descr\u00e9dito a Igreja perante o mundo e perante seus pr\u00f3prios fieis. \u00c9 preciso lembrar que cada um dever\u00e1 prestar contas a Deus pelas afirma\u00e7\u00f5es mentirosas e injuriosas ditas contra o pr\u00f3ximo ou tamb\u00e9m a Igreja. Recomendo que n\u00e3o se d\u00ea cr\u00e9dito f\u00e1cil a certas caricaturas que se fazem da Igreja; quem conhece a Igreja e vive dentro dela sofre com o desprezo \u00e0 Igreja. Infelizmente, as palavras do pr\u00f3prio Papa, proferidas no an\u00fancio do dia 11 de fevereiro sobre sua ren\u00fancia, foram deixadas de lado, como sendo n\u00e3o-verdadeiras, para dar largas a todo tipo de suspeitas, especula\u00e7\u00f5es e conjecturas sobre os \u201creais motivos\u201d da ren\u00fancia. Algu\u00e9m nas condi\u00e7\u00f5es e na autoridade do Papa deveria merecer mais cr\u00e9dito e respeito.<\/p>\n<p><em><strong>O S\u00c3O PAULO &#8211; O senhor poderia descrever algum epis\u00f3dio mais pessoal de seus contatos com Bento 16?<\/strong><\/em><\/p>\n<p><strong>Dom Odilo Scherer \u2013 <\/strong>Lembro da vig\u00edlia na Jornada Mundial da Juventude em Madrid, em julho de 2011. Veio um temporal muito forte durante a fala do papa; o vento balan\u00e7ava at\u00e9 a estrutura do palco, onde estavam o Papa, os bispos e muitas outras pessoas. Mais de um milh\u00e3o de jovens estavam \u00e0 frente do papa, apanhando toda aquela chuva. Os seguran\u00e7as sugeriram v\u00e1rias vezes que ele se retirasse para um lugar mais seguro, mas Bento 16 quis permanecer ali, com os jovens&#8230; No final da celebra\u00e7\u00e3o, parecia que n\u00e3o queria ir embora, preocupado com os jovens&#8230; Aproximou-se deles, de maneira muito paternal, e desejou que, apesar de tudo, eles repousassem ao menos um pouquinho&#8230; Na manh\u00e3 seguinte, j\u00e1 debaixo de muito sol, a primeira coisa que fez foi perguntar aos jovens como tinham passado a noite. Achei isso de uma sensibilidade fin\u00edssima, que emocionou e cativou o cora\u00e7\u00e3o dos jovens.<\/p>\n<p><em><strong>O S\u00c3O PAULO &#8211; A partir dos momentos reservados que teve com Bento 16, que caracter\u00edsticas o senhor destacaria dele?<\/strong><\/em><\/p>\n<p><strong>Dom Odilo Scherer &#8211; <\/strong>Um homem sereno, simples, inteligente, atento ao interlocutor, interessado em ouvir, extremamente gentil e fino no trato com as pessoas. Nunca pude ver nele aquele homem \u201cautorit\u00e1rio\u201d ou \u201cduro\u201d, como algumas vezes foi descrito; isso n\u00e3o corresponde \u00e0 verdade. Quando visitou o Brasil, em 2007, fiquei perto do Papa durante alguns dias, na sua estadia em S\u00e3o Paulo. Eu lia os t\u00edtulos na imprensa e me perguntava: de qual papa est\u00e3o falando? N\u00e3o era do Papa Bento 16, que eu conhe\u00e7o&#8230;<\/p>\n<p><em><strong>O S\u00c3O PAULO &#8211; Estamos aguardando a escolha do novo Pont\u00edfice. A Igreja est\u00e1 \u201cac\u00e9fala\u201d at\u00e9 que o pr\u00f3ximo papa seja eleito?<\/strong><\/em><\/p>\n<p><strong>Dom Odilo Scherer &#8211; <\/strong>N\u00e3o, a Igreja nunca fica ac\u00e9fala (\u201csem cabe\u00e7a\u201d, ou \u201csem chefe\u201d) durante o per\u00edodo da vac\u00e2ncia, porque o verdadeiro chefe da Igreja \u00e9 Jesus Cristo glorificado, que nunca abandona o seu corpo, a Igreja. Al\u00e9m disso, durante a sede vacante, o Col\u00e9gio dos Cardeais responde pela Igreja, segundo as compet\u00eancias que lhe s\u00e3o pr\u00f3prias.<\/p>\n<p><em><strong>O S\u00c3O PAULO &#8211; Quais as caracter\u00edsticas que o novo papa deve ter?<\/strong><\/em><\/p>\n<p><strong>Dom Odilo Scherer &#8211; <\/strong>O escolhido ter\u00e1 as qualidades que tiver, e n\u00e3o podemos idealizar demais. Nenhum papa \u00e9 igual a outro. Ele dever\u00e1 ser d\u00f3cil \u00e0s inspira\u00e7\u00f5es e \u00e0 a\u00e7\u00e3o do Esp\u00edrito Santo, inteiramente fiel a Cristo e \u00e0 pr\u00f3pria Igreja. Podemos, humanamente, desejar que seja uma pessoa muito capaz, cheia de virtudes, preparada do ponto de vista intelectual e teol\u00f3gico, homem de grande f\u00e9 e vigor espiritual, capaz de lideran\u00e7a e de comunica\u00e7\u00e3o, segundo as condi\u00e7\u00f5es do nosso tempo. Mas tamb\u00e9m neste caso, precisamos ter a consci\u00eancia de que ningu\u00e9m nasce papa, mas aprende a desempenhar essa \u00e1rdua miss\u00e3o enquanto a exerce.<\/p>\n<p><em><strong>O S\u00c3O PAULO \u2013 Quais s\u00e3o os principais desafios que o pr\u00f3ximo papa vai encontrar?<\/strong><\/em><\/p>\n<p><strong>Dom Odilo Scherer &#8211; <\/strong>S\u00e3o os desafios de toda a Igreja, que se manifestam em toda parte: a nova evangeliza\u00e7\u00e3o, a transmiss\u00e3o da f\u00e9, a perseveran\u00e7a na f\u00e9 e a operosidade dos filhos da Igreja para a irradia\u00e7\u00e3o da luz e da for\u00e7a viva do Evangelho no mundo&#8230; H\u00e1 os desafios internos da renova\u00e7\u00e3o constante da Igreja, para que ela viva no compasso do tempo e da cultura, sem deixar de ser ela mesma; h\u00e1 os desafios externos, representados pela cultura do nosso tempo, muitas vezes fechada ao Evangelho, sen\u00e3o, contr\u00e1ria a ele. H\u00e1 os desafios da presen\u00e7a p\u00fablica da Igreja no mundo, no contexto da pol\u00edtica, da economia, da educa\u00e7\u00e3o, das rela\u00e7\u00f5es sociais e internacionais. De fato, o Evangelho n\u00e3o \u00e9 um bem privado da Igreja, mas uma \u201cluz\u201d para o mundo, que n\u00e3o deve ser ocultada, mas irradiada. Enfim, o desafios podem ser muitos, mas n\u00e3o devemos esperar que eles sejam enfrentados pelo papa sozinho, nem sempre em primeira pessoa. A miss\u00e3o e a responsabilidade pela Igreja s\u00e3o compartilhadas, com o Papa, por todos os bispos em comunh\u00e3o com ele. E em cada Igreja local, com os bispos, tamb\u00e9m os sacerdotes e todos os fi\u00e9is assumem essa mesma responsabilidade. A Igreja n\u00e3o depende s\u00f3 do papa.<\/p>\n<p><em><strong>O S\u00c3O PAULO &#8211; Qual deve ser a atitude dos cat\u00f3licos neste tempo de espera para a elei\u00e7\u00e3o do novo papa?<\/strong><\/em><\/p>\n<p><strong>Dom Odilo Scherer &#8211; <\/strong>Antes de tudo, uma serena f\u00e9 e confian\u00e7a na Igreja e na a\u00e7\u00e3o do Esp\u00edrito de Cristo, que n\u00e3o abandona a Igreja. Talvez foi essa a mensagem mais insistente de Bento 16 nesses \u00faltimos dias de seu Pontificado: n\u00e3o estamos sozinhos; o Senhor n\u00e3o abandona a sua Igreja. Portanto, ningu\u00e9m desanime, nem se deixe levar pelo p\u00e2nico. Este \u00e9 um tempo de espera e de serena esperan\u00e7a. A Igreja n\u00e3o conta apenas com as pr\u00f3prias for\u00e7as e fragilidades. Ela pode continuar a contar com o seu supremo Pastor, que \u00e9 o pr\u00f3prio Senhor Jesus.<\/p>\n<div id=\"themify_builder_content-21191\" data-postid=\"21191\" class=\"themify_builder_content themify_builder_content-21191 themify_builder themify_builder_front\">\n\t<\/div>\n<!-- \/themify_builder_content -->","protected":false},"excerpt":{"rendered":"<p>Para arcebispo de S\u00e3o Paulo, Bento 16 ser\u00e1 lembrado como um dos grandes papas te\u00f3logos; dom Odilo est\u00e1 em Roma desde quarta-feira, 27\/2 Rafael Alberto Especial para O S\u00c3O PAULO Por e-mail, diretamente de Roma, o cardeal dom Odilo Pedro Scherer, arcebispo metropolitano de S\u00e3o Paulo, falou com exclusividade sobre suas percep\u00e7\u00f5es a respeito dos [&hellip;]<\/p>\n","protected":false},"author":5,"featured_media":0,"comment_status":"open","ping_status":"open","sticky":false,"template":"","format":"standard","meta":{"ngg_post_thumbnail":0,"footnotes":""},"categories":[8],"tags":[947,2415,2416,2417],"yoast_head":"<!-- This site is optimized with the Yoast SEO plugin v23.5 - https:\/\/yoast.com\/wordpress\/plugins\/seo\/ -->\n<title>Entrevista exclusiva com Dom Odilo: ren\u00fancia foi aula de eclesiologia - O Arcanjo no ar<\/title>\n<meta name=\"robots\" content=\"index, follow, max-snippet:-1, max-image-preview:large, max-video-preview:-1\" \/>\n<link rel=\"canonical\" href=\"https:\/\/www.oarcanjo.net\/site\/entrevista-exclusiva-com-dom-odilo-renuncia-foi-aula-de-eclesiologia\/\" \/>\n<meta property=\"og:locale\" content=\"pt_BR\" \/>\n<meta property=\"og:type\" content=\"article\" \/>\n<meta property=\"og:title\" content=\"Entrevista exclusiva com Dom Odilo: ren\u00fancia foi aula de eclesiologia - O Arcanjo no ar\" \/>\n<meta property=\"og:description\" content=\"Para arcebispo de S\u00e3o Paulo, Bento 16 ser\u00e1 lembrado como um dos grandes papas te\u00f3logos; dom Odilo est\u00e1 em Roma desde quarta-feira, 27\/2 Rafael Alberto Especial para O S\u00c3O PAULO Por e-mail, diretamente de Roma, o cardeal dom Odilo Pedro Scherer, arcebispo metropolitano de S\u00e3o Paulo, falou com exclusividade sobre suas percep\u00e7\u00f5es a respeito dos [&hellip;]\" \/>\n<meta property=\"og:url\" content=\"https:\/\/www.oarcanjo.net\/site\/entrevista-exclusiva-com-dom-odilo-renuncia-foi-aula-de-eclesiologia\/\" \/>\n<meta property=\"og:site_name\" content=\"O Arcanjo no ar\" \/>\n<meta property=\"article:publisher\" content=\"https:\/\/www.facebook.com\/OArcanjoNoAr\/\" \/>\n<meta property=\"article:published_time\" content=\"2013-03-05T11:45:11+00:00\" \/>\n<meta property=\"article:modified_time\" content=\"2013-03-14T12:54:11+00:00\" \/>\n<meta property=\"og:image\" content=\"http:\/\/www.oarcanjo.net\/site\/wp-content\/uploads\/dom-odilo-com-bento-16.jpg\" \/>\n<meta name=\"author\" content=\"editor\" \/>\n<meta name=\"twitter:card\" content=\"summary_large_image\" \/>\n<meta name=\"twitter:label1\" content=\"Escrito por\" \/>\n\t<meta name=\"twitter:data1\" content=\"editor\" \/>\n\t<meta name=\"twitter:label2\" content=\"Est. tempo de leitura\" \/>\n\t<meta name=\"twitter:data2\" content=\"8 minutos\" \/>\n<script type=\"application\/ld+json\" class=\"yoast-schema-graph\">{\"@context\":\"https:\/\/schema.org\",\"@graph\":[{\"@type\":\"Article\",\"@id\":\"https:\/\/www.oarcanjo.net\/site\/entrevista-exclusiva-com-dom-odilo-renuncia-foi-aula-de-eclesiologia\/#article\",\"isPartOf\":{\"@id\":\"https:\/\/www.oarcanjo.net\/site\/entrevista-exclusiva-com-dom-odilo-renuncia-foi-aula-de-eclesiologia\/\"},\"author\":{\"name\":\"editor\",\"@id\":\"https:\/\/www.oarcanjo.net\/site\/#\/schema\/person\/f7024d007863202483a31326673a0838\"},\"headline\":\"Entrevista exclusiva com Dom Odilo: ren\u00fancia foi aula de eclesiologia\",\"datePublished\":\"2013-03-05T11:45:11+00:00\",\"dateModified\":\"2013-03-14T12:54:11+00:00\",\"mainEntityOfPage\":{\"@id\":\"https:\/\/www.oarcanjo.net\/site\/entrevista-exclusiva-com-dom-odilo-renuncia-foi-aula-de-eclesiologia\/\"},\"wordCount\":1681,\"commentCount\":0,\"publisher\":{\"@id\":\"https:\/\/www.oarcanjo.net\/site\/#organization\"},\"image\":{\"@id\":\"https:\/\/www.oarcanjo.net\/site\/entrevista-exclusiva-com-dom-odilo-renuncia-foi-aula-de-eclesiologia\/#primaryimage\"},\"thumbnailUrl\":\"http:\/\/www.oarcanjo.net\/site\/wp-content\/uploads\/dom-odilo-com-bento-16.jpg\",\"keywords\":[\"Bento 16\",\"Dom Odilo Pedro Scherer\",\"Eclesiologia\",\"Te\u00f3logo\"],\"articleSection\":[\"Not\u00edcias\"],\"inLanguage\":\"pt-BR\",\"potentialAction\":[{\"@type\":\"CommentAction\",\"name\":\"Comment\",\"target\":[\"https:\/\/www.oarcanjo.net\/site\/entrevista-exclusiva-com-dom-odilo-renuncia-foi-aula-de-eclesiologia\/#respond\"]}]},{\"@type\":\"WebPage\",\"@id\":\"https:\/\/www.oarcanjo.net\/site\/entrevista-exclusiva-com-dom-odilo-renuncia-foi-aula-de-eclesiologia\/\",\"url\":\"https:\/\/www.oarcanjo.net\/site\/entrevista-exclusiva-com-dom-odilo-renuncia-foi-aula-de-eclesiologia\/\",\"name\":\"Entrevista exclusiva com Dom Odilo: ren\u00fancia foi aula de eclesiologia - O Arcanjo no ar\",\"isPartOf\":{\"@id\":\"https:\/\/www.oarcanjo.net\/site\/#website\"},\"primaryImageOfPage\":{\"@id\":\"https:\/\/www.oarcanjo.net\/site\/entrevista-exclusiva-com-dom-odilo-renuncia-foi-aula-de-eclesiologia\/#primaryimage\"},\"image\":{\"@id\":\"https:\/\/www.oarcanjo.net\/site\/entrevista-exclusiva-com-dom-odilo-renuncia-foi-aula-de-eclesiologia\/#primaryimage\"},\"thumbnailUrl\":\"http:\/\/www.oarcanjo.net\/site\/wp-content\/uploads\/dom-odilo-com-bento-16.jpg\",\"datePublished\":\"2013-03-05T11:45:11+00:00\",\"dateModified\":\"2013-03-14T12:54:11+00:00\",\"breadcrumb\":{\"@id\":\"https:\/\/www.oarcanjo.net\/site\/entrevista-exclusiva-com-dom-odilo-renuncia-foi-aula-de-eclesiologia\/#breadcrumb\"},\"inLanguage\":\"pt-BR\",\"potentialAction\":[{\"@type\":\"ReadAction\",\"target\":[\"https:\/\/www.oarcanjo.net\/site\/entrevista-exclusiva-com-dom-odilo-renuncia-foi-aula-de-eclesiologia\/\"]}]},{\"@type\":\"ImageObject\",\"inLanguage\":\"pt-BR\",\"@id\":\"https:\/\/www.oarcanjo.net\/site\/entrevista-exclusiva-com-dom-odilo-renuncia-foi-aula-de-eclesiologia\/#primaryimage\",\"url\":\"http:\/\/www.oarcanjo.net\/site\/wp-content\/uploads\/dom-odilo-com-bento-16.jpg\",\"contentUrl\":\"http:\/\/www.oarcanjo.net\/site\/wp-content\/uploads\/dom-odilo-com-bento-16.jpg\"},{\"@type\":\"BreadcrumbList\",\"@id\":\"https:\/\/www.oarcanjo.net\/site\/entrevista-exclusiva-com-dom-odilo-renuncia-foi-aula-de-eclesiologia\/#breadcrumb\",\"itemListElement\":[{\"@type\":\"ListItem\",\"position\":1,\"name\":\"In\u00edcio\",\"item\":\"https:\/\/www.oarcanjo.net\/site\/\"},{\"@type\":\"ListItem\",\"position\":2,\"name\":\"Entrevista exclusiva com Dom Odilo: ren\u00fancia foi aula de eclesiologia\"}]},{\"@type\":\"WebSite\",\"@id\":\"https:\/\/www.oarcanjo.net\/site\/#website\",\"url\":\"https:\/\/www.oarcanjo.net\/site\/\",\"name\":\"O Arcanjo no ar\",\"description\":\"Site da Par\u00f3quia S\u00e3o Miguel Arcanjo (Arquidiocese de SP)\",\"publisher\":{\"@id\":\"https:\/\/www.oarcanjo.net\/site\/#organization\"},\"potentialAction\":[{\"@type\":\"SearchAction\",\"target\":{\"@type\":\"EntryPoint\",\"urlTemplate\":\"https:\/\/www.oarcanjo.net\/site\/?s={search_term_string}\"},\"query-input\":{\"@type\":\"PropertyValueSpecification\",\"valueRequired\":true,\"valueName\":\"search_term_string\"}}],\"inLanguage\":\"pt-BR\"},{\"@type\":\"Organization\",\"@id\":\"https:\/\/www.oarcanjo.net\/site\/#organization\",\"name\":\"Par\u00f3quia S\u00e3o Miguel Arcanjo\",\"url\":\"https:\/\/www.oarcanjo.net\/site\/\",\"logo\":{\"@type\":\"ImageObject\",\"inLanguage\":\"pt-BR\",\"@id\":\"https:\/\/www.oarcanjo.net\/site\/#\/schema\/logo\/image\/\",\"url\":\"https:\/\/www.oarcanjo.net\/site\/wp-content\/uploads\/LogoOArcanjo.png\",\"contentUrl\":\"https:\/\/www.oarcanjo.net\/site\/wp-content\/uploads\/LogoOArcanjo.png\",\"width\":319,\"height\":99,\"caption\":\"Par\u00f3quia S\u00e3o Miguel Arcanjo\"},\"image\":{\"@id\":\"https:\/\/www.oarcanjo.net\/site\/#\/schema\/logo\/image\/\"},\"sameAs\":[\"https:\/\/www.facebook.com\/OArcanjoNoAr\/\"]},{\"@type\":\"Person\",\"@id\":\"https:\/\/www.oarcanjo.net\/site\/#\/schema\/person\/f7024d007863202483a31326673a0838\",\"name\":\"editor\",\"sameAs\":[\"http:\/\/www.oarcanjo.net\"]}]}<\/script>\n<!-- \/ Yoast SEO plugin. -->","yoast_head_json":{"title":"Entrevista exclusiva com Dom Odilo: ren\u00fancia foi aula de eclesiologia - O Arcanjo no ar","robots":{"index":"index","follow":"follow","max-snippet":"max-snippet:-1","max-image-preview":"max-image-preview:large","max-video-preview":"max-video-preview:-1"},"canonical":"https:\/\/www.oarcanjo.net\/site\/entrevista-exclusiva-com-dom-odilo-renuncia-foi-aula-de-eclesiologia\/","og_locale":"pt_BR","og_type":"article","og_title":"Entrevista exclusiva com Dom Odilo: ren\u00fancia foi aula de eclesiologia - O Arcanjo no ar","og_description":"Para arcebispo de S\u00e3o Paulo, Bento 16 ser\u00e1 lembrado como um dos grandes papas te\u00f3logos; dom Odilo est\u00e1 em Roma desde quarta-feira, 27\/2 Rafael Alberto Especial para O S\u00c3O PAULO Por e-mail, diretamente de Roma, o cardeal dom Odilo Pedro Scherer, arcebispo metropolitano de S\u00e3o Paulo, falou com exclusividade sobre suas percep\u00e7\u00f5es a respeito dos [&hellip;]","og_url":"https:\/\/www.oarcanjo.net\/site\/entrevista-exclusiva-com-dom-odilo-renuncia-foi-aula-de-eclesiologia\/","og_site_name":"O Arcanjo no ar","article_publisher":"https:\/\/www.facebook.com\/OArcanjoNoAr\/","article_published_time":"2013-03-05T11:45:11+00:00","article_modified_time":"2013-03-14T12:54:11+00:00","og_image":[{"url":"http:\/\/www.oarcanjo.net\/site\/wp-content\/uploads\/dom-odilo-com-bento-16.jpg"}],"author":"editor","twitter_card":"summary_large_image","twitter_misc":{"Escrito por":"editor","Est. tempo de leitura":"8 minutos"},"schema":{"@context":"https:\/\/schema.org","@graph":[{"@type":"Article","@id":"https:\/\/www.oarcanjo.net\/site\/entrevista-exclusiva-com-dom-odilo-renuncia-foi-aula-de-eclesiologia\/#article","isPartOf":{"@id":"https:\/\/www.oarcanjo.net\/site\/entrevista-exclusiva-com-dom-odilo-renuncia-foi-aula-de-eclesiologia\/"},"author":{"name":"editor","@id":"https:\/\/www.oarcanjo.net\/site\/#\/schema\/person\/f7024d007863202483a31326673a0838"},"headline":"Entrevista exclusiva com Dom Odilo: ren\u00fancia foi aula de eclesiologia","datePublished":"2013-03-05T11:45:11+00:00","dateModified":"2013-03-14T12:54:11+00:00","mainEntityOfPage":{"@id":"https:\/\/www.oarcanjo.net\/site\/entrevista-exclusiva-com-dom-odilo-renuncia-foi-aula-de-eclesiologia\/"},"wordCount":1681,"commentCount":0,"publisher":{"@id":"https:\/\/www.oarcanjo.net\/site\/#organization"},"image":{"@id":"https:\/\/www.oarcanjo.net\/site\/entrevista-exclusiva-com-dom-odilo-renuncia-foi-aula-de-eclesiologia\/#primaryimage"},"thumbnailUrl":"http:\/\/www.oarcanjo.net\/site\/wp-content\/uploads\/dom-odilo-com-bento-16.jpg","keywords":["Bento 16","Dom Odilo Pedro Scherer","Eclesiologia","Te\u00f3logo"],"articleSection":["Not\u00edcias"],"inLanguage":"pt-BR","potentialAction":[{"@type":"CommentAction","name":"Comment","target":["https:\/\/www.oarcanjo.net\/site\/entrevista-exclusiva-com-dom-odilo-renuncia-foi-aula-de-eclesiologia\/#respond"]}]},{"@type":"WebPage","@id":"https:\/\/www.oarcanjo.net\/site\/entrevista-exclusiva-com-dom-odilo-renuncia-foi-aula-de-eclesiologia\/","url":"https:\/\/www.oarcanjo.net\/site\/entrevista-exclusiva-com-dom-odilo-renuncia-foi-aula-de-eclesiologia\/","name":"Entrevista exclusiva com Dom Odilo: ren\u00fancia foi aula de eclesiologia - O Arcanjo no ar","isPartOf":{"@id":"https:\/\/www.oarcanjo.net\/site\/#website"},"primaryImageOfPage":{"@id":"https:\/\/www.oarcanjo.net\/site\/entrevista-exclusiva-com-dom-odilo-renuncia-foi-aula-de-eclesiologia\/#primaryimage"},"image":{"@id":"https:\/\/www.oarcanjo.net\/site\/entrevista-exclusiva-com-dom-odilo-renuncia-foi-aula-de-eclesiologia\/#primaryimage"},"thumbnailUrl":"http:\/\/www.oarcanjo.net\/site\/wp-content\/uploads\/dom-odilo-com-bento-16.jpg","datePublished":"2013-03-05T11:45:11+00:00","dateModified":"2013-03-14T12:54:11+00:00","breadcrumb":{"@id":"https:\/\/www.oarcanjo.net\/site\/entrevista-exclusiva-com-dom-odilo-renuncia-foi-aula-de-eclesiologia\/#breadcrumb"},"inLanguage":"pt-BR","potentialAction":[{"@type":"ReadAction","target":["https:\/\/www.oarcanjo.net\/site\/entrevista-exclusiva-com-dom-odilo-renuncia-foi-aula-de-eclesiologia\/"]}]},{"@type":"ImageObject","inLanguage":"pt-BR","@id":"https:\/\/www.oarcanjo.net\/site\/entrevista-exclusiva-com-dom-odilo-renuncia-foi-aula-de-eclesiologia\/#primaryimage","url":"http:\/\/www.oarcanjo.net\/site\/wp-content\/uploads\/dom-odilo-com-bento-16.jpg","contentUrl":"http:\/\/www.oarcanjo.net\/site\/wp-content\/uploads\/dom-odilo-com-bento-16.jpg"},{"@type":"BreadcrumbList","@id":"https:\/\/www.oarcanjo.net\/site\/entrevista-exclusiva-com-dom-odilo-renuncia-foi-aula-de-eclesiologia\/#breadcrumb","itemListElement":[{"@type":"ListItem","position":1,"name":"In\u00edcio","item":"https:\/\/www.oarcanjo.net\/site\/"},{"@type":"ListItem","position":2,"name":"Entrevista exclusiva com Dom Odilo: ren\u00fancia foi aula de eclesiologia"}]},{"@type":"WebSite","@id":"https:\/\/www.oarcanjo.net\/site\/#website","url":"https:\/\/www.oarcanjo.net\/site\/","name":"O Arcanjo no ar","description":"Site da Par\u00f3quia S\u00e3o Miguel Arcanjo (Arquidiocese de SP)","publisher":{"@id":"https:\/\/www.oarcanjo.net\/site\/#organization"},"potentialAction":[{"@type":"SearchAction","target":{"@type":"EntryPoint","urlTemplate":"https:\/\/www.oarcanjo.net\/site\/?s={search_term_string}"},"query-input":{"@type":"PropertyValueSpecification","valueRequired":true,"valueName":"search_term_string"}}],"inLanguage":"pt-BR"},{"@type":"Organization","@id":"https:\/\/www.oarcanjo.net\/site\/#organization","name":"Par\u00f3quia S\u00e3o Miguel Arcanjo","url":"https:\/\/www.oarcanjo.net\/site\/","logo":{"@type":"ImageObject","inLanguage":"pt-BR","@id":"https:\/\/www.oarcanjo.net\/site\/#\/schema\/logo\/image\/","url":"https:\/\/www.oarcanjo.net\/site\/wp-content\/uploads\/LogoOArcanjo.png","contentUrl":"https:\/\/www.oarcanjo.net\/site\/wp-content\/uploads\/LogoOArcanjo.png","width":319,"height":99,"caption":"Par\u00f3quia S\u00e3o Miguel Arcanjo"},"image":{"@id":"https:\/\/www.oarcanjo.net\/site\/#\/schema\/logo\/image\/"},"sameAs":["https:\/\/www.facebook.com\/OArcanjoNoAr\/"]},{"@type":"Person","@id":"https:\/\/www.oarcanjo.net\/site\/#\/schema\/person\/f7024d007863202483a31326673a0838","name":"editor","sameAs":["http:\/\/www.oarcanjo.net"]}]}},"publishpress_future_action":{"enabled":false,"date":"2026-05-07 10:07:22","action":"category","newStatus":"draft","terms":[],"taxonomy":"category"},"publishpress_future_workflow_manual_trigger":{"enabledWorkflows":[]},"_links":{"self":[{"href":"https:\/\/www.oarcanjo.net\/site\/wp-json\/wp\/v2\/posts\/21191"}],"collection":[{"href":"https:\/\/www.oarcanjo.net\/site\/wp-json\/wp\/v2\/posts"}],"about":[{"href":"https:\/\/www.oarcanjo.net\/site\/wp-json\/wp\/v2\/types\/post"}],"author":[{"embeddable":true,"href":"https:\/\/www.oarcanjo.net\/site\/wp-json\/wp\/v2\/users\/5"}],"replies":[{"embeddable":true,"href":"https:\/\/www.oarcanjo.net\/site\/wp-json\/wp\/v2\/comments?post=21191"}],"version-history":[{"count":0,"href":"https:\/\/www.oarcanjo.net\/site\/wp-json\/wp\/v2\/posts\/21191\/revisions"}],"wp:attachment":[{"href":"https:\/\/www.oarcanjo.net\/site\/wp-json\/wp\/v2\/media?parent=21191"}],"wp:term":[{"taxonomy":"category","embeddable":true,"href":"https:\/\/www.oarcanjo.net\/site\/wp-json\/wp\/v2\/categories?post=21191"},{"taxonomy":"post_tag","embeddable":true,"href":"https:\/\/www.oarcanjo.net\/site\/wp-json\/wp\/v2\/tags?post=21191"}],"curies":[{"name":"wp","href":"https:\/\/api.w.org\/{rel}","templated":true}]}}