
{"id":21225,"date":"2013-03-11T14:14:13","date_gmt":"2013-03-11T17:14:13","guid":{"rendered":"http:\/\/www.oarcanjo.net\/site\/?p=21225"},"modified":"2013-03-11T14:14:13","modified_gmt":"2013-03-11T17:14:13","slug":"a-igreja-e-o-veu-da-virtude","status":"publish","type":"post","link":"https:\/\/www.oarcanjo.net\/site\/a-igreja-e-o-veu-da-virtude\/","title":{"rendered":"A igreja e o v\u00e9u da virtude"},"content":{"rendered":"<p>Frei Betto<\/p>\n<p>Nos pr\u00f3ximos dias a Igreja Cat\u00f3lica ter\u00e1 novo papa. At\u00e9 que ele seja eleito, os cardeais de 48 pa\u00edses est\u00e3o reunidos em Roma debatendo, com certeza, os motivos que levaram Bento XVI a renunciar.<\/p>\n<p>Para a opini\u00e3o p\u00fablica, um gesto corajoso de humildade, sobretudo nesses tempos em que muitos pol\u00edticos se julgam imortais e n\u00e3o concebem viver fora do poder. \u00c9 o caso de Berlusconi, na It\u00e1lia, que de novo busca ser primeiro-ministro, e de tantos pol\u00edticos aqui no Brasil, acostumados a lotear a Rep\u00fablica e a tratar ministros e chefes de autarquias indicados por eles assim como um latifundi\u00e1rio trata seus capatazes.<\/p>\n<p>A Igreja \u00e9 uma institui\u00e7\u00e3o de origem divina, mas formada por seres humanos que, a cada dia, devem orar \u201cperdoai as nossas ofensas&#8230; e n\u00e3o nos deixeis cair em tenta\u00e7\u00e3o.\u201d Mas caem, e provocam esc\u00e2ndalos, como os sucessivos casos de pedofilia.<\/p>\n<p>Quem conhece a hist\u00f3ria da Igreja sabe quantos abusos e crimes foram cometidos por ela em nome de Deus. Para citar apenas o caso do Brasil, durante o per\u00edodo colonial bispos e padres se mostraram coniventes com a escravatura; a Inquisi\u00e7\u00e3o ca\u00e7ou e cassou suspeitos, conduzidos daqui \u00e0 pris\u00e3o e \u00e0 fogueira em Portugal; e a express\u00e3o \u201csanto de pau oco\u201d evoca o contrabando de ouro e diamante recheando as imagens devocionais levadas pelos cl\u00e9rigos ao exterior.<\/p>\n<p>O ser humano padece de duas limita\u00e7\u00f5es intranspon\u00edveis: prazo de validade (todos haveremos de morrer) e defeito de fabrica\u00e7\u00e3o (trafegamos entre luzes e sombras). \u00c9 o que a B\u00edblia chama de pecado original.<\/p>\n<p>Ao transpor sua origem divina ao car\u00e1ter da institui\u00e7\u00e3o, a Igreja comete o erro de tentar cobrir com o v\u00e9u da virtude os frutos do pecado. Por que chamar o papa de Sua Santidade se at\u00e9 ele \u00e9 pecador e roga pela miseric\u00f3rdia de Deus? Por que qualificar de \u201csagradas\u201d as congrega\u00e7\u00f5es do Vaticano que atuam como minist\u00e9rios de uma monarquia absoluta?<\/p>\n<p>Quanto maior a altura, maior o tombo. O v\u00e9u da virtude rasgou-se diante dos esc\u00e2ndalos de pedofilia mundo afora e, nesses dias, com a revela\u00e7\u00e3o da rede de prostitui\u00e7\u00e3o que opera em Roma para oferecer servi\u00e7os sexuais de seminaristas.<\/p>\n<p>Nada disso diminui o m\u00e9rito de tantos membros da Igreja Cat\u00f3lica que d\u00e3o as suas vidas para que outros tenham vida, como \u00e9 o caso dos bispos Pedro Casald\u00e1liga, Paulo Evaristo Arns, Jos\u00e9 Maria Pires, e in\u00fameros padres e religiosos(as) que, despojados de ambi\u00e7\u00f5es e conforto, se dedicam aos doentes, aos mais pobres, aos dependentes qu\u00edmicos, aos encarcerados.<\/p>\n<p>O grave \u00e9 a Igreja n\u00e3o se abrir ao debate \u00e0s candentes quest\u00f5es que concernem \u00e0 condi\u00e7\u00e3o humana. \u201cNada do que \u00e9 humano \u00e9 estranho \u00e0 Igreja\u201d, dizia o papa Paulo VI. Infelizmente n\u00e3o \u00e9 verdade. Criou-se em torno da sexualidade uma espessa cortina fechada pelo cadeado do tabu e do preconceito.<\/p>\n<p>Embora na pr\u00e1tica o tema seja debatido no interior da institui\u00e7\u00e3o eclesi\u00e1stica, mas a rigor est\u00e1 oficialmente proibido colocar em quest\u00e3o o celibato obrigat\u00f3rio; a ordena\u00e7\u00e3o de mulheres; o uso de preservativos para evitar aids e outras doen\u00e7as; a sexualidade por prazer (e n\u00e3o para procriar); o aborto em situa\u00e7\u00f5es singulares; a uni\u00e3o de homossexuais etc.<\/p>\n<p>O novo papa n\u00e3o poder\u00e1 fugir dessas quest\u00f5es, sob pena de ver a Igreja se esvaziar ou seguir convivendo com a hipocrisia de uma moral contida na doutrina em contradi\u00e7\u00e3o com a moral vivida pelos fi\u00e9is.<\/p>\n<p>Al\u00e9m de despir-se do v\u00e9u da virtude, a Igreja deveria se perguntar que sentido faz o papado proclamar que a Igreja n\u00e3o se mete em pol\u00edtica e, no entanto, o Vaticano arvorar-se em Estado soberano, com representa\u00e7\u00e3o na ONU e n\u00fancios como embaixadores em diversos pa\u00edses.<\/p>\n<p>O papa merece ser apenas o pastor dos fi\u00e9is cat\u00f3licos, o bispo de Roma que serve de par\u00e2metro \u00e0 comunh\u00e3o universal na f\u00e9, e n\u00e3o um monarca absolutista com poderes de interven\u00e7\u00e3o em todas as dioceses do mundo.<\/p>\n<p>O Conc\u00edlio Vaticano II prop\u00f4s \u00e0 Igreja um governo colegiado, o que n\u00e3o foi implementado por Paulo VI nem aceito por Jo\u00e3o Paulo II e Bento XVI. A mosca azul parece picar tamb\u00e9m o papado.<\/p>\n<p>Essa \u201cembriaguez da vit\u00f3ria\u201d, como dizia Toynbee, fez com que a cegueira impedisse o pont\u00edfice de evitar a corrup\u00e7\u00e3o no banco do Vaticano; o vazamento de documentos sigilosos na C\u00faria Romana; a trai\u00e7\u00e3o de seu mordomo; e tantos outros esc\u00e2ndalos que, agora, arranham profundamente a imagem da Igreja.<\/p>\n<p>Jesus n\u00e3o se fez acompanhar por um grupo de perfeitos ou santos. Pedro o negou, Tom\u00e9 duvidou, Judas traiu, os filhos de Zebedeu ambicionaram o poder temporal. Nem eram todos castos e ang\u00e9licos. No primeiro capitulo do evangelho de Marcos consta que Jesus curou a sogra de Pedro. Se tinha sogra \u00e9 porque tinha mulher. Nem por isso deixou de ser indicado como l\u00edder da comunidade de ap\u00f3stolos.<\/p>\n<p>Quem caminha sem salto alto trope\u00e7a menos. \u00c9 hora de o papa cal\u00e7ar as sand\u00e1lias do pescador, abdicar dos t\u00edtulos honor\u00edficos herdados do Imp\u00e9rio Romano e assumir, em colegiado com os cardeais de todo o mundo, o mais evang\u00e9lico de todos os seus t\u00edtulos: servo dos servos de Deus.<\/p>\n<div id=\"themify_builder_content-21225\" data-postid=\"21225\" class=\"themify_builder_content themify_builder_content-21225 themify_builder themify_builder_front\">\n\t<\/div>\n<!-- \/themify_builder_content -->","protected":false},"excerpt":{"rendered":"<p>Frei Betto Nos pr\u00f3ximos dias a Igreja Cat\u00f3lica ter\u00e1 novo papa. At\u00e9 que ele seja eleito, os cardeais de 48 pa\u00edses est\u00e3o reunidos em Roma debatendo, com certeza, os motivos que levaram Bento XVI a renunciar. Para a opini\u00e3o p\u00fablica, um gesto corajoso de humildade, sobretudo nesses tempos em que muitos pol\u00edticos se julgam imortais [&hellip;]<\/p>\n","protected":false},"author":5,"featured_media":0,"comment_status":"open","ping_status":"open","sticky":false,"template":"","format":"standard","meta":{"ngg_post_thumbnail":0,"footnotes":""},"categories":[9],"tags":[157,2420,34],"yoast_head":"<!-- This site is optimized with the Yoast SEO plugin v23.5 - https:\/\/yoast.com\/wordpress\/plugins\/seo\/ -->\n<title>A igreja e o v\u00e9u da virtude - O Arcanjo no ar<\/title>\n<meta name=\"robots\" content=\"index, follow, max-snippet:-1, max-image-preview:large, max-video-preview:-1\" \/>\n<link rel=\"canonical\" href=\"https:\/\/www.oarcanjo.net\/site\/a-igreja-e-o-veu-da-virtude\/\" \/>\n<meta property=\"og:locale\" content=\"pt_BR\" \/>\n<meta property=\"og:type\" content=\"article\" \/>\n<meta property=\"og:title\" content=\"A igreja e o v\u00e9u da virtude - O Arcanjo no ar\" \/>\n<meta property=\"og:description\" content=\"Frei Betto Nos pr\u00f3ximos dias a Igreja Cat\u00f3lica ter\u00e1 novo papa. At\u00e9 que ele seja eleito, os cardeais de 48 pa\u00edses est\u00e3o reunidos em Roma debatendo, com certeza, os motivos que levaram Bento XVI a renunciar. Para a opini\u00e3o p\u00fablica, um gesto corajoso de humildade, sobretudo nesses tempos em que muitos pol\u00edticos se julgam imortais [&hellip;]\" \/>\n<meta property=\"og:url\" content=\"https:\/\/www.oarcanjo.net\/site\/a-igreja-e-o-veu-da-virtude\/\" \/>\n<meta property=\"og:site_name\" content=\"O Arcanjo no ar\" \/>\n<meta property=\"article:publisher\" content=\"https:\/\/www.facebook.com\/OArcanjoNoAr\/\" \/>\n<meta property=\"article:published_time\" content=\"2013-03-11T17:14:13+00:00\" \/>\n<meta property=\"og:image\" content=\"https:\/\/www.oarcanjo.net\/site\/wp-content\/uploads\/logo-o-arcanjo-no-ar-facebook.png\" \/>\n\t<meta property=\"og:image:width\" content=\"300\" \/>\n\t<meta property=\"og:image:height\" content=\"300\" \/>\n\t<meta property=\"og:image:type\" content=\"image\/png\" \/>\n<meta name=\"author\" content=\"editor\" \/>\n<meta name=\"twitter:card\" content=\"summary_large_image\" \/>\n<meta name=\"twitter:label1\" content=\"Escrito por\" \/>\n\t<meta name=\"twitter:data1\" content=\"editor\" \/>\n\t<meta name=\"twitter:label2\" content=\"Est. tempo de leitura\" \/>\n\t<meta name=\"twitter:data2\" content=\"5 minutos\" \/>\n<script type=\"application\/ld+json\" class=\"yoast-schema-graph\">{\"@context\":\"https:\/\/schema.org\",\"@graph\":[{\"@type\":\"Article\",\"@id\":\"https:\/\/www.oarcanjo.net\/site\/a-igreja-e-o-veu-da-virtude\/#article\",\"isPartOf\":{\"@id\":\"https:\/\/www.oarcanjo.net\/site\/a-igreja-e-o-veu-da-virtude\/\"},\"author\":{\"name\":\"editor\",\"@id\":\"https:\/\/www.oarcanjo.net\/site\/#\/schema\/person\/f7024d007863202483a31326673a0838\"},\"headline\":\"A igreja e o v\u00e9u da virtude\",\"datePublished\":\"2013-03-11T17:14:13+00:00\",\"dateModified\":\"2013-03-11T17:14:13+00:00\",\"mainEntityOfPage\":{\"@id\":\"https:\/\/www.oarcanjo.net\/site\/a-igreja-e-o-veu-da-virtude\/\"},\"wordCount\":933,\"commentCount\":0,\"publisher\":{\"@id\":\"https:\/\/www.oarcanjo.net\/site\/#organization\"},\"keywords\":[\"papa\",\"S\u00e9 Vacante\",\"vaticano\"],\"articleSection\":[\"Reflex\u00f5es\"],\"inLanguage\":\"pt-BR\",\"potentialAction\":[{\"@type\":\"CommentAction\",\"name\":\"Comment\",\"target\":[\"https:\/\/www.oarcanjo.net\/site\/a-igreja-e-o-veu-da-virtude\/#respond\"]}]},{\"@type\":\"WebPage\",\"@id\":\"https:\/\/www.oarcanjo.net\/site\/a-igreja-e-o-veu-da-virtude\/\",\"url\":\"https:\/\/www.oarcanjo.net\/site\/a-igreja-e-o-veu-da-virtude\/\",\"name\":\"A igreja e o v\u00e9u da virtude - O Arcanjo no ar\",\"isPartOf\":{\"@id\":\"https:\/\/www.oarcanjo.net\/site\/#website\"},\"datePublished\":\"2013-03-11T17:14:13+00:00\",\"dateModified\":\"2013-03-11T17:14:13+00:00\",\"breadcrumb\":{\"@id\":\"https:\/\/www.oarcanjo.net\/site\/a-igreja-e-o-veu-da-virtude\/#breadcrumb\"},\"inLanguage\":\"pt-BR\",\"potentialAction\":[{\"@type\":\"ReadAction\",\"target\":[\"https:\/\/www.oarcanjo.net\/site\/a-igreja-e-o-veu-da-virtude\/\"]}]},{\"@type\":\"BreadcrumbList\",\"@id\":\"https:\/\/www.oarcanjo.net\/site\/a-igreja-e-o-veu-da-virtude\/#breadcrumb\",\"itemListElement\":[{\"@type\":\"ListItem\",\"position\":1,\"name\":\"In\u00edcio\",\"item\":\"https:\/\/www.oarcanjo.net\/site\/\"},{\"@type\":\"ListItem\",\"position\":2,\"name\":\"A igreja e o v\u00e9u da virtude\"}]},{\"@type\":\"WebSite\",\"@id\":\"https:\/\/www.oarcanjo.net\/site\/#website\",\"url\":\"https:\/\/www.oarcanjo.net\/site\/\",\"name\":\"O Arcanjo no ar\",\"description\":\"Site da Par\u00f3quia S\u00e3o Miguel Arcanjo (Arquidiocese de SP)\",\"publisher\":{\"@id\":\"https:\/\/www.oarcanjo.net\/site\/#organization\"},\"potentialAction\":[{\"@type\":\"SearchAction\",\"target\":{\"@type\":\"EntryPoint\",\"urlTemplate\":\"https:\/\/www.oarcanjo.net\/site\/?s={search_term_string}\"},\"query-input\":{\"@type\":\"PropertyValueSpecification\",\"valueRequired\":true,\"valueName\":\"search_term_string\"}}],\"inLanguage\":\"pt-BR\"},{\"@type\":\"Organization\",\"@id\":\"https:\/\/www.oarcanjo.net\/site\/#organization\",\"name\":\"Par\u00f3quia S\u00e3o Miguel Arcanjo\",\"url\":\"https:\/\/www.oarcanjo.net\/site\/\",\"logo\":{\"@type\":\"ImageObject\",\"inLanguage\":\"pt-BR\",\"@id\":\"https:\/\/www.oarcanjo.net\/site\/#\/schema\/logo\/image\/\",\"url\":\"https:\/\/www.oarcanjo.net\/site\/wp-content\/uploads\/LogoOArcanjo.png\",\"contentUrl\":\"https:\/\/www.oarcanjo.net\/site\/wp-content\/uploads\/LogoOArcanjo.png\",\"width\":319,\"height\":99,\"caption\":\"Par\u00f3quia S\u00e3o Miguel Arcanjo\"},\"image\":{\"@id\":\"https:\/\/www.oarcanjo.net\/site\/#\/schema\/logo\/image\/\"},\"sameAs\":[\"https:\/\/www.facebook.com\/OArcanjoNoAr\/\"]},{\"@type\":\"Person\",\"@id\":\"https:\/\/www.oarcanjo.net\/site\/#\/schema\/person\/f7024d007863202483a31326673a0838\",\"name\":\"editor\",\"sameAs\":[\"http:\/\/www.oarcanjo.net\"]}]}<\/script>\n<!-- \/ Yoast SEO plugin. -->","yoast_head_json":{"title":"A igreja e o v\u00e9u da virtude - O Arcanjo no ar","robots":{"index":"index","follow":"follow","max-snippet":"max-snippet:-1","max-image-preview":"max-image-preview:large","max-video-preview":"max-video-preview:-1"},"canonical":"https:\/\/www.oarcanjo.net\/site\/a-igreja-e-o-veu-da-virtude\/","og_locale":"pt_BR","og_type":"article","og_title":"A igreja e o v\u00e9u da virtude - O Arcanjo no ar","og_description":"Frei Betto Nos pr\u00f3ximos dias a Igreja Cat\u00f3lica ter\u00e1 novo papa. At\u00e9 que ele seja eleito, os cardeais de 48 pa\u00edses est\u00e3o reunidos em Roma debatendo, com certeza, os motivos que levaram Bento XVI a renunciar. Para a opini\u00e3o p\u00fablica, um gesto corajoso de humildade, sobretudo nesses tempos em que muitos pol\u00edticos se julgam imortais [&hellip;]","og_url":"https:\/\/www.oarcanjo.net\/site\/a-igreja-e-o-veu-da-virtude\/","og_site_name":"O Arcanjo no ar","article_publisher":"https:\/\/www.facebook.com\/OArcanjoNoAr\/","article_published_time":"2013-03-11T17:14:13+00:00","og_image":[{"width":300,"height":300,"url":"https:\/\/www.oarcanjo.net\/site\/wp-content\/uploads\/logo-o-arcanjo-no-ar-facebook.png","type":"image\/png"}],"author":"editor","twitter_card":"summary_large_image","twitter_misc":{"Escrito por":"editor","Est. tempo de leitura":"5 minutos"},"schema":{"@context":"https:\/\/schema.org","@graph":[{"@type":"Article","@id":"https:\/\/www.oarcanjo.net\/site\/a-igreja-e-o-veu-da-virtude\/#article","isPartOf":{"@id":"https:\/\/www.oarcanjo.net\/site\/a-igreja-e-o-veu-da-virtude\/"},"author":{"name":"editor","@id":"https:\/\/www.oarcanjo.net\/site\/#\/schema\/person\/f7024d007863202483a31326673a0838"},"headline":"A igreja e o v\u00e9u da virtude","datePublished":"2013-03-11T17:14:13+00:00","dateModified":"2013-03-11T17:14:13+00:00","mainEntityOfPage":{"@id":"https:\/\/www.oarcanjo.net\/site\/a-igreja-e-o-veu-da-virtude\/"},"wordCount":933,"commentCount":0,"publisher":{"@id":"https:\/\/www.oarcanjo.net\/site\/#organization"},"keywords":["papa","S\u00e9 Vacante","vaticano"],"articleSection":["Reflex\u00f5es"],"inLanguage":"pt-BR","potentialAction":[{"@type":"CommentAction","name":"Comment","target":["https:\/\/www.oarcanjo.net\/site\/a-igreja-e-o-veu-da-virtude\/#respond"]}]},{"@type":"WebPage","@id":"https:\/\/www.oarcanjo.net\/site\/a-igreja-e-o-veu-da-virtude\/","url":"https:\/\/www.oarcanjo.net\/site\/a-igreja-e-o-veu-da-virtude\/","name":"A igreja e o v\u00e9u da virtude - O Arcanjo no ar","isPartOf":{"@id":"https:\/\/www.oarcanjo.net\/site\/#website"},"datePublished":"2013-03-11T17:14:13+00:00","dateModified":"2013-03-11T17:14:13+00:00","breadcrumb":{"@id":"https:\/\/www.oarcanjo.net\/site\/a-igreja-e-o-veu-da-virtude\/#breadcrumb"},"inLanguage":"pt-BR","potentialAction":[{"@type":"ReadAction","target":["https:\/\/www.oarcanjo.net\/site\/a-igreja-e-o-veu-da-virtude\/"]}]},{"@type":"BreadcrumbList","@id":"https:\/\/www.oarcanjo.net\/site\/a-igreja-e-o-veu-da-virtude\/#breadcrumb","itemListElement":[{"@type":"ListItem","position":1,"name":"In\u00edcio","item":"https:\/\/www.oarcanjo.net\/site\/"},{"@type":"ListItem","position":2,"name":"A igreja e o v\u00e9u da virtude"}]},{"@type":"WebSite","@id":"https:\/\/www.oarcanjo.net\/site\/#website","url":"https:\/\/www.oarcanjo.net\/site\/","name":"O Arcanjo no ar","description":"Site da Par\u00f3quia S\u00e3o Miguel Arcanjo (Arquidiocese de SP)","publisher":{"@id":"https:\/\/www.oarcanjo.net\/site\/#organization"},"potentialAction":[{"@type":"SearchAction","target":{"@type":"EntryPoint","urlTemplate":"https:\/\/www.oarcanjo.net\/site\/?s={search_term_string}"},"query-input":{"@type":"PropertyValueSpecification","valueRequired":true,"valueName":"search_term_string"}}],"inLanguage":"pt-BR"},{"@type":"Organization","@id":"https:\/\/www.oarcanjo.net\/site\/#organization","name":"Par\u00f3quia S\u00e3o Miguel Arcanjo","url":"https:\/\/www.oarcanjo.net\/site\/","logo":{"@type":"ImageObject","inLanguage":"pt-BR","@id":"https:\/\/www.oarcanjo.net\/site\/#\/schema\/logo\/image\/","url":"https:\/\/www.oarcanjo.net\/site\/wp-content\/uploads\/LogoOArcanjo.png","contentUrl":"https:\/\/www.oarcanjo.net\/site\/wp-content\/uploads\/LogoOArcanjo.png","width":319,"height":99,"caption":"Par\u00f3quia S\u00e3o Miguel Arcanjo"},"image":{"@id":"https:\/\/www.oarcanjo.net\/site\/#\/schema\/logo\/image\/"},"sameAs":["https:\/\/www.facebook.com\/OArcanjoNoAr\/"]},{"@type":"Person","@id":"https:\/\/www.oarcanjo.net\/site\/#\/schema\/person\/f7024d007863202483a31326673a0838","name":"editor","sameAs":["http:\/\/www.oarcanjo.net"]}]}},"publishpress_future_action":{"enabled":false,"date":"2026-05-09 05:56:38","action":"category","newStatus":"draft","terms":[],"taxonomy":"category"},"publishpress_future_workflow_manual_trigger":{"enabledWorkflows":[]},"_links":{"self":[{"href":"https:\/\/www.oarcanjo.net\/site\/wp-json\/wp\/v2\/posts\/21225"}],"collection":[{"href":"https:\/\/www.oarcanjo.net\/site\/wp-json\/wp\/v2\/posts"}],"about":[{"href":"https:\/\/www.oarcanjo.net\/site\/wp-json\/wp\/v2\/types\/post"}],"author":[{"embeddable":true,"href":"https:\/\/www.oarcanjo.net\/site\/wp-json\/wp\/v2\/users\/5"}],"replies":[{"embeddable":true,"href":"https:\/\/www.oarcanjo.net\/site\/wp-json\/wp\/v2\/comments?post=21225"}],"version-history":[{"count":0,"href":"https:\/\/www.oarcanjo.net\/site\/wp-json\/wp\/v2\/posts\/21225\/revisions"}],"wp:attachment":[{"href":"https:\/\/www.oarcanjo.net\/site\/wp-json\/wp\/v2\/media?parent=21225"}],"wp:term":[{"taxonomy":"category","embeddable":true,"href":"https:\/\/www.oarcanjo.net\/site\/wp-json\/wp\/v2\/categories?post=21225"},{"taxonomy":"post_tag","embeddable":true,"href":"https:\/\/www.oarcanjo.net\/site\/wp-json\/wp\/v2\/tags?post=21225"}],"curies":[{"name":"wp","href":"https:\/\/api.w.org\/{rel}","templated":true}]}}