
{"id":21284,"date":"2013-03-13T08:26:40","date_gmt":"2013-03-13T11:26:40","guid":{"rendered":"http:\/\/www.oarcanjo.net\/site\/?p=21284"},"modified":"2013-03-25T08:28:09","modified_gmt":"2013-03-25T11:28:09","slug":"francisco-o-novo-papa","status":"publish","type":"post","link":"https:\/\/www.oarcanjo.net\/site\/francisco-o-novo-papa\/","title":{"rendered":"Francisco, o novo Papa"},"content":{"rendered":"<p><em>\u201cA ti corremos, Ang\u00e9lico Pastor, Em ti n\u00f3s vemos o doce Redentor. A voz de Pedro na tua o mundo escuta, n\u00e3o vencer\u00e3o as for\u00e7as do inferno, mas a verdade, o doce amor fraterno!\u201d<\/em><\/p>\n<p>Hino do Vaticano<\/p>\n<p>Padre Geovane Saraiva*<\/p>\n<p>Jorge Mario Bergoglio, a partir deste dia 13 de mar\u00e7o de 2013 \u00e9 para o mundo cat\u00f3lico o novo Papa, o novo Sumo Pont\u00edfice, com o nome Papa Francisco. O quer dizer Pont\u00edfice? Pont\u00edfice quer dizer ponte e tem a fun\u00e7\u00e3o de ligar uma margem \u00e0 outra de um rio. No caso do Sucessor de Pedro, o m\u00fanus que lhe foi atribu\u00eddo \u00e9 o de fazer a liga\u00e7\u00e3o da terra ao c\u00e9u, numa misteriosa troca de dons.  A ocasi\u00e3o \u00e9 por demais feliz, no sentido de rendermos gra\u00e7as ao bom Deus, na mais absoluta convic\u00e7\u00e3o, de que o povo de Deus, com o novo Vig\u00e1rio de Cristo na terra, reavir\u00e1 a sua f\u00e9,  atrav\u00e9s do representante leg\u00edtimo e vis\u00edvel de Cristo aqui na terra, avan\u00e7ando \u00e0s \u00e1guas mais profundas, orientados por sua palavra segura, fecunda e esperan\u00e7osa (cf. Lc 5, 4-7; MT 16, 18 ).<\/p>\n<p>Que ele seja um aut\u00eantico pai na caridade, num grande esfor\u00e7o de sempre mais proporcionar um estreito relacionamento da Igreja com o mundo contempor\u00e2neo, no meu modo de perceber as coisas, igualmente gritante, quando da ocasi\u00e3o Conc\u00edlio Vaticano II, tendo por base os princ\u00edpios doutrin\u00e1rios da M\u00e3e Igreja, nestas palavras: \u201cAs alegrias e as esperan\u00e7as, as tristezas e as ang\u00fastias dos homens de hoje, sobretudo dos pobres e de todos aqueles que sofrem, s\u00e3o tamb\u00e9m as alegrias e as esperan\u00e7as, as tristezas e as ang\u00fastias dos disc\u00edpulos de Cristo; e n\u00e3o h\u00e1 realidade alguma verdadeiramente humana que n\u00e3o encontre eco no seu cora\u00e7\u00e3o\u201d (GS, 200).<\/p>\n<p>Visto pelos olhos da f\u00e9, o gesto de Bento XVI, que surpreendeu o mundo, revela-nos o sopro do Esp\u00edrito Santo e que foi humildemente acolhido por todos. Ren\u00fancia durante seis s\u00e9culos era tida como um sinal de fraqueza, mas que agora foi transformado e visto como uma atitude de extraordin\u00e1ria grandeza, na elei\u00e7\u00e3o do novo representante de Cristo da terra, o Papa Francisco.<\/p>\n<p>Nossa confian\u00e7a \u00e9 enorme, sobretudo, ao refletirmos sobre a par\u00e1bola do pai misericordioso (Lc 15, 11-32), porque somos chamados a sonhar com um papa totalmente identificado com o pai da passagem deste Evangelho, no seu amor infinito e acolhedor, que soube no momento exato compreender e compadecer-se da mis\u00e9ria do filho mais novo, num gesto extraordin\u00e1rio de generosidade, ao mesmo tempo em que experimentou a alegria e a felicidade de seu retorno a casa.<\/p>\n<p>Vamos esperan\u00e7osos, contar com um papa que saiba compreender a humanidade, representada pelo filho mais novo, que deixou seu pai querido, numa aventura de assumir e administrar sua pr\u00f3pria vida e seus bens, na irresponsabilidade e inconsequ\u00eancia. Igualmente, numa pedagogia marcada pela miseric\u00f3rdia, que saiba ir ao encontro do filho mais velho, que tamb\u00e9m representa a mesma humanidade, para falar-lhe da necessidade de miseric\u00f3rdia e convers\u00e3o do cora\u00e7\u00e3o, diante da dor, da mis\u00e9ria e do sofrimento humano, exigindo-lhe amor, compaix\u00e3o, solidariedade e ternura.<\/p>\n<p>Num mundo marcado pelo pluralismo, na diversidade de pensamentos e op\u00e7\u00f5es de vida, alimenta-se sempre mais o sonho de um mundo fraterno e solid\u00e1rio, onde o Esp\u00edrito Santo aja em toda sua plenitude, atrav\u00e9s do novo Papa Francisco, eleito neste dia 13 mar\u00e7o, para a fun\u00e7\u00e3o maior de animar e confirmar os irm\u00e3os na f\u00e9, na Igreja Cat\u00f3lica. A nossa ardorosa s\u00faplica ao bom Deus, diante da miss\u00e3o incomensur\u00e1vel, que ele seja causa de grande alegria, al\u00e9m de ser fermento, sal e luz para toda a humanidade, \u00e1vida dos seus ensinamentos.<\/p>\n<p>Jesus Cristo continua a afirmar: \u201cO que vos pe\u00e7o \u00e9 que n\u00e3o os tireis do mundo, mas os livreis do mal\u201d (Jo 17, 15). A Igreja vive inserida num mundo onde h\u00e1 pedofilia, homossexualidade e segunda uni\u00e3o. Mesmo sendo uma organiza\u00e7\u00e3o de volunt\u00e1rios, espera-se de seus membros obriga\u00e7\u00f5es e v\u00ednculos, onde n\u00e3o se prescindem clareza e convic\u00e7\u00e3o. Na alegria da sua elei\u00e7\u00e3o, jamais podemos esquecer que o novo Pastor Universal tem, atrav\u00e9s do an\u00fancio do Evangelho e do di\u00e1logo, a tarefa de fermentar o mundo e a pr\u00f3pria cria\u00e7\u00e3o, na edifica\u00e7\u00e3o do Reino de Deus e sua justi\u00e7a.<\/p>\n<p>Com a chegada do novo Vig\u00e1rio de Cristo na terra, que o planeta possa ser alegremente contemplado, no sentido de que os crist\u00e3os sejam estimulados e fomentados a um grande compromisso de dialogar e cuidar da cria\u00e7\u00e3o, nas suas mais diversas realidades. O mundo precisa carinhosamente de pr\u00e1ticas ecol\u00f3gicas e ambientais, para que a f\u00e9 da humanidade possa se tornar cada vez mais viva e coerente com aquilo que se acredita.<\/p>\n<p>*Padre da Arquidiocese de Fortaleza, Escritor, Membro da Academia de Letras dos Munic\u00edpios do Estado Cear\u00e1 (ALMECE), da Academia Metropolitana de Letras de Fortaleza e vice-presidente da Previd\u00eancia Sacerdotal.<br \/>\nP\u00e1roco de Santo Afonso<br \/>\ngeovanesaraiva@gmail.com<\/p>\n<p>Autor dos livros:<br \/>\n\u201cO peregrino da Paz\u201d e \u201cNascido Para as Coisas Maiores\u201d (centen\u00e1rio de Dom Helder C\u00e2mara);<br \/>\n\u201cA Ternura de um Pastor\u201d &#8211; 2\u00aa Edi\u00e7\u00e3o (homenagem ao Cardeal Lorscheider);<br \/>\n\u201cA Esperan\u00e7a Tem Nome\u201d (espiritualidade e compromisso);<br \/>\n&#8220;Dom Helder: sonhos e utopias&#8221; (o pastor dos empobrecidos).<\/p>\n<div id=\"themify_builder_content-21284\" data-postid=\"21284\" class=\"themify_builder_content themify_builder_content-21284 themify_builder themify_builder_front\">\n\t<\/div>\n<!-- \/themify_builder_content -->","protected":false},"excerpt":{"rendered":"<p>\u201cA ti corremos, Ang\u00e9lico Pastor, Em ti n\u00f3s vemos o doce Redentor. A voz de Pedro na tua o mundo escuta, n\u00e3o vencer\u00e3o as for\u00e7as do inferno, mas a verdade, o doce amor fraterno!\u201d Hino do Vaticano Padre Geovane Saraiva* Jorge Mario Bergoglio, a partir deste dia 13 de mar\u00e7o de 2013 \u00e9 para o [&hellip;]<\/p>\n","protected":false},"author":17,"featured_media":0,"comment_status":"open","ping_status":"open","sticky":false,"template":"","format":"standard","meta":{"ngg_post_thumbnail":0,"footnotes":""},"categories":[9],"tags":[],"yoast_head":"<!-- This site is optimized with the Yoast SEO plugin v23.5 - https:\/\/yoast.com\/wordpress\/plugins\/seo\/ -->\n<title>Francisco, o novo Papa - O Arcanjo no ar<\/title>\n<meta name=\"robots\" content=\"index, follow, max-snippet:-1, max-image-preview:large, max-video-preview:-1\" \/>\n<link rel=\"canonical\" href=\"https:\/\/www.oarcanjo.net\/site\/francisco-o-novo-papa\/\" \/>\n<meta property=\"og:locale\" content=\"pt_BR\" \/>\n<meta property=\"og:type\" content=\"article\" \/>\n<meta property=\"og:title\" content=\"Francisco, o novo Papa - O Arcanjo no ar\" \/>\n<meta property=\"og:description\" content=\"\u201cA ti corremos, Ang\u00e9lico Pastor, Em ti n\u00f3s vemos o doce Redentor. A voz de Pedro na tua o mundo escuta, n\u00e3o vencer\u00e3o as for\u00e7as do inferno, mas a verdade, o doce amor fraterno!\u201d Hino do Vaticano Padre Geovane Saraiva* Jorge Mario Bergoglio, a partir deste dia 13 de mar\u00e7o de 2013 \u00e9 para o [&hellip;]\" \/>\n<meta property=\"og:url\" content=\"https:\/\/www.oarcanjo.net\/site\/francisco-o-novo-papa\/\" \/>\n<meta property=\"og:site_name\" content=\"O Arcanjo no ar\" \/>\n<meta property=\"article:publisher\" content=\"https:\/\/www.facebook.com\/OArcanjoNoAr\/\" \/>\n<meta property=\"article:published_time\" content=\"2013-03-13T11:26:40+00:00\" \/>\n<meta property=\"article:modified_time\" content=\"2013-03-25T11:28:09+00:00\" \/>\n<meta property=\"og:image\" content=\"https:\/\/www.oarcanjo.net\/site\/wp-content\/uploads\/logo-o-arcanjo-no-ar-facebook.png\" \/>\n\t<meta property=\"og:image:width\" content=\"300\" \/>\n\t<meta property=\"og:image:height\" content=\"300\" \/>\n\t<meta property=\"og:image:type\" content=\"image\/png\" \/>\n<meta name=\"author\" content=\"pe.geovane\" \/>\n<meta name=\"twitter:card\" content=\"summary_large_image\" \/>\n<meta name=\"twitter:label1\" content=\"Escrito por\" \/>\n\t<meta name=\"twitter:data1\" content=\"pe.geovane\" \/>\n\t<meta name=\"twitter:label2\" content=\"Est. tempo de leitura\" \/>\n\t<meta name=\"twitter:data2\" content=\"5 minutos\" \/>\n<script type=\"application\/ld+json\" class=\"yoast-schema-graph\">{\"@context\":\"https:\/\/schema.org\",\"@graph\":[{\"@type\":\"Article\",\"@id\":\"https:\/\/www.oarcanjo.net\/site\/francisco-o-novo-papa\/#article\",\"isPartOf\":{\"@id\":\"https:\/\/www.oarcanjo.net\/site\/francisco-o-novo-papa\/\"},\"author\":{\"name\":\"pe.geovane\",\"@id\":\"https:\/\/www.oarcanjo.net\/site\/#\/schema\/person\/58d7f78850a973b8e467c7ae4a7eb4ad\"},\"headline\":\"Francisco, o novo Papa\",\"datePublished\":\"2013-03-13T11:26:40+00:00\",\"dateModified\":\"2013-03-25T11:28:09+00:00\",\"mainEntityOfPage\":{\"@id\":\"https:\/\/www.oarcanjo.net\/site\/francisco-o-novo-papa\/\"},\"wordCount\":940,\"commentCount\":0,\"publisher\":{\"@id\":\"https:\/\/www.oarcanjo.net\/site\/#organization\"},\"articleSection\":[\"Reflex\u00f5es\"],\"inLanguage\":\"pt-BR\",\"potentialAction\":[{\"@type\":\"CommentAction\",\"name\":\"Comment\",\"target\":[\"https:\/\/www.oarcanjo.net\/site\/francisco-o-novo-papa\/#respond\"]}]},{\"@type\":\"WebPage\",\"@id\":\"https:\/\/www.oarcanjo.net\/site\/francisco-o-novo-papa\/\",\"url\":\"https:\/\/www.oarcanjo.net\/site\/francisco-o-novo-papa\/\",\"name\":\"Francisco, o novo Papa - O Arcanjo no ar\",\"isPartOf\":{\"@id\":\"https:\/\/www.oarcanjo.net\/site\/#website\"},\"datePublished\":\"2013-03-13T11:26:40+00:00\",\"dateModified\":\"2013-03-25T11:28:09+00:00\",\"breadcrumb\":{\"@id\":\"https:\/\/www.oarcanjo.net\/site\/francisco-o-novo-papa\/#breadcrumb\"},\"inLanguage\":\"pt-BR\",\"potentialAction\":[{\"@type\":\"ReadAction\",\"target\":[\"https:\/\/www.oarcanjo.net\/site\/francisco-o-novo-papa\/\"]}]},{\"@type\":\"BreadcrumbList\",\"@id\":\"https:\/\/www.oarcanjo.net\/site\/francisco-o-novo-papa\/#breadcrumb\",\"itemListElement\":[{\"@type\":\"ListItem\",\"position\":1,\"name\":\"In\u00edcio\",\"item\":\"https:\/\/www.oarcanjo.net\/site\/\"},{\"@type\":\"ListItem\",\"position\":2,\"name\":\"Francisco, o novo Papa\"}]},{\"@type\":\"WebSite\",\"@id\":\"https:\/\/www.oarcanjo.net\/site\/#website\",\"url\":\"https:\/\/www.oarcanjo.net\/site\/\",\"name\":\"O Arcanjo no ar\",\"description\":\"Site da Par\u00f3quia S\u00e3o Miguel Arcanjo (Arquidiocese de SP)\",\"publisher\":{\"@id\":\"https:\/\/www.oarcanjo.net\/site\/#organization\"},\"potentialAction\":[{\"@type\":\"SearchAction\",\"target\":{\"@type\":\"EntryPoint\",\"urlTemplate\":\"https:\/\/www.oarcanjo.net\/site\/?s={search_term_string}\"},\"query-input\":{\"@type\":\"PropertyValueSpecification\",\"valueRequired\":true,\"valueName\":\"search_term_string\"}}],\"inLanguage\":\"pt-BR\"},{\"@type\":\"Organization\",\"@id\":\"https:\/\/www.oarcanjo.net\/site\/#organization\",\"name\":\"Par\u00f3quia S\u00e3o Miguel Arcanjo\",\"url\":\"https:\/\/www.oarcanjo.net\/site\/\",\"logo\":{\"@type\":\"ImageObject\",\"inLanguage\":\"pt-BR\",\"@id\":\"https:\/\/www.oarcanjo.net\/site\/#\/schema\/logo\/image\/\",\"url\":\"https:\/\/www.oarcanjo.net\/site\/wp-content\/uploads\/LogoOArcanjo.png\",\"contentUrl\":\"https:\/\/www.oarcanjo.net\/site\/wp-content\/uploads\/LogoOArcanjo.png\",\"width\":319,\"height\":99,\"caption\":\"Par\u00f3quia S\u00e3o Miguel Arcanjo\"},\"image\":{\"@id\":\"https:\/\/www.oarcanjo.net\/site\/#\/schema\/logo\/image\/\"},\"sameAs\":[\"https:\/\/www.facebook.com\/OArcanjoNoAr\/\"]},{\"@type\":\"Person\",\"@id\":\"https:\/\/www.oarcanjo.net\/site\/#\/schema\/person\/58d7f78850a973b8e467c7ae4a7eb4ad\",\"name\":\"pe.geovane\"}]}<\/script>\n<!-- \/ Yoast SEO plugin. -->","yoast_head_json":{"title":"Francisco, o novo Papa - O Arcanjo no ar","robots":{"index":"index","follow":"follow","max-snippet":"max-snippet:-1","max-image-preview":"max-image-preview:large","max-video-preview":"max-video-preview:-1"},"canonical":"https:\/\/www.oarcanjo.net\/site\/francisco-o-novo-papa\/","og_locale":"pt_BR","og_type":"article","og_title":"Francisco, o novo Papa - O Arcanjo no ar","og_description":"\u201cA ti corremos, Ang\u00e9lico Pastor, Em ti n\u00f3s vemos o doce Redentor. A voz de Pedro na tua o mundo escuta, n\u00e3o vencer\u00e3o as for\u00e7as do inferno, mas a verdade, o doce amor fraterno!\u201d Hino do Vaticano Padre Geovane Saraiva* Jorge Mario Bergoglio, a partir deste dia 13 de mar\u00e7o de 2013 \u00e9 para o [&hellip;]","og_url":"https:\/\/www.oarcanjo.net\/site\/francisco-o-novo-papa\/","og_site_name":"O Arcanjo no ar","article_publisher":"https:\/\/www.facebook.com\/OArcanjoNoAr\/","article_published_time":"2013-03-13T11:26:40+00:00","article_modified_time":"2013-03-25T11:28:09+00:00","og_image":[{"width":300,"height":300,"url":"https:\/\/www.oarcanjo.net\/site\/wp-content\/uploads\/logo-o-arcanjo-no-ar-facebook.png","type":"image\/png"}],"author":"pe.geovane","twitter_card":"summary_large_image","twitter_misc":{"Escrito por":"pe.geovane","Est. tempo de leitura":"5 minutos"},"schema":{"@context":"https:\/\/schema.org","@graph":[{"@type":"Article","@id":"https:\/\/www.oarcanjo.net\/site\/francisco-o-novo-papa\/#article","isPartOf":{"@id":"https:\/\/www.oarcanjo.net\/site\/francisco-o-novo-papa\/"},"author":{"name":"pe.geovane","@id":"https:\/\/www.oarcanjo.net\/site\/#\/schema\/person\/58d7f78850a973b8e467c7ae4a7eb4ad"},"headline":"Francisco, o novo Papa","datePublished":"2013-03-13T11:26:40+00:00","dateModified":"2013-03-25T11:28:09+00:00","mainEntityOfPage":{"@id":"https:\/\/www.oarcanjo.net\/site\/francisco-o-novo-papa\/"},"wordCount":940,"commentCount":0,"publisher":{"@id":"https:\/\/www.oarcanjo.net\/site\/#organization"},"articleSection":["Reflex\u00f5es"],"inLanguage":"pt-BR","potentialAction":[{"@type":"CommentAction","name":"Comment","target":["https:\/\/www.oarcanjo.net\/site\/francisco-o-novo-papa\/#respond"]}]},{"@type":"WebPage","@id":"https:\/\/www.oarcanjo.net\/site\/francisco-o-novo-papa\/","url":"https:\/\/www.oarcanjo.net\/site\/francisco-o-novo-papa\/","name":"Francisco, o novo Papa - O Arcanjo no ar","isPartOf":{"@id":"https:\/\/www.oarcanjo.net\/site\/#website"},"datePublished":"2013-03-13T11:26:40+00:00","dateModified":"2013-03-25T11:28:09+00:00","breadcrumb":{"@id":"https:\/\/www.oarcanjo.net\/site\/francisco-o-novo-papa\/#breadcrumb"},"inLanguage":"pt-BR","potentialAction":[{"@type":"ReadAction","target":["https:\/\/www.oarcanjo.net\/site\/francisco-o-novo-papa\/"]}]},{"@type":"BreadcrumbList","@id":"https:\/\/www.oarcanjo.net\/site\/francisco-o-novo-papa\/#breadcrumb","itemListElement":[{"@type":"ListItem","position":1,"name":"In\u00edcio","item":"https:\/\/www.oarcanjo.net\/site\/"},{"@type":"ListItem","position":2,"name":"Francisco, o novo Papa"}]},{"@type":"WebSite","@id":"https:\/\/www.oarcanjo.net\/site\/#website","url":"https:\/\/www.oarcanjo.net\/site\/","name":"O Arcanjo no ar","description":"Site da Par\u00f3quia S\u00e3o Miguel Arcanjo (Arquidiocese de SP)","publisher":{"@id":"https:\/\/www.oarcanjo.net\/site\/#organization"},"potentialAction":[{"@type":"SearchAction","target":{"@type":"EntryPoint","urlTemplate":"https:\/\/www.oarcanjo.net\/site\/?s={search_term_string}"},"query-input":{"@type":"PropertyValueSpecification","valueRequired":true,"valueName":"search_term_string"}}],"inLanguage":"pt-BR"},{"@type":"Organization","@id":"https:\/\/www.oarcanjo.net\/site\/#organization","name":"Par\u00f3quia S\u00e3o Miguel Arcanjo","url":"https:\/\/www.oarcanjo.net\/site\/","logo":{"@type":"ImageObject","inLanguage":"pt-BR","@id":"https:\/\/www.oarcanjo.net\/site\/#\/schema\/logo\/image\/","url":"https:\/\/www.oarcanjo.net\/site\/wp-content\/uploads\/LogoOArcanjo.png","contentUrl":"https:\/\/www.oarcanjo.net\/site\/wp-content\/uploads\/LogoOArcanjo.png","width":319,"height":99,"caption":"Par\u00f3quia S\u00e3o Miguel Arcanjo"},"image":{"@id":"https:\/\/www.oarcanjo.net\/site\/#\/schema\/logo\/image\/"},"sameAs":["https:\/\/www.facebook.com\/OArcanjoNoAr\/"]},{"@type":"Person","@id":"https:\/\/www.oarcanjo.net\/site\/#\/schema\/person\/58d7f78850a973b8e467c7ae4a7eb4ad","name":"pe.geovane"}]}},"publishpress_future_action":{"enabled":false,"date":"2026-05-09 07:25:05","action":"category","newStatus":"draft","terms":[],"taxonomy":"category"},"publishpress_future_workflow_manual_trigger":{"enabledWorkflows":[]},"_links":{"self":[{"href":"https:\/\/www.oarcanjo.net\/site\/wp-json\/wp\/v2\/posts\/21284"}],"collection":[{"href":"https:\/\/www.oarcanjo.net\/site\/wp-json\/wp\/v2\/posts"}],"about":[{"href":"https:\/\/www.oarcanjo.net\/site\/wp-json\/wp\/v2\/types\/post"}],"author":[{"embeddable":true,"href":"https:\/\/www.oarcanjo.net\/site\/wp-json\/wp\/v2\/users\/17"}],"replies":[{"embeddable":true,"href":"https:\/\/www.oarcanjo.net\/site\/wp-json\/wp\/v2\/comments?post=21284"}],"version-history":[{"count":0,"href":"https:\/\/www.oarcanjo.net\/site\/wp-json\/wp\/v2\/posts\/21284\/revisions"}],"wp:attachment":[{"href":"https:\/\/www.oarcanjo.net\/site\/wp-json\/wp\/v2\/media?parent=21284"}],"wp:term":[{"taxonomy":"category","embeddable":true,"href":"https:\/\/www.oarcanjo.net\/site\/wp-json\/wp\/v2\/categories?post=21284"},{"taxonomy":"post_tag","embeddable":true,"href":"https:\/\/www.oarcanjo.net\/site\/wp-json\/wp\/v2\/tags?post=21284"}],"curies":[{"name":"wp","href":"https:\/\/api.w.org\/{rel}","templated":true}]}}