
{"id":21342,"date":"2013-03-17T19:32:54","date_gmt":"2013-03-17T22:32:54","guid":{"rendered":"http:\/\/www.oarcanjo.net\/site\/?p=21342"},"modified":"2013-03-17T19:32:54","modified_gmt":"2013-03-17T22:32:54","slug":"franscisco-e-a-igreja","status":"publish","type":"post","link":"https:\/\/www.oarcanjo.net\/site\/franscisco-e-a-igreja\/","title":{"rendered":"Franscisco e a Igreja"},"content":{"rendered":"<div>\n<p style=\"text-align: justify;\">Pe. Alfredo J. Gon\u00e7alves, CS<\/p>\n<p style=\"text-align: justify;\">Francisco representa a Igreja dos pobres. Igreja que \u00e0 riqueza e ao luxo, aos t\u00edtulos e \u00e0 pompa, d\u00e1 prefer\u00eancia a uma sincera simplicidade. Que se comunica com o povo e com o mundo n\u00e3o numa linguagem acad\u00eamica, sofisticada e desconhecida, mas com gestos e palavras populares e acess\u00edveis ao mais simples dos mortais. E que, por isso, confere um novo sabor \u00e0 Palavra de Deus e \u00e0 Boa Nova de Jesus Cristo, onde o Verbo se faz carne, presen\u00e7a viva e ativa, olhar que penetra e ama, consola e reaviva.<\/p>\n<p style=\"text-align: justify;\">Assim fez o pobre de Assis. Sua pobreza e sua nudez, como a de Jesus de Nazar\u00e9, interpela as vestimentas bordadas a ouro e prata de tantos sacerdotes, templos e religi\u00f5es. Sua acolhida aos leprosos e abandonados, como a do profeta itinerante do Evangelho, questiona a insist\u00eancia na constru\u00e7\u00e3o de fortalezas e pal\u00e1cios inacess\u00edveis. Sua mensagem l\u00facida e l\u00edmpida, viva e alegre, como as par\u00e1bolas do Reino, se revestem de beleza e poesia sem par. \u00c1gua cristalina diante da sede crescente de encontro com o outro e com o totalmente Outro.<\/p>\n<p style=\"text-align: justify;\">No momento em que boa parte da Igreja insistia em aliar-se ao poder temporal, Francisco surge como um pobre servidor, lembrando o gesto do lavap\u00e9s na \u00faltima ceia, seguido da ora\u00e7\u00e3o sacerdotal. Quando trono e altar pareciam dar-se as m\u00e3os, atrav\u00e9s da espada e da cruz, Francisco canta e louva o Criador na singeleza dos p\u00e1ssaros e das flores, dos astros e das \u00e1guas, das \u00e1rvores e dos frutos, a exemplo do homem de Nazar\u00e9.<\/p>\n<p style=\"text-align: justify;\">Contempor\u00e2neo de uma Igreja que combate furiosamente os infi\u00e9is e os hereges, Francisco chama a todos e a tudo de irm\u00e3o e irm\u00e3, seguindo o Mestre que prega o amor aos inimigos. Enquanto os tribunais eclesi\u00e1sticos acedem fogueiras para queimar os pecadores, em boa parte mulheres, o pobre de Assis lhes vai ao encontro, consciente de que Jesus oferece o perd\u00e3o todas as Marias e Madalenas Jos\u00e9s e Antonios arrenpendidos. Numa \u00e9poca onde predominava o obscurantismo, o medo e o pecado, Francisco renova sobre a sociedade medieval o olhar terno, puro e doce do Filho de Deus.<\/p>\n<p style=\"text-align: justify;\">Tempos dif\u00edceis, em que a pr\u00f3pria Igreja se envolve em conflitos e guerras, Francisco se faz instrumento da paz, com os olhos fixos na palavras da Sagrada Escritura. Quando as trevas do \u00f3dio parecem tomar conta dos cora\u00e7\u00f5es e das almas, o pobre de Assis se faz poeta e mensageiro da luz do amor. E se o desespero cobria o c\u00e9u como nuvem amea\u00e7adora, Francisco era o portavoz de uma nova esperan\u00e7a. Andarilho da palavra e do gesto que nutre os corpos encurvados, os esp\u00edritos abatidos e os cora\u00e7\u00f5es desesperan\u00e7ados.<\/p>\n<p style=\"text-align: justify;\">Um filho da burguesia nascente que, com ousadia, coragem e profetismo, deixa a pr\u00f3pria casa e os familiares para lan\u00e7ar-se nas pegadas de Jesus e dos pobres.\u00a0Ousadia\u00a0que levanta s\u00e9rias interroga\u00e7\u00f5es a quem, nos dias de hoje e mesmo dentro da Igreja e dos Institutos ou Movimentos Religiosos, segue exataemnte o caminho inverso.\u00a0Coragem\u00a0que desafia um retorno \u00e0s fontes genuinamente evang\u00e9licas, numa verdadeira &#8220;fidelidae criativa\u201d.\u00a0Profetismopara reavivar a &#8220;op\u00e7\u00e3o preferencial e evang\u00e9lica pelos pobres\u201d numa enocomia globalizada que, ao mesmo tempo, concentra e exclui, produz simultaneamente riqueza e mis\u00e9ria, ostenta\u00e7\u00e3o e fome, mans\u00f5es e casebres.<\/p>\n<\/div>\n<p style=\"text-align: justify;\">&nbsp;<\/p>\n<div id=\"themify_builder_content-21342\" data-postid=\"21342\" class=\"themify_builder_content themify_builder_content-21342 themify_builder themify_builder_front\">\n\t<\/div>\n<!-- \/themify_builder_content -->","protected":false},"excerpt":{"rendered":"<p>Pe. Alfredo J. Gon\u00e7alves, CS Francisco representa a Igreja dos pobres. Igreja que \u00e0 riqueza e ao luxo, aos t\u00edtulos e \u00e0 pompa, d\u00e1 prefer\u00eancia a uma sincera simplicidade. Que se comunica com o povo e com o mundo n\u00e3o numa linguagem acad\u00eamica, sofisticada e desconhecida, mas com gestos e palavras populares e acess\u00edveis ao [&hellip;]<\/p>\n","protected":false},"author":15,"featured_media":0,"comment_status":"open","ping_status":"open","sticky":false,"template":"","format":"standard","meta":{"ngg_post_thumbnail":0,"footnotes":""},"categories":[9],"tags":[],"yoast_head":"<!-- This site is optimized with the Yoast SEO plugin v23.5 - https:\/\/yoast.com\/wordpress\/plugins\/seo\/ -->\n<title>Franscisco e a Igreja - O Arcanjo no ar<\/title>\n<meta name=\"robots\" content=\"index, follow, max-snippet:-1, max-image-preview:large, max-video-preview:-1\" \/>\n<link rel=\"canonical\" href=\"https:\/\/www.oarcanjo.net\/site\/franscisco-e-a-igreja\/\" \/>\n<meta property=\"og:locale\" content=\"pt_BR\" \/>\n<meta property=\"og:type\" content=\"article\" \/>\n<meta property=\"og:title\" content=\"Franscisco e a Igreja - O Arcanjo no ar\" \/>\n<meta property=\"og:description\" content=\"Pe. Alfredo J. Gon\u00e7alves, CS Francisco representa a Igreja dos pobres. Igreja que \u00e0 riqueza e ao luxo, aos t\u00edtulos e \u00e0 pompa, d\u00e1 prefer\u00eancia a uma sincera simplicidade. Que se comunica com o povo e com o mundo n\u00e3o numa linguagem acad\u00eamica, sofisticada e desconhecida, mas com gestos e palavras populares e acess\u00edveis ao [&hellip;]\" \/>\n<meta property=\"og:url\" content=\"https:\/\/www.oarcanjo.net\/site\/franscisco-e-a-igreja\/\" \/>\n<meta property=\"og:site_name\" content=\"O Arcanjo no ar\" \/>\n<meta property=\"article:publisher\" content=\"https:\/\/www.facebook.com\/OArcanjoNoAr\/\" \/>\n<meta property=\"article:published_time\" content=\"2013-03-17T22:32:54+00:00\" \/>\n<meta property=\"og:image\" content=\"https:\/\/www.oarcanjo.net\/site\/wp-content\/uploads\/logo-o-arcanjo-no-ar-facebook.png\" \/>\n\t<meta property=\"og:image:width\" content=\"300\" \/>\n\t<meta property=\"og:image:height\" content=\"300\" \/>\n\t<meta property=\"og:image:type\" content=\"image\/png\" \/>\n<meta name=\"author\" content=\"Alexandre Nunes\" \/>\n<meta name=\"twitter:card\" content=\"summary_large_image\" \/>\n<meta name=\"twitter:label1\" content=\"Escrito por\" \/>\n\t<meta name=\"twitter:data1\" content=\"Alexandre Nunes\" \/>\n\t<meta name=\"twitter:label2\" content=\"Est. tempo de leitura\" \/>\n\t<meta name=\"twitter:data2\" content=\"3 minutos\" \/>\n<script type=\"application\/ld+json\" class=\"yoast-schema-graph\">{\"@context\":\"https:\/\/schema.org\",\"@graph\":[{\"@type\":\"Article\",\"@id\":\"https:\/\/www.oarcanjo.net\/site\/franscisco-e-a-igreja\/#article\",\"isPartOf\":{\"@id\":\"https:\/\/www.oarcanjo.net\/site\/franscisco-e-a-igreja\/\"},\"author\":{\"name\":\"Alexandre Nunes\",\"@id\":\"https:\/\/www.oarcanjo.net\/site\/#\/schema\/person\/0a2ae077c1a09b69d29928e3b9f1c0d1\"},\"headline\":\"Franscisco e a Igreja\",\"datePublished\":\"2013-03-17T22:32:54+00:00\",\"dateModified\":\"2013-03-17T22:32:54+00:00\",\"mainEntityOfPage\":{\"@id\":\"https:\/\/www.oarcanjo.net\/site\/franscisco-e-a-igreja\/\"},\"wordCount\":592,\"commentCount\":0,\"publisher\":{\"@id\":\"https:\/\/www.oarcanjo.net\/site\/#organization\"},\"articleSection\":[\"Reflex\u00f5es\"],\"inLanguage\":\"pt-BR\",\"potentialAction\":[{\"@type\":\"CommentAction\",\"name\":\"Comment\",\"target\":[\"https:\/\/www.oarcanjo.net\/site\/franscisco-e-a-igreja\/#respond\"]}]},{\"@type\":\"WebPage\",\"@id\":\"https:\/\/www.oarcanjo.net\/site\/franscisco-e-a-igreja\/\",\"url\":\"https:\/\/www.oarcanjo.net\/site\/franscisco-e-a-igreja\/\",\"name\":\"Franscisco e a Igreja - O Arcanjo no ar\",\"isPartOf\":{\"@id\":\"https:\/\/www.oarcanjo.net\/site\/#website\"},\"datePublished\":\"2013-03-17T22:32:54+00:00\",\"dateModified\":\"2013-03-17T22:32:54+00:00\",\"breadcrumb\":{\"@id\":\"https:\/\/www.oarcanjo.net\/site\/franscisco-e-a-igreja\/#breadcrumb\"},\"inLanguage\":\"pt-BR\",\"potentialAction\":[{\"@type\":\"ReadAction\",\"target\":[\"https:\/\/www.oarcanjo.net\/site\/franscisco-e-a-igreja\/\"]}]},{\"@type\":\"BreadcrumbList\",\"@id\":\"https:\/\/www.oarcanjo.net\/site\/franscisco-e-a-igreja\/#breadcrumb\",\"itemListElement\":[{\"@type\":\"ListItem\",\"position\":1,\"name\":\"In\u00edcio\",\"item\":\"https:\/\/www.oarcanjo.net\/site\/\"},{\"@type\":\"ListItem\",\"position\":2,\"name\":\"Franscisco e a Igreja\"}]},{\"@type\":\"WebSite\",\"@id\":\"https:\/\/www.oarcanjo.net\/site\/#website\",\"url\":\"https:\/\/www.oarcanjo.net\/site\/\",\"name\":\"O Arcanjo no ar\",\"description\":\"Site da Par\u00f3quia S\u00e3o Miguel Arcanjo (Arquidiocese de SP)\",\"publisher\":{\"@id\":\"https:\/\/www.oarcanjo.net\/site\/#organization\"},\"potentialAction\":[{\"@type\":\"SearchAction\",\"target\":{\"@type\":\"EntryPoint\",\"urlTemplate\":\"https:\/\/www.oarcanjo.net\/site\/?s={search_term_string}\"},\"query-input\":{\"@type\":\"PropertyValueSpecification\",\"valueRequired\":true,\"valueName\":\"search_term_string\"}}],\"inLanguage\":\"pt-BR\"},{\"@type\":\"Organization\",\"@id\":\"https:\/\/www.oarcanjo.net\/site\/#organization\",\"name\":\"Par\u00f3quia S\u00e3o Miguel Arcanjo\",\"url\":\"https:\/\/www.oarcanjo.net\/site\/\",\"logo\":{\"@type\":\"ImageObject\",\"inLanguage\":\"pt-BR\",\"@id\":\"https:\/\/www.oarcanjo.net\/site\/#\/schema\/logo\/image\/\",\"url\":\"https:\/\/www.oarcanjo.net\/site\/wp-content\/uploads\/LogoOArcanjo.png\",\"contentUrl\":\"https:\/\/www.oarcanjo.net\/site\/wp-content\/uploads\/LogoOArcanjo.png\",\"width\":319,\"height\":99,\"caption\":\"Par\u00f3quia S\u00e3o Miguel Arcanjo\"},\"image\":{\"@id\":\"https:\/\/www.oarcanjo.net\/site\/#\/schema\/logo\/image\/\"},\"sameAs\":[\"https:\/\/www.facebook.com\/OArcanjoNoAr\/\"]},{\"@type\":\"Person\",\"@id\":\"https:\/\/www.oarcanjo.net\/site\/#\/schema\/person\/0a2ae077c1a09b69d29928e3b9f1c0d1\",\"name\":\"Alexandre Nunes\",\"sameAs\":[\"http:\/\/alexandrenu.com\"]}]}<\/script>\n<!-- \/ Yoast SEO plugin. -->","yoast_head_json":{"title":"Franscisco e a Igreja - O Arcanjo no ar","robots":{"index":"index","follow":"follow","max-snippet":"max-snippet:-1","max-image-preview":"max-image-preview:large","max-video-preview":"max-video-preview:-1"},"canonical":"https:\/\/www.oarcanjo.net\/site\/franscisco-e-a-igreja\/","og_locale":"pt_BR","og_type":"article","og_title":"Franscisco e a Igreja - O Arcanjo no ar","og_description":"Pe. Alfredo J. Gon\u00e7alves, CS Francisco representa a Igreja dos pobres. Igreja que \u00e0 riqueza e ao luxo, aos t\u00edtulos e \u00e0 pompa, d\u00e1 prefer\u00eancia a uma sincera simplicidade. Que se comunica com o povo e com o mundo n\u00e3o numa linguagem acad\u00eamica, sofisticada e desconhecida, mas com gestos e palavras populares e acess\u00edveis ao [&hellip;]","og_url":"https:\/\/www.oarcanjo.net\/site\/franscisco-e-a-igreja\/","og_site_name":"O Arcanjo no ar","article_publisher":"https:\/\/www.facebook.com\/OArcanjoNoAr\/","article_published_time":"2013-03-17T22:32:54+00:00","og_image":[{"width":300,"height":300,"url":"https:\/\/www.oarcanjo.net\/site\/wp-content\/uploads\/logo-o-arcanjo-no-ar-facebook.png","type":"image\/png"}],"author":"Alexandre Nunes","twitter_card":"summary_large_image","twitter_misc":{"Escrito por":"Alexandre Nunes","Est. tempo de leitura":"3 minutos"},"schema":{"@context":"https:\/\/schema.org","@graph":[{"@type":"Article","@id":"https:\/\/www.oarcanjo.net\/site\/franscisco-e-a-igreja\/#article","isPartOf":{"@id":"https:\/\/www.oarcanjo.net\/site\/franscisco-e-a-igreja\/"},"author":{"name":"Alexandre Nunes","@id":"https:\/\/www.oarcanjo.net\/site\/#\/schema\/person\/0a2ae077c1a09b69d29928e3b9f1c0d1"},"headline":"Franscisco e a Igreja","datePublished":"2013-03-17T22:32:54+00:00","dateModified":"2013-03-17T22:32:54+00:00","mainEntityOfPage":{"@id":"https:\/\/www.oarcanjo.net\/site\/franscisco-e-a-igreja\/"},"wordCount":592,"commentCount":0,"publisher":{"@id":"https:\/\/www.oarcanjo.net\/site\/#organization"},"articleSection":["Reflex\u00f5es"],"inLanguage":"pt-BR","potentialAction":[{"@type":"CommentAction","name":"Comment","target":["https:\/\/www.oarcanjo.net\/site\/franscisco-e-a-igreja\/#respond"]}]},{"@type":"WebPage","@id":"https:\/\/www.oarcanjo.net\/site\/franscisco-e-a-igreja\/","url":"https:\/\/www.oarcanjo.net\/site\/franscisco-e-a-igreja\/","name":"Franscisco e a Igreja - O Arcanjo no ar","isPartOf":{"@id":"https:\/\/www.oarcanjo.net\/site\/#website"},"datePublished":"2013-03-17T22:32:54+00:00","dateModified":"2013-03-17T22:32:54+00:00","breadcrumb":{"@id":"https:\/\/www.oarcanjo.net\/site\/franscisco-e-a-igreja\/#breadcrumb"},"inLanguage":"pt-BR","potentialAction":[{"@type":"ReadAction","target":["https:\/\/www.oarcanjo.net\/site\/franscisco-e-a-igreja\/"]}]},{"@type":"BreadcrumbList","@id":"https:\/\/www.oarcanjo.net\/site\/franscisco-e-a-igreja\/#breadcrumb","itemListElement":[{"@type":"ListItem","position":1,"name":"In\u00edcio","item":"https:\/\/www.oarcanjo.net\/site\/"},{"@type":"ListItem","position":2,"name":"Franscisco e a Igreja"}]},{"@type":"WebSite","@id":"https:\/\/www.oarcanjo.net\/site\/#website","url":"https:\/\/www.oarcanjo.net\/site\/","name":"O Arcanjo no ar","description":"Site da Par\u00f3quia S\u00e3o Miguel Arcanjo (Arquidiocese de SP)","publisher":{"@id":"https:\/\/www.oarcanjo.net\/site\/#organization"},"potentialAction":[{"@type":"SearchAction","target":{"@type":"EntryPoint","urlTemplate":"https:\/\/www.oarcanjo.net\/site\/?s={search_term_string}"},"query-input":{"@type":"PropertyValueSpecification","valueRequired":true,"valueName":"search_term_string"}}],"inLanguage":"pt-BR"},{"@type":"Organization","@id":"https:\/\/www.oarcanjo.net\/site\/#organization","name":"Par\u00f3quia S\u00e3o Miguel Arcanjo","url":"https:\/\/www.oarcanjo.net\/site\/","logo":{"@type":"ImageObject","inLanguage":"pt-BR","@id":"https:\/\/www.oarcanjo.net\/site\/#\/schema\/logo\/image\/","url":"https:\/\/www.oarcanjo.net\/site\/wp-content\/uploads\/LogoOArcanjo.png","contentUrl":"https:\/\/www.oarcanjo.net\/site\/wp-content\/uploads\/LogoOArcanjo.png","width":319,"height":99,"caption":"Par\u00f3quia S\u00e3o Miguel Arcanjo"},"image":{"@id":"https:\/\/www.oarcanjo.net\/site\/#\/schema\/logo\/image\/"},"sameAs":["https:\/\/www.facebook.com\/OArcanjoNoAr\/"]},{"@type":"Person","@id":"https:\/\/www.oarcanjo.net\/site\/#\/schema\/person\/0a2ae077c1a09b69d29928e3b9f1c0d1","name":"Alexandre Nunes","sameAs":["http:\/\/alexandrenu.com"]}]}},"publishpress_future_action":{"enabled":false,"date":"2026-05-09 04:41:06","action":"category","newStatus":"draft","terms":[],"taxonomy":"category"},"publishpress_future_workflow_manual_trigger":{"enabledWorkflows":[]},"_links":{"self":[{"href":"https:\/\/www.oarcanjo.net\/site\/wp-json\/wp\/v2\/posts\/21342"}],"collection":[{"href":"https:\/\/www.oarcanjo.net\/site\/wp-json\/wp\/v2\/posts"}],"about":[{"href":"https:\/\/www.oarcanjo.net\/site\/wp-json\/wp\/v2\/types\/post"}],"author":[{"embeddable":true,"href":"https:\/\/www.oarcanjo.net\/site\/wp-json\/wp\/v2\/users\/15"}],"replies":[{"embeddable":true,"href":"https:\/\/www.oarcanjo.net\/site\/wp-json\/wp\/v2\/comments?post=21342"}],"version-history":[{"count":0,"href":"https:\/\/www.oarcanjo.net\/site\/wp-json\/wp\/v2\/posts\/21342\/revisions"}],"wp:attachment":[{"href":"https:\/\/www.oarcanjo.net\/site\/wp-json\/wp\/v2\/media?parent=21342"}],"wp:term":[{"taxonomy":"category","embeddable":true,"href":"https:\/\/www.oarcanjo.net\/site\/wp-json\/wp\/v2\/categories?post=21342"},{"taxonomy":"post_tag","embeddable":true,"href":"https:\/\/www.oarcanjo.net\/site\/wp-json\/wp\/v2\/tags?post=21342"}],"curies":[{"name":"wp","href":"https:\/\/api.w.org\/{rel}","templated":true}]}}