
{"id":21403,"date":"2013-03-19T12:11:01","date_gmt":"2013-03-19T15:11:01","guid":{"rendered":"http:\/\/www.oarcanjo.net\/site\/?p=21403"},"modified":"2013-03-24T13:26:40","modified_gmt":"2013-03-24T16:26:40","slug":"um-papa-chamado-francisco-2","status":"publish","type":"post","link":"https:\/\/www.oarcanjo.net\/site\/um-papa-chamado-francisco-2\/","title":{"rendered":"Um papa chamado Francisco!"},"content":{"rendered":"<p><em>D. Odilo Pedro Scherer<\/em><\/p>\n<p>Quanta coisa eu gostaria de escrever neste breve artigo! Antes de tudo, louvor \u00e0 Provid\u00eancia de Deus, que n\u00e3o deixa faltar Pastores \u00e0 sua Igreja, que a conduzam conforme o cora\u00e7\u00e3o de Cristo. Logo ap\u00f3s a elei\u00e7\u00e3o do novo papa, ainda na Capela Sistina, os cardeais cantaram a plenos pulm\u00f5es o hino de louvor \u00e0 Sant\u00edssima Trindade \u2013 Te Deum laudamus! Muitos tinham l\u00e1grimas nos olhos.<\/p>\n<p>A Igreja recebeu um novo Sucessor de Pedro para conduzi-la nos caminhos do Evangelho e para animar todos os seus membros no testemunho da salva\u00e7\u00e3o de Deus, manifestada a toda a humanidade por meio de Jesus Cristo. Participei pela primeira vez de um conclave e posso dizer que foi ocasi\u00e3o para uma experi\u00eancia eclesial \u00fanica e profunda! Pude perceber a sincera busca do melhor para a Igreja e sua miss\u00e3o. O Esp\u00edrito Santo n\u00e3o dorme!<\/p>\n<p>Antes de entrar no conclave, rezamos muito, tratamos com franqueza, respeito e profundo senso de responsabilidade as quest\u00f5es que precisavam ser tratadas em vista da escolha do novo Pont\u00edfice. O clima no Col\u00e9gio Cardinal\u00edcio era sereno e fraterno. A entrada em conclave, com o canto da ladainha de todos os Santos e da especial invoca\u00e7\u00e3o do Esp\u00edrito Criador \u2013 Veni Creator Spiritus \u2013 foi o in\u00edcio de um ato continuado de ora\u00e7\u00e3o, que durou at\u00e9 \u00e0 escolha do novo papa. Para tudo isso, n\u00e3o podia haver espa\u00e7o mais apropriado que a Capela Sistina, com os espl\u00eandidos afrescos de Miquel\u00e2ngelo, especialmente da grande cena do ju\u00edzo universal.<\/p>\n<p>Eleito o cardeal Jorge M\u00e1rio Bergoglio, arcebispo de Buenos Aires, ele escolheu o nome de Francisco, em mem\u00f3ria de S\u00e3o Francisco de Assis. V\u00e1rias surpresas, deixaram desconcertados os \u201cvaticanistas\u201d mais experientes: um papa n\u00e3o-europeu, j\u00e1 nem t\u00e3o jovem, um latino-americano da Argentina, o primeiro papa jesu\u00edta, que toma o nome de Francisco ainda n\u00e3o usado por nenhum Pont\u00edfice anteriormente! Bem que Jesus disse: o Esp\u00edrito Santo sopra onde quer e ningu\u00e9m sabe de onde seu sopro vital vem, nem para onde vai&#8230; Precisamos todos estar atentos \u00e0 sua a\u00e7\u00e3o, deixando-nos conduzir por Ele!<\/p>\n<p>Certamente, Francisco \u00e9 um nome muito indicativo das caracter\u00edsticas que o novo Papa quer dar ao seu pontificado. S\u00e3o Francisco tinha sido um pecador, dado \u00e0s vaidades do mundo; mas encontrou a miseric\u00f3rdia de Deus e se voltou inteiramente Ele: \u201cmeu Deus e meu tudo!\u201d A partir de sua convers\u00e3o, procurou viver o Evangelho em profundidade, cultivando a comunh\u00e3o com Deus e desejando voltar-se sempre mais para Cristo, a ponto de ser chamado de \u201chomem inteiramente cristificado\u201d.<\/p>\n<p>N\u00e3o \u00e9 esse mesmo o apelo que a Igreja recebe e faz a todos, desde h\u00e1 mais tempo?! Convers\u00e3o para um renovado encontro com Deus, um discipulado verdadeiro, para a santidade de vida atrav\u00e9s da comunh\u00e3o profunda com Deus, deixando-se abra\u00e7ar e amar por Ele? Na sua primeira missa com o Col\u00e9gio Cardinal\u00edcio, no dia seguinte \u00e0 sua elei\u00e7\u00e3o, o papa Francisco observou que, sem esta comunh\u00e3o profunda com Deus e a identifica\u00e7\u00e3o com Jesus Cristo \u201ccrucificado\u201d, sem confessar o seu nome, a Igreja n\u00e3o passa de uma \u201cONG piedosa\u201d&#8230; Na bas\u00edlica de S\u00e3o Francisco, em Assisi, h\u00e1 uma bela escultura do Santo abra\u00e7ado aos p\u00e9s do Crucificado, que baixa a m\u00e3o direita para abra\u00e7ar Francisco.<\/p>\n<p>Mas n\u00e3o \u00e9 s\u00f3 isso: tendo conhecido a miseric\u00f3rdia e o amor infinito de Deus Pai, S\u00e3o Francisco passou a reconhecer em cada criatura um irm\u00e3o e uma irm\u00e3; sobretudo nos homens e mulheres, buscando viver com todos a fraternidade universal, sem excluir ningu\u00e9m. Cora\u00e7\u00e3o livre, ele podia amar a todos de cora\u00e7\u00e3o inteiro e puro. Amou sobretudo os doentes (o leproso!), os pobres, os pecadores, os supostos \u201cinimigos\u201d; conseguia dialogar com os \u201cdiferentes\u201d, sem mais nenhum dos preconceitos que regulam, geralmente, as rela\u00e7\u00f5es humanas. Que grande desafio para a Igreja e a humanidade inteira!<\/p>\n<p>Outra dimens\u00e3o nada secund\u00e1ria na escolha do Papa Francisco: Ap\u00f3s sua convers\u00e3o, o Santo de Assis ardia pelo desejo de falar a todos do amor misericordioso de Deus: \u201co Amor n\u00e3o \u00e9 amado, o Amor n\u00e3o \u00e9 amado! \u2013 saiu a gritar pelas ruas e as pessoas acharam que estivesse louco. Louco de amor a Deus! Havia compreendido a loucura de Jesus Cristo crucificado e que era preciso anunciar a todos essa bela not\u00edcia. Assim, S\u00e3o Francisco enviou seus frades como mission\u00e1rios em todas as dire\u00e7\u00f5es. E essa dimens\u00e3o mission\u00e1ria urge mais do que nunca em nossos dias.<\/p>\n<p>Papa Francisco j\u00e1 entrou no cora\u00e7\u00e3o do povo. Deus o ilumine e fortale\u00e7a! Deus aben\u00e7oe toda a Igreja e a humanidade inteira atrav\u00e9s do seu minist\u00e9rio petrino, como servidor das ovelhas do Supremo Pastor! E S\u00e3o Jos\u00e9, que festejamos no dia da inaugura\u00e7\u00e3o solene de seu Pontificado, interceda paternalmente por Papa Francisco!<\/p>\n<div id=\"themify_builder_content-21403\" data-postid=\"21403\" class=\"themify_builder_content themify_builder_content-21403 themify_builder themify_builder_front\">\n\t<\/div>\n<!-- \/themify_builder_content -->","protected":false},"excerpt":{"rendered":"<p>D. Odilo Pedro Scherer Quanta coisa eu gostaria de escrever neste breve artigo! Antes de tudo, louvor \u00e0 Provid\u00eancia de Deus, que n\u00e3o deixa faltar Pastores \u00e0 sua Igreja, que a conduzam conforme o cora\u00e7\u00e3o de Cristo. Logo ap\u00f3s a elei\u00e7\u00e3o do novo papa, ainda na Capela Sistina, os cardeais cantaram a plenos pulm\u00f5es o [&hellip;]<\/p>\n","protected":false},"author":5,"featured_media":0,"comment_status":"open","ping_status":"open","sticky":false,"template":"","format":"standard","meta":{"ngg_post_thumbnail":0,"footnotes":""},"categories":[9],"tags":[2444,1368,2433,764,732,2443],"yoast_head":"<!-- This site is optimized with the Yoast SEO plugin v23.5 - https:\/\/yoast.com\/wordpress\/plugins\/seo\/ -->\n<title>Um papa chamado Francisco! - O Arcanjo no ar<\/title>\n<meta name=\"robots\" content=\"index, follow, max-snippet:-1, max-image-preview:large, max-video-preview:-1\" \/>\n<link rel=\"canonical\" href=\"https:\/\/www.oarcanjo.net\/site\/um-papa-chamado-francisco-2\/\" \/>\n<meta property=\"og:locale\" content=\"pt_BR\" \/>\n<meta property=\"og:type\" content=\"article\" \/>\n<meta property=\"og:title\" content=\"Um papa chamado Francisco! - O Arcanjo no ar\" \/>\n<meta property=\"og:description\" content=\"D. Odilo Pedro Scherer Quanta coisa eu gostaria de escrever neste breve artigo! Antes de tudo, louvor \u00e0 Provid\u00eancia de Deus, que n\u00e3o deixa faltar Pastores \u00e0 sua Igreja, que a conduzam conforme o cora\u00e7\u00e3o de Cristo. Logo ap\u00f3s a elei\u00e7\u00e3o do novo papa, ainda na Capela Sistina, os cardeais cantaram a plenos pulm\u00f5es o [&hellip;]\" \/>\n<meta property=\"og:url\" content=\"https:\/\/www.oarcanjo.net\/site\/um-papa-chamado-francisco-2\/\" \/>\n<meta property=\"og:site_name\" content=\"O Arcanjo no ar\" \/>\n<meta property=\"article:publisher\" content=\"https:\/\/www.facebook.com\/OArcanjoNoAr\/\" \/>\n<meta property=\"article:published_time\" content=\"2013-03-19T15:11:01+00:00\" \/>\n<meta property=\"article:modified_time\" content=\"2013-03-24T16:26:40+00:00\" \/>\n<meta property=\"og:image\" content=\"https:\/\/www.oarcanjo.net\/site\/wp-content\/uploads\/logo-o-arcanjo-no-ar-facebook.png\" \/>\n\t<meta property=\"og:image:width\" content=\"300\" \/>\n\t<meta property=\"og:image:height\" content=\"300\" \/>\n\t<meta property=\"og:image:type\" content=\"image\/png\" \/>\n<meta name=\"author\" content=\"editor\" \/>\n<meta name=\"twitter:card\" content=\"summary_large_image\" \/>\n<meta name=\"twitter:label1\" content=\"Escrito por\" \/>\n\t<meta name=\"twitter:data1\" content=\"editor\" \/>\n\t<meta name=\"twitter:label2\" content=\"Est. tempo de leitura\" \/>\n\t<meta name=\"twitter:data2\" content=\"4 minutos\" \/>\n<script type=\"application\/ld+json\" class=\"yoast-schema-graph\">{\"@context\":\"https:\/\/schema.org\",\"@graph\":[{\"@type\":\"Article\",\"@id\":\"https:\/\/www.oarcanjo.net\/site\/um-papa-chamado-francisco-2\/#article\",\"isPartOf\":{\"@id\":\"https:\/\/www.oarcanjo.net\/site\/um-papa-chamado-francisco-2\/\"},\"author\":{\"name\":\"editor\",\"@id\":\"https:\/\/www.oarcanjo.net\/site\/#\/schema\/person\/f7024d007863202483a31326673a0838\"},\"headline\":\"Um papa chamado Francisco!\",\"datePublished\":\"2013-03-19T15:11:01+00:00\",\"dateModified\":\"2013-03-24T16:26:40+00:00\",\"mainEntityOfPage\":{\"@id\":\"https:\/\/www.oarcanjo.net\/site\/um-papa-chamado-francisco-2\/\"},\"wordCount\":859,\"commentCount\":0,\"publisher\":{\"@id\":\"https:\/\/www.oarcanjo.net\/site\/#organization\"},\"keywords\":[\"Col\u00e9gio Cardinal\u00edcio\",\"D. Odilo Pedro Scherer\",\"Papa Francisco\",\"Sant\u00edssima Trindade\",\"S\u00e3o Francisco de Assis\",\"Te Deum laudamus\"],\"articleSection\":[\"Reflex\u00f5es\"],\"inLanguage\":\"pt-BR\",\"potentialAction\":[{\"@type\":\"CommentAction\",\"name\":\"Comment\",\"target\":[\"https:\/\/www.oarcanjo.net\/site\/um-papa-chamado-francisco-2\/#respond\"]}]},{\"@type\":\"WebPage\",\"@id\":\"https:\/\/www.oarcanjo.net\/site\/um-papa-chamado-francisco-2\/\",\"url\":\"https:\/\/www.oarcanjo.net\/site\/um-papa-chamado-francisco-2\/\",\"name\":\"Um papa chamado Francisco! - O Arcanjo no ar\",\"isPartOf\":{\"@id\":\"https:\/\/www.oarcanjo.net\/site\/#website\"},\"datePublished\":\"2013-03-19T15:11:01+00:00\",\"dateModified\":\"2013-03-24T16:26:40+00:00\",\"breadcrumb\":{\"@id\":\"https:\/\/www.oarcanjo.net\/site\/um-papa-chamado-francisco-2\/#breadcrumb\"},\"inLanguage\":\"pt-BR\",\"potentialAction\":[{\"@type\":\"ReadAction\",\"target\":[\"https:\/\/www.oarcanjo.net\/site\/um-papa-chamado-francisco-2\/\"]}]},{\"@type\":\"BreadcrumbList\",\"@id\":\"https:\/\/www.oarcanjo.net\/site\/um-papa-chamado-francisco-2\/#breadcrumb\",\"itemListElement\":[{\"@type\":\"ListItem\",\"position\":1,\"name\":\"In\u00edcio\",\"item\":\"https:\/\/www.oarcanjo.net\/site\/\"},{\"@type\":\"ListItem\",\"position\":2,\"name\":\"Um papa chamado Francisco!\"}]},{\"@type\":\"WebSite\",\"@id\":\"https:\/\/www.oarcanjo.net\/site\/#website\",\"url\":\"https:\/\/www.oarcanjo.net\/site\/\",\"name\":\"O Arcanjo no ar\",\"description\":\"Site da Par\u00f3quia S\u00e3o Miguel Arcanjo (Arquidiocese de SP)\",\"publisher\":{\"@id\":\"https:\/\/www.oarcanjo.net\/site\/#organization\"},\"potentialAction\":[{\"@type\":\"SearchAction\",\"target\":{\"@type\":\"EntryPoint\",\"urlTemplate\":\"https:\/\/www.oarcanjo.net\/site\/?s={search_term_string}\"},\"query-input\":{\"@type\":\"PropertyValueSpecification\",\"valueRequired\":true,\"valueName\":\"search_term_string\"}}],\"inLanguage\":\"pt-BR\"},{\"@type\":\"Organization\",\"@id\":\"https:\/\/www.oarcanjo.net\/site\/#organization\",\"name\":\"Par\u00f3quia S\u00e3o Miguel Arcanjo\",\"url\":\"https:\/\/www.oarcanjo.net\/site\/\",\"logo\":{\"@type\":\"ImageObject\",\"inLanguage\":\"pt-BR\",\"@id\":\"https:\/\/www.oarcanjo.net\/site\/#\/schema\/logo\/image\/\",\"url\":\"https:\/\/www.oarcanjo.net\/site\/wp-content\/uploads\/LogoOArcanjo.png\",\"contentUrl\":\"https:\/\/www.oarcanjo.net\/site\/wp-content\/uploads\/LogoOArcanjo.png\",\"width\":319,\"height\":99,\"caption\":\"Par\u00f3quia S\u00e3o Miguel Arcanjo\"},\"image\":{\"@id\":\"https:\/\/www.oarcanjo.net\/site\/#\/schema\/logo\/image\/\"},\"sameAs\":[\"https:\/\/www.facebook.com\/OArcanjoNoAr\/\"]},{\"@type\":\"Person\",\"@id\":\"https:\/\/www.oarcanjo.net\/site\/#\/schema\/person\/f7024d007863202483a31326673a0838\",\"name\":\"editor\",\"sameAs\":[\"http:\/\/www.oarcanjo.net\"]}]}<\/script>\n<!-- \/ Yoast SEO plugin. -->","yoast_head_json":{"title":"Um papa chamado Francisco! - O Arcanjo no ar","robots":{"index":"index","follow":"follow","max-snippet":"max-snippet:-1","max-image-preview":"max-image-preview:large","max-video-preview":"max-video-preview:-1"},"canonical":"https:\/\/www.oarcanjo.net\/site\/um-papa-chamado-francisco-2\/","og_locale":"pt_BR","og_type":"article","og_title":"Um papa chamado Francisco! - O Arcanjo no ar","og_description":"D. Odilo Pedro Scherer Quanta coisa eu gostaria de escrever neste breve artigo! Antes de tudo, louvor \u00e0 Provid\u00eancia de Deus, que n\u00e3o deixa faltar Pastores \u00e0 sua Igreja, que a conduzam conforme o cora\u00e7\u00e3o de Cristo. Logo ap\u00f3s a elei\u00e7\u00e3o do novo papa, ainda na Capela Sistina, os cardeais cantaram a plenos pulm\u00f5es o [&hellip;]","og_url":"https:\/\/www.oarcanjo.net\/site\/um-papa-chamado-francisco-2\/","og_site_name":"O Arcanjo no ar","article_publisher":"https:\/\/www.facebook.com\/OArcanjoNoAr\/","article_published_time":"2013-03-19T15:11:01+00:00","article_modified_time":"2013-03-24T16:26:40+00:00","og_image":[{"width":300,"height":300,"url":"https:\/\/www.oarcanjo.net\/site\/wp-content\/uploads\/logo-o-arcanjo-no-ar-facebook.png","type":"image\/png"}],"author":"editor","twitter_card":"summary_large_image","twitter_misc":{"Escrito por":"editor","Est. tempo de leitura":"4 minutos"},"schema":{"@context":"https:\/\/schema.org","@graph":[{"@type":"Article","@id":"https:\/\/www.oarcanjo.net\/site\/um-papa-chamado-francisco-2\/#article","isPartOf":{"@id":"https:\/\/www.oarcanjo.net\/site\/um-papa-chamado-francisco-2\/"},"author":{"name":"editor","@id":"https:\/\/www.oarcanjo.net\/site\/#\/schema\/person\/f7024d007863202483a31326673a0838"},"headline":"Um papa chamado Francisco!","datePublished":"2013-03-19T15:11:01+00:00","dateModified":"2013-03-24T16:26:40+00:00","mainEntityOfPage":{"@id":"https:\/\/www.oarcanjo.net\/site\/um-papa-chamado-francisco-2\/"},"wordCount":859,"commentCount":0,"publisher":{"@id":"https:\/\/www.oarcanjo.net\/site\/#organization"},"keywords":["Col\u00e9gio Cardinal\u00edcio","D. Odilo Pedro Scherer","Papa Francisco","Sant\u00edssima Trindade","S\u00e3o Francisco de Assis","Te Deum laudamus"],"articleSection":["Reflex\u00f5es"],"inLanguage":"pt-BR","potentialAction":[{"@type":"CommentAction","name":"Comment","target":["https:\/\/www.oarcanjo.net\/site\/um-papa-chamado-francisco-2\/#respond"]}]},{"@type":"WebPage","@id":"https:\/\/www.oarcanjo.net\/site\/um-papa-chamado-francisco-2\/","url":"https:\/\/www.oarcanjo.net\/site\/um-papa-chamado-francisco-2\/","name":"Um papa chamado Francisco! - O Arcanjo no ar","isPartOf":{"@id":"https:\/\/www.oarcanjo.net\/site\/#website"},"datePublished":"2013-03-19T15:11:01+00:00","dateModified":"2013-03-24T16:26:40+00:00","breadcrumb":{"@id":"https:\/\/www.oarcanjo.net\/site\/um-papa-chamado-francisco-2\/#breadcrumb"},"inLanguage":"pt-BR","potentialAction":[{"@type":"ReadAction","target":["https:\/\/www.oarcanjo.net\/site\/um-papa-chamado-francisco-2\/"]}]},{"@type":"BreadcrumbList","@id":"https:\/\/www.oarcanjo.net\/site\/um-papa-chamado-francisco-2\/#breadcrumb","itemListElement":[{"@type":"ListItem","position":1,"name":"In\u00edcio","item":"https:\/\/www.oarcanjo.net\/site\/"},{"@type":"ListItem","position":2,"name":"Um papa chamado Francisco!"}]},{"@type":"WebSite","@id":"https:\/\/www.oarcanjo.net\/site\/#website","url":"https:\/\/www.oarcanjo.net\/site\/","name":"O Arcanjo no ar","description":"Site da Par\u00f3quia S\u00e3o Miguel Arcanjo (Arquidiocese de SP)","publisher":{"@id":"https:\/\/www.oarcanjo.net\/site\/#organization"},"potentialAction":[{"@type":"SearchAction","target":{"@type":"EntryPoint","urlTemplate":"https:\/\/www.oarcanjo.net\/site\/?s={search_term_string}"},"query-input":{"@type":"PropertyValueSpecification","valueRequired":true,"valueName":"search_term_string"}}],"inLanguage":"pt-BR"},{"@type":"Organization","@id":"https:\/\/www.oarcanjo.net\/site\/#organization","name":"Par\u00f3quia S\u00e3o Miguel Arcanjo","url":"https:\/\/www.oarcanjo.net\/site\/","logo":{"@type":"ImageObject","inLanguage":"pt-BR","@id":"https:\/\/www.oarcanjo.net\/site\/#\/schema\/logo\/image\/","url":"https:\/\/www.oarcanjo.net\/site\/wp-content\/uploads\/LogoOArcanjo.png","contentUrl":"https:\/\/www.oarcanjo.net\/site\/wp-content\/uploads\/LogoOArcanjo.png","width":319,"height":99,"caption":"Par\u00f3quia S\u00e3o Miguel Arcanjo"},"image":{"@id":"https:\/\/www.oarcanjo.net\/site\/#\/schema\/logo\/image\/"},"sameAs":["https:\/\/www.facebook.com\/OArcanjoNoAr\/"]},{"@type":"Person","@id":"https:\/\/www.oarcanjo.net\/site\/#\/schema\/person\/f7024d007863202483a31326673a0838","name":"editor","sameAs":["http:\/\/www.oarcanjo.net"]}]}},"publishpress_future_action":{"enabled":false,"date":"2026-05-09 04:32:55","action":"category","newStatus":"draft","terms":[],"taxonomy":"category"},"publishpress_future_workflow_manual_trigger":{"enabledWorkflows":[]},"_links":{"self":[{"href":"https:\/\/www.oarcanjo.net\/site\/wp-json\/wp\/v2\/posts\/21403"}],"collection":[{"href":"https:\/\/www.oarcanjo.net\/site\/wp-json\/wp\/v2\/posts"}],"about":[{"href":"https:\/\/www.oarcanjo.net\/site\/wp-json\/wp\/v2\/types\/post"}],"author":[{"embeddable":true,"href":"https:\/\/www.oarcanjo.net\/site\/wp-json\/wp\/v2\/users\/5"}],"replies":[{"embeddable":true,"href":"https:\/\/www.oarcanjo.net\/site\/wp-json\/wp\/v2\/comments?post=21403"}],"version-history":[{"count":0,"href":"https:\/\/www.oarcanjo.net\/site\/wp-json\/wp\/v2\/posts\/21403\/revisions"}],"wp:attachment":[{"href":"https:\/\/www.oarcanjo.net\/site\/wp-json\/wp\/v2\/media?parent=21403"}],"wp:term":[{"taxonomy":"category","embeddable":true,"href":"https:\/\/www.oarcanjo.net\/site\/wp-json\/wp\/v2\/categories?post=21403"},{"taxonomy":"post_tag","embeddable":true,"href":"https:\/\/www.oarcanjo.net\/site\/wp-json\/wp\/v2\/tags?post=21403"}],"curies":[{"name":"wp","href":"https:\/\/api.w.org\/{rel}","templated":true}]}}