
{"id":21433,"date":"2013-03-24T12:48:29","date_gmt":"2013-03-24T15:48:29","guid":{"rendered":"http:\/\/www.oarcanjo.net\/site\/?p=21433"},"modified":"2013-03-24T12:48:29","modified_gmt":"2013-03-24T15:48:29","slug":"o-segredo-do-papa-jesuita","status":"publish","type":"post","link":"https:\/\/www.oarcanjo.net\/site\/o-segredo-do-papa-jesuita\/","title":{"rendered":"O segredo do Papa jesu\u00edta"},"content":{"rendered":"<p>Maria Clara Lucchetti Bingemer<\/p>\n<p>Francisco, o Papa Bergoglio \u00e9 primeiro em muitas coisas.  Primeiro Papa latino-americano, primeiro Papa argentino, primeiro Papa com nome de Francisco.  \u00c9 tamb\u00e9m e n\u00e3o menos o primeiro Papa jesu\u00edta.  A ordem fundada por In\u00e1cio de Loyola nunca havia dado um Papa \u00e0 Igreja.  Em parte por ser uma Ordem relativamente nova, com menos de 500 anos de exist\u00eancia.  Tamb\u00e9m por ser uma Ordem numerosa e poderosa, que granjeou pelo mundo afora muitas simpatias, mas tamb\u00e9m muitos inimigos. Estes \u00faltimos tinham medo de que um Papa jesu\u00edta pudesse fazer crescer exponencialmente a for\u00e7a da Companhia de Jesus.<\/p>\n<p>Por\u00e9m chegou o dia.  Francisco, como escolheu chamar-se o cardeal Jorge Mario Bergoglio ao ser eleito Papa, \u00e9 jesu\u00edta. Entrou jovem na Companhia, recebeu sua forma\u00e7\u00e3o na Argentina e no Chile. Ocupou todos os cargos importantes na Companhia de Jesus na Argentina: mestre de novi\u00e7os, provincial, reitor do Col\u00e9gio M\u00e1ximo, antes de ser bispo e depois arcebispo de Buenos Aires.<\/p>\n<p>Tudo isso demonstra qu\u00e3o profundamente o novo Papa est\u00e1 marcado em sua espiritualidade e seu modo de ser pelos Exerc\u00edcios Espirituais de Santo In\u00e1cio.  Espiritualidade cristoc\u00eantrica e essencialmente mission\u00e1ria, tem no discernimento dos esp\u00edritos para buscar e encontrar a vontade de Deus a fim de coloc\u00e1-la em pr\u00e1tica na vida de cada dia. Espiritualidade que move os afetos e a vontade na dire\u00e7\u00e3o do querer de Deus, ensina a tomar decis\u00f5es em plena liberdade sem ser pressionada pelas afei\u00e7\u00f5es desordenadas.  Espiritualidade que acredita que o esp\u00edrito deve exercitar-se assim como o corpo a fim de encontrar agilidade e flexibilidade em responder aos convites divinos, faz apelo \u00e0 liberdade para que esta se deixe mover em dire\u00e7\u00e3o ao que mais conduz ao louvor e ao servi\u00e7o de Deus Nosso Senhor.<\/p>\n<p>O novo Papa encontrar\u00e1 pela frente inumer\u00e1veis desafios.  Alguns deles s\u00e3o administrativos e emergiram com mais for\u00e7a no final do pontificado anterior.  Dizem respeito \u00e0 transpar\u00eancia na comunica\u00e7\u00e3o interna da c\u00faria, \u00e0s finan\u00e7as do Vaticano etc. Outros tocam na pr\u00f3pria imagem da Igreja como tal que se encontra arranhada pelos terr\u00edveis esc\u00e2ndalos da pedofilia.  A todos esses dever\u00e1 responder com a indiferen\u00e7a \u2013 nome inaciano para a liberdade interior \u2013 que lhe permitir\u00e1 enfrentar os conflitos e dores que o processo como um todo certamente lhe acarretar\u00e1.<\/p>\n<p>A espiritualidade inaciana pretende converter aquele que passa pela experi\u00eancia dos Exerc\u00edcios Espirituais em outro Cristo que possa andar pelo mundo com as atitudes, os gestos do pr\u00f3prio Jesus, pobre e humilde, que passou pela vida fazendo o bem a todos, sobretudo aos mais oprimidos e necessitados.  Para isso exp\u00f5e o exercitante \u00e0 contempla\u00e7\u00e3o incessante desse Jesus, nos mist\u00e9rios de sua inf\u00e2ncia, vida oculta, vida p\u00fablica, paix\u00e3o e morte e ressurrei\u00e7\u00e3o.  O desejo de In\u00e1cio \u00e9 que o exercitante fique totalmente embebido e configurado pela pessoa de Jesus a fim de que todos os seus sentimentos, a\u00e7\u00f5es e decis\u00f5es sejam imbu\u00eddos pelo esp\u00edrito do mesmo Jesus, em seguimento obediente de sua pessoa, fazendo a vontade do Pai.<\/p>\n<p>A espiritualidade inaciana ensina tamb\u00e9m aquele que a vive a pensar grande, desejar grande, ter grandes sonhos tendo como fim a gl\u00f3ria de Deus. Por isso na hora de assumir uma miss\u00e3o ou um trabalho pastoral o crit\u00e9rio tem que ser se isso conduz ao MAGIS, ou seja, ao bem mais universal que \u00e9 necessariamente mais divino. Ao mesmo tempo deve colocar-se diante deste MAGIS com absoluta liberdade, n\u00e3o desejando outra coisa sen\u00e3o que se fa\u00e7a a vontade de Deus e que seu Reino cres\u00e7a neste mundo.<\/p>\n<p>Esta \u00e9 a espiritualidade que vive o novo Papa e compreende-se que tenha aceitado a miss\u00e3o que lhe foi dada pela elei\u00e7\u00e3o de seus irm\u00e3os cardeais como uma oportunidade de ajudar a Igreja neste momento dif\u00edcil a realizar o bem mais universal e mais divino.  Compreende-se igualmente seu estilo de vida: pobre, simples, com uma cruz peitoral de ferro e sem outro revestimento a n\u00e3o ser a veste branca pr\u00f3pria dos Papas.  Entende-se e \u00e9 motivo de alegria que tenha feito sua primeira comunica\u00e7\u00e3o aos fi\u00e9is reunidos na Pra\u00e7a S\u00e3o Pedro com tamanha simplicidade e despojamento.<\/p>\n<p>Mais ainda: sente-se em sua pessoa e em seu discurso a s\u00f3lida forma\u00e7\u00e3o teol\u00f3gica que recebeu da Companhia de Jesus. Apresentou-se como bispo de Roma que \u00e9 o que vem em primeiro lugar para aquele eleito pelo conclave para sentar-se na cadeira de S\u00e3o Jo\u00e3o de Latr\u00e3o.  Seu magist\u00e9rio ordin\u00e1rio \u00e9 ser bispo de Roma e pastor dos cat\u00f3licos que ali vivem. E continuou: \u201cE agora iniciamos este caminho, Bispo e povo&#8230; este caminho da Igreja de Roma, que \u00e9 aquela que preside a todas as Igrejas na caridade.\u201d A\u00ed explicou o sentido de seu m\u00fanus universal como Papa.<\/p>\n<p>Inclinando a cabe\u00e7a pediu a ora\u00e7\u00e3o do povo por sua pessoa e seu minist\u00e9rio.  Foi um gesto t\u00edpico de algu\u00e9m formado na escola de In\u00e1cio de Loyola, cuja maior aspira\u00e7\u00e3o \u00e9 seguir e servir o Cristo pobre e humilde. Esperemos que a fidelidade do novo Papa Francisco aos Exerc\u00edcios que o formaram o ajude a ser um Papa segundo o cora\u00e7\u00e3o de Deus: pobre, humilde, mas tamb\u00e9m cheio de ardentes desejos de pastorear a Igreja sempre mais em dire\u00e7\u00e3o \u00e0 vontade de Deus e \u00e0 implanta\u00e7\u00e3o de seu Reino de amor e justi\u00e7a. Este ser\u00e1 seu segredo e tamb\u00e9m e sobretudo, sua for\u00e7a.<\/p>\n<div id=\"themify_builder_content-21433\" data-postid=\"21433\" class=\"themify_builder_content themify_builder_content-21433 themify_builder themify_builder_front\">\n\t<\/div>\n<!-- \/themify_builder_content -->","protected":false},"excerpt":{"rendered":"<p>Maria Clara Lucchetti Bingemer Francisco, o Papa Bergoglio \u00e9 primeiro em muitas coisas. Primeiro Papa latino-americano, primeiro Papa argentino, primeiro Papa com nome de Francisco. \u00c9 tamb\u00e9m e n\u00e3o menos o primeiro Papa jesu\u00edta. A ordem fundada por In\u00e1cio de Loyola nunca havia dado um Papa \u00e0 Igreja. Em parte por ser uma Ordem relativamente [&hellip;]<\/p>\n","protected":false},"author":5,"featured_media":0,"comment_status":"open","ping_status":"open","sticky":false,"template":"","format":"standard","meta":{"ngg_post_thumbnail":0,"footnotes":""},"categories":[9],"tags":[790,2435,1952,157],"yoast_head":"<!-- This site is optimized with the Yoast SEO plugin v23.5 - https:\/\/yoast.com\/wordpress\/plugins\/seo\/ -->\n<title>O segredo do Papa jesu\u00edta - O Arcanjo no ar<\/title>\n<meta name=\"robots\" content=\"index, follow, max-snippet:-1, max-image-preview:large, max-video-preview:-1\" \/>\n<link rel=\"canonical\" href=\"https:\/\/www.oarcanjo.net\/site\/o-segredo-do-papa-jesuita\/\" \/>\n<meta property=\"og:locale\" content=\"pt_BR\" \/>\n<meta property=\"og:type\" content=\"article\" \/>\n<meta property=\"og:title\" content=\"O segredo do Papa jesu\u00edta - O Arcanjo no ar\" \/>\n<meta property=\"og:description\" content=\"Maria Clara Lucchetti Bingemer Francisco, o Papa Bergoglio \u00e9 primeiro em muitas coisas. Primeiro Papa latino-americano, primeiro Papa argentino, primeiro Papa com nome de Francisco. \u00c9 tamb\u00e9m e n\u00e3o menos o primeiro Papa jesu\u00edta. A ordem fundada por In\u00e1cio de Loyola nunca havia dado um Papa \u00e0 Igreja. Em parte por ser uma Ordem relativamente [&hellip;]\" \/>\n<meta property=\"og:url\" content=\"https:\/\/www.oarcanjo.net\/site\/o-segredo-do-papa-jesuita\/\" \/>\n<meta property=\"og:site_name\" content=\"O Arcanjo no ar\" \/>\n<meta property=\"article:publisher\" content=\"https:\/\/www.facebook.com\/OArcanjoNoAr\/\" \/>\n<meta property=\"article:published_time\" content=\"2013-03-24T15:48:29+00:00\" \/>\n<meta property=\"og:image\" content=\"https:\/\/www.oarcanjo.net\/site\/wp-content\/uploads\/logo-o-arcanjo-no-ar-facebook.png\" \/>\n\t<meta property=\"og:image:width\" content=\"300\" \/>\n\t<meta property=\"og:image:height\" content=\"300\" \/>\n\t<meta property=\"og:image:type\" content=\"image\/png\" \/>\n<meta name=\"author\" content=\"editor\" \/>\n<meta name=\"twitter:card\" content=\"summary_large_image\" \/>\n<meta name=\"twitter:label1\" content=\"Escrito por\" \/>\n\t<meta name=\"twitter:data1\" content=\"editor\" \/>\n\t<meta name=\"twitter:label2\" content=\"Est. tempo de leitura\" \/>\n\t<meta name=\"twitter:data2\" content=\"5 minutos\" \/>\n<script type=\"application\/ld+json\" class=\"yoast-schema-graph\">{\"@context\":\"https:\/\/schema.org\",\"@graph\":[{\"@type\":\"Article\",\"@id\":\"https:\/\/www.oarcanjo.net\/site\/o-segredo-do-papa-jesuita\/#article\",\"isPartOf\":{\"@id\":\"https:\/\/www.oarcanjo.net\/site\/o-segredo-do-papa-jesuita\/\"},\"author\":{\"name\":\"editor\",\"@id\":\"https:\/\/www.oarcanjo.net\/site\/#\/schema\/person\/f7024d007863202483a31326673a0838\"},\"headline\":\"O segredo do Papa jesu\u00edta\",\"datePublished\":\"2013-03-24T15:48:29+00:00\",\"dateModified\":\"2013-03-24T15:48:29+00:00\",\"mainEntityOfPage\":{\"@id\":\"https:\/\/www.oarcanjo.net\/site\/o-segredo-do-papa-jesuita\/\"},\"wordCount\":963,\"commentCount\":0,\"publisher\":{\"@id\":\"https:\/\/www.oarcanjo.net\/site\/#organization\"},\"keywords\":[\"Companhia de Jesus\",\"Francisco\",\"jesu\u00edta\",\"papa\"],\"articleSection\":[\"Reflex\u00f5es\"],\"inLanguage\":\"pt-BR\",\"potentialAction\":[{\"@type\":\"CommentAction\",\"name\":\"Comment\",\"target\":[\"https:\/\/www.oarcanjo.net\/site\/o-segredo-do-papa-jesuita\/#respond\"]}]},{\"@type\":\"WebPage\",\"@id\":\"https:\/\/www.oarcanjo.net\/site\/o-segredo-do-papa-jesuita\/\",\"url\":\"https:\/\/www.oarcanjo.net\/site\/o-segredo-do-papa-jesuita\/\",\"name\":\"O segredo do Papa jesu\u00edta - O Arcanjo no ar\",\"isPartOf\":{\"@id\":\"https:\/\/www.oarcanjo.net\/site\/#website\"},\"datePublished\":\"2013-03-24T15:48:29+00:00\",\"dateModified\":\"2013-03-24T15:48:29+00:00\",\"breadcrumb\":{\"@id\":\"https:\/\/www.oarcanjo.net\/site\/o-segredo-do-papa-jesuita\/#breadcrumb\"},\"inLanguage\":\"pt-BR\",\"potentialAction\":[{\"@type\":\"ReadAction\",\"target\":[\"https:\/\/www.oarcanjo.net\/site\/o-segredo-do-papa-jesuita\/\"]}]},{\"@type\":\"BreadcrumbList\",\"@id\":\"https:\/\/www.oarcanjo.net\/site\/o-segredo-do-papa-jesuita\/#breadcrumb\",\"itemListElement\":[{\"@type\":\"ListItem\",\"position\":1,\"name\":\"In\u00edcio\",\"item\":\"https:\/\/www.oarcanjo.net\/site\/\"},{\"@type\":\"ListItem\",\"position\":2,\"name\":\"O segredo do Papa jesu\u00edta\"}]},{\"@type\":\"WebSite\",\"@id\":\"https:\/\/www.oarcanjo.net\/site\/#website\",\"url\":\"https:\/\/www.oarcanjo.net\/site\/\",\"name\":\"O Arcanjo no ar\",\"description\":\"Site da Par\u00f3quia S\u00e3o Miguel Arcanjo (Arquidiocese de SP)\",\"publisher\":{\"@id\":\"https:\/\/www.oarcanjo.net\/site\/#organization\"},\"potentialAction\":[{\"@type\":\"SearchAction\",\"target\":{\"@type\":\"EntryPoint\",\"urlTemplate\":\"https:\/\/www.oarcanjo.net\/site\/?s={search_term_string}\"},\"query-input\":{\"@type\":\"PropertyValueSpecification\",\"valueRequired\":true,\"valueName\":\"search_term_string\"}}],\"inLanguage\":\"pt-BR\"},{\"@type\":\"Organization\",\"@id\":\"https:\/\/www.oarcanjo.net\/site\/#organization\",\"name\":\"Par\u00f3quia S\u00e3o Miguel Arcanjo\",\"url\":\"https:\/\/www.oarcanjo.net\/site\/\",\"logo\":{\"@type\":\"ImageObject\",\"inLanguage\":\"pt-BR\",\"@id\":\"https:\/\/www.oarcanjo.net\/site\/#\/schema\/logo\/image\/\",\"url\":\"https:\/\/www.oarcanjo.net\/site\/wp-content\/uploads\/LogoOArcanjo.png\",\"contentUrl\":\"https:\/\/www.oarcanjo.net\/site\/wp-content\/uploads\/LogoOArcanjo.png\",\"width\":319,\"height\":99,\"caption\":\"Par\u00f3quia S\u00e3o Miguel Arcanjo\"},\"image\":{\"@id\":\"https:\/\/www.oarcanjo.net\/site\/#\/schema\/logo\/image\/\"},\"sameAs\":[\"https:\/\/www.facebook.com\/OArcanjoNoAr\/\"]},{\"@type\":\"Person\",\"@id\":\"https:\/\/www.oarcanjo.net\/site\/#\/schema\/person\/f7024d007863202483a31326673a0838\",\"name\":\"editor\",\"sameAs\":[\"http:\/\/www.oarcanjo.net\"]}]}<\/script>\n<!-- \/ Yoast SEO plugin. -->","yoast_head_json":{"title":"O segredo do Papa jesu\u00edta - O Arcanjo no ar","robots":{"index":"index","follow":"follow","max-snippet":"max-snippet:-1","max-image-preview":"max-image-preview:large","max-video-preview":"max-video-preview:-1"},"canonical":"https:\/\/www.oarcanjo.net\/site\/o-segredo-do-papa-jesuita\/","og_locale":"pt_BR","og_type":"article","og_title":"O segredo do Papa jesu\u00edta - O Arcanjo no ar","og_description":"Maria Clara Lucchetti Bingemer Francisco, o Papa Bergoglio \u00e9 primeiro em muitas coisas. Primeiro Papa latino-americano, primeiro Papa argentino, primeiro Papa com nome de Francisco. \u00c9 tamb\u00e9m e n\u00e3o menos o primeiro Papa jesu\u00edta. A ordem fundada por In\u00e1cio de Loyola nunca havia dado um Papa \u00e0 Igreja. Em parte por ser uma Ordem relativamente [&hellip;]","og_url":"https:\/\/www.oarcanjo.net\/site\/o-segredo-do-papa-jesuita\/","og_site_name":"O Arcanjo no ar","article_publisher":"https:\/\/www.facebook.com\/OArcanjoNoAr\/","article_published_time":"2013-03-24T15:48:29+00:00","og_image":[{"width":300,"height":300,"url":"https:\/\/www.oarcanjo.net\/site\/wp-content\/uploads\/logo-o-arcanjo-no-ar-facebook.png","type":"image\/png"}],"author":"editor","twitter_card":"summary_large_image","twitter_misc":{"Escrito por":"editor","Est. tempo de leitura":"5 minutos"},"schema":{"@context":"https:\/\/schema.org","@graph":[{"@type":"Article","@id":"https:\/\/www.oarcanjo.net\/site\/o-segredo-do-papa-jesuita\/#article","isPartOf":{"@id":"https:\/\/www.oarcanjo.net\/site\/o-segredo-do-papa-jesuita\/"},"author":{"name":"editor","@id":"https:\/\/www.oarcanjo.net\/site\/#\/schema\/person\/f7024d007863202483a31326673a0838"},"headline":"O segredo do Papa jesu\u00edta","datePublished":"2013-03-24T15:48:29+00:00","dateModified":"2013-03-24T15:48:29+00:00","mainEntityOfPage":{"@id":"https:\/\/www.oarcanjo.net\/site\/o-segredo-do-papa-jesuita\/"},"wordCount":963,"commentCount":0,"publisher":{"@id":"https:\/\/www.oarcanjo.net\/site\/#organization"},"keywords":["Companhia de Jesus","Francisco","jesu\u00edta","papa"],"articleSection":["Reflex\u00f5es"],"inLanguage":"pt-BR","potentialAction":[{"@type":"CommentAction","name":"Comment","target":["https:\/\/www.oarcanjo.net\/site\/o-segredo-do-papa-jesuita\/#respond"]}]},{"@type":"WebPage","@id":"https:\/\/www.oarcanjo.net\/site\/o-segredo-do-papa-jesuita\/","url":"https:\/\/www.oarcanjo.net\/site\/o-segredo-do-papa-jesuita\/","name":"O segredo do Papa jesu\u00edta - O Arcanjo no ar","isPartOf":{"@id":"https:\/\/www.oarcanjo.net\/site\/#website"},"datePublished":"2013-03-24T15:48:29+00:00","dateModified":"2013-03-24T15:48:29+00:00","breadcrumb":{"@id":"https:\/\/www.oarcanjo.net\/site\/o-segredo-do-papa-jesuita\/#breadcrumb"},"inLanguage":"pt-BR","potentialAction":[{"@type":"ReadAction","target":["https:\/\/www.oarcanjo.net\/site\/o-segredo-do-papa-jesuita\/"]}]},{"@type":"BreadcrumbList","@id":"https:\/\/www.oarcanjo.net\/site\/o-segredo-do-papa-jesuita\/#breadcrumb","itemListElement":[{"@type":"ListItem","position":1,"name":"In\u00edcio","item":"https:\/\/www.oarcanjo.net\/site\/"},{"@type":"ListItem","position":2,"name":"O segredo do Papa jesu\u00edta"}]},{"@type":"WebSite","@id":"https:\/\/www.oarcanjo.net\/site\/#website","url":"https:\/\/www.oarcanjo.net\/site\/","name":"O Arcanjo no ar","description":"Site da Par\u00f3quia S\u00e3o Miguel Arcanjo (Arquidiocese de SP)","publisher":{"@id":"https:\/\/www.oarcanjo.net\/site\/#organization"},"potentialAction":[{"@type":"SearchAction","target":{"@type":"EntryPoint","urlTemplate":"https:\/\/www.oarcanjo.net\/site\/?s={search_term_string}"},"query-input":{"@type":"PropertyValueSpecification","valueRequired":true,"valueName":"search_term_string"}}],"inLanguage":"pt-BR"},{"@type":"Organization","@id":"https:\/\/www.oarcanjo.net\/site\/#organization","name":"Par\u00f3quia S\u00e3o Miguel Arcanjo","url":"https:\/\/www.oarcanjo.net\/site\/","logo":{"@type":"ImageObject","inLanguage":"pt-BR","@id":"https:\/\/www.oarcanjo.net\/site\/#\/schema\/logo\/image\/","url":"https:\/\/www.oarcanjo.net\/site\/wp-content\/uploads\/LogoOArcanjo.png","contentUrl":"https:\/\/www.oarcanjo.net\/site\/wp-content\/uploads\/LogoOArcanjo.png","width":319,"height":99,"caption":"Par\u00f3quia S\u00e3o Miguel Arcanjo"},"image":{"@id":"https:\/\/www.oarcanjo.net\/site\/#\/schema\/logo\/image\/"},"sameAs":["https:\/\/www.facebook.com\/OArcanjoNoAr\/"]},{"@type":"Person","@id":"https:\/\/www.oarcanjo.net\/site\/#\/schema\/person\/f7024d007863202483a31326673a0838","name":"editor","sameAs":["http:\/\/www.oarcanjo.net"]}]}},"publishpress_future_action":{"enabled":false,"date":"2026-05-09 04:32:18","action":"category","newStatus":"draft","terms":[],"taxonomy":"category"},"publishpress_future_workflow_manual_trigger":{"enabledWorkflows":[]},"_links":{"self":[{"href":"https:\/\/www.oarcanjo.net\/site\/wp-json\/wp\/v2\/posts\/21433"}],"collection":[{"href":"https:\/\/www.oarcanjo.net\/site\/wp-json\/wp\/v2\/posts"}],"about":[{"href":"https:\/\/www.oarcanjo.net\/site\/wp-json\/wp\/v2\/types\/post"}],"author":[{"embeddable":true,"href":"https:\/\/www.oarcanjo.net\/site\/wp-json\/wp\/v2\/users\/5"}],"replies":[{"embeddable":true,"href":"https:\/\/www.oarcanjo.net\/site\/wp-json\/wp\/v2\/comments?post=21433"}],"version-history":[{"count":0,"href":"https:\/\/www.oarcanjo.net\/site\/wp-json\/wp\/v2\/posts\/21433\/revisions"}],"wp:attachment":[{"href":"https:\/\/www.oarcanjo.net\/site\/wp-json\/wp\/v2\/media?parent=21433"}],"wp:term":[{"taxonomy":"category","embeddable":true,"href":"https:\/\/www.oarcanjo.net\/site\/wp-json\/wp\/v2\/categories?post=21433"},{"taxonomy":"post_tag","embeddable":true,"href":"https:\/\/www.oarcanjo.net\/site\/wp-json\/wp\/v2\/tags?post=21433"}],"curies":[{"name":"wp","href":"https:\/\/api.w.org\/{rel}","templated":true}]}}