
{"id":21435,"date":"2013-03-24T10:49:00","date_gmt":"2013-03-24T13:49:00","guid":{"rendered":"http:\/\/www.oarcanjo.net\/site\/?p=21435"},"modified":"2013-03-24T12:51:07","modified_gmt":"2013-03-24T15:51:07","slug":"papa-francisco-dos-gestos-aos-fatos","status":"publish","type":"post","link":"https:\/\/www.oarcanjo.net\/site\/papa-francisco-dos-gestos-aos-fatos\/","title":{"rendered":"Papa Francisco: dos gestos aos fatos"},"content":{"rendered":"<p>Dom Dem\u00e9trio Valentini<\/p>\n<p>Com sua posse solene, a 19 de mar\u00e7o, o Papa Francisco inicia a caminhada do seu pontificado. Caminho que desde o primeiro momento, na sacada da bas\u00edlica, ele prop\u00f4s de realizar junto com o povo, de quem pediu a b\u00ean\u00e7\u00e3o.<\/p>\n<p>O in\u00edcio n\u00e3o podia ser melhor. Sua elei\u00e7\u00e3o foi inesperada. E todos de imediato a acolheram com entusiasmo e alegria. Tanto que se tornou um fen\u00f4meno na m\u00eddia mundial, que continua reservando a ele manchetes nas primeiras p\u00e1ginas.<\/p>\n<p>A figura do Papa Francisco emergiu de repente, vindo sem d\u00favida preencher um vazio de grandes personalidades no cen\u00e1rio mundial, de que padecemos hoje.<\/p>\n<p>Mas ele fez por merecer esta pronta ades\u00e3o de todos os que se perguntavam pelo Papa que ir\u00edamos ter. Soube transmitir suas mensagens atrav\u00e9s de gestos, que nestas circunst\u00e2ncias s\u00e3o percebidos de maneira mais clara e eficaz.<\/p>\n<p>A come\u00e7ar pelo nome que escolheu. Ele evoca um leque muito amplo, de valores humanos e crist\u00e3os, que fazem parte da biografia de S\u00e3o Francisco, e que agora servem de refer\u00eancia para pensarmos o que o novo Papa poder\u00e1 desencadear.<\/p>\n<p>Outros gestos tamb\u00e9m tocaram de cheio a sensibilidade do povo, que espera um Papa humano, que suscite e incentive um clima de compreens\u00e3o e de fraternidade, capaz de romper com o crescente distanciamento da Igreja com os problemas da humanidade de hoje.<\/p>\n<p>D\u00e1 para dizer que o Papa Francisco est\u00e1 seguindo as pegadas de Jo\u00e3o 23. Daquela vez, o Papa foi despertando uma admira\u00e7\u00e3o crescente, sobretudo pelos gestos de bondade que ia fazendo. E n\u00e3o demorou muito para transferir a simpatia, de sua pessoa para a sua proposta, de um conc\u00edlio ecum\u00eanico para renovar a Igreja.<\/p>\n<p>Assim, o entusiasmo pelo Papa passou para o entusiasmo com o conc\u00edlio. De tal modo que o apoio do povo foi decisivo para desencadear um surpreendente processo de mudan\u00e7as e de renova\u00e7\u00e3o crist\u00e3 e eclesial.<\/p>\n<p>A quest\u00e3o que se coloca agora \u00e9 saber at\u00e9 que ponto este novo entusiasmo por um Papa que captou a benevol\u00eancia do povo pode se tornar em novo impulso de renova\u00e7\u00e3o eclesial.<\/p>\n<p>A esperan\u00e7a \u00e9 exatamente esta. A ren\u00fancia de Bento 16, e a elei\u00e7\u00e3o do Papa Francisco parecem ter criado um clima muito prop\u00edcio para desencadear um novo processo de renova\u00e7\u00e3o eclesial, retomando as propostas do Vaticano II, que receberiam um novo impulso, dentro do clima favor\u00e1vel, de di\u00e1logo e de abertura, j\u00e1 sinalizados pelo Papa Francisco.<\/p>\n<p>Claro que se levantam algumas quest\u00f5es muito pertinentes, que nos fazem pensar na viabilidade pr\u00e1tica desta retomada do Conc\u00edlio. No tempo de Jo\u00e3o 23, o processo de renova\u00e7\u00e3o eclesial entusiasmou a todos, quase n\u00e3o encontrando nenhuma resist\u00eancia.<\/p>\n<p>Agora, quem iria sustentar este apoio, e como seria poss\u00edvel articul\u00e1-lo, para que encontre eco nas inst\u00e2ncias de decis\u00e3o eclesial?<\/p>\n<p>Mas o fato positivo \u00e9 este: parecem recriadas as condi\u00e7\u00f5es de um novo per\u00edodo de renova\u00e7\u00e3o eclesial, no clima favor\u00e1vel de caridade fraterna, de abertura e de compreens\u00e3o, de que todos est\u00e3o sedentos.<\/p>\n<p>Em todo o caso, estaremos atentos a todos os sinais de convoca\u00e7\u00e3o, que vierem da parte de nosso Papa Francisco. Pois n\u00e3o podemos desperdi\u00e7ar um momento de gra\u00e7a t\u00e3o forte e evidente como este que Deus suscitou com a elei\u00e7\u00e3o do nosso Papa Francisco.<\/p>\n<p>\u201cVereis coisas maiores do que estas\u201d, falou Jesus aos seus disc\u00edpulos. Se os gestos do Papa Francisco j\u00e1 nos entusiasmaram, muito mais vamos traduzir o entusiasmo pelo Papa que temos, com as decis\u00f5es que ele tomar, e para as quais necessitar de nosso apoio.<\/p>\n<p>Ent\u00e3o, os gestos de hoje, ser\u00e3o os fatos de amanh\u00e3.<\/p>\n<div id=\"themify_builder_content-21435\" data-postid=\"21435\" class=\"themify_builder_content themify_builder_content-21435 themify_builder themify_builder_front\">\n\t<\/div>\n<!-- \/themify_builder_content -->","protected":false},"excerpt":{"rendered":"<p>Dom Dem\u00e9trio Valentini Com sua posse solene, a 19 de mar\u00e7o, o Papa Francisco inicia a caminhada do seu pontificado. Caminho que desde o primeiro momento, na sacada da bas\u00edlica, ele prop\u00f4s de realizar junto com o povo, de quem pediu a b\u00ean\u00e7\u00e3o. O in\u00edcio n\u00e3o podia ser melhor. Sua elei\u00e7\u00e3o foi inesperada. E todos [&hellip;]<\/p>\n","protected":false},"author":5,"featured_media":0,"comment_status":"open","ping_status":"open","sticky":false,"template":"","format":"standard","meta":{"ngg_post_thumbnail":0,"footnotes":""},"categories":[9],"tags":[2435,64,157],"yoast_head":"<!-- This site is optimized with the Yoast SEO plugin v23.5 - https:\/\/yoast.com\/wordpress\/plugins\/seo\/ -->\n<title>Papa Francisco: dos gestos aos fatos - O Arcanjo no ar<\/title>\n<meta name=\"robots\" content=\"index, follow, max-snippet:-1, max-image-preview:large, max-video-preview:-1\" \/>\n<link rel=\"canonical\" href=\"https:\/\/www.oarcanjo.net\/site\/papa-francisco-dos-gestos-aos-fatos\/\" \/>\n<meta property=\"og:locale\" content=\"pt_BR\" \/>\n<meta property=\"og:type\" content=\"article\" \/>\n<meta property=\"og:title\" content=\"Papa Francisco: dos gestos aos fatos - O Arcanjo no ar\" \/>\n<meta property=\"og:description\" content=\"Dom Dem\u00e9trio Valentini Com sua posse solene, a 19 de mar\u00e7o, o Papa Francisco inicia a caminhada do seu pontificado. Caminho que desde o primeiro momento, na sacada da bas\u00edlica, ele prop\u00f4s de realizar junto com o povo, de quem pediu a b\u00ean\u00e7\u00e3o. O in\u00edcio n\u00e3o podia ser melhor. Sua elei\u00e7\u00e3o foi inesperada. E todos [&hellip;]\" \/>\n<meta property=\"og:url\" content=\"https:\/\/www.oarcanjo.net\/site\/papa-francisco-dos-gestos-aos-fatos\/\" \/>\n<meta property=\"og:site_name\" content=\"O Arcanjo no ar\" \/>\n<meta property=\"article:publisher\" content=\"https:\/\/www.facebook.com\/OArcanjoNoAr\/\" \/>\n<meta property=\"article:published_time\" content=\"2013-03-24T13:49:00+00:00\" \/>\n<meta property=\"article:modified_time\" content=\"2013-03-24T15:51:07+00:00\" \/>\n<meta property=\"og:image\" content=\"https:\/\/www.oarcanjo.net\/site\/wp-content\/uploads\/logo-o-arcanjo-no-ar-facebook.png\" \/>\n\t<meta property=\"og:image:width\" content=\"300\" \/>\n\t<meta property=\"og:image:height\" content=\"300\" \/>\n\t<meta property=\"og:image:type\" content=\"image\/png\" \/>\n<meta name=\"author\" content=\"editor\" \/>\n<meta name=\"twitter:card\" content=\"summary_large_image\" \/>\n<meta name=\"twitter:label1\" content=\"Escrito por\" \/>\n\t<meta name=\"twitter:data1\" content=\"editor\" \/>\n\t<meta name=\"twitter:label2\" content=\"Est. tempo de leitura\" \/>\n\t<meta name=\"twitter:data2\" content=\"3 minutos\" \/>\n<script type=\"application\/ld+json\" class=\"yoast-schema-graph\">{\"@context\":\"https:\/\/schema.org\",\"@graph\":[{\"@type\":\"Article\",\"@id\":\"https:\/\/www.oarcanjo.net\/site\/papa-francisco-dos-gestos-aos-fatos\/#article\",\"isPartOf\":{\"@id\":\"https:\/\/www.oarcanjo.net\/site\/papa-francisco-dos-gestos-aos-fatos\/\"},\"author\":{\"name\":\"editor\",\"@id\":\"https:\/\/www.oarcanjo.net\/site\/#\/schema\/person\/f7024d007863202483a31326673a0838\"},\"headline\":\"Papa Francisco: dos gestos aos fatos\",\"datePublished\":\"2013-03-24T13:49:00+00:00\",\"dateModified\":\"2013-03-24T15:51:07+00:00\",\"mainEntityOfPage\":{\"@id\":\"https:\/\/www.oarcanjo.net\/site\/papa-francisco-dos-gestos-aos-fatos\/\"},\"wordCount\":658,\"commentCount\":0,\"publisher\":{\"@id\":\"https:\/\/www.oarcanjo.net\/site\/#organization\"},\"keywords\":[\"Francisco\",\"Jo\u00e3o 23\",\"papa\"],\"articleSection\":[\"Reflex\u00f5es\"],\"inLanguage\":\"pt-BR\",\"potentialAction\":[{\"@type\":\"CommentAction\",\"name\":\"Comment\",\"target\":[\"https:\/\/www.oarcanjo.net\/site\/papa-francisco-dos-gestos-aos-fatos\/#respond\"]}]},{\"@type\":\"WebPage\",\"@id\":\"https:\/\/www.oarcanjo.net\/site\/papa-francisco-dos-gestos-aos-fatos\/\",\"url\":\"https:\/\/www.oarcanjo.net\/site\/papa-francisco-dos-gestos-aos-fatos\/\",\"name\":\"Papa Francisco: dos gestos aos fatos - O Arcanjo no ar\",\"isPartOf\":{\"@id\":\"https:\/\/www.oarcanjo.net\/site\/#website\"},\"datePublished\":\"2013-03-24T13:49:00+00:00\",\"dateModified\":\"2013-03-24T15:51:07+00:00\",\"breadcrumb\":{\"@id\":\"https:\/\/www.oarcanjo.net\/site\/papa-francisco-dos-gestos-aos-fatos\/#breadcrumb\"},\"inLanguage\":\"pt-BR\",\"potentialAction\":[{\"@type\":\"ReadAction\",\"target\":[\"https:\/\/www.oarcanjo.net\/site\/papa-francisco-dos-gestos-aos-fatos\/\"]}]},{\"@type\":\"BreadcrumbList\",\"@id\":\"https:\/\/www.oarcanjo.net\/site\/papa-francisco-dos-gestos-aos-fatos\/#breadcrumb\",\"itemListElement\":[{\"@type\":\"ListItem\",\"position\":1,\"name\":\"In\u00edcio\",\"item\":\"https:\/\/www.oarcanjo.net\/site\/\"},{\"@type\":\"ListItem\",\"position\":2,\"name\":\"Papa Francisco: dos gestos aos fatos\"}]},{\"@type\":\"WebSite\",\"@id\":\"https:\/\/www.oarcanjo.net\/site\/#website\",\"url\":\"https:\/\/www.oarcanjo.net\/site\/\",\"name\":\"O Arcanjo no ar\",\"description\":\"Site da Par\u00f3quia S\u00e3o Miguel Arcanjo (Arquidiocese de SP)\",\"publisher\":{\"@id\":\"https:\/\/www.oarcanjo.net\/site\/#organization\"},\"potentialAction\":[{\"@type\":\"SearchAction\",\"target\":{\"@type\":\"EntryPoint\",\"urlTemplate\":\"https:\/\/www.oarcanjo.net\/site\/?s={search_term_string}\"},\"query-input\":{\"@type\":\"PropertyValueSpecification\",\"valueRequired\":true,\"valueName\":\"search_term_string\"}}],\"inLanguage\":\"pt-BR\"},{\"@type\":\"Organization\",\"@id\":\"https:\/\/www.oarcanjo.net\/site\/#organization\",\"name\":\"Par\u00f3quia S\u00e3o Miguel Arcanjo\",\"url\":\"https:\/\/www.oarcanjo.net\/site\/\",\"logo\":{\"@type\":\"ImageObject\",\"inLanguage\":\"pt-BR\",\"@id\":\"https:\/\/www.oarcanjo.net\/site\/#\/schema\/logo\/image\/\",\"url\":\"https:\/\/www.oarcanjo.net\/site\/wp-content\/uploads\/LogoOArcanjo.png\",\"contentUrl\":\"https:\/\/www.oarcanjo.net\/site\/wp-content\/uploads\/LogoOArcanjo.png\",\"width\":319,\"height\":99,\"caption\":\"Par\u00f3quia S\u00e3o Miguel Arcanjo\"},\"image\":{\"@id\":\"https:\/\/www.oarcanjo.net\/site\/#\/schema\/logo\/image\/\"},\"sameAs\":[\"https:\/\/www.facebook.com\/OArcanjoNoAr\/\"]},{\"@type\":\"Person\",\"@id\":\"https:\/\/www.oarcanjo.net\/site\/#\/schema\/person\/f7024d007863202483a31326673a0838\",\"name\":\"editor\",\"sameAs\":[\"http:\/\/www.oarcanjo.net\"]}]}<\/script>\n<!-- \/ Yoast SEO plugin. -->","yoast_head_json":{"title":"Papa Francisco: dos gestos aos fatos - O Arcanjo no ar","robots":{"index":"index","follow":"follow","max-snippet":"max-snippet:-1","max-image-preview":"max-image-preview:large","max-video-preview":"max-video-preview:-1"},"canonical":"https:\/\/www.oarcanjo.net\/site\/papa-francisco-dos-gestos-aos-fatos\/","og_locale":"pt_BR","og_type":"article","og_title":"Papa Francisco: dos gestos aos fatos - O Arcanjo no ar","og_description":"Dom Dem\u00e9trio Valentini Com sua posse solene, a 19 de mar\u00e7o, o Papa Francisco inicia a caminhada do seu pontificado. Caminho que desde o primeiro momento, na sacada da bas\u00edlica, ele prop\u00f4s de realizar junto com o povo, de quem pediu a b\u00ean\u00e7\u00e3o. O in\u00edcio n\u00e3o podia ser melhor. Sua elei\u00e7\u00e3o foi inesperada. E todos [&hellip;]","og_url":"https:\/\/www.oarcanjo.net\/site\/papa-francisco-dos-gestos-aos-fatos\/","og_site_name":"O Arcanjo no ar","article_publisher":"https:\/\/www.facebook.com\/OArcanjoNoAr\/","article_published_time":"2013-03-24T13:49:00+00:00","article_modified_time":"2013-03-24T15:51:07+00:00","og_image":[{"width":300,"height":300,"url":"https:\/\/www.oarcanjo.net\/site\/wp-content\/uploads\/logo-o-arcanjo-no-ar-facebook.png","type":"image\/png"}],"author":"editor","twitter_card":"summary_large_image","twitter_misc":{"Escrito por":"editor","Est. tempo de leitura":"3 minutos"},"schema":{"@context":"https:\/\/schema.org","@graph":[{"@type":"Article","@id":"https:\/\/www.oarcanjo.net\/site\/papa-francisco-dos-gestos-aos-fatos\/#article","isPartOf":{"@id":"https:\/\/www.oarcanjo.net\/site\/papa-francisco-dos-gestos-aos-fatos\/"},"author":{"name":"editor","@id":"https:\/\/www.oarcanjo.net\/site\/#\/schema\/person\/f7024d007863202483a31326673a0838"},"headline":"Papa Francisco: dos gestos aos fatos","datePublished":"2013-03-24T13:49:00+00:00","dateModified":"2013-03-24T15:51:07+00:00","mainEntityOfPage":{"@id":"https:\/\/www.oarcanjo.net\/site\/papa-francisco-dos-gestos-aos-fatos\/"},"wordCount":658,"commentCount":0,"publisher":{"@id":"https:\/\/www.oarcanjo.net\/site\/#organization"},"keywords":["Francisco","Jo\u00e3o 23","papa"],"articleSection":["Reflex\u00f5es"],"inLanguage":"pt-BR","potentialAction":[{"@type":"CommentAction","name":"Comment","target":["https:\/\/www.oarcanjo.net\/site\/papa-francisco-dos-gestos-aos-fatos\/#respond"]}]},{"@type":"WebPage","@id":"https:\/\/www.oarcanjo.net\/site\/papa-francisco-dos-gestos-aos-fatos\/","url":"https:\/\/www.oarcanjo.net\/site\/papa-francisco-dos-gestos-aos-fatos\/","name":"Papa Francisco: dos gestos aos fatos - O Arcanjo no ar","isPartOf":{"@id":"https:\/\/www.oarcanjo.net\/site\/#website"},"datePublished":"2013-03-24T13:49:00+00:00","dateModified":"2013-03-24T15:51:07+00:00","breadcrumb":{"@id":"https:\/\/www.oarcanjo.net\/site\/papa-francisco-dos-gestos-aos-fatos\/#breadcrumb"},"inLanguage":"pt-BR","potentialAction":[{"@type":"ReadAction","target":["https:\/\/www.oarcanjo.net\/site\/papa-francisco-dos-gestos-aos-fatos\/"]}]},{"@type":"BreadcrumbList","@id":"https:\/\/www.oarcanjo.net\/site\/papa-francisco-dos-gestos-aos-fatos\/#breadcrumb","itemListElement":[{"@type":"ListItem","position":1,"name":"In\u00edcio","item":"https:\/\/www.oarcanjo.net\/site\/"},{"@type":"ListItem","position":2,"name":"Papa Francisco: dos gestos aos fatos"}]},{"@type":"WebSite","@id":"https:\/\/www.oarcanjo.net\/site\/#website","url":"https:\/\/www.oarcanjo.net\/site\/","name":"O Arcanjo no ar","description":"Site da Par\u00f3quia S\u00e3o Miguel Arcanjo (Arquidiocese de SP)","publisher":{"@id":"https:\/\/www.oarcanjo.net\/site\/#organization"},"potentialAction":[{"@type":"SearchAction","target":{"@type":"EntryPoint","urlTemplate":"https:\/\/www.oarcanjo.net\/site\/?s={search_term_string}"},"query-input":{"@type":"PropertyValueSpecification","valueRequired":true,"valueName":"search_term_string"}}],"inLanguage":"pt-BR"},{"@type":"Organization","@id":"https:\/\/www.oarcanjo.net\/site\/#organization","name":"Par\u00f3quia S\u00e3o Miguel Arcanjo","url":"https:\/\/www.oarcanjo.net\/site\/","logo":{"@type":"ImageObject","inLanguage":"pt-BR","@id":"https:\/\/www.oarcanjo.net\/site\/#\/schema\/logo\/image\/","url":"https:\/\/www.oarcanjo.net\/site\/wp-content\/uploads\/LogoOArcanjo.png","contentUrl":"https:\/\/www.oarcanjo.net\/site\/wp-content\/uploads\/LogoOArcanjo.png","width":319,"height":99,"caption":"Par\u00f3quia S\u00e3o Miguel Arcanjo"},"image":{"@id":"https:\/\/www.oarcanjo.net\/site\/#\/schema\/logo\/image\/"},"sameAs":["https:\/\/www.facebook.com\/OArcanjoNoAr\/"]},{"@type":"Person","@id":"https:\/\/www.oarcanjo.net\/site\/#\/schema\/person\/f7024d007863202483a31326673a0838","name":"editor","sameAs":["http:\/\/www.oarcanjo.net"]}]}},"publishpress_future_action":{"enabled":false,"date":"2026-05-09 04:32:54","action":"category","newStatus":"draft","terms":[],"taxonomy":"category"},"publishpress_future_workflow_manual_trigger":{"enabledWorkflows":[]},"_links":{"self":[{"href":"https:\/\/www.oarcanjo.net\/site\/wp-json\/wp\/v2\/posts\/21435"}],"collection":[{"href":"https:\/\/www.oarcanjo.net\/site\/wp-json\/wp\/v2\/posts"}],"about":[{"href":"https:\/\/www.oarcanjo.net\/site\/wp-json\/wp\/v2\/types\/post"}],"author":[{"embeddable":true,"href":"https:\/\/www.oarcanjo.net\/site\/wp-json\/wp\/v2\/users\/5"}],"replies":[{"embeddable":true,"href":"https:\/\/www.oarcanjo.net\/site\/wp-json\/wp\/v2\/comments?post=21435"}],"version-history":[{"count":0,"href":"https:\/\/www.oarcanjo.net\/site\/wp-json\/wp\/v2\/posts\/21435\/revisions"}],"wp:attachment":[{"href":"https:\/\/www.oarcanjo.net\/site\/wp-json\/wp\/v2\/media?parent=21435"}],"wp:term":[{"taxonomy":"category","embeddable":true,"href":"https:\/\/www.oarcanjo.net\/site\/wp-json\/wp\/v2\/categories?post=21435"},{"taxonomy":"post_tag","embeddable":true,"href":"https:\/\/www.oarcanjo.net\/site\/wp-json\/wp\/v2\/tags?post=21435"}],"curies":[{"name":"wp","href":"https:\/\/api.w.org\/{rel}","templated":true}]}}