
{"id":21438,"date":"2013-03-24T09:16:31","date_gmt":"2013-03-24T12:16:31","guid":{"rendered":"http:\/\/www.oarcanjo.net\/site\/?p=21438"},"modified":"2013-03-24T13:23:39","modified_gmt":"2013-03-24T16:23:39","slug":"um-papa-que-paga-as-proprias-contas","status":"publish","type":"post","link":"https:\/\/www.oarcanjo.net\/site\/um-papa-que-paga-as-proprias-contas\/","title":{"rendered":"Um Papa que paga as pr\u00f3prias contas"},"content":{"rendered":"<p>Leonardo Boff<\/p>\n<p>O que convence as pessoas n\u00e3o s\u00e3o as pr\u00e9dicas mas as pr\u00e1ticas. As ideias podem iluminar. Mas s\u00e3o os exemplos que atraem e nos p\u00f5em em marcha. Eles  s\u00e3o logo entendidos por todos. As muitas explica\u00e7\u00f5es mais confundem que esclarecem. As pr\u00e1ticas falam por si.<\/p>\n<p>O que tem marcado o novo Papa Francisco, aquele \u201cque vem do fim do mundo\u201d quer dizer de fora dos quadros europeus t\u00e3o carregados de tradi\u00e7\u00f5es, pal\u00e1cios, espet\u00e1culos principescos e de disputas internas de poder, s\u00e3o gestos simples, populares, \u00f3bvios para quem d\u00e1 valor ao bom senso comum da vida. Ele est\u00e1 quebrando os protocolos e mostrando que o poder \u00e9 sempre uma m\u00e1scara e um teatro bem puntualizado pelo soci\u00f3logo Peter Berger, mesmo em se tratando de um poder pretensamente de origem divina.<\/p>\n<p>O Papa Francisco simplesmente obedece ao mandato de Jesus que explicitamente disse que os grandes deste mundo mandam e dominam: &#8220;convosco n\u00e3o deve ser assim; se algu\u00e9m quiser ser grande, seja servidor; quem quiser ser o primeiro, seja servo de todos; pois o Filho do homem n\u00e3o veio para ser servido mas para servir&#8221;(Mc 10-43-45). Bem, se Jesus disse isso, como pode  o garante de sua mensagem, o Papa, agir diferentemente?<\/p>\n<p>Na verdade, com a constitui\u00e7\u00e3o da monarquia absolutista dos Papas, especialmente, a partir do segundo mil\u00eanio, a institui\u00e7\u00e3o eclesi\u00e1stica herdou os s\u00edmbolos do poder imperial romano e da nobreza feudal: roupas vistosas (como as dos cardeais), ourop\u00e9is, cruzes e an\u00e9is de ouro e prata e h\u00e1bitos palacianos. Nos grandes conventos religiosos que vem da Idade M\u00e9dia se vivia em espa\u00e7os palacianos.<\/p>\n<p>Como estudante, no quarto em que me hospedava no convento franciscano de Munique que remonta ao tempo de Guilherme Ockham (s\u00e9culo XIV) s\u00f3 um quadro renascentista da parede valia alguns milhares de euros. Como combinar a pobreza do Nazareno que n\u00e3o tinha onde repousar a cabe\u00e7a com as mitras, os b\u00e1culos dourados e as estolas e vestes principescas dos atuais prelados? Honestamente  n\u00e3o d\u00e1. E o povo que n\u00e3o \u00e9 ignorante mas fino observador nota esta contradi\u00e7\u00e3o. Tal aparato nada tem a ver com a Tradi\u00e7\u00e3o de Jesus e dos Ap\u00f3stolos.<\/p>\n<p>Segundo alguns jornais, quando o secret\u00e1rio do Conclave quis colocar sobre os ombros do Papa Francisco a \u201cmozzetta\u201d, aquela capinha, ricamente adornada, s\u00edmbolo do poder papal, simplesmente disse: \u201dO carnaval acabou; guarde esta roupa\u201d. E apareceu com sua veste branca, como costumava vestir tamb\u00e9m Dom Helder C\u00e2mara que deixou o pal\u00e1cio colonial de Olinda e foi morar numa meia-\u00e1gua na igreja das Candeias, na periferia; como o fez tamb\u00e9m Cardeal Dom Paulo Evaristo Arns, sem falar de Dom Pedro Casald\u00e1liga que vive numa casinha pobre, compartindo o quarto com algum h\u00f3spede.<\/p>\n<p>Para mim o gesto mais simples, honesto e popular do Papa Francisco foi o de ir ao hotelzinho onde se hospedara (nunca se hospedava na grande casa central dos jesu\u00edtas em Roma) e foi pagar suas contas: 90 Euros por dia. Entrou e pegou ele mesmo suas roupas, arrumou a malinha, cumprimentou os funcion\u00e1rios e foi embora. Que potentado civil, que opulento milion\u00e1rio, que famoso artista faria tal coisa? Seria maliciar a inten\u00e7\u00e3o do bispo de Roma querer ver neste gesto, normal para todos n\u00f3s mortais, uma inten\u00e7\u00e3o populista.<\/p>\n<p>N\u00e3o fazia a mesma coisa quando era cardeal de Buenos Aires, buscando seu jornal, comprando o que ia preparar para comer, indo de \u00f4nibus ou de metr\u00f4 e preferindo se apresentar  como  \u201cpadre Bergoglio\u201d?<\/p>\n<p>Frei Betto cunhou uma express\u00e3o de grande verdade: \u201da cabe\u00e7a pensa a partir de onde os p\u00e9s pisam\u201d. Efetivamente, se algu\u00e9m sempre pisa em pal\u00e1cios e em suntuosas catedrais, acaba pensando na l\u00f3gica dos pal\u00e1cios e das catedrais. Por esta raz\u00e3o, no domingo, celebrou missa na capelinha de Santa Ana, dentro do Vaticano que \u00e9 considerada a par\u00f3quia romana do Papa. E depois foi conversar com os fi\u00e9is \u00e0 porta.<\/p>\n<p>Coisa not\u00e1vel e carregada de conte\u00fado teol\u00f3gico: n\u00e3o se apresentou como Papa, mas como \u201cbispo de Roma\u201d. Pediu ora\u00e7\u00f5es n\u00e3o para o Papa em\u00e9rito Bento XVI, mas para o bispo em\u00e9rito de Roma, Joseph Ratzinger. Com isso ele retomou a mais primordial tradi\u00e7\u00e3o da Igreja, a de considerar o bispo de Roma \u201co primeiro entre os pares\u201d. Pelo fato de na cidade estarem sepultados Pedro e Paulo, ganhava especial proemin\u00eancia. Mas esse poder simb\u00f3lico e espiritual era exercido no estilo da caridade e n\u00e3o na forma do poder jur\u00eddico sobre as demais igrejas como  predominou no segundo mil\u00eanio. N\u00e3o me admiraria absolutamente se, como queria Jo\u00e3o Paulo I, resolvesse abandonar o  Vaticano  e fosse morar num lugar simples, com amplo espa\u00e7o exterior para receber a visita dos fi\u00e9is. Os tempos est\u00e3o maduros para este tipo de revolu\u00e7\u00e3o nos costumes papais. E que desafio est\u00e1 representando para alguns movimentos leigos que buscam a riqueza e s\u00e3o sedentos de poder e para os demais prelados da Igreja:  viver  a simplicidade volunt\u00e1ria e a sobriedade condividida.<\/p>\n<div id=\"themify_builder_content-21438\" data-postid=\"21438\" class=\"themify_builder_content themify_builder_content-21438 themify_builder themify_builder_front\">\n\t<\/div>\n<!-- \/themify_builder_content -->","protected":false},"excerpt":{"rendered":"<p>O te\u00f3logo Leonardo Boff analisa os sinais emitidos pelo Papa Francisco: &#8220;as pr\u00e1ticas falam por si. S\u00e3o gestos simples, populares, \u00f3bvios para quem d\u00e1 valor ao bom senso comum da vida.&#8221; Para Boff, o Papa simplesmente obedece ao mandato de Jesus que afirmou &#8220;se algu\u00e9m quiser ser grande, seja servidor&#8221;<\/p>\n","protected":false},"author":5,"featured_media":0,"comment_status":"open","ping_status":"open","sticky":false,"template":"","format":"standard","meta":{"ngg_post_thumbnail":0,"footnotes":""},"categories":[9],"tags":[2435,157,2450],"yoast_head":"<!-- This site is optimized with the Yoast SEO plugin v23.5 - https:\/\/yoast.com\/wordpress\/plugins\/seo\/ -->\n<title>Um Papa que paga as pr\u00f3prias contas - O Arcanjo no ar<\/title>\n<meta name=\"robots\" content=\"index, follow, max-snippet:-1, max-image-preview:large, max-video-preview:-1\" \/>\n<link rel=\"canonical\" href=\"https:\/\/www.oarcanjo.net\/site\/um-papa-que-paga-as-proprias-contas\/\" \/>\n<meta property=\"og:locale\" content=\"pt_BR\" \/>\n<meta property=\"og:type\" content=\"article\" \/>\n<meta property=\"og:title\" content=\"Um Papa que paga as pr\u00f3prias contas - O Arcanjo no ar\" \/>\n<meta property=\"og:description\" content=\"O te\u00f3logo Leonardo Boff analisa os sinais emitidos pelo Papa Francisco: &quot;as pr\u00e1ticas falam por si. S\u00e3o gestos simples, populares, \u00f3bvios para quem d\u00e1 valor ao bom senso comum da vida.&quot; Para Boff, o Papa simplesmente obedece ao mandato de Jesus que afirmou &quot;se algu\u00e9m quiser ser grande, seja servidor&quot;\" \/>\n<meta property=\"og:url\" content=\"https:\/\/www.oarcanjo.net\/site\/um-papa-que-paga-as-proprias-contas\/\" \/>\n<meta property=\"og:site_name\" content=\"O Arcanjo no ar\" \/>\n<meta property=\"article:publisher\" content=\"https:\/\/www.facebook.com\/OArcanjoNoAr\/\" \/>\n<meta property=\"article:published_time\" content=\"2013-03-24T12:16:31+00:00\" \/>\n<meta property=\"article:modified_time\" content=\"2013-03-24T16:23:39+00:00\" \/>\n<meta property=\"og:image\" content=\"https:\/\/www.oarcanjo.net\/site\/wp-content\/uploads\/logo-o-arcanjo-no-ar-facebook.png\" \/>\n\t<meta property=\"og:image:width\" content=\"300\" \/>\n\t<meta property=\"og:image:height\" content=\"300\" \/>\n\t<meta property=\"og:image:type\" content=\"image\/png\" \/>\n<meta name=\"author\" content=\"editor\" \/>\n<meta name=\"twitter:card\" content=\"summary_large_image\" \/>\n<meta name=\"twitter:label1\" content=\"Escrito por\" \/>\n\t<meta name=\"twitter:data1\" content=\"editor\" \/>\n\t<meta name=\"twitter:label2\" content=\"Est. tempo de leitura\" \/>\n\t<meta name=\"twitter:data2\" content=\"4 minutos\" \/>\n<script type=\"application\/ld+json\" class=\"yoast-schema-graph\">{\"@context\":\"https:\/\/schema.org\",\"@graph\":[{\"@type\":\"Article\",\"@id\":\"https:\/\/www.oarcanjo.net\/site\/um-papa-que-paga-as-proprias-contas\/#article\",\"isPartOf\":{\"@id\":\"https:\/\/www.oarcanjo.net\/site\/um-papa-que-paga-as-proprias-contas\/\"},\"author\":{\"name\":\"editor\",\"@id\":\"https:\/\/www.oarcanjo.net\/site\/#\/schema\/person\/f7024d007863202483a31326673a0838\"},\"headline\":\"Um Papa que paga as pr\u00f3prias contas\",\"datePublished\":\"2013-03-24T12:16:31+00:00\",\"dateModified\":\"2013-03-24T16:23:39+00:00\",\"mainEntityOfPage\":{\"@id\":\"https:\/\/www.oarcanjo.net\/site\/um-papa-que-paga-as-proprias-contas\/\"},\"wordCount\":902,\"commentCount\":0,\"publisher\":{\"@id\":\"https:\/\/www.oarcanjo.net\/site\/#organization\"},\"keywords\":[\"Francisco\",\"papa\",\"simplicidade\"],\"articleSection\":[\"Reflex\u00f5es\"],\"inLanguage\":\"pt-BR\",\"potentialAction\":[{\"@type\":\"CommentAction\",\"name\":\"Comment\",\"target\":[\"https:\/\/www.oarcanjo.net\/site\/um-papa-que-paga-as-proprias-contas\/#respond\"]}]},{\"@type\":\"WebPage\",\"@id\":\"https:\/\/www.oarcanjo.net\/site\/um-papa-que-paga-as-proprias-contas\/\",\"url\":\"https:\/\/www.oarcanjo.net\/site\/um-papa-que-paga-as-proprias-contas\/\",\"name\":\"Um Papa que paga as pr\u00f3prias contas - O Arcanjo no ar\",\"isPartOf\":{\"@id\":\"https:\/\/www.oarcanjo.net\/site\/#website\"},\"datePublished\":\"2013-03-24T12:16:31+00:00\",\"dateModified\":\"2013-03-24T16:23:39+00:00\",\"breadcrumb\":{\"@id\":\"https:\/\/www.oarcanjo.net\/site\/um-papa-que-paga-as-proprias-contas\/#breadcrumb\"},\"inLanguage\":\"pt-BR\",\"potentialAction\":[{\"@type\":\"ReadAction\",\"target\":[\"https:\/\/www.oarcanjo.net\/site\/um-papa-que-paga-as-proprias-contas\/\"]}]},{\"@type\":\"BreadcrumbList\",\"@id\":\"https:\/\/www.oarcanjo.net\/site\/um-papa-que-paga-as-proprias-contas\/#breadcrumb\",\"itemListElement\":[{\"@type\":\"ListItem\",\"position\":1,\"name\":\"In\u00edcio\",\"item\":\"https:\/\/www.oarcanjo.net\/site\/\"},{\"@type\":\"ListItem\",\"position\":2,\"name\":\"Um Papa que paga as pr\u00f3prias contas\"}]},{\"@type\":\"WebSite\",\"@id\":\"https:\/\/www.oarcanjo.net\/site\/#website\",\"url\":\"https:\/\/www.oarcanjo.net\/site\/\",\"name\":\"O Arcanjo no ar\",\"description\":\"Site da Par\u00f3quia S\u00e3o Miguel Arcanjo (Arquidiocese de SP)\",\"publisher\":{\"@id\":\"https:\/\/www.oarcanjo.net\/site\/#organization\"},\"potentialAction\":[{\"@type\":\"SearchAction\",\"target\":{\"@type\":\"EntryPoint\",\"urlTemplate\":\"https:\/\/www.oarcanjo.net\/site\/?s={search_term_string}\"},\"query-input\":{\"@type\":\"PropertyValueSpecification\",\"valueRequired\":true,\"valueName\":\"search_term_string\"}}],\"inLanguage\":\"pt-BR\"},{\"@type\":\"Organization\",\"@id\":\"https:\/\/www.oarcanjo.net\/site\/#organization\",\"name\":\"Par\u00f3quia S\u00e3o Miguel Arcanjo\",\"url\":\"https:\/\/www.oarcanjo.net\/site\/\",\"logo\":{\"@type\":\"ImageObject\",\"inLanguage\":\"pt-BR\",\"@id\":\"https:\/\/www.oarcanjo.net\/site\/#\/schema\/logo\/image\/\",\"url\":\"https:\/\/www.oarcanjo.net\/site\/wp-content\/uploads\/LogoOArcanjo.png\",\"contentUrl\":\"https:\/\/www.oarcanjo.net\/site\/wp-content\/uploads\/LogoOArcanjo.png\",\"width\":319,\"height\":99,\"caption\":\"Par\u00f3quia S\u00e3o Miguel Arcanjo\"},\"image\":{\"@id\":\"https:\/\/www.oarcanjo.net\/site\/#\/schema\/logo\/image\/\"},\"sameAs\":[\"https:\/\/www.facebook.com\/OArcanjoNoAr\/\"]},{\"@type\":\"Person\",\"@id\":\"https:\/\/www.oarcanjo.net\/site\/#\/schema\/person\/f7024d007863202483a31326673a0838\",\"name\":\"editor\",\"sameAs\":[\"http:\/\/www.oarcanjo.net\"]}]}<\/script>\n<!-- \/ Yoast SEO plugin. -->","yoast_head_json":{"title":"Um Papa que paga as pr\u00f3prias contas - O Arcanjo no ar","robots":{"index":"index","follow":"follow","max-snippet":"max-snippet:-1","max-image-preview":"max-image-preview:large","max-video-preview":"max-video-preview:-1"},"canonical":"https:\/\/www.oarcanjo.net\/site\/um-papa-que-paga-as-proprias-contas\/","og_locale":"pt_BR","og_type":"article","og_title":"Um Papa que paga as pr\u00f3prias contas - O Arcanjo no ar","og_description":"O te\u00f3logo Leonardo Boff analisa os sinais emitidos pelo Papa Francisco: \"as pr\u00e1ticas falam por si. S\u00e3o gestos simples, populares, \u00f3bvios para quem d\u00e1 valor ao bom senso comum da vida.\" Para Boff, o Papa simplesmente obedece ao mandato de Jesus que afirmou \"se algu\u00e9m quiser ser grande, seja servidor\"","og_url":"https:\/\/www.oarcanjo.net\/site\/um-papa-que-paga-as-proprias-contas\/","og_site_name":"O Arcanjo no ar","article_publisher":"https:\/\/www.facebook.com\/OArcanjoNoAr\/","article_published_time":"2013-03-24T12:16:31+00:00","article_modified_time":"2013-03-24T16:23:39+00:00","og_image":[{"width":300,"height":300,"url":"https:\/\/www.oarcanjo.net\/site\/wp-content\/uploads\/logo-o-arcanjo-no-ar-facebook.png","type":"image\/png"}],"author":"editor","twitter_card":"summary_large_image","twitter_misc":{"Escrito por":"editor","Est. tempo de leitura":"4 minutos"},"schema":{"@context":"https:\/\/schema.org","@graph":[{"@type":"Article","@id":"https:\/\/www.oarcanjo.net\/site\/um-papa-que-paga-as-proprias-contas\/#article","isPartOf":{"@id":"https:\/\/www.oarcanjo.net\/site\/um-papa-que-paga-as-proprias-contas\/"},"author":{"name":"editor","@id":"https:\/\/www.oarcanjo.net\/site\/#\/schema\/person\/f7024d007863202483a31326673a0838"},"headline":"Um Papa que paga as pr\u00f3prias contas","datePublished":"2013-03-24T12:16:31+00:00","dateModified":"2013-03-24T16:23:39+00:00","mainEntityOfPage":{"@id":"https:\/\/www.oarcanjo.net\/site\/um-papa-que-paga-as-proprias-contas\/"},"wordCount":902,"commentCount":0,"publisher":{"@id":"https:\/\/www.oarcanjo.net\/site\/#organization"},"keywords":["Francisco","papa","simplicidade"],"articleSection":["Reflex\u00f5es"],"inLanguage":"pt-BR","potentialAction":[{"@type":"CommentAction","name":"Comment","target":["https:\/\/www.oarcanjo.net\/site\/um-papa-que-paga-as-proprias-contas\/#respond"]}]},{"@type":"WebPage","@id":"https:\/\/www.oarcanjo.net\/site\/um-papa-que-paga-as-proprias-contas\/","url":"https:\/\/www.oarcanjo.net\/site\/um-papa-que-paga-as-proprias-contas\/","name":"Um Papa que paga as pr\u00f3prias contas - O Arcanjo no ar","isPartOf":{"@id":"https:\/\/www.oarcanjo.net\/site\/#website"},"datePublished":"2013-03-24T12:16:31+00:00","dateModified":"2013-03-24T16:23:39+00:00","breadcrumb":{"@id":"https:\/\/www.oarcanjo.net\/site\/um-papa-que-paga-as-proprias-contas\/#breadcrumb"},"inLanguage":"pt-BR","potentialAction":[{"@type":"ReadAction","target":["https:\/\/www.oarcanjo.net\/site\/um-papa-que-paga-as-proprias-contas\/"]}]},{"@type":"BreadcrumbList","@id":"https:\/\/www.oarcanjo.net\/site\/um-papa-que-paga-as-proprias-contas\/#breadcrumb","itemListElement":[{"@type":"ListItem","position":1,"name":"In\u00edcio","item":"https:\/\/www.oarcanjo.net\/site\/"},{"@type":"ListItem","position":2,"name":"Um Papa que paga as pr\u00f3prias contas"}]},{"@type":"WebSite","@id":"https:\/\/www.oarcanjo.net\/site\/#website","url":"https:\/\/www.oarcanjo.net\/site\/","name":"O Arcanjo no ar","description":"Site da Par\u00f3quia S\u00e3o Miguel Arcanjo (Arquidiocese de SP)","publisher":{"@id":"https:\/\/www.oarcanjo.net\/site\/#organization"},"potentialAction":[{"@type":"SearchAction","target":{"@type":"EntryPoint","urlTemplate":"https:\/\/www.oarcanjo.net\/site\/?s={search_term_string}"},"query-input":{"@type":"PropertyValueSpecification","valueRequired":true,"valueName":"search_term_string"}}],"inLanguage":"pt-BR"},{"@type":"Organization","@id":"https:\/\/www.oarcanjo.net\/site\/#organization","name":"Par\u00f3quia S\u00e3o Miguel Arcanjo","url":"https:\/\/www.oarcanjo.net\/site\/","logo":{"@type":"ImageObject","inLanguage":"pt-BR","@id":"https:\/\/www.oarcanjo.net\/site\/#\/schema\/logo\/image\/","url":"https:\/\/www.oarcanjo.net\/site\/wp-content\/uploads\/LogoOArcanjo.png","contentUrl":"https:\/\/www.oarcanjo.net\/site\/wp-content\/uploads\/LogoOArcanjo.png","width":319,"height":99,"caption":"Par\u00f3quia S\u00e3o Miguel Arcanjo"},"image":{"@id":"https:\/\/www.oarcanjo.net\/site\/#\/schema\/logo\/image\/"},"sameAs":["https:\/\/www.facebook.com\/OArcanjoNoAr\/"]},{"@type":"Person","@id":"https:\/\/www.oarcanjo.net\/site\/#\/schema\/person\/f7024d007863202483a31326673a0838","name":"editor","sameAs":["http:\/\/www.oarcanjo.net"]}]}},"publishpress_future_action":{"enabled":false,"date":"2026-05-09 04:41:06","action":"category","newStatus":"draft","terms":[],"taxonomy":"category"},"publishpress_future_workflow_manual_trigger":{"enabledWorkflows":[]},"_links":{"self":[{"href":"https:\/\/www.oarcanjo.net\/site\/wp-json\/wp\/v2\/posts\/21438"}],"collection":[{"href":"https:\/\/www.oarcanjo.net\/site\/wp-json\/wp\/v2\/posts"}],"about":[{"href":"https:\/\/www.oarcanjo.net\/site\/wp-json\/wp\/v2\/types\/post"}],"author":[{"embeddable":true,"href":"https:\/\/www.oarcanjo.net\/site\/wp-json\/wp\/v2\/users\/5"}],"replies":[{"embeddable":true,"href":"https:\/\/www.oarcanjo.net\/site\/wp-json\/wp\/v2\/comments?post=21438"}],"version-history":[{"count":0,"href":"https:\/\/www.oarcanjo.net\/site\/wp-json\/wp\/v2\/posts\/21438\/revisions"}],"wp:attachment":[{"href":"https:\/\/www.oarcanjo.net\/site\/wp-json\/wp\/v2\/media?parent=21438"}],"wp:term":[{"taxonomy":"category","embeddable":true,"href":"https:\/\/www.oarcanjo.net\/site\/wp-json\/wp\/v2\/categories?post=21438"},{"taxonomy":"post_tag","embeddable":true,"href":"https:\/\/www.oarcanjo.net\/site\/wp-json\/wp\/v2\/tags?post=21438"}],"curies":[{"name":"wp","href":"https:\/\/api.w.org\/{rel}","templated":true}]}}