
{"id":21490,"date":"2013-03-30T10:47:25","date_gmt":"2013-03-30T13:47:25","guid":{"rendered":"http:\/\/www.oarcanjo.net\/site\/?p=21490"},"modified":"2013-03-30T10:47:25","modified_gmt":"2013-03-30T13:47:25","slug":"a-igreja-e-a-alegria-pascal","status":"publish","type":"post","link":"https:\/\/www.oarcanjo.net\/site\/a-igreja-e-a-alegria-pascal\/","title":{"rendered":"A Igreja e a alegria pascal"},"content":{"rendered":"<p>Maria Clara Bingemer<\/p>\n<p>Mais uma vez celebrando a P\u00e1scoa, a Igreja cantar\u00e1 e se alegrar\u00e1 com a ressurrei\u00e7\u00e3o do Crucificado Jesus de Nazar\u00e9, arrancado \u00e0s garras da morte pelo Pai, que enfim revela-se como Deus dos vivos e n\u00e3o dos mortos.  Mais uma vez a comunidade eclesial reunida acender\u00e1 suas velas no C\u00edrio que simboliza a luz de Cristo e todo o recinto antes escuro se iluminar\u00e1.<\/p>\n<p>O mestre de canto entoar\u00e1 o Exsultet com j\u00fabilo e deslumbramento, constatando que seu Senhor cumpriu todas as promessas que fez e n\u00e3o permitiu que seu Eleito conhecesse a corrup\u00e7\u00e3o e a derrota da morte.  E neste canto lit\u00fargico proclamar\u00e1: Que a M\u00e3e Igreja alegre-se igualmente, erguendo as velas deste fogo novo, \/ E escutem reboando de repente o aleluia cantado pelo povo.<\/p>\n<p>E talvez h\u00e1 muito tempo este canto n\u00e3o seja t\u00e3o verdadeiro quanto nesta P\u00e1scoa que em 2013 celebramos.  Porque talvez nunca uma Quaresma tenha sido t\u00e3o intensa e por isso mesmo seu pascal desfecho excede em alegria e esperan\u00e7a.  A Igreja Cat\u00f3lica vem vivendo um verdadeiro processo pascal e agora celebrar\u00e1 com maior e renovado j\u00fabilo este momento de Ressurrei\u00e7\u00e3o.<\/p>\n<p>No dia 11 de fevereiro, ainda em pleno Carnaval, Bento XVI renunciou a seu cargo de Bispo de Roma que preside todas as Igrejas.  A c\u00e1tedra de Pedro ficou vazia enquanto a perplexidade tomava conta de mentes e cora\u00e7\u00f5es pelo mundo afora.  Os dias que se seguiram foram de desola\u00e7\u00e3o ao conhecer muitas das raz\u00f5es do corajoso gesto do Papa hoje em\u00e9rito. Mas tamb\u00e9m de especula\u00e7\u00f5es tateantes e conjeturas sobre quem seria seu sucessor e o que representaria neste momento dif\u00edcil da Igreja.<\/p>\n<p>A comunidade eclesial no mundo inteiro voltava seus olhos para Roma onde uma situa\u00e7\u00e3o nunca antes vivida acontecia.  Tornava-se ciente das sombras que se haviam abatido sobre esta institui\u00e7\u00e3o que \u00e9 a mais antiga da hist\u00f3ria da humanidade e que parecia a muitos inexpugn\u00e1vel a fatos dolorosos e obscuros como os que a m\u00eddia trazia \u00e0 luz.  A sociedade secular tamb\u00e9m se interessava.  E multiplicavam-se ao redor do mundo as perguntas, o espanto, a espera.<\/p>\n<p>Ao terminar o conclave, a fuma\u00e7a branca foi festejada n\u00e3o apenas pelos cat\u00f3licos, mas por todos os que sabem a import\u00e2ncia que tem o Cristianismo na hist\u00f3ria e na cultura do Ocidente.  Todos os homens e mulheres de boa vontade que ainda que n\u00e3o se sintam membros plenos desta Igreja percebiam dentro de si um sentimento de orfandade com todas as vicissitudes que a golpeavam. A fuma\u00e7a branca anunciava que havia novo Papa, que a s\u00e9 de Pedro j\u00e1 n\u00e3o estava vazia.  Mas quem a ocuparia.<\/p>\n<p>O an\u00fancio da alegria foi feito com voz tr\u00eamula pelo cardeal franc\u00eas. O nome pronunciado \u2013 Jorge Mario Bergoglio \u2013 intrigou a muitos, surpreendeu a tantos.  O sil\u00eancio desceu sobre o mundo enquanto se esperava que o novo Papa se apresentasse.  E Francisco chegou ao balc\u00e3o do Vaticano. Com voz acolhedora e alegre saudou: \u201cBoa noite\u201d. E, antes de aben\u00e7oar, pediu ora\u00e7\u00e3o e b\u00ean\u00e7\u00e3o para si pr\u00f3prio.  Estava proclamado um novo tempo pascal para a Igreja que voltava a respirar esperan\u00e7a e j\u00fabilo.<\/p>\n<p>A partir da\u00ed, a simplicidade e o estilo despojado do novo Papa t\u00eam encantado a todos.  Suas palavras s\u00e3o pontuadas por uma preocupa\u00e7\u00e3o central: os pobres.  E todos que o ouvimos descobrimos que saudades t\u00ednhamos de ouvir essa palavra presente e reincidente nos l\u00e1bios do Pastor. Vindo do Sul, \u201cdo fim do mundo\u201d, onde a pobreza e a injusti\u00e7a fazem seu trabalho predat\u00f3rio a cada dia sobre as vidas humanas, Francisco n\u00e3o esquece e n\u00e3o deixa esquecer a servi\u00e7o de quem est\u00e1 a Igreja que preside na caridade.  E sua f\u00e9 proclama que estes que o mundo considera \u00faltimos s\u00e3o e devem ser, na verdade, os mais queridos de Deus, os preferidos. E, portanto devem ser a op\u00e7\u00e3o primeira e preferencial da Igreja de Cristo.<\/p>\n<p>Com ele e por causa dele, podemos na vig\u00edlia pascal cantar com verdade e alegria aut\u00eanticas: \u00d3 noite de alegria verdadeira, Que prostra o Fara\u00f3 e ergue os hebreus, Que une de novo ao c\u00e9u a terra inteira, Pondo na treva humana a luz de Deus. Francisco at\u00e9 agora n\u00e3o tem deixado de nos lembrar que o Evangelho que professamos nos leva necessariamente a erguer os ca\u00eddos e cuidar das v\u00edtimas.  As tr\u00eas palavras que disse aos cardeais como um programa \u2013 caminhar, edificar, confessar \u2013 necessariamente levar\u00e3o a Igreja de volta \u00e0 primavera do Conc\u00edlio.<\/p>\n<p>E a M\u00e3e Igreja ent\u00e3o se alegrar\u00e1 e cantar\u00e1 aleluia! porque redescobrir\u00e1 sua voca\u00e7\u00e3o de ser uma Igreja pobre e para os pobres.  Feliz P\u00e1scoa para todos e todas!<\/p>\n<div id=\"themify_builder_content-21490\" data-postid=\"21490\" class=\"themify_builder_content themify_builder_content-21490 themify_builder themify_builder_front\">\n\t<\/div>\n<!-- \/themify_builder_content -->","protected":false},"excerpt":{"rendered":"<p>Maria Clara Bingemer Mais uma vez celebrando a P\u00e1scoa, a Igreja cantar\u00e1 e se alegrar\u00e1 com a ressurrei\u00e7\u00e3o do Crucificado Jesus de Nazar\u00e9, arrancado \u00e0s garras da morte pelo Pai, que enfim revela-se como Deus dos vivos e n\u00e3o dos mortos. Mais uma vez a comunidade eclesial reunida acender\u00e1 suas velas no C\u00edrio que simboliza [&hellip;]<\/p>\n","protected":false},"author":5,"featured_media":0,"comment_status":"open","ping_status":"open","sticky":false,"template":"","format":"standard","meta":{"ngg_post_thumbnail":0,"footnotes":""},"categories":[9],"tags":[461,2406,2435,236,615,157,242,189,68,34],"yoast_head":"<!-- This site is optimized with the Yoast SEO plugin v23.5 - https:\/\/yoast.com\/wordpress\/plugins\/seo\/ -->\n<title>A Igreja e a alegria pascal - O Arcanjo no ar<\/title>\n<meta name=\"robots\" content=\"index, follow, max-snippet:-1, max-image-preview:large, max-video-preview:-1\" \/>\n<link rel=\"canonical\" href=\"https:\/\/www.oarcanjo.net\/site\/a-igreja-e-a-alegria-pascal\/\" \/>\n<meta property=\"og:locale\" content=\"pt_BR\" \/>\n<meta property=\"og:type\" content=\"article\" \/>\n<meta property=\"og:title\" content=\"A Igreja e a alegria pascal - O Arcanjo no ar\" \/>\n<meta property=\"og:description\" content=\"Maria Clara Bingemer Mais uma vez celebrando a P\u00e1scoa, a Igreja cantar\u00e1 e se alegrar\u00e1 com a ressurrei\u00e7\u00e3o do Crucificado Jesus de Nazar\u00e9, arrancado \u00e0s garras da morte pelo Pai, que enfim revela-se como Deus dos vivos e n\u00e3o dos mortos. Mais uma vez a comunidade eclesial reunida acender\u00e1 suas velas no C\u00edrio que simboliza [&hellip;]\" \/>\n<meta property=\"og:url\" content=\"https:\/\/www.oarcanjo.net\/site\/a-igreja-e-a-alegria-pascal\/\" \/>\n<meta property=\"og:site_name\" content=\"O Arcanjo no ar\" \/>\n<meta property=\"article:publisher\" content=\"https:\/\/www.facebook.com\/OArcanjoNoAr\/\" \/>\n<meta property=\"article:published_time\" content=\"2013-03-30T13:47:25+00:00\" \/>\n<meta property=\"og:image\" content=\"https:\/\/www.oarcanjo.net\/site\/wp-content\/uploads\/logo-o-arcanjo-no-ar-facebook.png\" \/>\n\t<meta property=\"og:image:width\" content=\"300\" \/>\n\t<meta property=\"og:image:height\" content=\"300\" \/>\n\t<meta property=\"og:image:type\" content=\"image\/png\" \/>\n<meta name=\"author\" content=\"editor\" \/>\n<meta name=\"twitter:card\" content=\"summary_large_image\" \/>\n<meta name=\"twitter:label1\" content=\"Escrito por\" \/>\n\t<meta name=\"twitter:data1\" content=\"editor\" \/>\n\t<meta name=\"twitter:label2\" content=\"Est. tempo de leitura\" \/>\n\t<meta name=\"twitter:data2\" content=\"4 minutos\" \/>\n<script type=\"application\/ld+json\" class=\"yoast-schema-graph\">{\"@context\":\"https:\/\/schema.org\",\"@graph\":[{\"@type\":\"Article\",\"@id\":\"https:\/\/www.oarcanjo.net\/site\/a-igreja-e-a-alegria-pascal\/#article\",\"isPartOf\":{\"@id\":\"https:\/\/www.oarcanjo.net\/site\/a-igreja-e-a-alegria-pascal\/\"},\"author\":{\"name\":\"editor\",\"@id\":\"https:\/\/www.oarcanjo.net\/site\/#\/schema\/person\/f7024d007863202483a31326673a0838\"},\"headline\":\"A Igreja e a alegria pascal\",\"datePublished\":\"2013-03-30T13:47:25+00:00\",\"dateModified\":\"2013-03-30T13:47:25+00:00\",\"mainEntityOfPage\":{\"@id\":\"https:\/\/www.oarcanjo.net\/site\/a-igreja-e-a-alegria-pascal\/\"},\"wordCount\":838,\"commentCount\":0,\"publisher\":{\"@id\":\"https:\/\/www.oarcanjo.net\/site\/#organization\"},\"keywords\":[\"c\u00edrio pascal\",\"Conclave\",\"Francisco\",\"Jesus\",\"luz\",\"papa\",\"P\u00e1scoa\",\"pobres\",\"ressurei\u00e7\u00e3o\",\"vaticano\"],\"articleSection\":[\"Reflex\u00f5es\"],\"inLanguage\":\"pt-BR\",\"potentialAction\":[{\"@type\":\"CommentAction\",\"name\":\"Comment\",\"target\":[\"https:\/\/www.oarcanjo.net\/site\/a-igreja-e-a-alegria-pascal\/#respond\"]}]},{\"@type\":\"WebPage\",\"@id\":\"https:\/\/www.oarcanjo.net\/site\/a-igreja-e-a-alegria-pascal\/\",\"url\":\"https:\/\/www.oarcanjo.net\/site\/a-igreja-e-a-alegria-pascal\/\",\"name\":\"A Igreja e a alegria pascal - O Arcanjo no ar\",\"isPartOf\":{\"@id\":\"https:\/\/www.oarcanjo.net\/site\/#website\"},\"datePublished\":\"2013-03-30T13:47:25+00:00\",\"dateModified\":\"2013-03-30T13:47:25+00:00\",\"breadcrumb\":{\"@id\":\"https:\/\/www.oarcanjo.net\/site\/a-igreja-e-a-alegria-pascal\/#breadcrumb\"},\"inLanguage\":\"pt-BR\",\"potentialAction\":[{\"@type\":\"ReadAction\",\"target\":[\"https:\/\/www.oarcanjo.net\/site\/a-igreja-e-a-alegria-pascal\/\"]}]},{\"@type\":\"BreadcrumbList\",\"@id\":\"https:\/\/www.oarcanjo.net\/site\/a-igreja-e-a-alegria-pascal\/#breadcrumb\",\"itemListElement\":[{\"@type\":\"ListItem\",\"position\":1,\"name\":\"In\u00edcio\",\"item\":\"https:\/\/www.oarcanjo.net\/site\/\"},{\"@type\":\"ListItem\",\"position\":2,\"name\":\"A Igreja e a alegria pascal\"}]},{\"@type\":\"WebSite\",\"@id\":\"https:\/\/www.oarcanjo.net\/site\/#website\",\"url\":\"https:\/\/www.oarcanjo.net\/site\/\",\"name\":\"O Arcanjo no ar\",\"description\":\"Site da Par\u00f3quia S\u00e3o Miguel Arcanjo (Arquidiocese de SP)\",\"publisher\":{\"@id\":\"https:\/\/www.oarcanjo.net\/site\/#organization\"},\"potentialAction\":[{\"@type\":\"SearchAction\",\"target\":{\"@type\":\"EntryPoint\",\"urlTemplate\":\"https:\/\/www.oarcanjo.net\/site\/?s={search_term_string}\"},\"query-input\":{\"@type\":\"PropertyValueSpecification\",\"valueRequired\":true,\"valueName\":\"search_term_string\"}}],\"inLanguage\":\"pt-BR\"},{\"@type\":\"Organization\",\"@id\":\"https:\/\/www.oarcanjo.net\/site\/#organization\",\"name\":\"Par\u00f3quia S\u00e3o Miguel Arcanjo\",\"url\":\"https:\/\/www.oarcanjo.net\/site\/\",\"logo\":{\"@type\":\"ImageObject\",\"inLanguage\":\"pt-BR\",\"@id\":\"https:\/\/www.oarcanjo.net\/site\/#\/schema\/logo\/image\/\",\"url\":\"https:\/\/www.oarcanjo.net\/site\/wp-content\/uploads\/LogoOArcanjo.png\",\"contentUrl\":\"https:\/\/www.oarcanjo.net\/site\/wp-content\/uploads\/LogoOArcanjo.png\",\"width\":319,\"height\":99,\"caption\":\"Par\u00f3quia S\u00e3o Miguel Arcanjo\"},\"image\":{\"@id\":\"https:\/\/www.oarcanjo.net\/site\/#\/schema\/logo\/image\/\"},\"sameAs\":[\"https:\/\/www.facebook.com\/OArcanjoNoAr\/\"]},{\"@type\":\"Person\",\"@id\":\"https:\/\/www.oarcanjo.net\/site\/#\/schema\/person\/f7024d007863202483a31326673a0838\",\"name\":\"editor\",\"sameAs\":[\"http:\/\/www.oarcanjo.net\"]}]}<\/script>\n<!-- \/ Yoast SEO plugin. -->","yoast_head_json":{"title":"A Igreja e a alegria pascal - O Arcanjo no ar","robots":{"index":"index","follow":"follow","max-snippet":"max-snippet:-1","max-image-preview":"max-image-preview:large","max-video-preview":"max-video-preview:-1"},"canonical":"https:\/\/www.oarcanjo.net\/site\/a-igreja-e-a-alegria-pascal\/","og_locale":"pt_BR","og_type":"article","og_title":"A Igreja e a alegria pascal - O Arcanjo no ar","og_description":"Maria Clara Bingemer Mais uma vez celebrando a P\u00e1scoa, a Igreja cantar\u00e1 e se alegrar\u00e1 com a ressurrei\u00e7\u00e3o do Crucificado Jesus de Nazar\u00e9, arrancado \u00e0s garras da morte pelo Pai, que enfim revela-se como Deus dos vivos e n\u00e3o dos mortos. Mais uma vez a comunidade eclesial reunida acender\u00e1 suas velas no C\u00edrio que simboliza [&hellip;]","og_url":"https:\/\/www.oarcanjo.net\/site\/a-igreja-e-a-alegria-pascal\/","og_site_name":"O Arcanjo no ar","article_publisher":"https:\/\/www.facebook.com\/OArcanjoNoAr\/","article_published_time":"2013-03-30T13:47:25+00:00","og_image":[{"width":300,"height":300,"url":"https:\/\/www.oarcanjo.net\/site\/wp-content\/uploads\/logo-o-arcanjo-no-ar-facebook.png","type":"image\/png"}],"author":"editor","twitter_card":"summary_large_image","twitter_misc":{"Escrito por":"editor","Est. tempo de leitura":"4 minutos"},"schema":{"@context":"https:\/\/schema.org","@graph":[{"@type":"Article","@id":"https:\/\/www.oarcanjo.net\/site\/a-igreja-e-a-alegria-pascal\/#article","isPartOf":{"@id":"https:\/\/www.oarcanjo.net\/site\/a-igreja-e-a-alegria-pascal\/"},"author":{"name":"editor","@id":"https:\/\/www.oarcanjo.net\/site\/#\/schema\/person\/f7024d007863202483a31326673a0838"},"headline":"A Igreja e a alegria pascal","datePublished":"2013-03-30T13:47:25+00:00","dateModified":"2013-03-30T13:47:25+00:00","mainEntityOfPage":{"@id":"https:\/\/www.oarcanjo.net\/site\/a-igreja-e-a-alegria-pascal\/"},"wordCount":838,"commentCount":0,"publisher":{"@id":"https:\/\/www.oarcanjo.net\/site\/#organization"},"keywords":["c\u00edrio pascal","Conclave","Francisco","Jesus","luz","papa","P\u00e1scoa","pobres","ressurei\u00e7\u00e3o","vaticano"],"articleSection":["Reflex\u00f5es"],"inLanguage":"pt-BR","potentialAction":[{"@type":"CommentAction","name":"Comment","target":["https:\/\/www.oarcanjo.net\/site\/a-igreja-e-a-alegria-pascal\/#respond"]}]},{"@type":"WebPage","@id":"https:\/\/www.oarcanjo.net\/site\/a-igreja-e-a-alegria-pascal\/","url":"https:\/\/www.oarcanjo.net\/site\/a-igreja-e-a-alegria-pascal\/","name":"A Igreja e a alegria pascal - O Arcanjo no ar","isPartOf":{"@id":"https:\/\/www.oarcanjo.net\/site\/#website"},"datePublished":"2013-03-30T13:47:25+00:00","dateModified":"2013-03-30T13:47:25+00:00","breadcrumb":{"@id":"https:\/\/www.oarcanjo.net\/site\/a-igreja-e-a-alegria-pascal\/#breadcrumb"},"inLanguage":"pt-BR","potentialAction":[{"@type":"ReadAction","target":["https:\/\/www.oarcanjo.net\/site\/a-igreja-e-a-alegria-pascal\/"]}]},{"@type":"BreadcrumbList","@id":"https:\/\/www.oarcanjo.net\/site\/a-igreja-e-a-alegria-pascal\/#breadcrumb","itemListElement":[{"@type":"ListItem","position":1,"name":"In\u00edcio","item":"https:\/\/www.oarcanjo.net\/site\/"},{"@type":"ListItem","position":2,"name":"A Igreja e a alegria pascal"}]},{"@type":"WebSite","@id":"https:\/\/www.oarcanjo.net\/site\/#website","url":"https:\/\/www.oarcanjo.net\/site\/","name":"O Arcanjo no ar","description":"Site da Par\u00f3quia S\u00e3o Miguel Arcanjo (Arquidiocese de SP)","publisher":{"@id":"https:\/\/www.oarcanjo.net\/site\/#organization"},"potentialAction":[{"@type":"SearchAction","target":{"@type":"EntryPoint","urlTemplate":"https:\/\/www.oarcanjo.net\/site\/?s={search_term_string}"},"query-input":{"@type":"PropertyValueSpecification","valueRequired":true,"valueName":"search_term_string"}}],"inLanguage":"pt-BR"},{"@type":"Organization","@id":"https:\/\/www.oarcanjo.net\/site\/#organization","name":"Par\u00f3quia S\u00e3o Miguel Arcanjo","url":"https:\/\/www.oarcanjo.net\/site\/","logo":{"@type":"ImageObject","inLanguage":"pt-BR","@id":"https:\/\/www.oarcanjo.net\/site\/#\/schema\/logo\/image\/","url":"https:\/\/www.oarcanjo.net\/site\/wp-content\/uploads\/LogoOArcanjo.png","contentUrl":"https:\/\/www.oarcanjo.net\/site\/wp-content\/uploads\/LogoOArcanjo.png","width":319,"height":99,"caption":"Par\u00f3quia S\u00e3o Miguel Arcanjo"},"image":{"@id":"https:\/\/www.oarcanjo.net\/site\/#\/schema\/logo\/image\/"},"sameAs":["https:\/\/www.facebook.com\/OArcanjoNoAr\/"]},{"@type":"Person","@id":"https:\/\/www.oarcanjo.net\/site\/#\/schema\/person\/f7024d007863202483a31326673a0838","name":"editor","sameAs":["http:\/\/www.oarcanjo.net"]}]}},"publishpress_future_action":{"enabled":false,"date":"2026-05-09 04:32:17","action":"category","newStatus":"draft","terms":[],"taxonomy":"category"},"publishpress_future_workflow_manual_trigger":{"enabledWorkflows":[]},"_links":{"self":[{"href":"https:\/\/www.oarcanjo.net\/site\/wp-json\/wp\/v2\/posts\/21490"}],"collection":[{"href":"https:\/\/www.oarcanjo.net\/site\/wp-json\/wp\/v2\/posts"}],"about":[{"href":"https:\/\/www.oarcanjo.net\/site\/wp-json\/wp\/v2\/types\/post"}],"author":[{"embeddable":true,"href":"https:\/\/www.oarcanjo.net\/site\/wp-json\/wp\/v2\/users\/5"}],"replies":[{"embeddable":true,"href":"https:\/\/www.oarcanjo.net\/site\/wp-json\/wp\/v2\/comments?post=21490"}],"version-history":[{"count":0,"href":"https:\/\/www.oarcanjo.net\/site\/wp-json\/wp\/v2\/posts\/21490\/revisions"}],"wp:attachment":[{"href":"https:\/\/www.oarcanjo.net\/site\/wp-json\/wp\/v2\/media?parent=21490"}],"wp:term":[{"taxonomy":"category","embeddable":true,"href":"https:\/\/www.oarcanjo.net\/site\/wp-json\/wp\/v2\/categories?post=21490"},{"taxonomy":"post_tag","embeddable":true,"href":"https:\/\/www.oarcanjo.net\/site\/wp-json\/wp\/v2\/tags?post=21490"}],"curies":[{"name":"wp","href":"https:\/\/api.w.org\/{rel}","templated":true}]}}